{"id":10706,"date":"2022-06-16T11:12:27","date_gmt":"2022-06-16T09:12:27","guid":{"rendered":"https:\/\/www.asajacyl.com\/palencia\/?p=10706"},"modified":"2022-06-16T11:40:18","modified_gmt":"2022-06-16T09:40:18","slug":"asaja-palencia-cifra-la-prevision-de-cosecha-en-800-000-toneladas","status":"publish","type":"post","link":"https:\/\/www.asajacyl.com\/palencia\/asaja-palencia-informa\/asaja-palencia-cifra-la-prevision-de-cosecha-en-800-000-toneladas","title":{"rendered":"ASAJA-Palencia prev\u00e9 que se cosechar\u00e1n 800.000 toneladas"},"content":{"rendered":"\n<p>En una rueda de prensa en la que participaron Jos\u00e9 Luis Marcos, presidente de ASAJA-Palencia, y Donaciano Dujo, presidente de ASAJA Castilla y Le\u00f3n, junto con Lorenzo Garc\u00eda y Roberto Fern\u00e1ndez, ambos miembros del Comit\u00e9 Ejecutivo de ASAJA-Palencia, se inform\u00f3 a los medios de comunicaci\u00f3n del balance previo al inicio generalizado de la campa\u00f1a de recolecci\u00f3n.<\/p>\n\n\n\n<p>Marcos ha cifrado la estimaci\u00f3n de cosecha de cereales de invierno en unas 800.000 toneladas, cuando la media de los \u00faltimos a\u00f1os asciende en Palencia al mill\u00f3n de toneladas. Queda claro que el a\u00f1o no est\u00e1 siendo bueno, tal es as\u00ed que en los \u00faltimos diez a\u00f1os s\u00f3lo habr\u00eda habido dos cosechas peores, la de 2012, donde se recolectaron 708.408 toneladas y la del fat\u00eddico 2017, donde se recogieron s\u00f3lo 358.011 toneladas. La superficie provincial que se ha dedicado a estos cultivos es de aproximadamente 290.000 hect\u00e1reas, en la l\u00ednea con los \u00faltimos a\u00f1os.<\/p>\n\n\n\n<p>Adem\u00e1s record\u00f3 que desgraciadamente este ser\u00eda un a\u00f1o donde diversas explotaciones deber\u00e1n recurrir al seguro, una gran herramienta que permite estabilizar las rentas del agricultor en a\u00f1os de bajas producciones aunque este a\u00f1o el precio del grano asegurado dista bastante del existente en los mercados de cereales.<\/p>\n\n\n\n<p>El regad\u00edo no est\u00e1 consiguiendo levantar la producci\u00f3n palentina debido a las altas temperaturas. Los agricultores han sacrificado los cultivos de primavera, remolacha y ma\u00edz fundamentalmente y, pese a la falta de agua en los embalses de los sistemas Carri\u00f3n y Pisuerga, se est\u00e1 pudiendo regar el cereal e incluso, dependiendo de zonas, se podr\u00e1 regar el girasol y una superficie considerable de alfalfa.<\/p>\n\n\n\n<p>El presidente de ASAJA-Palencia record\u00f3 que se estaba dando un incremento de costes desproporcionado, algo que pod\u00eda truncar el futuro de muchas explotaciones. En el caso de las ganader\u00edas, afirm\u00f3 que aquellas que se cierran ya no se vuelven a abrir, algo que que deber\u00eda ser valorado suficientemente porque la producci\u00f3n de los ganaderos no cubre lo que les cuesta producir, algo que a todas luces no deber\u00eda estar ocurriendo, m\u00e1xime en un a\u00f1o donde se est\u00e1n encontrando con carencia de pastos por lo que dependen en mayor medida de la alimentaci\u00f3n que se ofertan en los mercados, a precios muy elevados.<\/p>\n\n\n\n<p>Donaciano Dujo realiz\u00f3 un resumen del estado regional del campo, donde estima la cosecha en 4,5 millones de toneladas, muy por debajo de los 6,3 millones de toneladas que se suelen obtener, una cifra que hace a nuestro pa\u00eds a\u00fan m\u00e1s dependiente del cereal importado. Por ello, solicit\u00f3 la convocatoria de la Mesa de la Sequ\u00eda y record\u00f3 la convocatoria de manifestaci\u00f3n regional para bloquear CLH (Compa\u00f1\u00eda Log\u00edstica de Hidrocarburos) en Santovenia de Pisuerga (Valladolid) el pr\u00f3ximo jueves d\u00eda 23 de junio.<\/p>\n\n\n\n<p><\/p>\n","protected":false},"excerpt":{"rendered":"<p>En una rueda de prensa en la que participaron Jos\u00e9 Luis Marcos, presidente de ASAJA-Palencia, y Donaciano Dujo, presidente de ASAJA Castilla y Le\u00f3n, junto con Lorenzo Garc\u00eda y Roberto Fern\u00e1ndez, ambos miembros del Comit\u00e9 Ejecutivo de ASAJA-Palencia, se inform\u00f3 a los medios de comunicaci\u00f3n del balance previo al inicio generalizado de la campa\u00f1a de [&hellip;]<\/p>\n","protected":false},"author":9,"featured_media":10709,"comment_status":"open","ping_status":"open","sticky":false,"template":"","format":"standard","meta":{"footnotes":""},"categories":[9,29,28],"tags":[],"yoast_head":"<!-- This site is optimized with the Yoast SEO plugin v24.5 - https:\/\/yoast.com\/wordpress\/plugins\/seo\/ -->\n<title>ASAJA-Palencia prev\u00e9 que se cosechar\u00e1n 800.000 toneladas - ASAJA Palencia<\/title>\n<meta name=\"description\" content=\"En una rueda de prensa en la que participaron Jos\u00e9 Luis Marcos, presidente de ASAJA-Palencia, y Donaciano Dujo, presidente de ASAJA Castilla y Le\u00f3n, junto\" \/>\n<meta name=\"robots\" content=\"index, follow, max-snippet:-1, max-image-preview:large, max-video-preview:-1\" \/>\n<link rel=\"canonical\" href=\"https:\/\/www.asajacyl.com\/palencia\/asaja-palencia-informa\/asaja-palencia-cifra-la-prevision-de-cosecha-en-800-000-toneladas\" \/>\n<meta property=\"og:locale\" content=\"es_ES\" \/>\n<meta property=\"og:type\" content=\"article\" \/>\n<meta property=\"og:title\" content=\"ASAJA-Palencia prev\u00e9 que se cosechar\u00e1n 800.000 toneladas - ASAJA Palencia\" \/>\n<meta property=\"og:description\" content=\"En una rueda de prensa en la que participaron Jos\u00e9 Luis Marcos, presidente de ASAJA-Palencia, y Donaciano Dujo, presidente de ASAJA Castilla y Le\u00f3n, junto\" \/>\n<meta property=\"og:url\" content=\"https:\/\/www.asajacyl.com\/palencia\/asaja-palencia-informa\/asaja-palencia-cifra-la-prevision-de-cosecha-en-800-000-toneladas\" \/>\n<meta property=\"og:site_name\" content=\"ASAJA Palencia\" \/>\n<meta property=\"article:published_time\" content=\"2022-06-16T09:12:27+00:00\" \/>\n<meta property=\"article:modified_time\" content=\"2022-06-16T09:40:18+00:00\" \/>\n<meta property=\"og:image\" content=\"https:\/\/www.asajacyl.com\/palencia\/wp-content\/uploads\/sites\/3\/2022\/06\/CEBADA-2022-1.jpg\" \/>\n\t<meta property=\"og:image:width\" content=\"2500\" \/>\n\t<meta property=\"og:image:height\" content=\"1875\" \/>\n\t<meta property=\"og:image:type\" content=\"image\/jpeg\" \/>\n<meta name=\"author\" content=\"Administrador\" \/>\n<meta name=\"twitter:card\" content=\"summary_large_image\" \/>\n<meta name=\"twitter:label1\" content=\"Escrito por\" \/>\n\t<meta name=\"twitter:data1\" content=\"Administrador\" \/>\n\t<meta name=\"twitter:label2\" content=\"Tiempo de lectura\" \/>\n\t<meta name=\"twitter:data2\" content=\"3 minutos\" \/>\n<script type=\"application\/ld+json\" class=\"yoast-schema-graph\">{\"@context\":\"https:\/\/schema.org\",\"@graph\":[{\"@type\":\"WebPage\",\"@id\":\"https:\/\/www.asajacyl.com\/palencia\/asaja-palencia-informa\/asaja-palencia-cifra-la-prevision-de-cosecha-en-800-000-toneladas\",\"url\":\"https:\/\/www.asajacyl.com\/palencia\/asaja-palencia-informa\/asaja-palencia-cifra-la-prevision-de-cosecha-en-800-000-toneladas\",\"name\":\"ASAJA-Palencia prev\u00e9 que se cosechar\u00e1n 800.000 toneladas - ASAJA Palencia\",\"isPartOf\":{\"@id\":\"https:\/\/www.asajacyl.com\/palencia\/#website\"},\"primaryImageOfPage\":{\"@id\":\"https:\/\/www.asajacyl.com\/palencia\/asaja-palencia-informa\/asaja-palencia-cifra-la-prevision-de-cosecha-en-800-000-toneladas#primaryimage\"},\"image\":{\"@id\":\"https:\/\/www.asajacyl.com\/palencia\/asaja-palencia-informa\/asaja-palencia-cifra-la-prevision-de-cosecha-en-800-000-toneladas#primaryimage\"},\"thumbnailUrl\":\"https:\/\/www.asajacyl.com\/palencia\/wp-content\/uploads\/sites\/3\/2022\/06\/CEBADA-2022-1.jpg\",\"datePublished\":\"2022-06-16T09:12:27+00:00\",\"dateModified\":\"2022-06-16T09:40:18+00:00\",\"author\":{\"@id\":\"https:\/\/www.asajacyl.com\/palencia\/#\/schema\/person\/3ab17aeb03527485c317557fae64aab1\"},\"description\":\"En una rueda de prensa en la que participaron Jos\u00e9 Luis Marcos, presidente de ASAJA-Palencia, y Donaciano Dujo, presidente de ASAJA Castilla y Le\u00f3n, junto\",\"breadcrumb\":{\"@id\":\"https:\/\/www.asajacyl.com\/palencia\/asaja-palencia-informa\/asaja-palencia-cifra-la-prevision-de-cosecha-en-800-000-toneladas#breadcrumb\"},\"inLanguage\":\"es\",\"potentialAction\":[{\"@type\":\"ReadAction\",\"target\":[\"https:\/\/www.asajacyl.com\/palencia\/asaja-palencia-informa\/asaja-palencia-cifra-la-prevision-de-cosecha-en-800-000-toneladas\"]}]},{\"@type\":\"ImageObject\",\"inLanguage\":\"es\",\"@id\":\"https:\/\/www.asajacyl.com\/palencia\/asaja-palencia-informa\/asaja-palencia-cifra-la-prevision-de-cosecha-en-800-000-toneladas#primaryimage\",\"url\":\"https:\/\/www.asajacyl.com\/palencia\/wp-content\/uploads\/sites\/3\/2022\/06\/CEBADA-2022-1.jpg\",\"contentUrl\":\"https:\/\/www.asajacyl.com\/palencia\/wp-content\/uploads\/sites\/3\/2022\/06\/CEBADA-2022-1.jpg\",\"width\":2500,\"height\":1875},{\"@type\":\"BreadcrumbList\",\"@id\":\"https:\/\/www.asajacyl.com\/palencia\/asaja-palencia-informa\/asaja-palencia-cifra-la-prevision-de-cosecha-en-800-000-toneladas#breadcrumb\",\"itemListElement\":[{\"@type\":\"ListItem\",\"position\":1,\"name\":\"Portada\",\"item\":\"https:\/\/www.asajacyl.com\/palencia\/\"},{\"@type\":\"ListItem\",\"position\":2,\"name\":\"ASAJA-Palencia prev\u00e9 que se cosechar\u00e1n 800.000 toneladas\"}]},{\"@type\":\"WebSite\",\"@id\":\"https:\/\/www.asajacyl.com\/palencia\/#website\",\"url\":\"https:\/\/www.asajacyl.com\/palencia\/\",\"name\":\"ASAJA Palencia\",\"description\":\"Otro sitio m\u00e1s de Provincias ASAJA Castilla y Le\u00f3n\",\"potentialAction\":[{\"@type\":\"SearchAction\",\"target\":{\"@type\":\"EntryPoint\",\"urlTemplate\":\"https:\/\/www.asajacyl.com\/palencia\/?s={search_term_string}\"},\"query-input\":{\"@type\":\"PropertyValueSpecification\",\"valueRequired\":true,\"valueName\":\"search_term_string\"}}],\"inLanguage\":\"es\"},{\"@type\":\"Person\",\"@id\":\"https:\/\/www.asajacyl.com\/palencia\/#\/schema\/person\/3ab17aeb03527485c317557fae64aab1\",\"name\":\"Administrador\",\"image\":{\"@type\":\"ImageObject\",\"inLanguage\":\"es\",\"@id\":\"https:\/\/www.asajacyl.com\/palencia\/#\/schema\/person\/image\/\",\"url\":\"https:\/\/secure.gravatar.com\/avatar\/517384810d242ca9e38c180f3c9fb973?s=96&d=mm&r=g\",\"contentUrl\":\"https:\/\/secure.gravatar.com\/avatar\/517384810d242ca9e38c180f3c9fb973?s=96&d=mm&r=g\",\"caption\":\"Administrador\"},\"url\":\"https:\/\/www.asajacyl.com\/palencia\/author\/carlosrm\"}]}<\/script>\n<!-- \/ Yoast SEO plugin. -->","yoast_head_json":{"title":"ASAJA-Palencia prev\u00e9 que se cosechar\u00e1n 800.000 toneladas - ASAJA Palencia","description":"En una rueda de prensa en la que participaron Jos\u00e9 Luis Marcos, presidente de ASAJA-Palencia, y Donaciano Dujo, presidente de ASAJA Castilla y Le\u00f3n, junto","robots":{"index":"index","follow":"follow","max-snippet":"max-snippet:-1","max-image-preview":"max-image-preview:large","max-video-preview":"max-video-preview:-1"},"canonical":"https:\/\/www.asajacyl.com\/palencia\/asaja-palencia-informa\/asaja-palencia-cifra-la-prevision-de-cosecha-en-800-000-toneladas","og_locale":"es_ES","og_type":"article","og_title":"ASAJA-Palencia prev\u00e9 que se cosechar\u00e1n 800.000 toneladas - ASAJA Palencia","og_description":"En una rueda de prensa en la que participaron Jos\u00e9 Luis Marcos, presidente de ASAJA-Palencia, y Donaciano Dujo, presidente de ASAJA Castilla y Le\u00f3n, junto","og_url":"https:\/\/www.asajacyl.com\/palencia\/asaja-palencia-informa\/asaja-palencia-cifra-la-prevision-de-cosecha-en-800-000-toneladas","og_site_name":"ASAJA Palencia","article_published_time":"2022-06-16T09:12:27+00:00","article_modified_time":"2022-06-16T09:40:18+00:00","og_image":[{"width":2500,"height":1875,"url":"https:\/\/www.asajacyl.com\/palencia\/wp-content\/uploads\/sites\/3\/2022\/06\/CEBADA-2022-1.jpg","type":"image\/jpeg"}],"author":"Administrador","twitter_card":"summary_large_image","twitter_misc":{"Escrito por":"Administrador","Tiempo de lectura":"3 minutos"},"schema":{"@context":"https:\/\/schema.org","@graph":[{"@type":"WebPage","@id":"https:\/\/www.asajacyl.com\/palencia\/asaja-palencia-informa\/asaja-palencia-cifra-la-prevision-de-cosecha-en-800-000-toneladas","url":"https:\/\/www.asajacyl.com\/palencia\/asaja-palencia-informa\/asaja-palencia-cifra-la-prevision-de-cosecha-en-800-000-toneladas","name":"ASAJA-Palencia prev\u00e9 que se cosechar\u00e1n 800.000 toneladas - ASAJA Palencia","isPartOf":{"@id":"https:\/\/www.asajacyl.com\/palencia\/#website"},"primaryImageOfPage":{"@id":"https:\/\/www.asajacyl.com\/palencia\/asaja-palencia-informa\/asaja-palencia-cifra-la-prevision-de-cosecha-en-800-000-toneladas#primaryimage"},"image":{"@id":"https:\/\/www.asajacyl.com\/palencia\/asaja-palencia-informa\/asaja-palencia-cifra-la-prevision-de-cosecha-en-800-000-toneladas#primaryimage"},"thumbnailUrl":"https:\/\/www.asajacyl.com\/palencia\/wp-content\/uploads\/sites\/3\/2022\/06\/CEBADA-2022-1.jpg","datePublished":"2022-06-16T09:12:27+00:00","dateModified":"2022-06-16T09:40:18+00:00","author":{"@id":"https:\/\/www.asajacyl.com\/palencia\/#\/schema\/person\/3ab17aeb03527485c317557fae64aab1"},"description":"En una rueda de prensa en la que participaron Jos\u00e9 Luis Marcos, presidente de ASAJA-Palencia, y Donaciano Dujo, presidente de ASAJA Castilla y Le\u00f3n, junto","breadcrumb":{"@id":"https:\/\/www.asajacyl.com\/palencia\/asaja-palencia-informa\/asaja-palencia-cifra-la-prevision-de-cosecha-en-800-000-toneladas#breadcrumb"},"inLanguage":"es","potentialAction":[{"@type":"ReadAction","target":["https:\/\/www.asajacyl.com\/palencia\/asaja-palencia-informa\/asaja-palencia-cifra-la-prevision-de-cosecha-en-800-000-toneladas"]}]},{"@type":"ImageObject","inLanguage":"es","@id":"https:\/\/www.asajacyl.com\/palencia\/asaja-palencia-informa\/asaja-palencia-cifra-la-prevision-de-cosecha-en-800-000-toneladas#primaryimage","url":"https:\/\/www.asajacyl.com\/palencia\/wp-content\/uploads\/sites\/3\/2022\/06\/CEBADA-2022-1.jpg","contentUrl":"https:\/\/www.asajacyl.com\/palencia\/wp-content\/uploads\/sites\/3\/2022\/06\/CEBADA-2022-1.jpg","width":2500,"height":1875},{"@type":"BreadcrumbList","@id":"https:\/\/www.asajacyl.com\/palencia\/asaja-palencia-informa\/asaja-palencia-cifra-la-prevision-de-cosecha-en-800-000-toneladas#breadcrumb","itemListElement":[{"@type":"ListItem","position":1,"name":"Portada","item":"https:\/\/www.asajacyl.com\/palencia\/"},{"@type":"ListItem","position":2,"name":"ASAJA-Palencia prev\u00e9 que se cosechar\u00e1n 800.000 toneladas"}]},{"@type":"WebSite","@id":"https:\/\/www.asajacyl.com\/palencia\/#website","url":"https:\/\/www.asajacyl.com\/palencia\/","name":"ASAJA Palencia","description":"Otro sitio m\u00e1s de Provincias ASAJA Castilla y Le\u00f3n","potentialAction":[{"@type":"SearchAction","target":{"@type":"EntryPoint","urlTemplate":"https:\/\/www.asajacyl.com\/palencia\/?s={search_term_string}"},"query-input":{"@type":"PropertyValueSpecification","valueRequired":true,"valueName":"search_term_string"}}],"inLanguage":"es"},{"@type":"Person","@id":"https:\/\/www.asajacyl.com\/palencia\/#\/schema\/person\/3ab17aeb03527485c317557fae64aab1","name":"Administrador","image":{"@type":"ImageObject","inLanguage":"es","@id":"https:\/\/www.asajacyl.com\/palencia\/#\/schema\/person\/image\/","url":"https:\/\/secure.gravatar.com\/avatar\/517384810d242ca9e38c180f3c9fb973?s=96&d=mm&r=g","contentUrl":"https:\/\/secure.gravatar.com\/avatar\/517384810d242ca9e38c180f3c9fb973?s=96&d=mm&r=g","caption":"Administrador"},"url":"https:\/\/www.asajacyl.com\/palencia\/author\/carlosrm"}]}},"_links":{"self":[{"href":"https:\/\/www.asajacyl.com\/palencia\/wp-json\/wp\/v2\/posts\/10706"}],"collection":[{"href":"https:\/\/www.asajacyl.com\/palencia\/wp-json\/wp\/v2\/posts"}],"about":[{"href":"https:\/\/www.asajacyl.com\/palencia\/wp-json\/wp\/v2\/types\/post"}],"author":[{"embeddable":true,"href":"https:\/\/www.asajacyl.com\/palencia\/wp-json\/wp\/v2\/users\/9"}],"replies":[{"embeddable":true,"href":"https:\/\/www.asajacyl.com\/palencia\/wp-json\/wp\/v2\/comments?post=10706"}],"version-history":[{"count":3,"href":"https:\/\/www.asajacyl.com\/palencia\/wp-json\/wp\/v2\/posts\/10706\/revisions"}],"predecessor-version":[{"id":10710,"href":"https:\/\/www.asajacyl.com\/palencia\/wp-json\/wp\/v2\/posts\/10706\/revisions\/10710"}],"wp:featuredmedia":[{"embeddable":true,"href":"https:\/\/www.asajacyl.com\/palencia\/wp-json\/wp\/v2\/media\/10709"}],"wp:attachment":[{"href":"https:\/\/www.asajacyl.com\/palencia\/wp-json\/wp\/v2\/media?parent=10706"}],"wp:term":[{"taxonomy":"category","embeddable":true,"href":"https:\/\/www.asajacyl.com\/palencia\/wp-json\/wp\/v2\/categories?post=10706"},{"taxonomy":"post_tag","embeddable":true,"href":"https:\/\/www.asajacyl.com\/palencia\/wp-json\/wp\/v2\/tags?post=10706"}],"curies":[{"name":"wp","href":"https:\/\/api.w.org\/{rel}","templated":true}]}}