{"id":10715,"date":"2022-06-20T13:40:00","date_gmt":"2022-06-20T11:40:00","guid":{"rendered":"https:\/\/www.asajacyl.com\/palencia\/?p=10715"},"modified":"2022-06-20T08:28:17","modified_gmt":"2022-06-20T06:28:17","slug":"la-junta-provincial-se-reunio-ante-el-inminente-inicio-de-la-cosecha","status":"publish","type":"post","link":"https:\/\/www.asajacyl.com\/palencia\/asaja-palencia-informa\/la-junta-provincial-se-reunio-ante-el-inminente-inicio-de-la-cosecha","title":{"rendered":"La Junta Provincial se reuni\u00f3 ante el inminente inicio de la cosecha"},"content":{"rendered":"\n<p>La Junta Provincial de ASAJA-Palencia se ha reunido en los locales de la asociaci\u00f3n. En dicha reuni\u00f3n se han tratado diversos temas de inter\u00e9s para el sector agrario como el estado del campo previo a la cosecha, que ASAJA-Palencia ha cifrado en 800.000 toneladas, o la valoraci\u00f3n de la gran manifestaci\u00f3n que tuvo lugar el 20 de marzo en Madrid.<\/p>\n\n\n\n<p>La reuni\u00f3n tambi\u00e9n tuvo contenido t\u00e9cnico y los miembros de la Junta Provincial conocieron el punto en que se encuentra la futura PAC 2023-2030 as\u00ed como las novedades en materia tributaria y de seguridad social.<\/p>\n\n\n\n<p>Los presidentes de cada rama sectorial presentaron su informe de situaci\u00f3n en la parte final de la reuni\u00f3n donde se mostr\u00f3 la preocupaci\u00f3n por el granado del trigo, por el futuro de la remolacha y por el mal estado de la ganader\u00eda, donde no se acaba de conseguir la rentabilidad de las explotaciones y el elevad\u00edsimo coste de los insumos, sin un suficiente precio de los productos ganaderos, est\u00e1 ahogando al sector.<\/p>\n","protected":false},"excerpt":{"rendered":"<p>La Junta Provincial de ASAJA-Palencia se ha reunido en los locales de la asociaci\u00f3n. En dicha reuni\u00f3n se han tratado diversos temas de inter\u00e9s para el sector agrario como el estado del campo previo a la cosecha, que ASAJA-Palencia ha cifrado en 800.000 toneladas, o la valoraci\u00f3n de la gran manifestaci\u00f3n que tuvo lugar el [&hellip;]<\/p>\n","protected":false},"author":9,"featured_media":1147,"comment_status":"open","ping_status":"open","sticky":false,"template":"","format":"standard","meta":{"footnotes":""},"categories":[9,29,28],"tags":[],"yoast_head":"<!-- This site is optimized with the Yoast SEO plugin v24.5 - https:\/\/yoast.com\/wordpress\/plugins\/seo\/ -->\n<title>La Junta Provincial se reuni\u00f3 ante el inminente inicio de la cosecha - ASAJA Palencia<\/title>\n<meta name=\"description\" content=\"La Junta Provincial de ASAJA-Palencia se ha reunido en los locales de la asociaci\u00f3n. En dicha reuni\u00f3n se han tratado diversos temas de inter\u00e9s para el\" \/>\n<meta name=\"robots\" content=\"index, follow, max-snippet:-1, max-image-preview:large, max-video-preview:-1\" \/>\n<link rel=\"canonical\" href=\"https:\/\/www.asajacyl.com\/palencia\/asaja-palencia-informa\/la-junta-provincial-se-reunio-ante-el-inminente-inicio-de-la-cosecha\" \/>\n<meta property=\"og:locale\" content=\"es_ES\" \/>\n<meta property=\"og:type\" content=\"article\" \/>\n<meta property=\"og:title\" content=\"La Junta Provincial se reuni\u00f3 ante el inminente inicio de la cosecha - ASAJA Palencia\" \/>\n<meta property=\"og:description\" content=\"La Junta Provincial de ASAJA-Palencia se ha reunido en los locales de la asociaci\u00f3n. En dicha reuni\u00f3n se han tratado diversos temas de inter\u00e9s para el\" \/>\n<meta property=\"og:url\" content=\"https:\/\/www.asajacyl.com\/palencia\/asaja-palencia-informa\/la-junta-provincial-se-reunio-ante-el-inminente-inicio-de-la-cosecha\" \/>\n<meta property=\"og:site_name\" content=\"ASAJA Palencia\" \/>\n<meta property=\"article:published_time\" content=\"2022-06-20T11:40:00+00:00\" \/>\n<meta property=\"og:image\" content=\"https:\/\/www.asajacyl.com\/palencia\/wp-content\/uploads\/sites\/3\/2017\/10\/provincial-asaja-palencia.jpeg\" \/>\n\t<meta property=\"og:image:width\" content=\"1328\" \/>\n\t<meta property=\"og:image:height\" content=\"747\" \/>\n\t<meta property=\"og:image:type\" content=\"image\/jpeg\" \/>\n<meta name=\"author\" content=\"Administrador\" \/>\n<meta name=\"twitter:card\" content=\"summary_large_image\" \/>\n<meta name=\"twitter:label1\" content=\"Escrito por\" \/>\n\t<meta name=\"twitter:data1\" content=\"Administrador\" \/>\n\t<meta name=\"twitter:label2\" content=\"Tiempo de lectura\" \/>\n\t<meta name=\"twitter:data2\" content=\"1 minuto\" \/>\n<script type=\"application\/ld+json\" class=\"yoast-schema-graph\">{\"@context\":\"https:\/\/schema.org\",\"@graph\":[{\"@type\":\"WebPage\",\"@id\":\"https:\/\/www.asajacyl.com\/palencia\/asaja-palencia-informa\/la-junta-provincial-se-reunio-ante-el-inminente-inicio-de-la-cosecha\",\"url\":\"https:\/\/www.asajacyl.com\/palencia\/asaja-palencia-informa\/la-junta-provincial-se-reunio-ante-el-inminente-inicio-de-la-cosecha\",\"name\":\"La Junta Provincial se reuni\u00f3 ante el inminente inicio de la cosecha - ASAJA Palencia\",\"isPartOf\":{\"@id\":\"https:\/\/www.asajacyl.com\/palencia\/#website\"},\"primaryImageOfPage\":{\"@id\":\"https:\/\/www.asajacyl.com\/palencia\/asaja-palencia-informa\/la-junta-provincial-se-reunio-ante-el-inminente-inicio-de-la-cosecha#primaryimage\"},\"image\":{\"@id\":\"https:\/\/www.asajacyl.com\/palencia\/asaja-palencia-informa\/la-junta-provincial-se-reunio-ante-el-inminente-inicio-de-la-cosecha#primaryimage\"},\"thumbnailUrl\":\"https:\/\/www.asajacyl.com\/palencia\/wp-content\/uploads\/sites\/3\/2017\/10\/provincial-asaja-palencia.jpeg\",\"datePublished\":\"2022-06-20T11:40:00+00:00\",\"author\":{\"@id\":\"https:\/\/www.asajacyl.com\/palencia\/#\/schema\/person\/3ab17aeb03527485c317557fae64aab1\"},\"description\":\"La Junta Provincial de ASAJA-Palencia se ha reunido en los locales de la asociaci\u00f3n. En dicha reuni\u00f3n se han tratado diversos temas de inter\u00e9s para el\",\"breadcrumb\":{\"@id\":\"https:\/\/www.asajacyl.com\/palencia\/asaja-palencia-informa\/la-junta-provincial-se-reunio-ante-el-inminente-inicio-de-la-cosecha#breadcrumb\"},\"inLanguage\":\"es\",\"potentialAction\":[{\"@type\":\"ReadAction\",\"target\":[\"https:\/\/www.asajacyl.com\/palencia\/asaja-palencia-informa\/la-junta-provincial-se-reunio-ante-el-inminente-inicio-de-la-cosecha\"]}]},{\"@type\":\"ImageObject\",\"inLanguage\":\"es\",\"@id\":\"https:\/\/www.asajacyl.com\/palencia\/asaja-palencia-informa\/la-junta-provincial-se-reunio-ante-el-inminente-inicio-de-la-cosecha#primaryimage\",\"url\":\"https:\/\/www.asajacyl.com\/palencia\/wp-content\/uploads\/sites\/3\/2017\/10\/provincial-asaja-palencia.jpeg\",\"contentUrl\":\"https:\/\/www.asajacyl.com\/palencia\/wp-content\/uploads\/sites\/3\/2017\/10\/provincial-asaja-palencia.jpeg\",\"width\":1328,\"height\":747,\"caption\":\"ASAJA Palencia\"},{\"@type\":\"BreadcrumbList\",\"@id\":\"https:\/\/www.asajacyl.com\/palencia\/asaja-palencia-informa\/la-junta-provincial-se-reunio-ante-el-inminente-inicio-de-la-cosecha#breadcrumb\",\"itemListElement\":[{\"@type\":\"ListItem\",\"position\":1,\"name\":\"Portada\",\"item\":\"https:\/\/www.asajacyl.com\/palencia\/\"},{\"@type\":\"ListItem\",\"position\":2,\"name\":\"La Junta Provincial se reuni\u00f3 ante el inminente inicio de la cosecha\"}]},{\"@type\":\"WebSite\",\"@id\":\"https:\/\/www.asajacyl.com\/palencia\/#website\",\"url\":\"https:\/\/www.asajacyl.com\/palencia\/\",\"name\":\"ASAJA Palencia\",\"description\":\"Otro sitio m\u00e1s de Provincias ASAJA Castilla y Le\u00f3n\",\"potentialAction\":[{\"@type\":\"SearchAction\",\"target\":{\"@type\":\"EntryPoint\",\"urlTemplate\":\"https:\/\/www.asajacyl.com\/palencia\/?s={search_term_string}\"},\"query-input\":{\"@type\":\"PropertyValueSpecification\",\"valueRequired\":true,\"valueName\":\"search_term_string\"}}],\"inLanguage\":\"es\"},{\"@type\":\"Person\",\"@id\":\"https:\/\/www.asajacyl.com\/palencia\/#\/schema\/person\/3ab17aeb03527485c317557fae64aab1\",\"name\":\"Administrador\",\"image\":{\"@type\":\"ImageObject\",\"inLanguage\":\"es\",\"@id\":\"https:\/\/www.asajacyl.com\/palencia\/#\/schema\/person\/image\/\",\"url\":\"https:\/\/secure.gravatar.com\/avatar\/517384810d242ca9e38c180f3c9fb973?s=96&d=mm&r=g\",\"contentUrl\":\"https:\/\/secure.gravatar.com\/avatar\/517384810d242ca9e38c180f3c9fb973?s=96&d=mm&r=g\",\"caption\":\"Administrador\"},\"url\":\"https:\/\/www.asajacyl.com\/palencia\/author\/carlosrm\"}]}<\/script>\n<!-- \/ Yoast SEO plugin. -->","yoast_head_json":{"title":"La Junta Provincial se reuni\u00f3 ante el inminente inicio de la cosecha - ASAJA Palencia","description":"La Junta Provincial de ASAJA-Palencia se ha reunido en los locales de la asociaci\u00f3n. En dicha reuni\u00f3n se han tratado diversos temas de inter\u00e9s para el","robots":{"index":"index","follow":"follow","max-snippet":"max-snippet:-1","max-image-preview":"max-image-preview:large","max-video-preview":"max-video-preview:-1"},"canonical":"https:\/\/www.asajacyl.com\/palencia\/asaja-palencia-informa\/la-junta-provincial-se-reunio-ante-el-inminente-inicio-de-la-cosecha","og_locale":"es_ES","og_type":"article","og_title":"La Junta Provincial se reuni\u00f3 ante el inminente inicio de la cosecha - ASAJA Palencia","og_description":"La Junta Provincial de ASAJA-Palencia se ha reunido en los locales de la asociaci\u00f3n. En dicha reuni\u00f3n se han tratado diversos temas de inter\u00e9s para el","og_url":"https:\/\/www.asajacyl.com\/palencia\/asaja-palencia-informa\/la-junta-provincial-se-reunio-ante-el-inminente-inicio-de-la-cosecha","og_site_name":"ASAJA Palencia","article_published_time":"2022-06-20T11:40:00+00:00","og_image":[{"width":1328,"height":747,"url":"https:\/\/www.asajacyl.com\/palencia\/wp-content\/uploads\/sites\/3\/2017\/10\/provincial-asaja-palencia.jpeg","type":"image\/jpeg"}],"author":"Administrador","twitter_card":"summary_large_image","twitter_misc":{"Escrito por":"Administrador","Tiempo de lectura":"1 minuto"},"schema":{"@context":"https:\/\/schema.org","@graph":[{"@type":"WebPage","@id":"https:\/\/www.asajacyl.com\/palencia\/asaja-palencia-informa\/la-junta-provincial-se-reunio-ante-el-inminente-inicio-de-la-cosecha","url":"https:\/\/www.asajacyl.com\/palencia\/asaja-palencia-informa\/la-junta-provincial-se-reunio-ante-el-inminente-inicio-de-la-cosecha","name":"La Junta Provincial se reuni\u00f3 ante el inminente inicio de la cosecha - ASAJA Palencia","isPartOf":{"@id":"https:\/\/www.asajacyl.com\/palencia\/#website"},"primaryImageOfPage":{"@id":"https:\/\/www.asajacyl.com\/palencia\/asaja-palencia-informa\/la-junta-provincial-se-reunio-ante-el-inminente-inicio-de-la-cosecha#primaryimage"},"image":{"@id":"https:\/\/www.asajacyl.com\/palencia\/asaja-palencia-informa\/la-junta-provincial-se-reunio-ante-el-inminente-inicio-de-la-cosecha#primaryimage"},"thumbnailUrl":"https:\/\/www.asajacyl.com\/palencia\/wp-content\/uploads\/sites\/3\/2017\/10\/provincial-asaja-palencia.jpeg","datePublished":"2022-06-20T11:40:00+00:00","author":{"@id":"https:\/\/www.asajacyl.com\/palencia\/#\/schema\/person\/3ab17aeb03527485c317557fae64aab1"},"description":"La Junta Provincial de ASAJA-Palencia se ha reunido en los locales de la asociaci\u00f3n. En dicha reuni\u00f3n se han tratado diversos temas de inter\u00e9s para el","breadcrumb":{"@id":"https:\/\/www.asajacyl.com\/palencia\/asaja-palencia-informa\/la-junta-provincial-se-reunio-ante-el-inminente-inicio-de-la-cosecha#breadcrumb"},"inLanguage":"es","potentialAction":[{"@type":"ReadAction","target":["https:\/\/www.asajacyl.com\/palencia\/asaja-palencia-informa\/la-junta-provincial-se-reunio-ante-el-inminente-inicio-de-la-cosecha"]}]},{"@type":"ImageObject","inLanguage":"es","@id":"https:\/\/www.asajacyl.com\/palencia\/asaja-palencia-informa\/la-junta-provincial-se-reunio-ante-el-inminente-inicio-de-la-cosecha#primaryimage","url":"https:\/\/www.asajacyl.com\/palencia\/wp-content\/uploads\/sites\/3\/2017\/10\/provincial-asaja-palencia.jpeg","contentUrl":"https:\/\/www.asajacyl.com\/palencia\/wp-content\/uploads\/sites\/3\/2017\/10\/provincial-asaja-palencia.jpeg","width":1328,"height":747,"caption":"ASAJA Palencia"},{"@type":"BreadcrumbList","@id":"https:\/\/www.asajacyl.com\/palencia\/asaja-palencia-informa\/la-junta-provincial-se-reunio-ante-el-inminente-inicio-de-la-cosecha#breadcrumb","itemListElement":[{"@type":"ListItem","position":1,"name":"Portada","item":"https:\/\/www.asajacyl.com\/palencia\/"},{"@type":"ListItem","position":2,"name":"La Junta Provincial se reuni\u00f3 ante el inminente inicio de la cosecha"}]},{"@type":"WebSite","@id":"https:\/\/www.asajacyl.com\/palencia\/#website","url":"https:\/\/www.asajacyl.com\/palencia\/","name":"ASAJA Palencia","description":"Otro sitio m\u00e1s de Provincias ASAJA Castilla y Le\u00f3n","potentialAction":[{"@type":"SearchAction","target":{"@type":"EntryPoint","urlTemplate":"https:\/\/www.asajacyl.com\/palencia\/?s={search_term_string}"},"query-input":{"@type":"PropertyValueSpecification","valueRequired":true,"valueName":"search_term_string"}}],"inLanguage":"es"},{"@type":"Person","@id":"https:\/\/www.asajacyl.com\/palencia\/#\/schema\/person\/3ab17aeb03527485c317557fae64aab1","name":"Administrador","image":{"@type":"ImageObject","inLanguage":"es","@id":"https:\/\/www.asajacyl.com\/palencia\/#\/schema\/person\/image\/","url":"https:\/\/secure.gravatar.com\/avatar\/517384810d242ca9e38c180f3c9fb973?s=96&d=mm&r=g","contentUrl":"https:\/\/secure.gravatar.com\/avatar\/517384810d242ca9e38c180f3c9fb973?s=96&d=mm&r=g","caption":"Administrador"},"url":"https:\/\/www.asajacyl.com\/palencia\/author\/carlosrm"}]}},"_links":{"self":[{"href":"https:\/\/www.asajacyl.com\/palencia\/wp-json\/wp\/v2\/posts\/10715"}],"collection":[{"href":"https:\/\/www.asajacyl.com\/palencia\/wp-json\/wp\/v2\/posts"}],"about":[{"href":"https:\/\/www.asajacyl.com\/palencia\/wp-json\/wp\/v2\/types\/post"}],"author":[{"embeddable":true,"href":"https:\/\/www.asajacyl.com\/palencia\/wp-json\/wp\/v2\/users\/9"}],"replies":[{"embeddable":true,"href":"https:\/\/www.asajacyl.com\/palencia\/wp-json\/wp\/v2\/comments?post=10715"}],"version-history":[{"count":2,"href":"https:\/\/www.asajacyl.com\/palencia\/wp-json\/wp\/v2\/posts\/10715\/revisions"}],"predecessor-version":[{"id":10721,"href":"https:\/\/www.asajacyl.com\/palencia\/wp-json\/wp\/v2\/posts\/10715\/revisions\/10721"}],"wp:featuredmedia":[{"embeddable":true,"href":"https:\/\/www.asajacyl.com\/palencia\/wp-json\/wp\/v2\/media\/1147"}],"wp:attachment":[{"href":"https:\/\/www.asajacyl.com\/palencia\/wp-json\/wp\/v2\/media?parent=10715"}],"wp:term":[{"taxonomy":"category","embeddable":true,"href":"https:\/\/www.asajacyl.com\/palencia\/wp-json\/wp\/v2\/categories?post=10715"},{"taxonomy":"post_tag","embeddable":true,"href":"https:\/\/www.asajacyl.com\/palencia\/wp-json\/wp\/v2\/tags?post=10715"}],"curies":[{"name":"wp","href":"https:\/\/api.w.org\/{rel}","templated":true}]}}