{"id":10718,"date":"2022-06-22T08:34:00","date_gmt":"2022-06-22T06:34:00","guid":{"rendered":"https:\/\/www.asajacyl.com\/palencia\/?p=10718"},"modified":"2022-06-20T10:27:44","modified_gmt":"2022-06-20T08:27:44","slug":"feliciano-del-rio-reelegido-presidente-del-lilcyl","status":"publish","type":"post","link":"https:\/\/www.asajacyl.com\/palencia\/asaja-palencia-informa\/feliciano-del-rio-reelegido-presidente-del-lilcyl","title":{"rendered":"Feliciano del R\u00edo, reelegido consejero del LILCYL"},"content":{"rendered":"\n<p>El Laboratorio Interprofesional L\u00e1cteo de Castilla y Le\u00f3n (LILCYL) es una empresa participada a partes iguales por las organizaciones agrarias (ASAJA, UPA, UCCL) y la industria l\u00e1ctea. La principal funci\u00f3n del laboratorio es analizar las muestras de la producci\u00f3n l\u00e1ctea de los ganaderos para que dichos datos sirvan a las industrias a la hora de cuantificar el pago de la leche, es lo conocido como pago por calidad.<\/p>\n\n\n\n<p>En la \u00faltima junta de accionistas del laboratorio se ha reelegido como consejero a Feliciano del R\u00edo, ganadero de ovino de Robladillo de Ucieza, el cual adem\u00e1s es el presidente del laboratorio hasta diciembre. Feliciano ha sido muy activo en ASAJA, habiendo ostentado la presidencia de la Rama Sectorial de Ovino, siendo vocal de la C\u00e1mara Agraria de Palencia y tambi\u00e9n miembro del Comit\u00e9 Ejecutivo de ASAJA en las dos legislaturas en que fue presidente Honorato Meneses.<\/p>\n\n\n\n<p>No cabe duda de que Feliciano es un gran conocedor del sector l\u00e1cteo y desde ASAJA-Palencia nos congratulamos de que una persona como \u00e9l represente los intereses de los ganaderos en una entidad de tanto prestigio e importancia para los ganaderos como es el LILCYL.<\/p>\n\n\n\n<p>En la misma junta de accionistas se dieron datos sobre el funcionamiento del laboratorio y donde se pudo ver que la media de las muestras de vacuno de Palencia tienen un 3,81% de grasa y un 3,33% de prote\u00edna, donde la media de todas las muestras recibidas por el laboratorio asciende a 3,87% de grasa y 3,35% de prote\u00edna. En el caso del ovino, la media de grasa de los productores palentinos ha sido del 7,00% y la media de la prote\u00edna del 5,55% mientras que la media de las muestras totales ha sido de un 6,97% en grasa y de un 5,50% en prote\u00edna.<\/p>\n","protected":false},"excerpt":{"rendered":"<p>El Laboratorio Interprofesional L\u00e1cteo de Castilla y Le\u00f3n (LILCYL) es una empresa participada a partes iguales por las organizaciones agrarias (ASAJA, UPA, UCCL) y la industria l\u00e1ctea. La principal funci\u00f3n del laboratorio es analizar las muestras de la producci\u00f3n l\u00e1ctea de los ganaderos para que dichos datos sirvan a las industrias a la hora de [&hellip;]<\/p>\n","protected":false},"author":9,"featured_media":1657,"comment_status":"open","ping_status":"open","sticky":false,"template":"","format":"standard","meta":{"footnotes":""},"categories":[9,29,28],"tags":[],"yoast_head":"<!-- This site is optimized with the Yoast SEO plugin v24.5 - https:\/\/yoast.com\/wordpress\/plugins\/seo\/ -->\n<title>Feliciano del R\u00edo, reelegido consejero del LILCYL - ASAJA Palencia<\/title>\n<meta name=\"description\" content=\"El Laboratorio Interprofesional L\u00e1cteo de Castilla y Le\u00f3n (LILCYL) es una empresa participada a partes iguales por las organizaciones agrarias (ASAJA,\" \/>\n<meta name=\"robots\" content=\"index, follow, max-snippet:-1, max-image-preview:large, max-video-preview:-1\" \/>\n<link rel=\"canonical\" href=\"https:\/\/www.asajacyl.com\/palencia\/asaja-palencia-informa\/feliciano-del-rio-reelegido-presidente-del-lilcyl\" \/>\n<meta property=\"og:locale\" content=\"es_ES\" \/>\n<meta property=\"og:type\" content=\"article\" \/>\n<meta property=\"og:title\" content=\"Feliciano del R\u00edo, reelegido consejero del LILCYL - ASAJA Palencia\" \/>\n<meta property=\"og:description\" content=\"El Laboratorio Interprofesional L\u00e1cteo de Castilla y Le\u00f3n (LILCYL) es una empresa participada a partes iguales por las organizaciones agrarias (ASAJA,\" \/>\n<meta property=\"og:url\" content=\"https:\/\/www.asajacyl.com\/palencia\/asaja-palencia-informa\/feliciano-del-rio-reelegido-presidente-del-lilcyl\" \/>\n<meta property=\"og:site_name\" content=\"ASAJA Palencia\" \/>\n<meta property=\"article:published_time\" content=\"2022-06-22T06:34:00+00:00\" \/>\n<meta property=\"og:image\" content=\"https:\/\/www.asajacyl.com\/palencia\/wp-content\/uploads\/sites\/3\/2017\/11\/felicianodelrio-1024x768.jpg\" \/>\n\t<meta property=\"og:image:width\" content=\"1024\" \/>\n\t<meta property=\"og:image:height\" content=\"768\" \/>\n\t<meta property=\"og:image:type\" content=\"image\/jpeg\" \/>\n<meta name=\"author\" content=\"Administrador\" \/>\n<meta name=\"twitter:card\" content=\"summary_large_image\" \/>\n<meta name=\"twitter:label1\" content=\"Escrito por\" \/>\n\t<meta name=\"twitter:data1\" content=\"Administrador\" \/>\n\t<meta name=\"twitter:label2\" content=\"Tiempo de lectura\" \/>\n\t<meta name=\"twitter:data2\" content=\"2 minutos\" \/>\n<script type=\"application\/ld+json\" class=\"yoast-schema-graph\">{\"@context\":\"https:\/\/schema.org\",\"@graph\":[{\"@type\":\"WebPage\",\"@id\":\"https:\/\/www.asajacyl.com\/palencia\/asaja-palencia-informa\/feliciano-del-rio-reelegido-presidente-del-lilcyl\",\"url\":\"https:\/\/www.asajacyl.com\/palencia\/asaja-palencia-informa\/feliciano-del-rio-reelegido-presidente-del-lilcyl\",\"name\":\"Feliciano del R\u00edo, reelegido consejero del LILCYL - ASAJA Palencia\",\"isPartOf\":{\"@id\":\"https:\/\/www.asajacyl.com\/palencia\/#website\"},\"primaryImageOfPage\":{\"@id\":\"https:\/\/www.asajacyl.com\/palencia\/asaja-palencia-informa\/feliciano-del-rio-reelegido-presidente-del-lilcyl#primaryimage\"},\"image\":{\"@id\":\"https:\/\/www.asajacyl.com\/palencia\/asaja-palencia-informa\/feliciano-del-rio-reelegido-presidente-del-lilcyl#primaryimage\"},\"thumbnailUrl\":\"https:\/\/www.asajacyl.com\/palencia\/wp-content\/uploads\/sites\/3\/2017\/11\/felicianodelrio.jpg\",\"datePublished\":\"2022-06-22T06:34:00+00:00\",\"author\":{\"@id\":\"https:\/\/www.asajacyl.com\/palencia\/#\/schema\/person\/3ab17aeb03527485c317557fae64aab1\"},\"description\":\"El Laboratorio Interprofesional L\u00e1cteo de Castilla y Le\u00f3n (LILCYL) es una empresa participada a partes iguales por las organizaciones agrarias (ASAJA,\",\"breadcrumb\":{\"@id\":\"https:\/\/www.asajacyl.com\/palencia\/asaja-palencia-informa\/feliciano-del-rio-reelegido-presidente-del-lilcyl#breadcrumb\"},\"inLanguage\":\"es\",\"potentialAction\":[{\"@type\":\"ReadAction\",\"target\":[\"https:\/\/www.asajacyl.com\/palencia\/asaja-palencia-informa\/feliciano-del-rio-reelegido-presidente-del-lilcyl\"]}]},{\"@type\":\"ImageObject\",\"inLanguage\":\"es\",\"@id\":\"https:\/\/www.asajacyl.com\/palencia\/asaja-palencia-informa\/feliciano-del-rio-reelegido-presidente-del-lilcyl#primaryimage\",\"url\":\"https:\/\/www.asajacyl.com\/palencia\/wp-content\/uploads\/sites\/3\/2017\/11\/felicianodelrio.jpg\",\"contentUrl\":\"https:\/\/www.asajacyl.com\/palencia\/wp-content\/uploads\/sites\/3\/2017\/11\/felicianodelrio.jpg\",\"width\":3072,\"height\":2304},{\"@type\":\"BreadcrumbList\",\"@id\":\"https:\/\/www.asajacyl.com\/palencia\/asaja-palencia-informa\/feliciano-del-rio-reelegido-presidente-del-lilcyl#breadcrumb\",\"itemListElement\":[{\"@type\":\"ListItem\",\"position\":1,\"name\":\"Portada\",\"item\":\"https:\/\/www.asajacyl.com\/palencia\/\"},{\"@type\":\"ListItem\",\"position\":2,\"name\":\"Feliciano del R\u00edo, reelegido consejero del LILCYL\"}]},{\"@type\":\"WebSite\",\"@id\":\"https:\/\/www.asajacyl.com\/palencia\/#website\",\"url\":\"https:\/\/www.asajacyl.com\/palencia\/\",\"name\":\"ASAJA Palencia\",\"description\":\"Otro sitio m\u00e1s de Provincias ASAJA Castilla y Le\u00f3n\",\"potentialAction\":[{\"@type\":\"SearchAction\",\"target\":{\"@type\":\"EntryPoint\",\"urlTemplate\":\"https:\/\/www.asajacyl.com\/palencia\/?s={search_term_string}\"},\"query-input\":{\"@type\":\"PropertyValueSpecification\",\"valueRequired\":true,\"valueName\":\"search_term_string\"}}],\"inLanguage\":\"es\"},{\"@type\":\"Person\",\"@id\":\"https:\/\/www.asajacyl.com\/palencia\/#\/schema\/person\/3ab17aeb03527485c317557fae64aab1\",\"name\":\"Administrador\",\"image\":{\"@type\":\"ImageObject\",\"inLanguage\":\"es\",\"@id\":\"https:\/\/www.asajacyl.com\/palencia\/#\/schema\/person\/image\/\",\"url\":\"https:\/\/secure.gravatar.com\/avatar\/517384810d242ca9e38c180f3c9fb973?s=96&d=mm&r=g\",\"contentUrl\":\"https:\/\/secure.gravatar.com\/avatar\/517384810d242ca9e38c180f3c9fb973?s=96&d=mm&r=g\",\"caption\":\"Administrador\"},\"url\":\"https:\/\/www.asajacyl.com\/palencia\/author\/carlosrm\"}]}<\/script>\n<!-- \/ Yoast SEO plugin. -->","yoast_head_json":{"title":"Feliciano del R\u00edo, reelegido consejero del LILCYL - ASAJA Palencia","description":"El Laboratorio Interprofesional L\u00e1cteo de Castilla y Le\u00f3n (LILCYL) es una empresa participada a partes iguales por las organizaciones agrarias (ASAJA,","robots":{"index":"index","follow":"follow","max-snippet":"max-snippet:-1","max-image-preview":"max-image-preview:large","max-video-preview":"max-video-preview:-1"},"canonical":"https:\/\/www.asajacyl.com\/palencia\/asaja-palencia-informa\/feliciano-del-rio-reelegido-presidente-del-lilcyl","og_locale":"es_ES","og_type":"article","og_title":"Feliciano del R\u00edo, reelegido consejero del LILCYL - ASAJA Palencia","og_description":"El Laboratorio Interprofesional L\u00e1cteo de Castilla y Le\u00f3n (LILCYL) es una empresa participada a partes iguales por las organizaciones agrarias (ASAJA,","og_url":"https:\/\/www.asajacyl.com\/palencia\/asaja-palencia-informa\/feliciano-del-rio-reelegido-presidente-del-lilcyl","og_site_name":"ASAJA Palencia","article_published_time":"2022-06-22T06:34:00+00:00","og_image":[{"width":1024,"height":768,"url":"https:\/\/www.asajacyl.com\/palencia\/wp-content\/uploads\/sites\/3\/2017\/11\/felicianodelrio-1024x768.jpg","type":"image\/jpeg"}],"author":"Administrador","twitter_card":"summary_large_image","twitter_misc":{"Escrito por":"Administrador","Tiempo de lectura":"2 minutos"},"schema":{"@context":"https:\/\/schema.org","@graph":[{"@type":"WebPage","@id":"https:\/\/www.asajacyl.com\/palencia\/asaja-palencia-informa\/feliciano-del-rio-reelegido-presidente-del-lilcyl","url":"https:\/\/www.asajacyl.com\/palencia\/asaja-palencia-informa\/feliciano-del-rio-reelegido-presidente-del-lilcyl","name":"Feliciano del R\u00edo, reelegido consejero del LILCYL - ASAJA Palencia","isPartOf":{"@id":"https:\/\/www.asajacyl.com\/palencia\/#website"},"primaryImageOfPage":{"@id":"https:\/\/www.asajacyl.com\/palencia\/asaja-palencia-informa\/feliciano-del-rio-reelegido-presidente-del-lilcyl#primaryimage"},"image":{"@id":"https:\/\/www.asajacyl.com\/palencia\/asaja-palencia-informa\/feliciano-del-rio-reelegido-presidente-del-lilcyl#primaryimage"},"thumbnailUrl":"https:\/\/www.asajacyl.com\/palencia\/wp-content\/uploads\/sites\/3\/2017\/11\/felicianodelrio.jpg","datePublished":"2022-06-22T06:34:00+00:00","author":{"@id":"https:\/\/www.asajacyl.com\/palencia\/#\/schema\/person\/3ab17aeb03527485c317557fae64aab1"},"description":"El Laboratorio Interprofesional L\u00e1cteo de Castilla y Le\u00f3n (LILCYL) es una empresa participada a partes iguales por las organizaciones agrarias (ASAJA,","breadcrumb":{"@id":"https:\/\/www.asajacyl.com\/palencia\/asaja-palencia-informa\/feliciano-del-rio-reelegido-presidente-del-lilcyl#breadcrumb"},"inLanguage":"es","potentialAction":[{"@type":"ReadAction","target":["https:\/\/www.asajacyl.com\/palencia\/asaja-palencia-informa\/feliciano-del-rio-reelegido-presidente-del-lilcyl"]}]},{"@type":"ImageObject","inLanguage":"es","@id":"https:\/\/www.asajacyl.com\/palencia\/asaja-palencia-informa\/feliciano-del-rio-reelegido-presidente-del-lilcyl#primaryimage","url":"https:\/\/www.asajacyl.com\/palencia\/wp-content\/uploads\/sites\/3\/2017\/11\/felicianodelrio.jpg","contentUrl":"https:\/\/www.asajacyl.com\/palencia\/wp-content\/uploads\/sites\/3\/2017\/11\/felicianodelrio.jpg","width":3072,"height":2304},{"@type":"BreadcrumbList","@id":"https:\/\/www.asajacyl.com\/palencia\/asaja-palencia-informa\/feliciano-del-rio-reelegido-presidente-del-lilcyl#breadcrumb","itemListElement":[{"@type":"ListItem","position":1,"name":"Portada","item":"https:\/\/www.asajacyl.com\/palencia\/"},{"@type":"ListItem","position":2,"name":"Feliciano del R\u00edo, reelegido consejero del LILCYL"}]},{"@type":"WebSite","@id":"https:\/\/www.asajacyl.com\/palencia\/#website","url":"https:\/\/www.asajacyl.com\/palencia\/","name":"ASAJA Palencia","description":"Otro sitio m\u00e1s de Provincias ASAJA Castilla y Le\u00f3n","potentialAction":[{"@type":"SearchAction","target":{"@type":"EntryPoint","urlTemplate":"https:\/\/www.asajacyl.com\/palencia\/?s={search_term_string}"},"query-input":{"@type":"PropertyValueSpecification","valueRequired":true,"valueName":"search_term_string"}}],"inLanguage":"es"},{"@type":"Person","@id":"https:\/\/www.asajacyl.com\/palencia\/#\/schema\/person\/3ab17aeb03527485c317557fae64aab1","name":"Administrador","image":{"@type":"ImageObject","inLanguage":"es","@id":"https:\/\/www.asajacyl.com\/palencia\/#\/schema\/person\/image\/","url":"https:\/\/secure.gravatar.com\/avatar\/517384810d242ca9e38c180f3c9fb973?s=96&d=mm&r=g","contentUrl":"https:\/\/secure.gravatar.com\/avatar\/517384810d242ca9e38c180f3c9fb973?s=96&d=mm&r=g","caption":"Administrador"},"url":"https:\/\/www.asajacyl.com\/palencia\/author\/carlosrm"}]}},"_links":{"self":[{"href":"https:\/\/www.asajacyl.com\/palencia\/wp-json\/wp\/v2\/posts\/10718"}],"collection":[{"href":"https:\/\/www.asajacyl.com\/palencia\/wp-json\/wp\/v2\/posts"}],"about":[{"href":"https:\/\/www.asajacyl.com\/palencia\/wp-json\/wp\/v2\/types\/post"}],"author":[{"embeddable":true,"href":"https:\/\/www.asajacyl.com\/palencia\/wp-json\/wp\/v2\/users\/9"}],"replies":[{"embeddable":true,"href":"https:\/\/www.asajacyl.com\/palencia\/wp-json\/wp\/v2\/comments?post=10718"}],"version-history":[{"count":2,"href":"https:\/\/www.asajacyl.com\/palencia\/wp-json\/wp\/v2\/posts\/10718\/revisions"}],"predecessor-version":[{"id":10722,"href":"https:\/\/www.asajacyl.com\/palencia\/wp-json\/wp\/v2\/posts\/10718\/revisions\/10722"}],"wp:featuredmedia":[{"embeddable":true,"href":"https:\/\/www.asajacyl.com\/palencia\/wp-json\/wp\/v2\/media\/1657"}],"wp:attachment":[{"href":"https:\/\/www.asajacyl.com\/palencia\/wp-json\/wp\/v2\/media?parent=10718"}],"wp:term":[{"taxonomy":"category","embeddable":true,"href":"https:\/\/www.asajacyl.com\/palencia\/wp-json\/wp\/v2\/categories?post=10718"},{"taxonomy":"post_tag","embeddable":true,"href":"https:\/\/www.asajacyl.com\/palencia\/wp-json\/wp\/v2\/tags?post=10718"}],"curies":[{"name":"wp","href":"https:\/\/api.w.org\/{rel}","templated":true}]}}