{"id":10724,"date":"2022-06-23T13:46:00","date_gmt":"2022-06-23T11:46:00","guid":{"rendered":"https:\/\/www.asajacyl.com\/palencia\/?p=10724"},"modified":"2022-06-21T07:27:51","modified_gmt":"2022-06-21T05:27:51","slug":"el-bajo-carrion-da-un-paso-hacia-la-concentracion-y-modernizacion","status":"publish","type":"post","link":"https:\/\/www.asajacyl.com\/palencia\/asaja-palencia-informa\/el-bajo-carrion-da-un-paso-hacia-la-concentracion-y-modernizacion","title":{"rendered":"El Bajo Carri\u00f3n da un paso m\u00e1s hacia la concentraci\u00f3n y modernizaci\u00f3n"},"content":{"rendered":"\n<p>Recientemente el BOCyL ha publicado que la Direcci\u00f3n General de Desarrollo Rural, dependiente de la Consejer\u00eda de Agricultura, Ganader\u00eda y Desarrollo Rural, ha acordado someter a informaci\u00f3n p\u00fablica el Estudio de Impacto Ambiental, junto con el estudio t\u00e9cnico previo de la concentraci\u00f3n parcelaria de la Zona Regable del Bajo Carri\u00f3n, cuyo plazo finalizar\u00e1 a finales de julio.<\/p>\n\n\n\n<p>Las obras de mejora y modernizaci\u00f3n de la Zona Regable del Bajo Carri\u00f3n se declar\u00f3 de inter\u00e9s general en el Real Decreto Ley 10\/2005 y el d\u00eda 8 de abril de 2017 la Comunidad de Regantes del Bajo Carri\u00f3n, en junta General Extraordinaria, aprob\u00f3 por amplia mayor\u00eda la modernizaci\u00f3n de las infraestructuras de riego, actualmente consistentes en 283 kil\u00f3metros de acequias.<\/p>\n\n\n\n<p>La concentraci\u00f3n parcelaria se limitar\u00e1 a las zonas de regad\u00edo de los respectivos t\u00e9rminos municipales -con un total de 6.624 hect\u00e1reas- aunque tambi\u00e9n se incluir\u00e1n diversas parcelas de secano que est\u00e1n en la zona regable pero no disponen de cota suficiente para regar por gravedad -haciendo un total de 429 hect\u00e1reas-, a las que hay que a\u00f1adir otras 415 hect\u00e1reas, mayormente choperas situadas en las m\u00e1rgenes Carri\u00f3n, y 33 hect\u00e1reas de eras. En total se concentrar\u00e1n 7.501 hect\u00e1reas de las que 6.624 hect\u00e1reas son de regad\u00edo y 877 hect\u00e1reas son de secano.<\/p>\n\n\n\n<p>Son diez los municipios afectados (Becerril de Campos, Carri\u00f3n de los Condes, Lomas de Campos, Manquillos, Paredes de Nava, Perales, Revenga de Campos, Ribas de Campos, San Cebri\u00e1n de Campos y Villoldo):<\/p>\n\n\n\n<figure class=\"wp-block-table aligncenter is-style-stripes\"><table><tbody><tr><td><strong>MUNICIPIO<\/strong><\/td><td><strong>REGAD\u00cdO (ha)<\/strong><\/td><td><strong>SECANO (ha)<\/strong><\/td><\/tr><tr><td>Carri\u00f3n de los Condes (Carri\u00f3n de los Condes, Torre de los Molinos)<\/td><td>609,57<\/td><td>536,01<\/td><\/tr><tr><td>Villoldo (Villoldo, Castrillejo de la Olma, Villanueva del R\u00edo)<\/td><td>2.437,99<\/td><td>301,15<\/td><\/tr><tr><td>Lomas de Campos<\/td><td>229,86<\/td><td>4,80<\/td><\/tr><tr><td>Revenga de Campos<\/td><td>92,79<\/td><td>2,28<\/td><\/tr><tr><td>San Cebri\u00e1n de Campos<\/td><td>1.323,22<\/td><td>142,98<\/td><\/tr><tr><td>Manquillos<\/td><td>865,29<\/td><td>281,08<\/td><\/tr><tr><td>Paredes de Nava<\/td><td>92,46<\/td><td>25,60<\/td><\/tr><tr><td>Perales (Villaldav\u00edn)<\/td><td>656,24<\/td><td>31,74<\/td><\/tr><tr><td>Becerril de Campos<\/td><td>298,57<\/td><td>1,05<\/td><\/tr><tr><td>Ribas de Campos<\/td><td>143,07<\/td><td>34,76<\/td><\/tr><\/tbody><\/table><\/figure>\n\n\n\n<p>Los datos de partida para la realizaci\u00f3n de la concentraci\u00f3n parcelaria son los siguientes:<\/p>\n\n\n\n<figure class=\"wp-block-table aligncenter is-style-stripes\"><table><tbody><tr><td>Superficie secano (ha)<\/td><td class=\"has-text-align-center\" data-align=\"center\">877,21<\/td><\/tr><tr><td>Superficie regad\u00edo (ha)<\/td><td class=\"has-text-align-center\" data-align=\"center\">6.623,73<\/td><\/tr><tr><td>Propietarios<\/td><td class=\"has-text-align-center\" data-align=\"center\">782<\/td><\/tr><tr><td>Parcelas<\/td><td class=\"has-text-align-center\" data-align=\"center\">3.605<\/td><\/tr><tr><td>Superficie media por propietario<\/td><td class=\"has-text-align-center\" data-align=\"center\">9,63<\/td><\/tr><tr><td>Superficie media por parcela<\/td><td class=\"has-text-align-center\" data-align=\"center\">2,09<\/td><\/tr><tr><td>N\u00famero medio de parcelas por propietario<\/td><td class=\"has-text-align-center\" data-align=\"center\">4,61<\/td><\/tr><\/tbody><\/table><\/figure>\n\n\n\n<div class=\"wp-block-image\"><figure class=\"aligncenter size-large\"><img loading=\"lazy\" decoding=\"async\" width=\"533\" height=\"1024\" src=\"https:\/\/www.asajacyl.com\/palencia\/wp-content\/uploads\/sites\/3\/2022\/06\/image-2-1-533x1024.jpg\" alt=\"\" class=\"wp-image-10725\" srcset=\"https:\/\/www.asajacyl.com\/palencia\/wp-content\/uploads\/sites\/3\/2022\/06\/image-2-1-533x1024.jpg 533w, https:\/\/www.asajacyl.com\/palencia\/wp-content\/uploads\/sites\/3\/2022\/06\/image-2-1-156x300.jpg 156w, https:\/\/www.asajacyl.com\/palencia\/wp-content\/uploads\/sites\/3\/2022\/06\/image-2-1-219x420.jpg 219w, https:\/\/www.asajacyl.com\/palencia\/wp-content\/uploads\/sites\/3\/2022\/06\/image-2-1.jpg 591w\" sizes=\"(max-width: 533px) 100vw, 533px\" \/><\/figure><\/div>\n\n\n\n<p><\/p>\n","protected":false},"excerpt":{"rendered":"<p>Recientemente el BOCyL ha publicado que la Direcci\u00f3n General de Desarrollo Rural, dependiente de la Consejer\u00eda de Agricultura, Ganader\u00eda y Desarrollo Rural, ha acordado someter a informaci\u00f3n p\u00fablica el Estudio de Impacto Ambiental, junto con el estudio t\u00e9cnico previo de la concentraci\u00f3n parcelaria de la Zona Regable del Bajo Carri\u00f3n, cuyo plazo finalizar\u00e1 a finales [&hellip;]<\/p>\n","protected":false},"author":9,"featured_media":10725,"comment_status":"open","ping_status":"open","sticky":false,"template":"","format":"standard","meta":{"footnotes":""},"categories":[9,29,28],"tags":[],"yoast_head":"<!-- This site is optimized with the Yoast SEO plugin v24.5 - https:\/\/yoast.com\/wordpress\/plugins\/seo\/ -->\n<title>El Bajo Carri\u00f3n da un paso m\u00e1s hacia la concentraci\u00f3n y modernizaci\u00f3n - ASAJA Palencia<\/title>\n<meta name=\"description\" content=\"Recientemente el BOCyL ha publicado que la Direcci\u00f3n General de Desarrollo Rural, dependiente de la Consejer\u00eda de Agricultura, Ganader\u00eda y Desarrollo\" \/>\n<meta name=\"robots\" content=\"index, follow, max-snippet:-1, max-image-preview:large, max-video-preview:-1\" \/>\n<link rel=\"canonical\" href=\"https:\/\/www.asajacyl.com\/palencia\/asaja-palencia-informa\/el-bajo-carrion-da-un-paso-hacia-la-concentracion-y-modernizacion\" \/>\n<meta property=\"og:locale\" content=\"es_ES\" \/>\n<meta property=\"og:type\" content=\"article\" \/>\n<meta property=\"og:title\" content=\"El Bajo Carri\u00f3n da un paso m\u00e1s hacia la concentraci\u00f3n y modernizaci\u00f3n - ASAJA Palencia\" \/>\n<meta property=\"og:description\" content=\"Recientemente el BOCyL ha publicado que la Direcci\u00f3n General de Desarrollo Rural, dependiente de la Consejer\u00eda de Agricultura, Ganader\u00eda y Desarrollo\" \/>\n<meta property=\"og:url\" content=\"https:\/\/www.asajacyl.com\/palencia\/asaja-palencia-informa\/el-bajo-carrion-da-un-paso-hacia-la-concentracion-y-modernizacion\" \/>\n<meta property=\"og:site_name\" content=\"ASAJA Palencia\" \/>\n<meta property=\"article:published_time\" content=\"2022-06-23T11:46:00+00:00\" \/>\n<meta property=\"og:image\" content=\"https:\/\/www.asajacyl.com\/palencia\/wp-content\/uploads\/sites\/3\/2022\/06\/image-2-1.jpg\" \/>\n\t<meta property=\"og:image:width\" content=\"591\" \/>\n\t<meta property=\"og:image:height\" content=\"1135\" \/>\n\t<meta property=\"og:image:type\" content=\"image\/jpeg\" \/>\n<meta name=\"author\" content=\"Administrador\" \/>\n<meta name=\"twitter:card\" content=\"summary_large_image\" \/>\n<meta name=\"twitter:label1\" content=\"Escrito por\" \/>\n\t<meta name=\"twitter:data1\" content=\"Administrador\" \/>\n\t<meta name=\"twitter:label2\" content=\"Tiempo de lectura\" \/>\n\t<meta name=\"twitter:data2\" content=\"2 minutos\" \/>\n<script type=\"application\/ld+json\" class=\"yoast-schema-graph\">{\"@context\":\"https:\/\/schema.org\",\"@graph\":[{\"@type\":\"WebPage\",\"@id\":\"https:\/\/www.asajacyl.com\/palencia\/asaja-palencia-informa\/el-bajo-carrion-da-un-paso-hacia-la-concentracion-y-modernizacion\",\"url\":\"https:\/\/www.asajacyl.com\/palencia\/asaja-palencia-informa\/el-bajo-carrion-da-un-paso-hacia-la-concentracion-y-modernizacion\",\"name\":\"El Bajo Carri\u00f3n da un paso m\u00e1s hacia la concentraci\u00f3n y modernizaci\u00f3n - ASAJA Palencia\",\"isPartOf\":{\"@id\":\"https:\/\/www.asajacyl.com\/palencia\/#website\"},\"primaryImageOfPage\":{\"@id\":\"https:\/\/www.asajacyl.com\/palencia\/asaja-palencia-informa\/el-bajo-carrion-da-un-paso-hacia-la-concentracion-y-modernizacion#primaryimage\"},\"image\":{\"@id\":\"https:\/\/www.asajacyl.com\/palencia\/asaja-palencia-informa\/el-bajo-carrion-da-un-paso-hacia-la-concentracion-y-modernizacion#primaryimage\"},\"thumbnailUrl\":\"https:\/\/www.asajacyl.com\/palencia\/wp-content\/uploads\/sites\/3\/2022\/06\/image-2-1.jpg\",\"datePublished\":\"2022-06-23T11:46:00+00:00\",\"author\":{\"@id\":\"https:\/\/www.asajacyl.com\/palencia\/#\/schema\/person\/3ab17aeb03527485c317557fae64aab1\"},\"description\":\"Recientemente el BOCyL ha publicado que la Direcci\u00f3n General de Desarrollo Rural, dependiente de la Consejer\u00eda de Agricultura, Ganader\u00eda y Desarrollo\",\"breadcrumb\":{\"@id\":\"https:\/\/www.asajacyl.com\/palencia\/asaja-palencia-informa\/el-bajo-carrion-da-un-paso-hacia-la-concentracion-y-modernizacion#breadcrumb\"},\"inLanguage\":\"es\",\"potentialAction\":[{\"@type\":\"ReadAction\",\"target\":[\"https:\/\/www.asajacyl.com\/palencia\/asaja-palencia-informa\/el-bajo-carrion-da-un-paso-hacia-la-concentracion-y-modernizacion\"]}]},{\"@type\":\"ImageObject\",\"inLanguage\":\"es\",\"@id\":\"https:\/\/www.asajacyl.com\/palencia\/asaja-palencia-informa\/el-bajo-carrion-da-un-paso-hacia-la-concentracion-y-modernizacion#primaryimage\",\"url\":\"https:\/\/www.asajacyl.com\/palencia\/wp-content\/uploads\/sites\/3\/2022\/06\/image-2-1.jpg\",\"contentUrl\":\"https:\/\/www.asajacyl.com\/palencia\/wp-content\/uploads\/sites\/3\/2022\/06\/image-2-1.jpg\",\"width\":591,\"height\":1135},{\"@type\":\"BreadcrumbList\",\"@id\":\"https:\/\/www.asajacyl.com\/palencia\/asaja-palencia-informa\/el-bajo-carrion-da-un-paso-hacia-la-concentracion-y-modernizacion#breadcrumb\",\"itemListElement\":[{\"@type\":\"ListItem\",\"position\":1,\"name\":\"Portada\",\"item\":\"https:\/\/www.asajacyl.com\/palencia\/\"},{\"@type\":\"ListItem\",\"position\":2,\"name\":\"El Bajo Carri\u00f3n da un paso m\u00e1s hacia la concentraci\u00f3n y modernizaci\u00f3n\"}]},{\"@type\":\"WebSite\",\"@id\":\"https:\/\/www.asajacyl.com\/palencia\/#website\",\"url\":\"https:\/\/www.asajacyl.com\/palencia\/\",\"name\":\"ASAJA Palencia\",\"description\":\"Otro sitio m\u00e1s de Provincias ASAJA Castilla y Le\u00f3n\",\"potentialAction\":[{\"@type\":\"SearchAction\",\"target\":{\"@type\":\"EntryPoint\",\"urlTemplate\":\"https:\/\/www.asajacyl.com\/palencia\/?s={search_term_string}\"},\"query-input\":{\"@type\":\"PropertyValueSpecification\",\"valueRequired\":true,\"valueName\":\"search_term_string\"}}],\"inLanguage\":\"es\"},{\"@type\":\"Person\",\"@id\":\"https:\/\/www.asajacyl.com\/palencia\/#\/schema\/person\/3ab17aeb03527485c317557fae64aab1\",\"name\":\"Administrador\",\"image\":{\"@type\":\"ImageObject\",\"inLanguage\":\"es\",\"@id\":\"https:\/\/www.asajacyl.com\/palencia\/#\/schema\/person\/image\/\",\"url\":\"https:\/\/secure.gravatar.com\/avatar\/517384810d242ca9e38c180f3c9fb973?s=96&d=mm&r=g\",\"contentUrl\":\"https:\/\/secure.gravatar.com\/avatar\/517384810d242ca9e38c180f3c9fb973?s=96&d=mm&r=g\",\"caption\":\"Administrador\"},\"url\":\"https:\/\/www.asajacyl.com\/palencia\/author\/carlosrm\"}]}<\/script>\n<!-- \/ Yoast SEO plugin. -->","yoast_head_json":{"title":"El Bajo Carri\u00f3n da un paso m\u00e1s hacia la concentraci\u00f3n y modernizaci\u00f3n - ASAJA Palencia","description":"Recientemente el BOCyL ha publicado que la Direcci\u00f3n General de Desarrollo Rural, dependiente de la Consejer\u00eda de Agricultura, Ganader\u00eda y Desarrollo","robots":{"index":"index","follow":"follow","max-snippet":"max-snippet:-1","max-image-preview":"max-image-preview:large","max-video-preview":"max-video-preview:-1"},"canonical":"https:\/\/www.asajacyl.com\/palencia\/asaja-palencia-informa\/el-bajo-carrion-da-un-paso-hacia-la-concentracion-y-modernizacion","og_locale":"es_ES","og_type":"article","og_title":"El Bajo Carri\u00f3n da un paso m\u00e1s hacia la concentraci\u00f3n y modernizaci\u00f3n - ASAJA Palencia","og_description":"Recientemente el BOCyL ha publicado que la Direcci\u00f3n General de Desarrollo Rural, dependiente de la Consejer\u00eda de Agricultura, Ganader\u00eda y Desarrollo","og_url":"https:\/\/www.asajacyl.com\/palencia\/asaja-palencia-informa\/el-bajo-carrion-da-un-paso-hacia-la-concentracion-y-modernizacion","og_site_name":"ASAJA Palencia","article_published_time":"2022-06-23T11:46:00+00:00","og_image":[{"width":591,"height":1135,"url":"https:\/\/www.asajacyl.com\/palencia\/wp-content\/uploads\/sites\/3\/2022\/06\/image-2-1.jpg","type":"image\/jpeg"}],"author":"Administrador","twitter_card":"summary_large_image","twitter_misc":{"Escrito por":"Administrador","Tiempo de lectura":"2 minutos"},"schema":{"@context":"https:\/\/schema.org","@graph":[{"@type":"WebPage","@id":"https:\/\/www.asajacyl.com\/palencia\/asaja-palencia-informa\/el-bajo-carrion-da-un-paso-hacia-la-concentracion-y-modernizacion","url":"https:\/\/www.asajacyl.com\/palencia\/asaja-palencia-informa\/el-bajo-carrion-da-un-paso-hacia-la-concentracion-y-modernizacion","name":"El Bajo Carri\u00f3n da un paso m\u00e1s hacia la concentraci\u00f3n y modernizaci\u00f3n - ASAJA Palencia","isPartOf":{"@id":"https:\/\/www.asajacyl.com\/palencia\/#website"},"primaryImageOfPage":{"@id":"https:\/\/www.asajacyl.com\/palencia\/asaja-palencia-informa\/el-bajo-carrion-da-un-paso-hacia-la-concentracion-y-modernizacion#primaryimage"},"image":{"@id":"https:\/\/www.asajacyl.com\/palencia\/asaja-palencia-informa\/el-bajo-carrion-da-un-paso-hacia-la-concentracion-y-modernizacion#primaryimage"},"thumbnailUrl":"https:\/\/www.asajacyl.com\/palencia\/wp-content\/uploads\/sites\/3\/2022\/06\/image-2-1.jpg","datePublished":"2022-06-23T11:46:00+00:00","author":{"@id":"https:\/\/www.asajacyl.com\/palencia\/#\/schema\/person\/3ab17aeb03527485c317557fae64aab1"},"description":"Recientemente el BOCyL ha publicado que la Direcci\u00f3n General de Desarrollo Rural, dependiente de la Consejer\u00eda de Agricultura, Ganader\u00eda y Desarrollo","breadcrumb":{"@id":"https:\/\/www.asajacyl.com\/palencia\/asaja-palencia-informa\/el-bajo-carrion-da-un-paso-hacia-la-concentracion-y-modernizacion#breadcrumb"},"inLanguage":"es","potentialAction":[{"@type":"ReadAction","target":["https:\/\/www.asajacyl.com\/palencia\/asaja-palencia-informa\/el-bajo-carrion-da-un-paso-hacia-la-concentracion-y-modernizacion"]}]},{"@type":"ImageObject","inLanguage":"es","@id":"https:\/\/www.asajacyl.com\/palencia\/asaja-palencia-informa\/el-bajo-carrion-da-un-paso-hacia-la-concentracion-y-modernizacion#primaryimage","url":"https:\/\/www.asajacyl.com\/palencia\/wp-content\/uploads\/sites\/3\/2022\/06\/image-2-1.jpg","contentUrl":"https:\/\/www.asajacyl.com\/palencia\/wp-content\/uploads\/sites\/3\/2022\/06\/image-2-1.jpg","width":591,"height":1135},{"@type":"BreadcrumbList","@id":"https:\/\/www.asajacyl.com\/palencia\/asaja-palencia-informa\/el-bajo-carrion-da-un-paso-hacia-la-concentracion-y-modernizacion#breadcrumb","itemListElement":[{"@type":"ListItem","position":1,"name":"Portada","item":"https:\/\/www.asajacyl.com\/palencia\/"},{"@type":"ListItem","position":2,"name":"El Bajo Carri\u00f3n da un paso m\u00e1s hacia la concentraci\u00f3n y modernizaci\u00f3n"}]},{"@type":"WebSite","@id":"https:\/\/www.asajacyl.com\/palencia\/#website","url":"https:\/\/www.asajacyl.com\/palencia\/","name":"ASAJA Palencia","description":"Otro sitio m\u00e1s de Provincias ASAJA Castilla y Le\u00f3n","potentialAction":[{"@type":"SearchAction","target":{"@type":"EntryPoint","urlTemplate":"https:\/\/www.asajacyl.com\/palencia\/?s={search_term_string}"},"query-input":{"@type":"PropertyValueSpecification","valueRequired":true,"valueName":"search_term_string"}}],"inLanguage":"es"},{"@type":"Person","@id":"https:\/\/www.asajacyl.com\/palencia\/#\/schema\/person\/3ab17aeb03527485c317557fae64aab1","name":"Administrador","image":{"@type":"ImageObject","inLanguage":"es","@id":"https:\/\/www.asajacyl.com\/palencia\/#\/schema\/person\/image\/","url":"https:\/\/secure.gravatar.com\/avatar\/517384810d242ca9e38c180f3c9fb973?s=96&d=mm&r=g","contentUrl":"https:\/\/secure.gravatar.com\/avatar\/517384810d242ca9e38c180f3c9fb973?s=96&d=mm&r=g","caption":"Administrador"},"url":"https:\/\/www.asajacyl.com\/palencia\/author\/carlosrm"}]}},"_links":{"self":[{"href":"https:\/\/www.asajacyl.com\/palencia\/wp-json\/wp\/v2\/posts\/10724"}],"collection":[{"href":"https:\/\/www.asajacyl.com\/palencia\/wp-json\/wp\/v2\/posts"}],"about":[{"href":"https:\/\/www.asajacyl.com\/palencia\/wp-json\/wp\/v2\/types\/post"}],"author":[{"embeddable":true,"href":"https:\/\/www.asajacyl.com\/palencia\/wp-json\/wp\/v2\/users\/9"}],"replies":[{"embeddable":true,"href":"https:\/\/www.asajacyl.com\/palencia\/wp-json\/wp\/v2\/comments?post=10724"}],"version-history":[{"count":3,"href":"https:\/\/www.asajacyl.com\/palencia\/wp-json\/wp\/v2\/posts\/10724\/revisions"}],"predecessor-version":[{"id":10731,"href":"https:\/\/www.asajacyl.com\/palencia\/wp-json\/wp\/v2\/posts\/10724\/revisions\/10731"}],"wp:featuredmedia":[{"embeddable":true,"href":"https:\/\/www.asajacyl.com\/palencia\/wp-json\/wp\/v2\/media\/10725"}],"wp:attachment":[{"href":"https:\/\/www.asajacyl.com\/palencia\/wp-json\/wp\/v2\/media?parent=10724"}],"wp:term":[{"taxonomy":"category","embeddable":true,"href":"https:\/\/www.asajacyl.com\/palencia\/wp-json\/wp\/v2\/categories?post=10724"},{"taxonomy":"post_tag","embeddable":true,"href":"https:\/\/www.asajacyl.com\/palencia\/wp-json\/wp\/v2\/tags?post=10724"}],"curies":[{"name":"wp","href":"https:\/\/api.w.org\/{rel}","templated":true}]}}