{"id":10733,"date":"2022-06-25T07:28:00","date_gmt":"2022-06-25T05:28:00","guid":{"rendered":"https:\/\/www.asajacyl.com\/palencia\/?p=10733"},"modified":"2022-06-21T07:42:26","modified_gmt":"2022-06-21T05:42:26","slug":"la-comision-estudiara-mantener-las-condiciones-excepcionales-motivadas-por-la-guerra-de-ucrania","status":"publish","type":"post","link":"https:\/\/www.asajacyl.com\/palencia\/asaja-palencia-informa\/la-comision-estudiara-mantener-las-condiciones-excepcionales-motivadas-por-la-guerra-de-ucrania","title":{"rendered":"La Comisi\u00f3n estudiar\u00e1 mantener las condiciones excepcionales motivadas por la guerra de Ucrania"},"content":{"rendered":"\n<p>La Comisi\u00f3n Europea se est\u00e1 planteando aplazar un a\u00f1o m\u00e1s la obligatoriedad del cumplimiento de las reglas de rotaci\u00f3n de cultivos y los requisitos de tierras en barbecho, manteniendo el nivel total de pagos ecol\u00f3gicos a los agricultores. Esta medida tiene como objetivo, aumentar las producciones, y tratar de garantizar que no falten existencias de granos en los mercados, muy afectados por las consecuencias de la guerra de Ucrania, que est\u00e1n provocando un alza en los precios sin precedentes y una amenaza real de desabastecimiento.<\/p>\n\n\n\n<p>La mayor\u00eda de los estados miembros, se han posicionado a favor de esta propuesta, entre ellos Espa\u00f1a, que ser\u00e1 debatida en las pr\u00f3ximas semanas y que se espera pueda confirmarse en breve para que los agricultores puedan planificar la pr\u00f3xima sementera.<\/p>\n","protected":false},"excerpt":{"rendered":"<p>La Comisi\u00f3n Europea se est\u00e1 planteando aplazar un a\u00f1o m\u00e1s la obligatoriedad del cumplimiento de las reglas de rotaci\u00f3n de cultivos y los requisitos de tierras en barbecho, manteniendo el nivel total de pagos ecol\u00f3gicos a los agricultores. Esta medida tiene como objetivo, aumentar las producciones, y tratar de garantizar que no falten existencias de [&hellip;]<\/p>\n","protected":false},"author":9,"featured_media":6784,"comment_status":"open","ping_status":"open","sticky":false,"template":"","format":"standard","meta":{"footnotes":""},"categories":[9,29,28],"tags":[],"yoast_head":"<!-- This site is optimized with the Yoast SEO plugin v24.5 - https:\/\/yoast.com\/wordpress\/plugins\/seo\/ -->\n<title>La Comisi\u00f3n estudiar\u00e1 mantener las condiciones excepcionales motivadas por la guerra de Ucrania - ASAJA Palencia<\/title>\n<meta name=\"description\" content=\"La Comisi\u00f3n Europea se est\u00e1 planteando aplazar un a\u00f1o m\u00e1s la obligatoriedad del cumplimiento de las reglas de rotaci\u00f3n de cultivos y los requisitos de\" \/>\n<meta name=\"robots\" content=\"index, follow, max-snippet:-1, max-image-preview:large, max-video-preview:-1\" \/>\n<link rel=\"canonical\" href=\"https:\/\/www.asajacyl.com\/palencia\/asaja-palencia-informa\/la-comision-estudiara-mantener-las-condiciones-excepcionales-motivadas-por-la-guerra-de-ucrania\" \/>\n<meta property=\"og:locale\" content=\"es_ES\" \/>\n<meta property=\"og:type\" content=\"article\" \/>\n<meta property=\"og:title\" content=\"La Comisi\u00f3n estudiar\u00e1 mantener las condiciones excepcionales motivadas por la guerra de Ucrania - ASAJA Palencia\" \/>\n<meta property=\"og:description\" content=\"La Comisi\u00f3n Europea se est\u00e1 planteando aplazar un a\u00f1o m\u00e1s la obligatoriedad del cumplimiento de las reglas de rotaci\u00f3n de cultivos y los requisitos de\" \/>\n<meta property=\"og:url\" content=\"https:\/\/www.asajacyl.com\/palencia\/asaja-palencia-informa\/la-comision-estudiara-mantener-las-condiciones-excepcionales-motivadas-por-la-guerra-de-ucrania\" \/>\n<meta property=\"og:site_name\" content=\"ASAJA Palencia\" \/>\n<meta property=\"article:published_time\" content=\"2022-06-25T05:28:00+00:00\" \/>\n<meta property=\"og:image\" content=\"https:\/\/www.asajacyl.com\/palencia\/wp-content\/uploads\/sites\/3\/2019\/11\/edificio-comisi\u00f3n-europea.jpg\" \/>\n\t<meta property=\"og:image:width\" content=\"1316\" \/>\n\t<meta property=\"og:image:height\" content=\"315\" \/>\n\t<meta property=\"og:image:type\" content=\"image\/jpeg\" \/>\n<meta name=\"author\" content=\"Administrador\" \/>\n<meta name=\"twitter:card\" content=\"summary_large_image\" \/>\n<meta name=\"twitter:label1\" content=\"Escrito por\" \/>\n\t<meta name=\"twitter:data1\" content=\"Administrador\" \/>\n\t<meta name=\"twitter:label2\" content=\"Tiempo de lectura\" \/>\n\t<meta name=\"twitter:data2\" content=\"1 minuto\" \/>\n<script type=\"application\/ld+json\" class=\"yoast-schema-graph\">{\"@context\":\"https:\/\/schema.org\",\"@graph\":[{\"@type\":\"WebPage\",\"@id\":\"https:\/\/www.asajacyl.com\/palencia\/asaja-palencia-informa\/la-comision-estudiara-mantener-las-condiciones-excepcionales-motivadas-por-la-guerra-de-ucrania\",\"url\":\"https:\/\/www.asajacyl.com\/palencia\/asaja-palencia-informa\/la-comision-estudiara-mantener-las-condiciones-excepcionales-motivadas-por-la-guerra-de-ucrania\",\"name\":\"La Comisi\u00f3n estudiar\u00e1 mantener las condiciones excepcionales motivadas por la guerra de Ucrania - ASAJA Palencia\",\"isPartOf\":{\"@id\":\"https:\/\/www.asajacyl.com\/palencia\/#website\"},\"primaryImageOfPage\":{\"@id\":\"https:\/\/www.asajacyl.com\/palencia\/asaja-palencia-informa\/la-comision-estudiara-mantener-las-condiciones-excepcionales-motivadas-por-la-guerra-de-ucrania#primaryimage\"},\"image\":{\"@id\":\"https:\/\/www.asajacyl.com\/palencia\/asaja-palencia-informa\/la-comision-estudiara-mantener-las-condiciones-excepcionales-motivadas-por-la-guerra-de-ucrania#primaryimage\"},\"thumbnailUrl\":\"https:\/\/www.asajacyl.com\/palencia\/wp-content\/uploads\/sites\/3\/2019\/11\/edificio-comisi\u00f3n-europea.jpg\",\"datePublished\":\"2022-06-25T05:28:00+00:00\",\"author\":{\"@id\":\"https:\/\/www.asajacyl.com\/palencia\/#\/schema\/person\/3ab17aeb03527485c317557fae64aab1\"},\"description\":\"La Comisi\u00f3n Europea se est\u00e1 planteando aplazar un a\u00f1o m\u00e1s la obligatoriedad del cumplimiento de las reglas de rotaci\u00f3n de cultivos y los requisitos de\",\"breadcrumb\":{\"@id\":\"https:\/\/www.asajacyl.com\/palencia\/asaja-palencia-informa\/la-comision-estudiara-mantener-las-condiciones-excepcionales-motivadas-por-la-guerra-de-ucrania#breadcrumb\"},\"inLanguage\":\"es\",\"potentialAction\":[{\"@type\":\"ReadAction\",\"target\":[\"https:\/\/www.asajacyl.com\/palencia\/asaja-palencia-informa\/la-comision-estudiara-mantener-las-condiciones-excepcionales-motivadas-por-la-guerra-de-ucrania\"]}]},{\"@type\":\"ImageObject\",\"inLanguage\":\"es\",\"@id\":\"https:\/\/www.asajacyl.com\/palencia\/asaja-palencia-informa\/la-comision-estudiara-mantener-las-condiciones-excepcionales-motivadas-por-la-guerra-de-ucrania#primaryimage\",\"url\":\"https:\/\/www.asajacyl.com\/palencia\/wp-content\/uploads\/sites\/3\/2019\/11\/edificio-comisi\u00f3n-europea.jpg\",\"contentUrl\":\"https:\/\/www.asajacyl.com\/palencia\/wp-content\/uploads\/sites\/3\/2019\/11\/edificio-comisi\u00f3n-europea.jpg\",\"width\":1316,\"height\":315},{\"@type\":\"BreadcrumbList\",\"@id\":\"https:\/\/www.asajacyl.com\/palencia\/asaja-palencia-informa\/la-comision-estudiara-mantener-las-condiciones-excepcionales-motivadas-por-la-guerra-de-ucrania#breadcrumb\",\"itemListElement\":[{\"@type\":\"ListItem\",\"position\":1,\"name\":\"Portada\",\"item\":\"https:\/\/www.asajacyl.com\/palencia\/\"},{\"@type\":\"ListItem\",\"position\":2,\"name\":\"La Comisi\u00f3n estudiar\u00e1 mantener las condiciones excepcionales motivadas por la guerra de Ucrania\"}]},{\"@type\":\"WebSite\",\"@id\":\"https:\/\/www.asajacyl.com\/palencia\/#website\",\"url\":\"https:\/\/www.asajacyl.com\/palencia\/\",\"name\":\"ASAJA Palencia\",\"description\":\"Otro sitio m\u00e1s de Provincias ASAJA Castilla y Le\u00f3n\",\"potentialAction\":[{\"@type\":\"SearchAction\",\"target\":{\"@type\":\"EntryPoint\",\"urlTemplate\":\"https:\/\/www.asajacyl.com\/palencia\/?s={search_term_string}\"},\"query-input\":{\"@type\":\"PropertyValueSpecification\",\"valueRequired\":true,\"valueName\":\"search_term_string\"}}],\"inLanguage\":\"es\"},{\"@type\":\"Person\",\"@id\":\"https:\/\/www.asajacyl.com\/palencia\/#\/schema\/person\/3ab17aeb03527485c317557fae64aab1\",\"name\":\"Administrador\",\"image\":{\"@type\":\"ImageObject\",\"inLanguage\":\"es\",\"@id\":\"https:\/\/www.asajacyl.com\/palencia\/#\/schema\/person\/image\/\",\"url\":\"https:\/\/secure.gravatar.com\/avatar\/517384810d242ca9e38c180f3c9fb973?s=96&d=mm&r=g\",\"contentUrl\":\"https:\/\/secure.gravatar.com\/avatar\/517384810d242ca9e38c180f3c9fb973?s=96&d=mm&r=g\",\"caption\":\"Administrador\"},\"url\":\"https:\/\/www.asajacyl.com\/palencia\/author\/carlosrm\"}]}<\/script>\n<!-- \/ Yoast SEO plugin. -->","yoast_head_json":{"title":"La Comisi\u00f3n estudiar\u00e1 mantener las condiciones excepcionales motivadas por la guerra de Ucrania - ASAJA Palencia","description":"La Comisi\u00f3n Europea se est\u00e1 planteando aplazar un a\u00f1o m\u00e1s la obligatoriedad del cumplimiento de las reglas de rotaci\u00f3n de cultivos y los requisitos de","robots":{"index":"index","follow":"follow","max-snippet":"max-snippet:-1","max-image-preview":"max-image-preview:large","max-video-preview":"max-video-preview:-1"},"canonical":"https:\/\/www.asajacyl.com\/palencia\/asaja-palencia-informa\/la-comision-estudiara-mantener-las-condiciones-excepcionales-motivadas-por-la-guerra-de-ucrania","og_locale":"es_ES","og_type":"article","og_title":"La Comisi\u00f3n estudiar\u00e1 mantener las condiciones excepcionales motivadas por la guerra de Ucrania - ASAJA Palencia","og_description":"La Comisi\u00f3n Europea se est\u00e1 planteando aplazar un a\u00f1o m\u00e1s la obligatoriedad del cumplimiento de las reglas de rotaci\u00f3n de cultivos y los requisitos de","og_url":"https:\/\/www.asajacyl.com\/palencia\/asaja-palencia-informa\/la-comision-estudiara-mantener-las-condiciones-excepcionales-motivadas-por-la-guerra-de-ucrania","og_site_name":"ASAJA Palencia","article_published_time":"2022-06-25T05:28:00+00:00","og_image":[{"width":1316,"height":315,"url":"https:\/\/www.asajacyl.com\/palencia\/wp-content\/uploads\/sites\/3\/2019\/11\/edificio-comisi\u00f3n-europea.jpg","type":"image\/jpeg"}],"author":"Administrador","twitter_card":"summary_large_image","twitter_misc":{"Escrito por":"Administrador","Tiempo de lectura":"1 minuto"},"schema":{"@context":"https:\/\/schema.org","@graph":[{"@type":"WebPage","@id":"https:\/\/www.asajacyl.com\/palencia\/asaja-palencia-informa\/la-comision-estudiara-mantener-las-condiciones-excepcionales-motivadas-por-la-guerra-de-ucrania","url":"https:\/\/www.asajacyl.com\/palencia\/asaja-palencia-informa\/la-comision-estudiara-mantener-las-condiciones-excepcionales-motivadas-por-la-guerra-de-ucrania","name":"La Comisi\u00f3n estudiar\u00e1 mantener las condiciones excepcionales motivadas por la guerra de Ucrania - ASAJA Palencia","isPartOf":{"@id":"https:\/\/www.asajacyl.com\/palencia\/#website"},"primaryImageOfPage":{"@id":"https:\/\/www.asajacyl.com\/palencia\/asaja-palencia-informa\/la-comision-estudiara-mantener-las-condiciones-excepcionales-motivadas-por-la-guerra-de-ucrania#primaryimage"},"image":{"@id":"https:\/\/www.asajacyl.com\/palencia\/asaja-palencia-informa\/la-comision-estudiara-mantener-las-condiciones-excepcionales-motivadas-por-la-guerra-de-ucrania#primaryimage"},"thumbnailUrl":"https:\/\/www.asajacyl.com\/palencia\/wp-content\/uploads\/sites\/3\/2019\/11\/edificio-comisi\u00f3n-europea.jpg","datePublished":"2022-06-25T05:28:00+00:00","author":{"@id":"https:\/\/www.asajacyl.com\/palencia\/#\/schema\/person\/3ab17aeb03527485c317557fae64aab1"},"description":"La Comisi\u00f3n Europea se est\u00e1 planteando aplazar un a\u00f1o m\u00e1s la obligatoriedad del cumplimiento de las reglas de rotaci\u00f3n de cultivos y los requisitos de","breadcrumb":{"@id":"https:\/\/www.asajacyl.com\/palencia\/asaja-palencia-informa\/la-comision-estudiara-mantener-las-condiciones-excepcionales-motivadas-por-la-guerra-de-ucrania#breadcrumb"},"inLanguage":"es","potentialAction":[{"@type":"ReadAction","target":["https:\/\/www.asajacyl.com\/palencia\/asaja-palencia-informa\/la-comision-estudiara-mantener-las-condiciones-excepcionales-motivadas-por-la-guerra-de-ucrania"]}]},{"@type":"ImageObject","inLanguage":"es","@id":"https:\/\/www.asajacyl.com\/palencia\/asaja-palencia-informa\/la-comision-estudiara-mantener-las-condiciones-excepcionales-motivadas-por-la-guerra-de-ucrania#primaryimage","url":"https:\/\/www.asajacyl.com\/palencia\/wp-content\/uploads\/sites\/3\/2019\/11\/edificio-comisi\u00f3n-europea.jpg","contentUrl":"https:\/\/www.asajacyl.com\/palencia\/wp-content\/uploads\/sites\/3\/2019\/11\/edificio-comisi\u00f3n-europea.jpg","width":1316,"height":315},{"@type":"BreadcrumbList","@id":"https:\/\/www.asajacyl.com\/palencia\/asaja-palencia-informa\/la-comision-estudiara-mantener-las-condiciones-excepcionales-motivadas-por-la-guerra-de-ucrania#breadcrumb","itemListElement":[{"@type":"ListItem","position":1,"name":"Portada","item":"https:\/\/www.asajacyl.com\/palencia\/"},{"@type":"ListItem","position":2,"name":"La Comisi\u00f3n estudiar\u00e1 mantener las condiciones excepcionales motivadas por la guerra de Ucrania"}]},{"@type":"WebSite","@id":"https:\/\/www.asajacyl.com\/palencia\/#website","url":"https:\/\/www.asajacyl.com\/palencia\/","name":"ASAJA Palencia","description":"Otro sitio m\u00e1s de Provincias ASAJA Castilla y Le\u00f3n","potentialAction":[{"@type":"SearchAction","target":{"@type":"EntryPoint","urlTemplate":"https:\/\/www.asajacyl.com\/palencia\/?s={search_term_string}"},"query-input":{"@type":"PropertyValueSpecification","valueRequired":true,"valueName":"search_term_string"}}],"inLanguage":"es"},{"@type":"Person","@id":"https:\/\/www.asajacyl.com\/palencia\/#\/schema\/person\/3ab17aeb03527485c317557fae64aab1","name":"Administrador","image":{"@type":"ImageObject","inLanguage":"es","@id":"https:\/\/www.asajacyl.com\/palencia\/#\/schema\/person\/image\/","url":"https:\/\/secure.gravatar.com\/avatar\/517384810d242ca9e38c180f3c9fb973?s=96&d=mm&r=g","contentUrl":"https:\/\/secure.gravatar.com\/avatar\/517384810d242ca9e38c180f3c9fb973?s=96&d=mm&r=g","caption":"Administrador"},"url":"https:\/\/www.asajacyl.com\/palencia\/author\/carlosrm"}]}},"_links":{"self":[{"href":"https:\/\/www.asajacyl.com\/palencia\/wp-json\/wp\/v2\/posts\/10733"}],"collection":[{"href":"https:\/\/www.asajacyl.com\/palencia\/wp-json\/wp\/v2\/posts"}],"about":[{"href":"https:\/\/www.asajacyl.com\/palencia\/wp-json\/wp\/v2\/types\/post"}],"author":[{"embeddable":true,"href":"https:\/\/www.asajacyl.com\/palencia\/wp-json\/wp\/v2\/users\/9"}],"replies":[{"embeddable":true,"href":"https:\/\/www.asajacyl.com\/palencia\/wp-json\/wp\/v2\/comments?post=10733"}],"version-history":[{"count":1,"href":"https:\/\/www.asajacyl.com\/palencia\/wp-json\/wp\/v2\/posts\/10733\/revisions"}],"predecessor-version":[{"id":10734,"href":"https:\/\/www.asajacyl.com\/palencia\/wp-json\/wp\/v2\/posts\/10733\/revisions\/10734"}],"wp:featuredmedia":[{"embeddable":true,"href":"https:\/\/www.asajacyl.com\/palencia\/wp-json\/wp\/v2\/media\/6784"}],"wp:attachment":[{"href":"https:\/\/www.asajacyl.com\/palencia\/wp-json\/wp\/v2\/media?parent=10733"}],"wp:term":[{"taxonomy":"category","embeddable":true,"href":"https:\/\/www.asajacyl.com\/palencia\/wp-json\/wp\/v2\/categories?post=10733"},{"taxonomy":"post_tag","embeddable":true,"href":"https:\/\/www.asajacyl.com\/palencia\/wp-json\/wp\/v2\/tags?post=10733"}],"curies":[{"name":"wp","href":"https:\/\/api.w.org\/{rel}","templated":true}]}}