{"id":10740,"date":"2022-06-26T09:29:00","date_gmt":"2022-06-26T07:29:00","guid":{"rendered":"https:\/\/www.asajacyl.com\/palencia\/?p=10740"},"modified":"2022-06-21T09:36:09","modified_gmt":"2022-06-21T07:36:09","slug":"vinalta-inicia-el-plazo-de-matricula","status":"publish","type":"post","link":"https:\/\/www.asajacyl.com\/palencia\/asaja-palencia-informa\/vinalta-inicia-el-plazo-de-matricula","title":{"rendered":"Vi\u00f1alta inicia el plazo de matr\u00edcula"},"content":{"rendered":"\n<p>El Centro Integrado de Formaci\u00f3n Profesional Vi\u00f1alta (Palencia), dependiente de la Consejer\u00eda de Agricultura, Ganader\u00eda y Desarrollo Rural de la Junta de Castilla y Le\u00f3n, abre el periodo de inscripci\u00f3n para solicitar plaza el pr\u00f3ximo curso. As\u00ed, desde el 27 de junio hasta el 7 de julio los alumnos interesados podr\u00e1n dirigirse al centro para entregar la prematr\u00edcula. Una vez publicados los listados de adjudicaci\u00f3n de plaza (22 de julio), se formalizar\u00e1 la matr\u00edcula entre el 25 y 28 de julio.<\/p>\n\n\n\n<p>La oferta educativa del centro se enfoca en tres ciclos formativos de Grado Medio y Superior relacionados con el mundo agrario y alimentario:<\/p>\n\n\n\n<ul><li>Ciclo de Grado Medio en Producci\u00f3n Agroecol\u00f3gica<\/li><li>Grado Superior en Paisajismo y Medio Rural<\/li><li>Grado superior en Ganader\u00eda y Asistencia en Sanidad<\/li><\/ul>\n\n\n\n<p>Los tres grados atraen a estudiantes de otras comunidades aut\u00f3nomas como Arag\u00f3n, Cantabria y Madrid, y cuentan con 2.000 horas lectivas que se extienden a lo largo de dos cursos acad\u00e9micos.<\/p>\n","protected":false},"excerpt":{"rendered":"<p>El Centro Integrado de Formaci\u00f3n Profesional Vi\u00f1alta (Palencia), dependiente de la Consejer\u00eda de Agricultura, Ganader\u00eda y Desarrollo Rural de la Junta de Castilla y Le\u00f3n, abre el periodo de inscripci\u00f3n para solicitar plaza el pr\u00f3ximo curso. As\u00ed, desde el 27 de junio hasta el 7 de julio los alumnos interesados podr\u00e1n dirigirse al centro para [&hellip;]<\/p>\n","protected":false},"author":9,"featured_media":10741,"comment_status":"open","ping_status":"open","sticky":false,"template":"","format":"standard","meta":{"footnotes":""},"categories":[9,29,28],"tags":[],"yoast_head":"<!-- This site is optimized with the Yoast SEO plugin v24.5 - https:\/\/yoast.com\/wordpress\/plugins\/seo\/ -->\n<title>Vi\u00f1alta inicia el plazo de matr\u00edcula - ASAJA Palencia<\/title>\n<meta name=\"description\" content=\"El Centro Integrado de Formaci\u00f3n Profesional Vi\u00f1alta (Palencia), dependiente de la Consejer\u00eda de Agricultura, Ganader\u00eda y Desarrollo Rural de la Junta de\" \/>\n<meta name=\"robots\" content=\"index, follow, max-snippet:-1, max-image-preview:large, max-video-preview:-1\" \/>\n<link rel=\"canonical\" href=\"https:\/\/www.asajacyl.com\/palencia\/asaja-palencia-informa\/vinalta-inicia-el-plazo-de-matricula\" \/>\n<meta property=\"og:locale\" content=\"es_ES\" \/>\n<meta property=\"og:type\" content=\"article\" \/>\n<meta property=\"og:title\" content=\"Vi\u00f1alta inicia el plazo de matr\u00edcula - ASAJA Palencia\" \/>\n<meta property=\"og:description\" content=\"El Centro Integrado de Formaci\u00f3n Profesional Vi\u00f1alta (Palencia), dependiente de la Consejer\u00eda de Agricultura, Ganader\u00eda y Desarrollo Rural de la Junta de\" \/>\n<meta property=\"og:url\" content=\"https:\/\/www.asajacyl.com\/palencia\/asaja-palencia-informa\/vinalta-inicia-el-plazo-de-matricula\" \/>\n<meta property=\"og:site_name\" content=\"ASAJA Palencia\" \/>\n<meta property=\"article:published_time\" content=\"2022-06-26T07:29:00+00:00\" \/>\n<meta property=\"og:image\" content=\"https:\/\/www.asajacyl.com\/palencia\/wp-content\/uploads\/sites\/3\/2022\/06\/VINALTA.jpg\" \/>\n\t<meta property=\"og:image:width\" content=\"2500\" \/>\n\t<meta property=\"og:image:height\" content=\"1875\" \/>\n\t<meta property=\"og:image:type\" content=\"image\/jpeg\" \/>\n<meta name=\"author\" content=\"Administrador\" \/>\n<meta name=\"twitter:card\" content=\"summary_large_image\" \/>\n<meta name=\"twitter:label1\" content=\"Escrito por\" \/>\n\t<meta name=\"twitter:data1\" content=\"Administrador\" \/>\n\t<meta name=\"twitter:label2\" content=\"Tiempo de lectura\" \/>\n\t<meta name=\"twitter:data2\" content=\"1 minuto\" \/>\n<script type=\"application\/ld+json\" class=\"yoast-schema-graph\">{\"@context\":\"https:\/\/schema.org\",\"@graph\":[{\"@type\":\"WebPage\",\"@id\":\"https:\/\/www.asajacyl.com\/palencia\/asaja-palencia-informa\/vinalta-inicia-el-plazo-de-matricula\",\"url\":\"https:\/\/www.asajacyl.com\/palencia\/asaja-palencia-informa\/vinalta-inicia-el-plazo-de-matricula\",\"name\":\"Vi\u00f1alta inicia el plazo de matr\u00edcula - ASAJA Palencia\",\"isPartOf\":{\"@id\":\"https:\/\/www.asajacyl.com\/palencia\/#website\"},\"primaryImageOfPage\":{\"@id\":\"https:\/\/www.asajacyl.com\/palencia\/asaja-palencia-informa\/vinalta-inicia-el-plazo-de-matricula#primaryimage\"},\"image\":{\"@id\":\"https:\/\/www.asajacyl.com\/palencia\/asaja-palencia-informa\/vinalta-inicia-el-plazo-de-matricula#primaryimage\"},\"thumbnailUrl\":\"https:\/\/www.asajacyl.com\/palencia\/wp-content\/uploads\/sites\/3\/2022\/06\/VINALTA.jpg\",\"datePublished\":\"2022-06-26T07:29:00+00:00\",\"author\":{\"@id\":\"https:\/\/www.asajacyl.com\/palencia\/#\/schema\/person\/3ab17aeb03527485c317557fae64aab1\"},\"description\":\"El Centro Integrado de Formaci\u00f3n Profesional Vi\u00f1alta (Palencia), dependiente de la Consejer\u00eda de Agricultura, Ganader\u00eda y Desarrollo Rural de la Junta de\",\"breadcrumb\":{\"@id\":\"https:\/\/www.asajacyl.com\/palencia\/asaja-palencia-informa\/vinalta-inicia-el-plazo-de-matricula#breadcrumb\"},\"inLanguage\":\"es\",\"potentialAction\":[{\"@type\":\"ReadAction\",\"target\":[\"https:\/\/www.asajacyl.com\/palencia\/asaja-palencia-informa\/vinalta-inicia-el-plazo-de-matricula\"]}]},{\"@type\":\"ImageObject\",\"inLanguage\":\"es\",\"@id\":\"https:\/\/www.asajacyl.com\/palencia\/asaja-palencia-informa\/vinalta-inicia-el-plazo-de-matricula#primaryimage\",\"url\":\"https:\/\/www.asajacyl.com\/palencia\/wp-content\/uploads\/sites\/3\/2022\/06\/VINALTA.jpg\",\"contentUrl\":\"https:\/\/www.asajacyl.com\/palencia\/wp-content\/uploads\/sites\/3\/2022\/06\/VINALTA.jpg\",\"width\":2500,\"height\":1875},{\"@type\":\"BreadcrumbList\",\"@id\":\"https:\/\/www.asajacyl.com\/palencia\/asaja-palencia-informa\/vinalta-inicia-el-plazo-de-matricula#breadcrumb\",\"itemListElement\":[{\"@type\":\"ListItem\",\"position\":1,\"name\":\"Portada\",\"item\":\"https:\/\/www.asajacyl.com\/palencia\/\"},{\"@type\":\"ListItem\",\"position\":2,\"name\":\"Vi\u00f1alta inicia el plazo de matr\u00edcula\"}]},{\"@type\":\"WebSite\",\"@id\":\"https:\/\/www.asajacyl.com\/palencia\/#website\",\"url\":\"https:\/\/www.asajacyl.com\/palencia\/\",\"name\":\"ASAJA Palencia\",\"description\":\"Otro sitio m\u00e1s de Provincias ASAJA Castilla y Le\u00f3n\",\"potentialAction\":[{\"@type\":\"SearchAction\",\"target\":{\"@type\":\"EntryPoint\",\"urlTemplate\":\"https:\/\/www.asajacyl.com\/palencia\/?s={search_term_string}\"},\"query-input\":{\"@type\":\"PropertyValueSpecification\",\"valueRequired\":true,\"valueName\":\"search_term_string\"}}],\"inLanguage\":\"es\"},{\"@type\":\"Person\",\"@id\":\"https:\/\/www.asajacyl.com\/palencia\/#\/schema\/person\/3ab17aeb03527485c317557fae64aab1\",\"name\":\"Administrador\",\"image\":{\"@type\":\"ImageObject\",\"inLanguage\":\"es\",\"@id\":\"https:\/\/www.asajacyl.com\/palencia\/#\/schema\/person\/image\/\",\"url\":\"https:\/\/secure.gravatar.com\/avatar\/517384810d242ca9e38c180f3c9fb973?s=96&d=mm&r=g\",\"contentUrl\":\"https:\/\/secure.gravatar.com\/avatar\/517384810d242ca9e38c180f3c9fb973?s=96&d=mm&r=g\",\"caption\":\"Administrador\"},\"url\":\"https:\/\/www.asajacyl.com\/palencia\/author\/carlosrm\"}]}<\/script>\n<!-- \/ Yoast SEO plugin. -->","yoast_head_json":{"title":"Vi\u00f1alta inicia el plazo de matr\u00edcula - ASAJA Palencia","description":"El Centro Integrado de Formaci\u00f3n Profesional Vi\u00f1alta (Palencia), dependiente de la Consejer\u00eda de Agricultura, Ganader\u00eda y Desarrollo Rural de la Junta de","robots":{"index":"index","follow":"follow","max-snippet":"max-snippet:-1","max-image-preview":"max-image-preview:large","max-video-preview":"max-video-preview:-1"},"canonical":"https:\/\/www.asajacyl.com\/palencia\/asaja-palencia-informa\/vinalta-inicia-el-plazo-de-matricula","og_locale":"es_ES","og_type":"article","og_title":"Vi\u00f1alta inicia el plazo de matr\u00edcula - ASAJA Palencia","og_description":"El Centro Integrado de Formaci\u00f3n Profesional Vi\u00f1alta (Palencia), dependiente de la Consejer\u00eda de Agricultura, Ganader\u00eda y Desarrollo Rural de la Junta de","og_url":"https:\/\/www.asajacyl.com\/palencia\/asaja-palencia-informa\/vinalta-inicia-el-plazo-de-matricula","og_site_name":"ASAJA Palencia","article_published_time":"2022-06-26T07:29:00+00:00","og_image":[{"width":2500,"height":1875,"url":"https:\/\/www.asajacyl.com\/palencia\/wp-content\/uploads\/sites\/3\/2022\/06\/VINALTA.jpg","type":"image\/jpeg"}],"author":"Administrador","twitter_card":"summary_large_image","twitter_misc":{"Escrito por":"Administrador","Tiempo de lectura":"1 minuto"},"schema":{"@context":"https:\/\/schema.org","@graph":[{"@type":"WebPage","@id":"https:\/\/www.asajacyl.com\/palencia\/asaja-palencia-informa\/vinalta-inicia-el-plazo-de-matricula","url":"https:\/\/www.asajacyl.com\/palencia\/asaja-palencia-informa\/vinalta-inicia-el-plazo-de-matricula","name":"Vi\u00f1alta inicia el plazo de matr\u00edcula - ASAJA Palencia","isPartOf":{"@id":"https:\/\/www.asajacyl.com\/palencia\/#website"},"primaryImageOfPage":{"@id":"https:\/\/www.asajacyl.com\/palencia\/asaja-palencia-informa\/vinalta-inicia-el-plazo-de-matricula#primaryimage"},"image":{"@id":"https:\/\/www.asajacyl.com\/palencia\/asaja-palencia-informa\/vinalta-inicia-el-plazo-de-matricula#primaryimage"},"thumbnailUrl":"https:\/\/www.asajacyl.com\/palencia\/wp-content\/uploads\/sites\/3\/2022\/06\/VINALTA.jpg","datePublished":"2022-06-26T07:29:00+00:00","author":{"@id":"https:\/\/www.asajacyl.com\/palencia\/#\/schema\/person\/3ab17aeb03527485c317557fae64aab1"},"description":"El Centro Integrado de Formaci\u00f3n Profesional Vi\u00f1alta (Palencia), dependiente de la Consejer\u00eda de Agricultura, Ganader\u00eda y Desarrollo Rural de la Junta de","breadcrumb":{"@id":"https:\/\/www.asajacyl.com\/palencia\/asaja-palencia-informa\/vinalta-inicia-el-plazo-de-matricula#breadcrumb"},"inLanguage":"es","potentialAction":[{"@type":"ReadAction","target":["https:\/\/www.asajacyl.com\/palencia\/asaja-palencia-informa\/vinalta-inicia-el-plazo-de-matricula"]}]},{"@type":"ImageObject","inLanguage":"es","@id":"https:\/\/www.asajacyl.com\/palencia\/asaja-palencia-informa\/vinalta-inicia-el-plazo-de-matricula#primaryimage","url":"https:\/\/www.asajacyl.com\/palencia\/wp-content\/uploads\/sites\/3\/2022\/06\/VINALTA.jpg","contentUrl":"https:\/\/www.asajacyl.com\/palencia\/wp-content\/uploads\/sites\/3\/2022\/06\/VINALTA.jpg","width":2500,"height":1875},{"@type":"BreadcrumbList","@id":"https:\/\/www.asajacyl.com\/palencia\/asaja-palencia-informa\/vinalta-inicia-el-plazo-de-matricula#breadcrumb","itemListElement":[{"@type":"ListItem","position":1,"name":"Portada","item":"https:\/\/www.asajacyl.com\/palencia\/"},{"@type":"ListItem","position":2,"name":"Vi\u00f1alta inicia el plazo de matr\u00edcula"}]},{"@type":"WebSite","@id":"https:\/\/www.asajacyl.com\/palencia\/#website","url":"https:\/\/www.asajacyl.com\/palencia\/","name":"ASAJA Palencia","description":"Otro sitio m\u00e1s de Provincias ASAJA Castilla y Le\u00f3n","potentialAction":[{"@type":"SearchAction","target":{"@type":"EntryPoint","urlTemplate":"https:\/\/www.asajacyl.com\/palencia\/?s={search_term_string}"},"query-input":{"@type":"PropertyValueSpecification","valueRequired":true,"valueName":"search_term_string"}}],"inLanguage":"es"},{"@type":"Person","@id":"https:\/\/www.asajacyl.com\/palencia\/#\/schema\/person\/3ab17aeb03527485c317557fae64aab1","name":"Administrador","image":{"@type":"ImageObject","inLanguage":"es","@id":"https:\/\/www.asajacyl.com\/palencia\/#\/schema\/person\/image\/","url":"https:\/\/secure.gravatar.com\/avatar\/517384810d242ca9e38c180f3c9fb973?s=96&d=mm&r=g","contentUrl":"https:\/\/secure.gravatar.com\/avatar\/517384810d242ca9e38c180f3c9fb973?s=96&d=mm&r=g","caption":"Administrador"},"url":"https:\/\/www.asajacyl.com\/palencia\/author\/carlosrm"}]}},"_links":{"self":[{"href":"https:\/\/www.asajacyl.com\/palencia\/wp-json\/wp\/v2\/posts\/10740"}],"collection":[{"href":"https:\/\/www.asajacyl.com\/palencia\/wp-json\/wp\/v2\/posts"}],"about":[{"href":"https:\/\/www.asajacyl.com\/palencia\/wp-json\/wp\/v2\/types\/post"}],"author":[{"embeddable":true,"href":"https:\/\/www.asajacyl.com\/palencia\/wp-json\/wp\/v2\/users\/9"}],"replies":[{"embeddable":true,"href":"https:\/\/www.asajacyl.com\/palencia\/wp-json\/wp\/v2\/comments?post=10740"}],"version-history":[{"count":1,"href":"https:\/\/www.asajacyl.com\/palencia\/wp-json\/wp\/v2\/posts\/10740\/revisions"}],"predecessor-version":[{"id":10742,"href":"https:\/\/www.asajacyl.com\/palencia\/wp-json\/wp\/v2\/posts\/10740\/revisions\/10742"}],"wp:featuredmedia":[{"embeddable":true,"href":"https:\/\/www.asajacyl.com\/palencia\/wp-json\/wp\/v2\/media\/10741"}],"wp:attachment":[{"href":"https:\/\/www.asajacyl.com\/palencia\/wp-json\/wp\/v2\/media?parent=10740"}],"wp:term":[{"taxonomy":"category","embeddable":true,"href":"https:\/\/www.asajacyl.com\/palencia\/wp-json\/wp\/v2\/categories?post=10740"},{"taxonomy":"post_tag","embeddable":true,"href":"https:\/\/www.asajacyl.com\/palencia\/wp-json\/wp\/v2\/tags?post=10740"}],"curies":[{"name":"wp","href":"https:\/\/api.w.org\/{rel}","templated":true}]}}