{"id":10746,"date":"2022-06-29T11:48:00","date_gmt":"2022-06-29T09:48:00","guid":{"rendered":"https:\/\/www.asajacyl.com\/palencia\/?p=10746"},"modified":"2022-06-28T10:40:27","modified_gmt":"2022-06-28T08:40:27","slug":"espana-declarada-oficialmente-libre-de-gripe-aviar","status":"publish","type":"post","link":"https:\/\/www.asajacyl.com\/palencia\/asaja-palencia-informa\/noticias\/espana-declarada-oficialmente-libre-de-gripe-aviar","title":{"rendered":"Espa\u00f1a declarada oficialmente libre de gripe aviar"},"content":{"rendered":"\n<p>Desde el 8 de junio la OIE (Organizaci\u00f3n Mundial de Sanidad Animal) ha reconocido oficialmente a Espa\u00f1a como pa\u00eds libre de Influenza Aviar, por lo tanto, se levantan las restricciones al comercio de productos av\u00edcolas por esta causa.<\/p>\n\n\n\n<p>Esta enfermedad ha puesto en jaque a la avicultura en los \u00faltimos meses porque a principios de este a\u00f1o se detectaron 31 casos en en explotaciones ganaderas de varias comunidades aut\u00f3nomas y otros 37 en aves silvestres. En Castilla y Le\u00f3n se han visto afectadas las provincias de \u00c1vila, Palencia, Salamanca, Segovia y Valladolid. Concretamente en Palencia se confirm\u00f3 un caso positivo en una cig\u00fce\u00f1a en la Laguna de la Nava.<\/p>\n\n\n\n<p>La tasa de mortalidad de aves es muy alta y adem\u00e1s en aquellas explotaciones en que aparezcan casos positivos se procede al sacrificio de todos los animales. Aunque el riesgo de zoonosis (transmisi\u00f3n al hombre) es bajo, se recomienda minimizar el contacto con aves que tengan s\u00edntomas de la enfermedad o se hallen muertas. Tambi\u00e9n se recuerda que la carne, huevos o productos derivados de animales enfermos no pueden transmitir el virus al hombre.<\/p>\n\n\n\n<div class=\"wp-block-image\"><figure class=\"aligncenter size-full\"><img loading=\"lazy\" decoding=\"async\" width=\"971\" height=\"727\" src=\"https:\/\/www.asajacyl.com\/palencia\/wp-content\/uploads\/sites\/3\/2022\/06\/image-2-2.jpg\" alt=\"\" class=\"wp-image-10747\" srcset=\"https:\/\/www.asajacyl.com\/palencia\/wp-content\/uploads\/sites\/3\/2022\/06\/image-2-2.jpg 971w, https:\/\/www.asajacyl.com\/palencia\/wp-content\/uploads\/sites\/3\/2022\/06\/image-2-2-300x225.jpg 300w, https:\/\/www.asajacyl.com\/palencia\/wp-content\/uploads\/sites\/3\/2022\/06\/image-2-2-768x575.jpg 768w, https:\/\/www.asajacyl.com\/palencia\/wp-content\/uploads\/sites\/3\/2022\/06\/image-2-2-696x521.jpg 696w, https:\/\/www.asajacyl.com\/palencia\/wp-content\/uploads\/sites\/3\/2022\/06\/image-2-2-561x420.jpg 561w, https:\/\/www.asajacyl.com\/palencia\/wp-content\/uploads\/sites\/3\/2022\/06\/image-2-2-80x60.jpg 80w\" sizes=\"(max-width: 971px) 100vw, 971px\" \/><\/figure><\/div>\n","protected":false},"excerpt":{"rendered":"<p>Desde el 8 de junio la OIE (Organizaci\u00f3n Mundial de Sanidad Animal) ha reconocido oficialmente a Espa\u00f1a como pa\u00eds libre de Influenza Aviar, por lo tanto, se levantan las restricciones al comercio de productos av\u00edcolas por esta causa. Esta enfermedad ha puesto en jaque a la avicultura en los \u00faltimos meses porque a principios de [&hellip;]<\/p>\n","protected":false},"author":9,"featured_media":10747,"comment_status":"open","ping_status":"open","sticky":false,"template":"","format":"standard","meta":{"footnotes":""},"categories":[9,29,28],"tags":[],"yoast_head":"<!-- This site is optimized with the Yoast SEO plugin v24.5 - https:\/\/yoast.com\/wordpress\/plugins\/seo\/ -->\n<title>Espa\u00f1a declarada oficialmente libre de gripe aviar - ASAJA Palencia<\/title>\n<meta name=\"description\" content=\"Desde el 8 de junio la OIE (Organizaci\u00f3n Mundial de Sanidad Animal) ha reconocido oficialmente a Espa\u00f1a como pa\u00eds libre de Influenza Aviar, por lo tanto,\" \/>\n<meta name=\"robots\" content=\"index, follow, max-snippet:-1, max-image-preview:large, max-video-preview:-1\" \/>\n<link rel=\"canonical\" href=\"https:\/\/www.asajacyl.com\/palencia\/asaja-palencia-informa\/noticias\/espana-declarada-oficialmente-libre-de-gripe-aviar\" \/>\n<meta property=\"og:locale\" content=\"es_ES\" \/>\n<meta property=\"og:type\" content=\"article\" \/>\n<meta property=\"og:title\" content=\"Espa\u00f1a declarada oficialmente libre de gripe aviar - ASAJA Palencia\" \/>\n<meta property=\"og:description\" content=\"Desde el 8 de junio la OIE (Organizaci\u00f3n Mundial de Sanidad Animal) ha reconocido oficialmente a Espa\u00f1a como pa\u00eds libre de Influenza Aviar, por lo tanto,\" \/>\n<meta property=\"og:url\" content=\"https:\/\/www.asajacyl.com\/palencia\/asaja-palencia-informa\/noticias\/espana-declarada-oficialmente-libre-de-gripe-aviar\" \/>\n<meta property=\"og:site_name\" content=\"ASAJA Palencia\" \/>\n<meta property=\"article:published_time\" content=\"2022-06-29T09:48:00+00:00\" \/>\n<meta property=\"og:image\" content=\"https:\/\/www.asajacyl.com\/palencia\/wp-content\/uploads\/sites\/3\/2022\/06\/image-2-2.jpg\" \/>\n\t<meta property=\"og:image:width\" content=\"971\" \/>\n\t<meta property=\"og:image:height\" content=\"727\" \/>\n\t<meta property=\"og:image:type\" content=\"image\/jpeg\" \/>\n<meta name=\"author\" content=\"Administrador\" \/>\n<meta name=\"twitter:card\" content=\"summary_large_image\" \/>\n<meta name=\"twitter:label1\" content=\"Escrito por\" \/>\n\t<meta name=\"twitter:data1\" content=\"Administrador\" \/>\n\t<meta name=\"twitter:label2\" content=\"Tiempo de lectura\" \/>\n\t<meta name=\"twitter:data2\" content=\"2 minutos\" \/>\n<script type=\"application\/ld+json\" class=\"yoast-schema-graph\">{\"@context\":\"https:\/\/schema.org\",\"@graph\":[{\"@type\":\"WebPage\",\"@id\":\"https:\/\/www.asajacyl.com\/palencia\/asaja-palencia-informa\/noticias\/espana-declarada-oficialmente-libre-de-gripe-aviar\",\"url\":\"https:\/\/www.asajacyl.com\/palencia\/asaja-palencia-informa\/noticias\/espana-declarada-oficialmente-libre-de-gripe-aviar\",\"name\":\"Espa\u00f1a declarada oficialmente libre de gripe aviar - ASAJA Palencia\",\"isPartOf\":{\"@id\":\"https:\/\/www.asajacyl.com\/palencia\/#website\"},\"primaryImageOfPage\":{\"@id\":\"https:\/\/www.asajacyl.com\/palencia\/asaja-palencia-informa\/noticias\/espana-declarada-oficialmente-libre-de-gripe-aviar#primaryimage\"},\"image\":{\"@id\":\"https:\/\/www.asajacyl.com\/palencia\/asaja-palencia-informa\/noticias\/espana-declarada-oficialmente-libre-de-gripe-aviar#primaryimage\"},\"thumbnailUrl\":\"https:\/\/www.asajacyl.com\/palencia\/wp-content\/uploads\/sites\/3\/2022\/06\/image-2-2.jpg\",\"datePublished\":\"2022-06-29T09:48:00+00:00\",\"author\":{\"@id\":\"https:\/\/www.asajacyl.com\/palencia\/#\/schema\/person\/3ab17aeb03527485c317557fae64aab1\"},\"description\":\"Desde el 8 de junio la OIE (Organizaci\u00f3n Mundial de Sanidad Animal) ha reconocido oficialmente a Espa\u00f1a como pa\u00eds libre de Influenza Aviar, por lo tanto,\",\"breadcrumb\":{\"@id\":\"https:\/\/www.asajacyl.com\/palencia\/asaja-palencia-informa\/noticias\/espana-declarada-oficialmente-libre-de-gripe-aviar#breadcrumb\"},\"inLanguage\":\"es\",\"potentialAction\":[{\"@type\":\"ReadAction\",\"target\":[\"https:\/\/www.asajacyl.com\/palencia\/asaja-palencia-informa\/noticias\/espana-declarada-oficialmente-libre-de-gripe-aviar\"]}]},{\"@type\":\"ImageObject\",\"inLanguage\":\"es\",\"@id\":\"https:\/\/www.asajacyl.com\/palencia\/asaja-palencia-informa\/noticias\/espana-declarada-oficialmente-libre-de-gripe-aviar#primaryimage\",\"url\":\"https:\/\/www.asajacyl.com\/palencia\/wp-content\/uploads\/sites\/3\/2022\/06\/image-2-2.jpg\",\"contentUrl\":\"https:\/\/www.asajacyl.com\/palencia\/wp-content\/uploads\/sites\/3\/2022\/06\/image-2-2.jpg\",\"width\":971,\"height\":727},{\"@type\":\"BreadcrumbList\",\"@id\":\"https:\/\/www.asajacyl.com\/palencia\/asaja-palencia-informa\/noticias\/espana-declarada-oficialmente-libre-de-gripe-aviar#breadcrumb\",\"itemListElement\":[{\"@type\":\"ListItem\",\"position\":1,\"name\":\"Portada\",\"item\":\"https:\/\/www.asajacyl.com\/palencia\/\"},{\"@type\":\"ListItem\",\"position\":2,\"name\":\"Espa\u00f1a declarada oficialmente libre de gripe aviar\"}]},{\"@type\":\"WebSite\",\"@id\":\"https:\/\/www.asajacyl.com\/palencia\/#website\",\"url\":\"https:\/\/www.asajacyl.com\/palencia\/\",\"name\":\"ASAJA Palencia\",\"description\":\"Otro sitio m\u00e1s de Provincias ASAJA Castilla y Le\u00f3n\",\"potentialAction\":[{\"@type\":\"SearchAction\",\"target\":{\"@type\":\"EntryPoint\",\"urlTemplate\":\"https:\/\/www.asajacyl.com\/palencia\/?s={search_term_string}\"},\"query-input\":{\"@type\":\"PropertyValueSpecification\",\"valueRequired\":true,\"valueName\":\"search_term_string\"}}],\"inLanguage\":\"es\"},{\"@type\":\"Person\",\"@id\":\"https:\/\/www.asajacyl.com\/palencia\/#\/schema\/person\/3ab17aeb03527485c317557fae64aab1\",\"name\":\"Administrador\",\"image\":{\"@type\":\"ImageObject\",\"inLanguage\":\"es\",\"@id\":\"https:\/\/www.asajacyl.com\/palencia\/#\/schema\/person\/image\/\",\"url\":\"https:\/\/secure.gravatar.com\/avatar\/517384810d242ca9e38c180f3c9fb973?s=96&d=mm&r=g\",\"contentUrl\":\"https:\/\/secure.gravatar.com\/avatar\/517384810d242ca9e38c180f3c9fb973?s=96&d=mm&r=g\",\"caption\":\"Administrador\"},\"url\":\"https:\/\/www.asajacyl.com\/palencia\/author\/carlosrm\"}]}<\/script>\n<!-- \/ Yoast SEO plugin. -->","yoast_head_json":{"title":"Espa\u00f1a declarada oficialmente libre de gripe aviar - ASAJA Palencia","description":"Desde el 8 de junio la OIE (Organizaci\u00f3n Mundial de Sanidad Animal) ha reconocido oficialmente a Espa\u00f1a como pa\u00eds libre de Influenza Aviar, por lo tanto,","robots":{"index":"index","follow":"follow","max-snippet":"max-snippet:-1","max-image-preview":"max-image-preview:large","max-video-preview":"max-video-preview:-1"},"canonical":"https:\/\/www.asajacyl.com\/palencia\/asaja-palencia-informa\/noticias\/espana-declarada-oficialmente-libre-de-gripe-aviar","og_locale":"es_ES","og_type":"article","og_title":"Espa\u00f1a declarada oficialmente libre de gripe aviar - ASAJA Palencia","og_description":"Desde el 8 de junio la OIE (Organizaci\u00f3n Mundial de Sanidad Animal) ha reconocido oficialmente a Espa\u00f1a como pa\u00eds libre de Influenza Aviar, por lo tanto,","og_url":"https:\/\/www.asajacyl.com\/palencia\/asaja-palencia-informa\/noticias\/espana-declarada-oficialmente-libre-de-gripe-aviar","og_site_name":"ASAJA Palencia","article_published_time":"2022-06-29T09:48:00+00:00","og_image":[{"width":971,"height":727,"url":"https:\/\/www.asajacyl.com\/palencia\/wp-content\/uploads\/sites\/3\/2022\/06\/image-2-2.jpg","type":"image\/jpeg"}],"author":"Administrador","twitter_card":"summary_large_image","twitter_misc":{"Escrito por":"Administrador","Tiempo de lectura":"2 minutos"},"schema":{"@context":"https:\/\/schema.org","@graph":[{"@type":"WebPage","@id":"https:\/\/www.asajacyl.com\/palencia\/asaja-palencia-informa\/noticias\/espana-declarada-oficialmente-libre-de-gripe-aviar","url":"https:\/\/www.asajacyl.com\/palencia\/asaja-palencia-informa\/noticias\/espana-declarada-oficialmente-libre-de-gripe-aviar","name":"Espa\u00f1a declarada oficialmente libre de gripe aviar - ASAJA Palencia","isPartOf":{"@id":"https:\/\/www.asajacyl.com\/palencia\/#website"},"primaryImageOfPage":{"@id":"https:\/\/www.asajacyl.com\/palencia\/asaja-palencia-informa\/noticias\/espana-declarada-oficialmente-libre-de-gripe-aviar#primaryimage"},"image":{"@id":"https:\/\/www.asajacyl.com\/palencia\/asaja-palencia-informa\/noticias\/espana-declarada-oficialmente-libre-de-gripe-aviar#primaryimage"},"thumbnailUrl":"https:\/\/www.asajacyl.com\/palencia\/wp-content\/uploads\/sites\/3\/2022\/06\/image-2-2.jpg","datePublished":"2022-06-29T09:48:00+00:00","author":{"@id":"https:\/\/www.asajacyl.com\/palencia\/#\/schema\/person\/3ab17aeb03527485c317557fae64aab1"},"description":"Desde el 8 de junio la OIE (Organizaci\u00f3n Mundial de Sanidad Animal) ha reconocido oficialmente a Espa\u00f1a como pa\u00eds libre de Influenza Aviar, por lo tanto,","breadcrumb":{"@id":"https:\/\/www.asajacyl.com\/palencia\/asaja-palencia-informa\/noticias\/espana-declarada-oficialmente-libre-de-gripe-aviar#breadcrumb"},"inLanguage":"es","potentialAction":[{"@type":"ReadAction","target":["https:\/\/www.asajacyl.com\/palencia\/asaja-palencia-informa\/noticias\/espana-declarada-oficialmente-libre-de-gripe-aviar"]}]},{"@type":"ImageObject","inLanguage":"es","@id":"https:\/\/www.asajacyl.com\/palencia\/asaja-palencia-informa\/noticias\/espana-declarada-oficialmente-libre-de-gripe-aviar#primaryimage","url":"https:\/\/www.asajacyl.com\/palencia\/wp-content\/uploads\/sites\/3\/2022\/06\/image-2-2.jpg","contentUrl":"https:\/\/www.asajacyl.com\/palencia\/wp-content\/uploads\/sites\/3\/2022\/06\/image-2-2.jpg","width":971,"height":727},{"@type":"BreadcrumbList","@id":"https:\/\/www.asajacyl.com\/palencia\/asaja-palencia-informa\/noticias\/espana-declarada-oficialmente-libre-de-gripe-aviar#breadcrumb","itemListElement":[{"@type":"ListItem","position":1,"name":"Portada","item":"https:\/\/www.asajacyl.com\/palencia\/"},{"@type":"ListItem","position":2,"name":"Espa\u00f1a declarada oficialmente libre de gripe aviar"}]},{"@type":"WebSite","@id":"https:\/\/www.asajacyl.com\/palencia\/#website","url":"https:\/\/www.asajacyl.com\/palencia\/","name":"ASAJA Palencia","description":"Otro sitio m\u00e1s de Provincias ASAJA Castilla y Le\u00f3n","potentialAction":[{"@type":"SearchAction","target":{"@type":"EntryPoint","urlTemplate":"https:\/\/www.asajacyl.com\/palencia\/?s={search_term_string}"},"query-input":{"@type":"PropertyValueSpecification","valueRequired":true,"valueName":"search_term_string"}}],"inLanguage":"es"},{"@type":"Person","@id":"https:\/\/www.asajacyl.com\/palencia\/#\/schema\/person\/3ab17aeb03527485c317557fae64aab1","name":"Administrador","image":{"@type":"ImageObject","inLanguage":"es","@id":"https:\/\/www.asajacyl.com\/palencia\/#\/schema\/person\/image\/","url":"https:\/\/secure.gravatar.com\/avatar\/517384810d242ca9e38c180f3c9fb973?s=96&d=mm&r=g","contentUrl":"https:\/\/secure.gravatar.com\/avatar\/517384810d242ca9e38c180f3c9fb973?s=96&d=mm&r=g","caption":"Administrador"},"url":"https:\/\/www.asajacyl.com\/palencia\/author\/carlosrm"}]}},"_links":{"self":[{"href":"https:\/\/www.asajacyl.com\/palencia\/wp-json\/wp\/v2\/posts\/10746"}],"collection":[{"href":"https:\/\/www.asajacyl.com\/palencia\/wp-json\/wp\/v2\/posts"}],"about":[{"href":"https:\/\/www.asajacyl.com\/palencia\/wp-json\/wp\/v2\/types\/post"}],"author":[{"embeddable":true,"href":"https:\/\/www.asajacyl.com\/palencia\/wp-json\/wp\/v2\/users\/9"}],"replies":[{"embeddable":true,"href":"https:\/\/www.asajacyl.com\/palencia\/wp-json\/wp\/v2\/comments?post=10746"}],"version-history":[{"count":1,"href":"https:\/\/www.asajacyl.com\/palencia\/wp-json\/wp\/v2\/posts\/10746\/revisions"}],"predecessor-version":[{"id":10748,"href":"https:\/\/www.asajacyl.com\/palencia\/wp-json\/wp\/v2\/posts\/10746\/revisions\/10748"}],"wp:featuredmedia":[{"embeddable":true,"href":"https:\/\/www.asajacyl.com\/palencia\/wp-json\/wp\/v2\/media\/10747"}],"wp:attachment":[{"href":"https:\/\/www.asajacyl.com\/palencia\/wp-json\/wp\/v2\/media?parent=10746"}],"wp:term":[{"taxonomy":"category","embeddable":true,"href":"https:\/\/www.asajacyl.com\/palencia\/wp-json\/wp\/v2\/categories?post=10746"},{"taxonomy":"post_tag","embeddable":true,"href":"https:\/\/www.asajacyl.com\/palencia\/wp-json\/wp\/v2\/tags?post=10746"}],"curies":[{"name":"wp","href":"https:\/\/api.w.org\/{rel}","templated":true}]}}