{"id":10768,"date":"2022-06-24T06:42:00","date_gmt":"2022-06-24T04:42:00","guid":{"rendered":"https:\/\/www.asajacyl.com\/palencia\/?p=10768"},"modified":"2022-06-24T06:57:44","modified_gmt":"2022-06-24T04:57:44","slug":"reduccion-nacional-de-la-produccion-de-leche-de-oveja","status":"publish","type":"post","link":"https:\/\/www.asajacyl.com\/palencia\/asaja-palencia-informa\/reduccion-nacional-de-la-produccion-de-leche-de-oveja","title":{"rendered":"Reducci\u00f3n nacional de la producci\u00f3n de leche de oveja"},"content":{"rendered":"\n<p>El Ministerio de Agricultura Pesca y Alimentaci\u00f3n ha publicado el informe mensual de entregas de leche de oveja correspondiente al mes de abril del 2022, en el se constata una bajada de la producci\u00f3n del 4,21% respecto al mismo mes del a\u00f1o anterior, los precios experimentan una subida del 13,17%, respecto a los de hace doce meses, hasta situarse en 1,031 euros por litro.<\/p>\n\n\n\n<p>En la provincia de Palencia, el n\u00famero de explotaciones de ovino y caprino es de 476, para un censo total de animales de 210.000. Aproximadamente la mitad de explotaciones y animales se reparten en la comarca de Campos.<\/p>\n\n\n\n<p>Seg\u00fan el censo agrario realizado por el Instituto Nacional de Estad\u00edstica, la explotaci\u00f3n ovina media de Palencia cuenta con 458 ovejas reproductoras. En el caso de las personas f\u00edsicas la media es de 354 ovejas mientras que las personas jur\u00eddicas cuentan con una media de 874 reproductoras.<\/p>\n","protected":false},"excerpt":{"rendered":"<p>El Ministerio de Agricultura Pesca y Alimentaci\u00f3n ha publicado el informe mensual de entregas de leche de oveja correspondiente al mes de abril del 2022, en el se constata una bajada de la producci\u00f3n del 4,21% respecto al mismo mes del a\u00f1o anterior, los precios experimentan una subida del 13,17%, respecto a los de hace [&hellip;]<\/p>\n","protected":false},"author":9,"featured_media":5871,"comment_status":"open","ping_status":"open","sticky":false,"template":"","format":"standard","meta":{"footnotes":""},"categories":[9,29,28],"tags":[],"yoast_head":"<!-- This site is optimized with the Yoast SEO plugin v24.5 - https:\/\/yoast.com\/wordpress\/plugins\/seo\/ -->\n<title>Reducci\u00f3n nacional de la producci\u00f3n de leche de oveja - ASAJA Palencia<\/title>\n<meta name=\"description\" content=\"El Ministerio de Agricultura Pesca y Alimentaci\u00f3n ha publicado el informe mensual de entregas de leche de oveja correspondiente al mes de abril del 2022,\" \/>\n<meta name=\"robots\" content=\"index, follow, max-snippet:-1, max-image-preview:large, max-video-preview:-1\" \/>\n<link rel=\"canonical\" href=\"https:\/\/www.asajacyl.com\/palencia\/asaja-palencia-informa\/reduccion-nacional-de-la-produccion-de-leche-de-oveja\" \/>\n<meta property=\"og:locale\" content=\"es_ES\" \/>\n<meta property=\"og:type\" content=\"article\" \/>\n<meta property=\"og:title\" content=\"Reducci\u00f3n nacional de la producci\u00f3n de leche de oveja - ASAJA Palencia\" \/>\n<meta property=\"og:description\" content=\"El Ministerio de Agricultura Pesca y Alimentaci\u00f3n ha publicado el informe mensual de entregas de leche de oveja correspondiente al mes de abril del 2022,\" \/>\n<meta property=\"og:url\" content=\"https:\/\/www.asajacyl.com\/palencia\/asaja-palencia-informa\/reduccion-nacional-de-la-produccion-de-leche-de-oveja\" \/>\n<meta property=\"og:site_name\" content=\"ASAJA Palencia\" \/>\n<meta property=\"article:published_time\" content=\"2022-06-24T04:42:00+00:00\" \/>\n<meta property=\"article:modified_time\" content=\"2022-06-24T04:57:44+00:00\" \/>\n<meta property=\"og:image\" content=\"https:\/\/www.asajacyl.com\/palencia\/wp-content\/uploads\/sites\/3\/2019\/01\/ovejas.jpg\" \/>\n\t<meta property=\"og:image:width\" content=\"2500\" \/>\n\t<meta property=\"og:image:height\" content=\"1406\" \/>\n\t<meta property=\"og:image:type\" content=\"image\/jpeg\" \/>\n<meta name=\"author\" content=\"Administrador\" \/>\n<meta name=\"twitter:card\" content=\"summary_large_image\" \/>\n<meta name=\"twitter:label1\" content=\"Escrito por\" \/>\n\t<meta name=\"twitter:data1\" content=\"Administrador\" \/>\n\t<meta name=\"twitter:label2\" content=\"Tiempo de lectura\" \/>\n\t<meta name=\"twitter:data2\" content=\"1 minuto\" \/>\n<script type=\"application\/ld+json\" class=\"yoast-schema-graph\">{\"@context\":\"https:\/\/schema.org\",\"@graph\":[{\"@type\":\"WebPage\",\"@id\":\"https:\/\/www.asajacyl.com\/palencia\/asaja-palencia-informa\/reduccion-nacional-de-la-produccion-de-leche-de-oveja\",\"url\":\"https:\/\/www.asajacyl.com\/palencia\/asaja-palencia-informa\/reduccion-nacional-de-la-produccion-de-leche-de-oveja\",\"name\":\"Reducci\u00f3n nacional de la producci\u00f3n de leche de oveja - ASAJA Palencia\",\"isPartOf\":{\"@id\":\"https:\/\/www.asajacyl.com\/palencia\/#website\"},\"primaryImageOfPage\":{\"@id\":\"https:\/\/www.asajacyl.com\/palencia\/asaja-palencia-informa\/reduccion-nacional-de-la-produccion-de-leche-de-oveja#primaryimage\"},\"image\":{\"@id\":\"https:\/\/www.asajacyl.com\/palencia\/asaja-palencia-informa\/reduccion-nacional-de-la-produccion-de-leche-de-oveja#primaryimage\"},\"thumbnailUrl\":\"https:\/\/www.asajacyl.com\/palencia\/wp-content\/uploads\/sites\/3\/2019\/01\/ovejas.jpg\",\"datePublished\":\"2022-06-24T04:42:00+00:00\",\"dateModified\":\"2022-06-24T04:57:44+00:00\",\"author\":{\"@id\":\"https:\/\/www.asajacyl.com\/palencia\/#\/schema\/person\/3ab17aeb03527485c317557fae64aab1\"},\"description\":\"El Ministerio de Agricultura Pesca y Alimentaci\u00f3n ha publicado el informe mensual de entregas de leche de oveja correspondiente al mes de abril del 2022,\",\"breadcrumb\":{\"@id\":\"https:\/\/www.asajacyl.com\/palencia\/asaja-palencia-informa\/reduccion-nacional-de-la-produccion-de-leche-de-oveja#breadcrumb\"},\"inLanguage\":\"es\",\"potentialAction\":[{\"@type\":\"ReadAction\",\"target\":[\"https:\/\/www.asajacyl.com\/palencia\/asaja-palencia-informa\/reduccion-nacional-de-la-produccion-de-leche-de-oveja\"]}]},{\"@type\":\"ImageObject\",\"inLanguage\":\"es\",\"@id\":\"https:\/\/www.asajacyl.com\/palencia\/asaja-palencia-informa\/reduccion-nacional-de-la-produccion-de-leche-de-oveja#primaryimage\",\"url\":\"https:\/\/www.asajacyl.com\/palencia\/wp-content\/uploads\/sites\/3\/2019\/01\/ovejas.jpg\",\"contentUrl\":\"https:\/\/www.asajacyl.com\/palencia\/wp-content\/uploads\/sites\/3\/2019\/01\/ovejas.jpg\",\"width\":2500,\"height\":1406},{\"@type\":\"BreadcrumbList\",\"@id\":\"https:\/\/www.asajacyl.com\/palencia\/asaja-palencia-informa\/reduccion-nacional-de-la-produccion-de-leche-de-oveja#breadcrumb\",\"itemListElement\":[{\"@type\":\"ListItem\",\"position\":1,\"name\":\"Portada\",\"item\":\"https:\/\/www.asajacyl.com\/palencia\/\"},{\"@type\":\"ListItem\",\"position\":2,\"name\":\"Reducci\u00f3n nacional de la producci\u00f3n de leche de oveja\"}]},{\"@type\":\"WebSite\",\"@id\":\"https:\/\/www.asajacyl.com\/palencia\/#website\",\"url\":\"https:\/\/www.asajacyl.com\/palencia\/\",\"name\":\"ASAJA Palencia\",\"description\":\"Otro sitio m\u00e1s de Provincias ASAJA Castilla y Le\u00f3n\",\"potentialAction\":[{\"@type\":\"SearchAction\",\"target\":{\"@type\":\"EntryPoint\",\"urlTemplate\":\"https:\/\/www.asajacyl.com\/palencia\/?s={search_term_string}\"},\"query-input\":{\"@type\":\"PropertyValueSpecification\",\"valueRequired\":true,\"valueName\":\"search_term_string\"}}],\"inLanguage\":\"es\"},{\"@type\":\"Person\",\"@id\":\"https:\/\/www.asajacyl.com\/palencia\/#\/schema\/person\/3ab17aeb03527485c317557fae64aab1\",\"name\":\"Administrador\",\"image\":{\"@type\":\"ImageObject\",\"inLanguage\":\"es\",\"@id\":\"https:\/\/www.asajacyl.com\/palencia\/#\/schema\/person\/image\/\",\"url\":\"https:\/\/secure.gravatar.com\/avatar\/517384810d242ca9e38c180f3c9fb973?s=96&d=mm&r=g\",\"contentUrl\":\"https:\/\/secure.gravatar.com\/avatar\/517384810d242ca9e38c180f3c9fb973?s=96&d=mm&r=g\",\"caption\":\"Administrador\"},\"url\":\"https:\/\/www.asajacyl.com\/palencia\/author\/carlosrm\"}]}<\/script>\n<!-- \/ Yoast SEO plugin. -->","yoast_head_json":{"title":"Reducci\u00f3n nacional de la producci\u00f3n de leche de oveja - ASAJA Palencia","description":"El Ministerio de Agricultura Pesca y Alimentaci\u00f3n ha publicado el informe mensual de entregas de leche de oveja correspondiente al mes de abril del 2022,","robots":{"index":"index","follow":"follow","max-snippet":"max-snippet:-1","max-image-preview":"max-image-preview:large","max-video-preview":"max-video-preview:-1"},"canonical":"https:\/\/www.asajacyl.com\/palencia\/asaja-palencia-informa\/reduccion-nacional-de-la-produccion-de-leche-de-oveja","og_locale":"es_ES","og_type":"article","og_title":"Reducci\u00f3n nacional de la producci\u00f3n de leche de oveja - ASAJA Palencia","og_description":"El Ministerio de Agricultura Pesca y Alimentaci\u00f3n ha publicado el informe mensual de entregas de leche de oveja correspondiente al mes de abril del 2022,","og_url":"https:\/\/www.asajacyl.com\/palencia\/asaja-palencia-informa\/reduccion-nacional-de-la-produccion-de-leche-de-oveja","og_site_name":"ASAJA Palencia","article_published_time":"2022-06-24T04:42:00+00:00","article_modified_time":"2022-06-24T04:57:44+00:00","og_image":[{"width":2500,"height":1406,"url":"https:\/\/www.asajacyl.com\/palencia\/wp-content\/uploads\/sites\/3\/2019\/01\/ovejas.jpg","type":"image\/jpeg"}],"author":"Administrador","twitter_card":"summary_large_image","twitter_misc":{"Escrito por":"Administrador","Tiempo de lectura":"1 minuto"},"schema":{"@context":"https:\/\/schema.org","@graph":[{"@type":"WebPage","@id":"https:\/\/www.asajacyl.com\/palencia\/asaja-palencia-informa\/reduccion-nacional-de-la-produccion-de-leche-de-oveja","url":"https:\/\/www.asajacyl.com\/palencia\/asaja-palencia-informa\/reduccion-nacional-de-la-produccion-de-leche-de-oveja","name":"Reducci\u00f3n nacional de la producci\u00f3n de leche de oveja - ASAJA Palencia","isPartOf":{"@id":"https:\/\/www.asajacyl.com\/palencia\/#website"},"primaryImageOfPage":{"@id":"https:\/\/www.asajacyl.com\/palencia\/asaja-palencia-informa\/reduccion-nacional-de-la-produccion-de-leche-de-oveja#primaryimage"},"image":{"@id":"https:\/\/www.asajacyl.com\/palencia\/asaja-palencia-informa\/reduccion-nacional-de-la-produccion-de-leche-de-oveja#primaryimage"},"thumbnailUrl":"https:\/\/www.asajacyl.com\/palencia\/wp-content\/uploads\/sites\/3\/2019\/01\/ovejas.jpg","datePublished":"2022-06-24T04:42:00+00:00","dateModified":"2022-06-24T04:57:44+00:00","author":{"@id":"https:\/\/www.asajacyl.com\/palencia\/#\/schema\/person\/3ab17aeb03527485c317557fae64aab1"},"description":"El Ministerio de Agricultura Pesca y Alimentaci\u00f3n ha publicado el informe mensual de entregas de leche de oveja correspondiente al mes de abril del 2022,","breadcrumb":{"@id":"https:\/\/www.asajacyl.com\/palencia\/asaja-palencia-informa\/reduccion-nacional-de-la-produccion-de-leche-de-oveja#breadcrumb"},"inLanguage":"es","potentialAction":[{"@type":"ReadAction","target":["https:\/\/www.asajacyl.com\/palencia\/asaja-palencia-informa\/reduccion-nacional-de-la-produccion-de-leche-de-oveja"]}]},{"@type":"ImageObject","inLanguage":"es","@id":"https:\/\/www.asajacyl.com\/palencia\/asaja-palencia-informa\/reduccion-nacional-de-la-produccion-de-leche-de-oveja#primaryimage","url":"https:\/\/www.asajacyl.com\/palencia\/wp-content\/uploads\/sites\/3\/2019\/01\/ovejas.jpg","contentUrl":"https:\/\/www.asajacyl.com\/palencia\/wp-content\/uploads\/sites\/3\/2019\/01\/ovejas.jpg","width":2500,"height":1406},{"@type":"BreadcrumbList","@id":"https:\/\/www.asajacyl.com\/palencia\/asaja-palencia-informa\/reduccion-nacional-de-la-produccion-de-leche-de-oveja#breadcrumb","itemListElement":[{"@type":"ListItem","position":1,"name":"Portada","item":"https:\/\/www.asajacyl.com\/palencia\/"},{"@type":"ListItem","position":2,"name":"Reducci\u00f3n nacional de la producci\u00f3n de leche de oveja"}]},{"@type":"WebSite","@id":"https:\/\/www.asajacyl.com\/palencia\/#website","url":"https:\/\/www.asajacyl.com\/palencia\/","name":"ASAJA Palencia","description":"Otro sitio m\u00e1s de Provincias ASAJA Castilla y Le\u00f3n","potentialAction":[{"@type":"SearchAction","target":{"@type":"EntryPoint","urlTemplate":"https:\/\/www.asajacyl.com\/palencia\/?s={search_term_string}"},"query-input":{"@type":"PropertyValueSpecification","valueRequired":true,"valueName":"search_term_string"}}],"inLanguage":"es"},{"@type":"Person","@id":"https:\/\/www.asajacyl.com\/palencia\/#\/schema\/person\/3ab17aeb03527485c317557fae64aab1","name":"Administrador","image":{"@type":"ImageObject","inLanguage":"es","@id":"https:\/\/www.asajacyl.com\/palencia\/#\/schema\/person\/image\/","url":"https:\/\/secure.gravatar.com\/avatar\/517384810d242ca9e38c180f3c9fb973?s=96&d=mm&r=g","contentUrl":"https:\/\/secure.gravatar.com\/avatar\/517384810d242ca9e38c180f3c9fb973?s=96&d=mm&r=g","caption":"Administrador"},"url":"https:\/\/www.asajacyl.com\/palencia\/author\/carlosrm"}]}},"_links":{"self":[{"href":"https:\/\/www.asajacyl.com\/palencia\/wp-json\/wp\/v2\/posts\/10768"}],"collection":[{"href":"https:\/\/www.asajacyl.com\/palencia\/wp-json\/wp\/v2\/posts"}],"about":[{"href":"https:\/\/www.asajacyl.com\/palencia\/wp-json\/wp\/v2\/types\/post"}],"author":[{"embeddable":true,"href":"https:\/\/www.asajacyl.com\/palencia\/wp-json\/wp\/v2\/users\/9"}],"replies":[{"embeddable":true,"href":"https:\/\/www.asajacyl.com\/palencia\/wp-json\/wp\/v2\/comments?post=10768"}],"version-history":[{"count":2,"href":"https:\/\/www.asajacyl.com\/palencia\/wp-json\/wp\/v2\/posts\/10768\/revisions"}],"predecessor-version":[{"id":10772,"href":"https:\/\/www.asajacyl.com\/palencia\/wp-json\/wp\/v2\/posts\/10768\/revisions\/10772"}],"wp:featuredmedia":[{"embeddable":true,"href":"https:\/\/www.asajacyl.com\/palencia\/wp-json\/wp\/v2\/media\/5871"}],"wp:attachment":[{"href":"https:\/\/www.asajacyl.com\/palencia\/wp-json\/wp\/v2\/media?parent=10768"}],"wp:term":[{"taxonomy":"category","embeddable":true,"href":"https:\/\/www.asajacyl.com\/palencia\/wp-json\/wp\/v2\/categories?post=10768"},{"taxonomy":"post_tag","embeddable":true,"href":"https:\/\/www.asajacyl.com\/palencia\/wp-json\/wp\/v2\/tags?post=10768"}],"curies":[{"name":"wp","href":"https:\/\/api.w.org\/{rel}","templated":true}]}}