{"id":10777,"date":"2022-06-24T07:38:27","date_gmt":"2022-06-24T05:38:27","guid":{"rendered":"https:\/\/www.asajacyl.com\/palencia\/?p=10777"},"modified":"2022-06-24T08:16:03","modified_gmt":"2022-06-24T06:16:03","slug":"cientos-de-agricultores-y-ganaderos-reclaman-en-la-calle-una-rebaja-del-precio-del-gasoleo-agricola","status":"publish","type":"post","link":"https:\/\/www.asajacyl.com\/palencia\/asaja-palencia-informa\/cientos-de-agricultores-y-ganaderos-reclaman-en-la-calle-una-rebaja-del-precio-del-gasoleo-agricola","title":{"rendered":"Cientos de agricultores y ganaderos reclaman en la calle una rebaja del precio del gas\u00f3leo agr\u00edcola"},"content":{"rendered":"\n<p>En el d\u00eda de ayer, varios cientos de agricultores y ganaderos se manifestaron a las puertas del centro que la antigua CLH (Compa\u00f1\u00eda Log\u00edstica de Hidrocarburos), cuyo nombre actual es EXOLUM, tiene en la localidad de Santovenia de Pisuerga (Valladolid), con una amplia representaci\u00f3n palentina en el acto de protesta.<\/p>\n\n\n\n<p>El lema que se pod\u00eda leer en la pancarta del evento organizado por ASAJA, COAG y UPA rezaba \u00abEl campo se asfixia, las petroleras se forran\u00bb y a\u00f1ad\u00eda una sentencia palmaria: \u00abSi el tractor para la ciudad no come\u00bb.Donaciano Dujo, presidente de ASAJA Castilla y Le\u00f3n, expuso a los presentes que el campo necesitaba un precio justo y asequible para hacer funcionar la maquinaria existente en las explotaciones agr\u00edcolas y ganaderas. As\u00ed mismo carg\u00f3 contra las petroleras por el incremento desmedido del precio del combustible, que ya tiene un precio superior al doble del que ten\u00eda hace dos a\u00f1os.<\/p>\n\n\n\n<p>Seg\u00fan los c\u00e1lculos manifestados por Dujo, una explotaci\u00f3n media gasta unos 15.000 litros de gas\u00f3leo al a\u00f1o. En 2021 ese volumen de gas\u00f3leo supuso un gasto en las explotaciones de unos 12.000 euros mientras que para mantener el mismo consumo este a\u00f1o, los miembros del sector agrario tendr\u00e1n que desembolsar 24.000 euros. Por \u00faltimo, tras cargar contra las petroleras por aprovecharse de la situaci\u00f3n, tambi\u00e9n critic\u00f3 al Gobierno, el cual recoge los impuestos sin ning\u00fan tipo de empat\u00eda con el sector agrario. En palabras del presidente regional de ASAJA, el campo necesita un gas\u00f3leo a 0,80 euros\/litro para que pueda ser rentable y contin\u00fae produciendo bienes de primera necesidad para la sociedad.<\/p>\n","protected":false},"excerpt":{"rendered":"<p>En el d\u00eda de ayer, varios cientos de agricultores y ganaderos se manifestaron a las puertas del centro que la antigua CLH (Compa\u00f1\u00eda Log\u00edstica de Hidrocarburos), cuyo nombre actual es EXOLUM, tiene en la localidad de Santovenia de Pisuerga (Valladolid), con una amplia representaci\u00f3n palentina en el acto de protesta. El lema que se pod\u00eda [&hellip;]<\/p>\n","protected":false},"author":9,"featured_media":10778,"comment_status":"open","ping_status":"open","sticky":false,"template":"","format":"standard","meta":{"footnotes":""},"categories":[9,29,28],"tags":[],"yoast_head":"<!-- This site is optimized with the Yoast SEO plugin v24.5 - https:\/\/yoast.com\/wordpress\/plugins\/seo\/ -->\n<title>Cientos de agricultores y ganaderos reclaman en la calle una rebaja del precio del gas\u00f3leo agr\u00edcola - ASAJA Palencia<\/title>\n<meta name=\"description\" content=\"En el d\u00eda de ayer, varios cientos de agricultores y ganaderos se manifestaron a las puertas del centro que la antigua CLH (Compa\u00f1\u00eda Log\u00edstica de\" \/>\n<meta name=\"robots\" content=\"index, follow, max-snippet:-1, max-image-preview:large, max-video-preview:-1\" \/>\n<link rel=\"canonical\" href=\"https:\/\/www.asajacyl.com\/palencia\/asaja-palencia-informa\/cientos-de-agricultores-y-ganaderos-reclaman-en-la-calle-una-rebaja-del-precio-del-gasoleo-agricola\" \/>\n<meta property=\"og:locale\" content=\"es_ES\" \/>\n<meta property=\"og:type\" content=\"article\" \/>\n<meta property=\"og:title\" content=\"Cientos de agricultores y ganaderos reclaman en la calle una rebaja del precio del gas\u00f3leo agr\u00edcola - ASAJA Palencia\" \/>\n<meta property=\"og:description\" content=\"En el d\u00eda de ayer, varios cientos de agricultores y ganaderos se manifestaron a las puertas del centro que la antigua CLH (Compa\u00f1\u00eda Log\u00edstica de\" \/>\n<meta property=\"og:url\" content=\"https:\/\/www.asajacyl.com\/palencia\/asaja-palencia-informa\/cientos-de-agricultores-y-ganaderos-reclaman-en-la-calle-una-rebaja-del-precio-del-gasoleo-agricola\" \/>\n<meta property=\"og:site_name\" content=\"ASAJA Palencia\" \/>\n<meta property=\"article:published_time\" content=\"2022-06-24T05:38:27+00:00\" \/>\n<meta property=\"article:modified_time\" content=\"2022-06-24T06:16:03+00:00\" \/>\n<meta property=\"og:image\" content=\"https:\/\/www.asajacyl.com\/palencia\/wp-content\/uploads\/sites\/3\/2022\/06\/MANIFESTACION-SANTOVENIA-GASOLEO.jpg\" \/>\n\t<meta property=\"og:image:width\" content=\"2500\" \/>\n\t<meta property=\"og:image:height\" content=\"1875\" \/>\n\t<meta property=\"og:image:type\" content=\"image\/jpeg\" \/>\n<meta name=\"author\" content=\"Administrador\" \/>\n<meta name=\"twitter:card\" content=\"summary_large_image\" \/>\n<meta name=\"twitter:label1\" content=\"Escrito por\" \/>\n\t<meta name=\"twitter:data1\" content=\"Administrador\" \/>\n\t<meta name=\"twitter:label2\" content=\"Tiempo de lectura\" \/>\n\t<meta name=\"twitter:data2\" content=\"2 minutos\" \/>\n<script type=\"application\/ld+json\" class=\"yoast-schema-graph\">{\"@context\":\"https:\/\/schema.org\",\"@graph\":[{\"@type\":\"WebPage\",\"@id\":\"https:\/\/www.asajacyl.com\/palencia\/asaja-palencia-informa\/cientos-de-agricultores-y-ganaderos-reclaman-en-la-calle-una-rebaja-del-precio-del-gasoleo-agricola\",\"url\":\"https:\/\/www.asajacyl.com\/palencia\/asaja-palencia-informa\/cientos-de-agricultores-y-ganaderos-reclaman-en-la-calle-una-rebaja-del-precio-del-gasoleo-agricola\",\"name\":\"Cientos de agricultores y ganaderos reclaman en la calle una rebaja del precio del gas\u00f3leo agr\u00edcola - ASAJA Palencia\",\"isPartOf\":{\"@id\":\"https:\/\/www.asajacyl.com\/palencia\/#website\"},\"primaryImageOfPage\":{\"@id\":\"https:\/\/www.asajacyl.com\/palencia\/asaja-palencia-informa\/cientos-de-agricultores-y-ganaderos-reclaman-en-la-calle-una-rebaja-del-precio-del-gasoleo-agricola#primaryimage\"},\"image\":{\"@id\":\"https:\/\/www.asajacyl.com\/palencia\/asaja-palencia-informa\/cientos-de-agricultores-y-ganaderos-reclaman-en-la-calle-una-rebaja-del-precio-del-gasoleo-agricola#primaryimage\"},\"thumbnailUrl\":\"https:\/\/www.asajacyl.com\/palencia\/wp-content\/uploads\/sites\/3\/2022\/06\/MANIFESTACION-SANTOVENIA-GASOLEO.jpg\",\"datePublished\":\"2022-06-24T05:38:27+00:00\",\"dateModified\":\"2022-06-24T06:16:03+00:00\",\"author\":{\"@id\":\"https:\/\/www.asajacyl.com\/palencia\/#\/schema\/person\/3ab17aeb03527485c317557fae64aab1\"},\"description\":\"En el d\u00eda de ayer, varios cientos de agricultores y ganaderos se manifestaron a las puertas del centro que la antigua CLH (Compa\u00f1\u00eda Log\u00edstica de\",\"breadcrumb\":{\"@id\":\"https:\/\/www.asajacyl.com\/palencia\/asaja-palencia-informa\/cientos-de-agricultores-y-ganaderos-reclaman-en-la-calle-una-rebaja-del-precio-del-gasoleo-agricola#breadcrumb\"},\"inLanguage\":\"es\",\"potentialAction\":[{\"@type\":\"ReadAction\",\"target\":[\"https:\/\/www.asajacyl.com\/palencia\/asaja-palencia-informa\/cientos-de-agricultores-y-ganaderos-reclaman-en-la-calle-una-rebaja-del-precio-del-gasoleo-agricola\"]}]},{\"@type\":\"ImageObject\",\"inLanguage\":\"es\",\"@id\":\"https:\/\/www.asajacyl.com\/palencia\/asaja-palencia-informa\/cientos-de-agricultores-y-ganaderos-reclaman-en-la-calle-una-rebaja-del-precio-del-gasoleo-agricola#primaryimage\",\"url\":\"https:\/\/www.asajacyl.com\/palencia\/wp-content\/uploads\/sites\/3\/2022\/06\/MANIFESTACION-SANTOVENIA-GASOLEO.jpg\",\"contentUrl\":\"https:\/\/www.asajacyl.com\/palencia\/wp-content\/uploads\/sites\/3\/2022\/06\/MANIFESTACION-SANTOVENIA-GASOLEO.jpg\",\"width\":2500,\"height\":1875},{\"@type\":\"BreadcrumbList\",\"@id\":\"https:\/\/www.asajacyl.com\/palencia\/asaja-palencia-informa\/cientos-de-agricultores-y-ganaderos-reclaman-en-la-calle-una-rebaja-del-precio-del-gasoleo-agricola#breadcrumb\",\"itemListElement\":[{\"@type\":\"ListItem\",\"position\":1,\"name\":\"Portada\",\"item\":\"https:\/\/www.asajacyl.com\/palencia\/\"},{\"@type\":\"ListItem\",\"position\":2,\"name\":\"Cientos de agricultores y ganaderos reclaman en la calle una rebaja del precio del gas\u00f3leo agr\u00edcola\"}]},{\"@type\":\"WebSite\",\"@id\":\"https:\/\/www.asajacyl.com\/palencia\/#website\",\"url\":\"https:\/\/www.asajacyl.com\/palencia\/\",\"name\":\"ASAJA Palencia\",\"description\":\"Otro sitio m\u00e1s de Provincias ASAJA Castilla y Le\u00f3n\",\"potentialAction\":[{\"@type\":\"SearchAction\",\"target\":{\"@type\":\"EntryPoint\",\"urlTemplate\":\"https:\/\/www.asajacyl.com\/palencia\/?s={search_term_string}\"},\"query-input\":{\"@type\":\"PropertyValueSpecification\",\"valueRequired\":true,\"valueName\":\"search_term_string\"}}],\"inLanguage\":\"es\"},{\"@type\":\"Person\",\"@id\":\"https:\/\/www.asajacyl.com\/palencia\/#\/schema\/person\/3ab17aeb03527485c317557fae64aab1\",\"name\":\"Administrador\",\"image\":{\"@type\":\"ImageObject\",\"inLanguage\":\"es\",\"@id\":\"https:\/\/www.asajacyl.com\/palencia\/#\/schema\/person\/image\/\",\"url\":\"https:\/\/secure.gravatar.com\/avatar\/517384810d242ca9e38c180f3c9fb973?s=96&d=mm&r=g\",\"contentUrl\":\"https:\/\/secure.gravatar.com\/avatar\/517384810d242ca9e38c180f3c9fb973?s=96&d=mm&r=g\",\"caption\":\"Administrador\"},\"url\":\"https:\/\/www.asajacyl.com\/palencia\/author\/carlosrm\"}]}<\/script>\n<!-- \/ Yoast SEO plugin. -->","yoast_head_json":{"title":"Cientos de agricultores y ganaderos reclaman en la calle una rebaja del precio del gas\u00f3leo agr\u00edcola - ASAJA Palencia","description":"En el d\u00eda de ayer, varios cientos de agricultores y ganaderos se manifestaron a las puertas del centro que la antigua CLH (Compa\u00f1\u00eda Log\u00edstica de","robots":{"index":"index","follow":"follow","max-snippet":"max-snippet:-1","max-image-preview":"max-image-preview:large","max-video-preview":"max-video-preview:-1"},"canonical":"https:\/\/www.asajacyl.com\/palencia\/asaja-palencia-informa\/cientos-de-agricultores-y-ganaderos-reclaman-en-la-calle-una-rebaja-del-precio-del-gasoleo-agricola","og_locale":"es_ES","og_type":"article","og_title":"Cientos de agricultores y ganaderos reclaman en la calle una rebaja del precio del gas\u00f3leo agr\u00edcola - ASAJA Palencia","og_description":"En el d\u00eda de ayer, varios cientos de agricultores y ganaderos se manifestaron a las puertas del centro que la antigua CLH (Compa\u00f1\u00eda Log\u00edstica de","og_url":"https:\/\/www.asajacyl.com\/palencia\/asaja-palencia-informa\/cientos-de-agricultores-y-ganaderos-reclaman-en-la-calle-una-rebaja-del-precio-del-gasoleo-agricola","og_site_name":"ASAJA Palencia","article_published_time":"2022-06-24T05:38:27+00:00","article_modified_time":"2022-06-24T06:16:03+00:00","og_image":[{"width":2500,"height":1875,"url":"https:\/\/www.asajacyl.com\/palencia\/wp-content\/uploads\/sites\/3\/2022\/06\/MANIFESTACION-SANTOVENIA-GASOLEO.jpg","type":"image\/jpeg"}],"author":"Administrador","twitter_card":"summary_large_image","twitter_misc":{"Escrito por":"Administrador","Tiempo de lectura":"2 minutos"},"schema":{"@context":"https:\/\/schema.org","@graph":[{"@type":"WebPage","@id":"https:\/\/www.asajacyl.com\/palencia\/asaja-palencia-informa\/cientos-de-agricultores-y-ganaderos-reclaman-en-la-calle-una-rebaja-del-precio-del-gasoleo-agricola","url":"https:\/\/www.asajacyl.com\/palencia\/asaja-palencia-informa\/cientos-de-agricultores-y-ganaderos-reclaman-en-la-calle-una-rebaja-del-precio-del-gasoleo-agricola","name":"Cientos de agricultores y ganaderos reclaman en la calle una rebaja del precio del gas\u00f3leo agr\u00edcola - ASAJA Palencia","isPartOf":{"@id":"https:\/\/www.asajacyl.com\/palencia\/#website"},"primaryImageOfPage":{"@id":"https:\/\/www.asajacyl.com\/palencia\/asaja-palencia-informa\/cientos-de-agricultores-y-ganaderos-reclaman-en-la-calle-una-rebaja-del-precio-del-gasoleo-agricola#primaryimage"},"image":{"@id":"https:\/\/www.asajacyl.com\/palencia\/asaja-palencia-informa\/cientos-de-agricultores-y-ganaderos-reclaman-en-la-calle-una-rebaja-del-precio-del-gasoleo-agricola#primaryimage"},"thumbnailUrl":"https:\/\/www.asajacyl.com\/palencia\/wp-content\/uploads\/sites\/3\/2022\/06\/MANIFESTACION-SANTOVENIA-GASOLEO.jpg","datePublished":"2022-06-24T05:38:27+00:00","dateModified":"2022-06-24T06:16:03+00:00","author":{"@id":"https:\/\/www.asajacyl.com\/palencia\/#\/schema\/person\/3ab17aeb03527485c317557fae64aab1"},"description":"En el d\u00eda de ayer, varios cientos de agricultores y ganaderos se manifestaron a las puertas del centro que la antigua CLH (Compa\u00f1\u00eda Log\u00edstica de","breadcrumb":{"@id":"https:\/\/www.asajacyl.com\/palencia\/asaja-palencia-informa\/cientos-de-agricultores-y-ganaderos-reclaman-en-la-calle-una-rebaja-del-precio-del-gasoleo-agricola#breadcrumb"},"inLanguage":"es","potentialAction":[{"@type":"ReadAction","target":["https:\/\/www.asajacyl.com\/palencia\/asaja-palencia-informa\/cientos-de-agricultores-y-ganaderos-reclaman-en-la-calle-una-rebaja-del-precio-del-gasoleo-agricola"]}]},{"@type":"ImageObject","inLanguage":"es","@id":"https:\/\/www.asajacyl.com\/palencia\/asaja-palencia-informa\/cientos-de-agricultores-y-ganaderos-reclaman-en-la-calle-una-rebaja-del-precio-del-gasoleo-agricola#primaryimage","url":"https:\/\/www.asajacyl.com\/palencia\/wp-content\/uploads\/sites\/3\/2022\/06\/MANIFESTACION-SANTOVENIA-GASOLEO.jpg","contentUrl":"https:\/\/www.asajacyl.com\/palencia\/wp-content\/uploads\/sites\/3\/2022\/06\/MANIFESTACION-SANTOVENIA-GASOLEO.jpg","width":2500,"height":1875},{"@type":"BreadcrumbList","@id":"https:\/\/www.asajacyl.com\/palencia\/asaja-palencia-informa\/cientos-de-agricultores-y-ganaderos-reclaman-en-la-calle-una-rebaja-del-precio-del-gasoleo-agricola#breadcrumb","itemListElement":[{"@type":"ListItem","position":1,"name":"Portada","item":"https:\/\/www.asajacyl.com\/palencia\/"},{"@type":"ListItem","position":2,"name":"Cientos de agricultores y ganaderos reclaman en la calle una rebaja del precio del gas\u00f3leo agr\u00edcola"}]},{"@type":"WebSite","@id":"https:\/\/www.asajacyl.com\/palencia\/#website","url":"https:\/\/www.asajacyl.com\/palencia\/","name":"ASAJA Palencia","description":"Otro sitio m\u00e1s de Provincias ASAJA Castilla y Le\u00f3n","potentialAction":[{"@type":"SearchAction","target":{"@type":"EntryPoint","urlTemplate":"https:\/\/www.asajacyl.com\/palencia\/?s={search_term_string}"},"query-input":{"@type":"PropertyValueSpecification","valueRequired":true,"valueName":"search_term_string"}}],"inLanguage":"es"},{"@type":"Person","@id":"https:\/\/www.asajacyl.com\/palencia\/#\/schema\/person\/3ab17aeb03527485c317557fae64aab1","name":"Administrador","image":{"@type":"ImageObject","inLanguage":"es","@id":"https:\/\/www.asajacyl.com\/palencia\/#\/schema\/person\/image\/","url":"https:\/\/secure.gravatar.com\/avatar\/517384810d242ca9e38c180f3c9fb973?s=96&d=mm&r=g","contentUrl":"https:\/\/secure.gravatar.com\/avatar\/517384810d242ca9e38c180f3c9fb973?s=96&d=mm&r=g","caption":"Administrador"},"url":"https:\/\/www.asajacyl.com\/palencia\/author\/carlosrm"}]}},"_links":{"self":[{"href":"https:\/\/www.asajacyl.com\/palencia\/wp-json\/wp\/v2\/posts\/10777"}],"collection":[{"href":"https:\/\/www.asajacyl.com\/palencia\/wp-json\/wp\/v2\/posts"}],"about":[{"href":"https:\/\/www.asajacyl.com\/palencia\/wp-json\/wp\/v2\/types\/post"}],"author":[{"embeddable":true,"href":"https:\/\/www.asajacyl.com\/palencia\/wp-json\/wp\/v2\/users\/9"}],"replies":[{"embeddable":true,"href":"https:\/\/www.asajacyl.com\/palencia\/wp-json\/wp\/v2\/comments?post=10777"}],"version-history":[{"count":1,"href":"https:\/\/www.asajacyl.com\/palencia\/wp-json\/wp\/v2\/posts\/10777\/revisions"}],"predecessor-version":[{"id":10779,"href":"https:\/\/www.asajacyl.com\/palencia\/wp-json\/wp\/v2\/posts\/10777\/revisions\/10779"}],"wp:featuredmedia":[{"embeddable":true,"href":"https:\/\/www.asajacyl.com\/palencia\/wp-json\/wp\/v2\/media\/10778"}],"wp:attachment":[{"href":"https:\/\/www.asajacyl.com\/palencia\/wp-json\/wp\/v2\/media?parent=10777"}],"wp:term":[{"taxonomy":"category","embeddable":true,"href":"https:\/\/www.asajacyl.com\/palencia\/wp-json\/wp\/v2\/categories?post=10777"},{"taxonomy":"post_tag","embeddable":true,"href":"https:\/\/www.asajacyl.com\/palencia\/wp-json\/wp\/v2\/tags?post=10777"}],"curies":[{"name":"wp","href":"https:\/\/api.w.org\/{rel}","templated":true}]}}