{"id":10790,"date":"2022-06-27T14:38:03","date_gmt":"2022-06-27T12:38:03","guid":{"rendered":"https:\/\/www.asajacyl.com\/palencia\/?p=10790"},"modified":"2022-06-27T14:38:47","modified_gmt":"2022-06-27T12:38:47","slug":"comienza-la-epoca-de-alto-peligro-de-incendios-forestales","status":"publish","type":"post","link":"https:\/\/www.asajacyl.com\/palencia\/asaja-palencia-informa\/comienza-la-epoca-de-alto-peligro-de-incendios-forestales","title":{"rendered":"Comienza la \u00e9poca de alto peligro de incendios forestales"},"content":{"rendered":"\n<p>La Consejer\u00eda de Medio Ambiente ha publicado hoy el periodo de tiempo que se va a considerar de alto riesgo de incendios forestales, algo que afecta al sector agrario dadas las restricciones que hay para utilizar maquinaria en las franjas de 400 metros lim\u00edtrofes a montes.<\/p>\n\n\n\n<p>Aunque habitualmente nos ten\u00edan acostumbrados a que este per\u00edodo se iniciara el d\u00eda 1 de julio, este a\u00f1o la fecha elegida va a ser hoy mismo, d\u00eda 27 de junio y finalizar\u00e1 el d\u00eda 30 de septiembre motivada por la prolongada carencia de precipitaciones en nuestra regi\u00f3n.<\/p>\n\n\n\n<p>Por tanto, para realizar la recolecci\u00f3n en montes y en zonas en la franja de 400 metros de monte se debe utilizar cosechadoras dotadas de matachispas, quedando prohibido el uso de estas m\u00e1quinas cuando se superen los 30\u00baC de temperatura y la velocidad del viento sea mayor a 30 km\/h.<\/p>\n\n\n\n<p>La Junta podr\u00eda decretar durante este verano medidas extraordinarias, que en lo referente a la cosecha afectar\u00edan de la siguiente forma:<\/p>\n\n\n\n<ul><li>Alerta: No afecta.<\/li><li>Alarma: Prohibici\u00f3n de cosechar las parcelas de montes.<\/li><li>Alarma extrema: Prohibici\u00f3n de cosechar las parcelas de montes y  de las franjas de 400 metros que limitan con los montes.<\/li><\/ul>\n\n\n\n<p>Adem\u00e1s de estas medidas, en estas zonas la Administraci\u00f3n auton\u00f3mica estableces unas medidas preventivas consistentes en disponer de al menos una persona que est\u00e9 atento a las pasadas de la cosechadora por si se inicia el fuego as\u00ed como disponer de los medios de extinci\u00f3n suficientes para controlar el conato que se pueda ocasionar. A\u00f1ade a esto varias recomendaciones:<\/p>\n\n\n\n<ul><li>Disponer de tractor y gradas<\/li><li>En terrenos pedregosos o con pendiente reducir la velocidad de avance y elevar la plataforma de corte<\/li><li>Realizar la cosecha del cereal avanzando en contra del viento<\/li><\/ul>\n\n\n\n<p>Por \u00faltimo, dentro del art\u00edculo destinado a hablar de las medidas preventivas, hace referencia a que la maquinaria agr\u00edcola \u00abse mantendr\u00e1 en las condiciones adecuadas de revisi\u00f3n peri\u00f3dica y mantenimiento que establezcan las propias condiciones de uso de esta maquinaria, para evitar que se origine fuego como consecuencia de un mal mantenimiento y limpieza de piezas mec\u00e1nicas y sistema el\u00e9ctrico.\u00bb<\/p>\n\n\n\n<p>La superficie afectada por incendios el pasado a\u00f1o 2021 ha sido muy reducida frente a los a\u00f1os anteriores, con s\u00f3lo nueve incendios que superaron una hect\u00e1rea. De media se incendian 182,64 hect\u00e1reas de superficie arbolada, de pasto o de matorral cuando el pasado a\u00f1o s\u00f3lo se lleg\u00f3 a las 74,49 hect\u00e1reas. En el caso de la superficie agr\u00edcola, s\u00f3lo se da\u00f1aron 24,19 hect\u00e1reas, un dato muy inferior a la media de los a\u00f1os anteriores y que asciende a 344,59 hect\u00e1reas.<\/p>\n\n\n\n<figure class=\"wp-block-image size-large\"><img loading=\"lazy\" decoding=\"async\" width=\"1024\" height=\"330\" src=\"https:\/\/www.asajacyl.com\/palencia\/wp-content\/uploads\/sites\/3\/2022\/06\/image-5-1024x330.png\" alt=\"\" class=\"wp-image-10795\" srcset=\"https:\/\/www.asajacyl.com\/palencia\/wp-content\/uploads\/sites\/3\/2022\/06\/image-5-1024x330.png 1024w, https:\/\/www.asajacyl.com\/palencia\/wp-content\/uploads\/sites\/3\/2022\/06\/image-5-300x97.png 300w, https:\/\/www.asajacyl.com\/palencia\/wp-content\/uploads\/sites\/3\/2022\/06\/image-5-768x247.png 768w, https:\/\/www.asajacyl.com\/palencia\/wp-content\/uploads\/sites\/3\/2022\/06\/image-5-696x224.png 696w, https:\/\/www.asajacyl.com\/palencia\/wp-content\/uploads\/sites\/3\/2022\/06\/image-5-1068x344.png 1068w, https:\/\/www.asajacyl.com\/palencia\/wp-content\/uploads\/sites\/3\/2022\/06\/image-5.png 1096w\" sizes=\"(max-width: 1024px) 100vw, 1024px\" \/><\/figure>\n","protected":false},"excerpt":{"rendered":"<p>La Consejer\u00eda de Medio Ambiente ha publicado hoy el periodo de tiempo que se va a considerar de alto riesgo de incendios forestales, algo que afecta al sector agrario dadas las restricciones que hay para utilizar maquinaria en las franjas de 400 metros lim\u00edtrofes a montes. Aunque habitualmente nos ten\u00edan acostumbrados a que este per\u00edodo [&hellip;]<\/p>\n","protected":false},"author":9,"featured_media":10792,"comment_status":"open","ping_status":"open","sticky":false,"template":"","format":"standard","meta":{"footnotes":""},"categories":[9,29,28],"tags":[],"yoast_head":"<!-- This site is optimized with the Yoast SEO plugin v24.5 - https:\/\/yoast.com\/wordpress\/plugins\/seo\/ -->\n<title>Comienza la \u00e9poca de alto peligro de incendios forestales - ASAJA Palencia<\/title>\n<meta name=\"description\" content=\"La Consejer\u00eda de Medio Ambiente ha publicado hoy el periodo de tiempo que se va a considerar de alto riesgo de incendios forestales, algo que afecta al\" \/>\n<meta name=\"robots\" content=\"index, follow, max-snippet:-1, max-image-preview:large, max-video-preview:-1\" \/>\n<link rel=\"canonical\" href=\"https:\/\/www.asajacyl.com\/palencia\/asaja-palencia-informa\/comienza-la-epoca-de-alto-peligro-de-incendios-forestales\" \/>\n<meta property=\"og:locale\" content=\"es_ES\" \/>\n<meta property=\"og:type\" content=\"article\" \/>\n<meta property=\"og:title\" content=\"Comienza la \u00e9poca de alto peligro de incendios forestales - ASAJA Palencia\" \/>\n<meta property=\"og:description\" content=\"La Consejer\u00eda de Medio Ambiente ha publicado hoy el periodo de tiempo que se va a considerar de alto riesgo de incendios forestales, algo que afecta al\" \/>\n<meta property=\"og:url\" content=\"https:\/\/www.asajacyl.com\/palencia\/asaja-palencia-informa\/comienza-la-epoca-de-alto-peligro-de-incendios-forestales\" \/>\n<meta property=\"og:site_name\" content=\"ASAJA Palencia\" \/>\n<meta property=\"article:published_time\" content=\"2022-06-27T12:38:03+00:00\" \/>\n<meta property=\"article:modified_time\" content=\"2022-06-27T12:38:47+00:00\" \/>\n<meta property=\"og:image\" content=\"https:\/\/www.asajacyl.com\/palencia\/wp-content\/uploads\/sites\/3\/2022\/06\/COSECHA-CEBADA-6.jpg\" \/>\n\t<meta property=\"og:image:width\" content=\"2048\" \/>\n\t<meta property=\"og:image:height\" content=\"1536\" \/>\n\t<meta property=\"og:image:type\" content=\"image\/jpeg\" \/>\n<meta name=\"author\" content=\"Administrador\" \/>\n<meta name=\"twitter:card\" content=\"summary_large_image\" \/>\n<meta name=\"twitter:label1\" content=\"Escrito por\" \/>\n\t<meta name=\"twitter:data1\" content=\"Administrador\" \/>\n\t<meta name=\"twitter:label2\" content=\"Tiempo de lectura\" \/>\n\t<meta name=\"twitter:data2\" content=\"3 minutos\" \/>\n<script type=\"application\/ld+json\" class=\"yoast-schema-graph\">{\"@context\":\"https:\/\/schema.org\",\"@graph\":[{\"@type\":\"WebPage\",\"@id\":\"https:\/\/www.asajacyl.com\/palencia\/asaja-palencia-informa\/comienza-la-epoca-de-alto-peligro-de-incendios-forestales\",\"url\":\"https:\/\/www.asajacyl.com\/palencia\/asaja-palencia-informa\/comienza-la-epoca-de-alto-peligro-de-incendios-forestales\",\"name\":\"Comienza la \u00e9poca de alto peligro de incendios forestales - ASAJA Palencia\",\"isPartOf\":{\"@id\":\"https:\/\/www.asajacyl.com\/palencia\/#website\"},\"primaryImageOfPage\":{\"@id\":\"https:\/\/www.asajacyl.com\/palencia\/asaja-palencia-informa\/comienza-la-epoca-de-alto-peligro-de-incendios-forestales#primaryimage\"},\"image\":{\"@id\":\"https:\/\/www.asajacyl.com\/palencia\/asaja-palencia-informa\/comienza-la-epoca-de-alto-peligro-de-incendios-forestales#primaryimage\"},\"thumbnailUrl\":\"https:\/\/www.asajacyl.com\/palencia\/wp-content\/uploads\/sites\/3\/2022\/06\/COSECHA-CEBADA-6.jpg\",\"datePublished\":\"2022-06-27T12:38:03+00:00\",\"dateModified\":\"2022-06-27T12:38:47+00:00\",\"author\":{\"@id\":\"https:\/\/www.asajacyl.com\/palencia\/#\/schema\/person\/3ab17aeb03527485c317557fae64aab1\"},\"description\":\"La Consejer\u00eda de Medio Ambiente ha publicado hoy el periodo de tiempo que se va a considerar de alto riesgo de incendios forestales, algo que afecta al\",\"breadcrumb\":{\"@id\":\"https:\/\/www.asajacyl.com\/palencia\/asaja-palencia-informa\/comienza-la-epoca-de-alto-peligro-de-incendios-forestales#breadcrumb\"},\"inLanguage\":\"es\",\"potentialAction\":[{\"@type\":\"ReadAction\",\"target\":[\"https:\/\/www.asajacyl.com\/palencia\/asaja-palencia-informa\/comienza-la-epoca-de-alto-peligro-de-incendios-forestales\"]}]},{\"@type\":\"ImageObject\",\"inLanguage\":\"es\",\"@id\":\"https:\/\/www.asajacyl.com\/palencia\/asaja-palencia-informa\/comienza-la-epoca-de-alto-peligro-de-incendios-forestales#primaryimage\",\"url\":\"https:\/\/www.asajacyl.com\/palencia\/wp-content\/uploads\/sites\/3\/2022\/06\/COSECHA-CEBADA-6.jpg\",\"contentUrl\":\"https:\/\/www.asajacyl.com\/palencia\/wp-content\/uploads\/sites\/3\/2022\/06\/COSECHA-CEBADA-6.jpg\",\"width\":2048,\"height\":1536},{\"@type\":\"BreadcrumbList\",\"@id\":\"https:\/\/www.asajacyl.com\/palencia\/asaja-palencia-informa\/comienza-la-epoca-de-alto-peligro-de-incendios-forestales#breadcrumb\",\"itemListElement\":[{\"@type\":\"ListItem\",\"position\":1,\"name\":\"Portada\",\"item\":\"https:\/\/www.asajacyl.com\/palencia\/\"},{\"@type\":\"ListItem\",\"position\":2,\"name\":\"Comienza la \u00e9poca de alto peligro de incendios forestales\"}]},{\"@type\":\"WebSite\",\"@id\":\"https:\/\/www.asajacyl.com\/palencia\/#website\",\"url\":\"https:\/\/www.asajacyl.com\/palencia\/\",\"name\":\"ASAJA Palencia\",\"description\":\"Otro sitio m\u00e1s de Provincias ASAJA Castilla y Le\u00f3n\",\"potentialAction\":[{\"@type\":\"SearchAction\",\"target\":{\"@type\":\"EntryPoint\",\"urlTemplate\":\"https:\/\/www.asajacyl.com\/palencia\/?s={search_term_string}\"},\"query-input\":{\"@type\":\"PropertyValueSpecification\",\"valueRequired\":true,\"valueName\":\"search_term_string\"}}],\"inLanguage\":\"es\"},{\"@type\":\"Person\",\"@id\":\"https:\/\/www.asajacyl.com\/palencia\/#\/schema\/person\/3ab17aeb03527485c317557fae64aab1\",\"name\":\"Administrador\",\"image\":{\"@type\":\"ImageObject\",\"inLanguage\":\"es\",\"@id\":\"https:\/\/www.asajacyl.com\/palencia\/#\/schema\/person\/image\/\",\"url\":\"https:\/\/secure.gravatar.com\/avatar\/517384810d242ca9e38c180f3c9fb973?s=96&d=mm&r=g\",\"contentUrl\":\"https:\/\/secure.gravatar.com\/avatar\/517384810d242ca9e38c180f3c9fb973?s=96&d=mm&r=g\",\"caption\":\"Administrador\"},\"url\":\"https:\/\/www.asajacyl.com\/palencia\/author\/carlosrm\"}]}<\/script>\n<!-- \/ Yoast SEO plugin. -->","yoast_head_json":{"title":"Comienza la \u00e9poca de alto peligro de incendios forestales - ASAJA Palencia","description":"La Consejer\u00eda de Medio Ambiente ha publicado hoy el periodo de tiempo que se va a considerar de alto riesgo de incendios forestales, algo que afecta al","robots":{"index":"index","follow":"follow","max-snippet":"max-snippet:-1","max-image-preview":"max-image-preview:large","max-video-preview":"max-video-preview:-1"},"canonical":"https:\/\/www.asajacyl.com\/palencia\/asaja-palencia-informa\/comienza-la-epoca-de-alto-peligro-de-incendios-forestales","og_locale":"es_ES","og_type":"article","og_title":"Comienza la \u00e9poca de alto peligro de incendios forestales - ASAJA Palencia","og_description":"La Consejer\u00eda de Medio Ambiente ha publicado hoy el periodo de tiempo que se va a considerar de alto riesgo de incendios forestales, algo que afecta al","og_url":"https:\/\/www.asajacyl.com\/palencia\/asaja-palencia-informa\/comienza-la-epoca-de-alto-peligro-de-incendios-forestales","og_site_name":"ASAJA Palencia","article_published_time":"2022-06-27T12:38:03+00:00","article_modified_time":"2022-06-27T12:38:47+00:00","og_image":[{"width":2048,"height":1536,"url":"https:\/\/www.asajacyl.com\/palencia\/wp-content\/uploads\/sites\/3\/2022\/06\/COSECHA-CEBADA-6.jpg","type":"image\/jpeg"}],"author":"Administrador","twitter_card":"summary_large_image","twitter_misc":{"Escrito por":"Administrador","Tiempo de lectura":"3 minutos"},"schema":{"@context":"https:\/\/schema.org","@graph":[{"@type":"WebPage","@id":"https:\/\/www.asajacyl.com\/palencia\/asaja-palencia-informa\/comienza-la-epoca-de-alto-peligro-de-incendios-forestales","url":"https:\/\/www.asajacyl.com\/palencia\/asaja-palencia-informa\/comienza-la-epoca-de-alto-peligro-de-incendios-forestales","name":"Comienza la \u00e9poca de alto peligro de incendios forestales - ASAJA Palencia","isPartOf":{"@id":"https:\/\/www.asajacyl.com\/palencia\/#website"},"primaryImageOfPage":{"@id":"https:\/\/www.asajacyl.com\/palencia\/asaja-palencia-informa\/comienza-la-epoca-de-alto-peligro-de-incendios-forestales#primaryimage"},"image":{"@id":"https:\/\/www.asajacyl.com\/palencia\/asaja-palencia-informa\/comienza-la-epoca-de-alto-peligro-de-incendios-forestales#primaryimage"},"thumbnailUrl":"https:\/\/www.asajacyl.com\/palencia\/wp-content\/uploads\/sites\/3\/2022\/06\/COSECHA-CEBADA-6.jpg","datePublished":"2022-06-27T12:38:03+00:00","dateModified":"2022-06-27T12:38:47+00:00","author":{"@id":"https:\/\/www.asajacyl.com\/palencia\/#\/schema\/person\/3ab17aeb03527485c317557fae64aab1"},"description":"La Consejer\u00eda de Medio Ambiente ha publicado hoy el periodo de tiempo que se va a considerar de alto riesgo de incendios forestales, algo que afecta al","breadcrumb":{"@id":"https:\/\/www.asajacyl.com\/palencia\/asaja-palencia-informa\/comienza-la-epoca-de-alto-peligro-de-incendios-forestales#breadcrumb"},"inLanguage":"es","potentialAction":[{"@type":"ReadAction","target":["https:\/\/www.asajacyl.com\/palencia\/asaja-palencia-informa\/comienza-la-epoca-de-alto-peligro-de-incendios-forestales"]}]},{"@type":"ImageObject","inLanguage":"es","@id":"https:\/\/www.asajacyl.com\/palencia\/asaja-palencia-informa\/comienza-la-epoca-de-alto-peligro-de-incendios-forestales#primaryimage","url":"https:\/\/www.asajacyl.com\/palencia\/wp-content\/uploads\/sites\/3\/2022\/06\/COSECHA-CEBADA-6.jpg","contentUrl":"https:\/\/www.asajacyl.com\/palencia\/wp-content\/uploads\/sites\/3\/2022\/06\/COSECHA-CEBADA-6.jpg","width":2048,"height":1536},{"@type":"BreadcrumbList","@id":"https:\/\/www.asajacyl.com\/palencia\/asaja-palencia-informa\/comienza-la-epoca-de-alto-peligro-de-incendios-forestales#breadcrumb","itemListElement":[{"@type":"ListItem","position":1,"name":"Portada","item":"https:\/\/www.asajacyl.com\/palencia\/"},{"@type":"ListItem","position":2,"name":"Comienza la \u00e9poca de alto peligro de incendios forestales"}]},{"@type":"WebSite","@id":"https:\/\/www.asajacyl.com\/palencia\/#website","url":"https:\/\/www.asajacyl.com\/palencia\/","name":"ASAJA Palencia","description":"Otro sitio m\u00e1s de Provincias ASAJA Castilla y Le\u00f3n","potentialAction":[{"@type":"SearchAction","target":{"@type":"EntryPoint","urlTemplate":"https:\/\/www.asajacyl.com\/palencia\/?s={search_term_string}"},"query-input":{"@type":"PropertyValueSpecification","valueRequired":true,"valueName":"search_term_string"}}],"inLanguage":"es"},{"@type":"Person","@id":"https:\/\/www.asajacyl.com\/palencia\/#\/schema\/person\/3ab17aeb03527485c317557fae64aab1","name":"Administrador","image":{"@type":"ImageObject","inLanguage":"es","@id":"https:\/\/www.asajacyl.com\/palencia\/#\/schema\/person\/image\/","url":"https:\/\/secure.gravatar.com\/avatar\/517384810d242ca9e38c180f3c9fb973?s=96&d=mm&r=g","contentUrl":"https:\/\/secure.gravatar.com\/avatar\/517384810d242ca9e38c180f3c9fb973?s=96&d=mm&r=g","caption":"Administrador"},"url":"https:\/\/www.asajacyl.com\/palencia\/author\/carlosrm"}]}},"_links":{"self":[{"href":"https:\/\/www.asajacyl.com\/palencia\/wp-json\/wp\/v2\/posts\/10790"}],"collection":[{"href":"https:\/\/www.asajacyl.com\/palencia\/wp-json\/wp\/v2\/posts"}],"about":[{"href":"https:\/\/www.asajacyl.com\/palencia\/wp-json\/wp\/v2\/types\/post"}],"author":[{"embeddable":true,"href":"https:\/\/www.asajacyl.com\/palencia\/wp-json\/wp\/v2\/users\/9"}],"replies":[{"embeddable":true,"href":"https:\/\/www.asajacyl.com\/palencia\/wp-json\/wp\/v2\/comments?post=10790"}],"version-history":[{"count":3,"href":"https:\/\/www.asajacyl.com\/palencia\/wp-json\/wp\/v2\/posts\/10790\/revisions"}],"predecessor-version":[{"id":10797,"href":"https:\/\/www.asajacyl.com\/palencia\/wp-json\/wp\/v2\/posts\/10790\/revisions\/10797"}],"wp:featuredmedia":[{"embeddable":true,"href":"https:\/\/www.asajacyl.com\/palencia\/wp-json\/wp\/v2\/media\/10792"}],"wp:attachment":[{"href":"https:\/\/www.asajacyl.com\/palencia\/wp-json\/wp\/v2\/media?parent=10790"}],"wp:term":[{"taxonomy":"category","embeddable":true,"href":"https:\/\/www.asajacyl.com\/palencia\/wp-json\/wp\/v2\/categories?post=10790"},{"taxonomy":"post_tag","embeddable":true,"href":"https:\/\/www.asajacyl.com\/palencia\/wp-json\/wp\/v2\/tags?post=10790"}],"curies":[{"name":"wp","href":"https:\/\/api.w.org\/{rel}","templated":true}]}}