{"id":10814,"date":"2022-06-28T10:41:15","date_gmt":"2022-06-28T08:41:15","guid":{"rendered":"https:\/\/www.asajacyl.com\/palencia\/?p=10814"},"modified":"2022-06-28T10:41:50","modified_gmt":"2022-06-28T08:41:50","slug":"espana-ayudara-a-exportar-a-ucrania-pero-en-cantidades-minimas","status":"publish","type":"post","link":"https:\/\/www.asajacyl.com\/palencia\/asaja-palencia-informa\/espana-ayudara-a-exportar-a-ucrania-pero-en-cantidades-minimas","title":{"rendered":"Espa\u00f1a ayudar\u00e1 a exportar a Ucrania, pero en cantidades anecd\u00f3ticas"},"content":{"rendered":"\n<p>El presidente del Gobierno Pedro S\u00e1nchez, ha anunciado que Espa\u00f1a lidera un proyecto p\u00fablico-privado que permitir\u00e1 sacar unas 8.000 toneladas de cereales de Ucrania en los tres pr\u00f3ximos meses, que ser\u00e1n almacenadas en varios silos en puertos espa\u00f1oles del Mediterr\u00e1neo. El proyecto, que comenzar\u00e1 a mediados de julio en fase piloto, cuenta con la colaboraci\u00f3n de Polonia, Luxemburgo y Francia. Se calcula que la cantidad de cereal ucraniano que en este momento est\u00e1 bloqueado por Rusia, alcanza la cantidad de 20 millones de toneladas.<\/p>\n\n\n\n<p>ASAJA-Palencia valora positivamente cualquier actuaci\u00f3n para liberar el grano retenido en Ucrania, con destino a los mercados internacionales, pero a la vez quiere significar que la cantidad que se pretende retirar de Ucrania, tutelada por el Gobierno espa\u00f1ol, no llega a representar ni el 1%, de la cantidad de cereal que los agricultores de la provincia de Palencia van a cosechar esta campa\u00f1a en nuestra provincia.<\/p>\n\n\n\n<p>Mientras Espa\u00f1a est\u00e1 realizando estas acciones, hemos conocido por los medios de comunicaci\u00f3n que Alemania est\u00e1 intentando hacer algo similar pero en este caso con 10 millones de toneladas, que es la mitad del cereal que se calcula que tiene Ucrania almacenado para exportar y el equivalente a dos tercios de la cosecha espa\u00f1ola de este a\u00f1o.<\/p>\n\n\n\n<div class=\"wp-block-image\"><figure class=\"aligncenter size-large is-resized\"><img loading=\"lazy\" decoding=\"async\" src=\"https:\/\/www.asajacyl.com\/palencia\/wp-content\/uploads\/sites\/3\/2022\/06\/SILO-PAREDES-DE-NAVA-766x1024.jpg\" alt=\"\" class=\"wp-image-10822\" width=\"581\" height=\"777\" srcset=\"https:\/\/www.asajacyl.com\/palencia\/wp-content\/uploads\/sites\/3\/2022\/06\/SILO-PAREDES-DE-NAVA-766x1024.jpg 766w, https:\/\/www.asajacyl.com\/palencia\/wp-content\/uploads\/sites\/3\/2022\/06\/SILO-PAREDES-DE-NAVA-224x300.jpg 224w, https:\/\/www.asajacyl.com\/palencia\/wp-content\/uploads\/sites\/3\/2022\/06\/SILO-PAREDES-DE-NAVA-768x1027.jpg 768w, https:\/\/www.asajacyl.com\/palencia\/wp-content\/uploads\/sites\/3\/2022\/06\/SILO-PAREDES-DE-NAVA-1149x1536.jpg 1149w, https:\/\/www.asajacyl.com\/palencia\/wp-content\/uploads\/sites\/3\/2022\/06\/SILO-PAREDES-DE-NAVA-696x930.jpg 696w, https:\/\/www.asajacyl.com\/palencia\/wp-content\/uploads\/sites\/3\/2022\/06\/SILO-PAREDES-DE-NAVA-1068x1428.jpg 1068w, https:\/\/www.asajacyl.com\/palencia\/wp-content\/uploads\/sites\/3\/2022\/06\/SILO-PAREDES-DE-NAVA-314x420.jpg 314w, https:\/\/www.asajacyl.com\/palencia\/wp-content\/uploads\/sites\/3\/2022\/06\/SILO-PAREDES-DE-NAVA.jpg 1532w\" sizes=\"(max-width: 581px) 100vw, 581px\" \/><figcaption>Este silo, con una capacidad de 10.000 toneladas, est\u00e1 situado en Paredes de Nada y ser\u00eda capaz de albergar las 8.000 toneladas de cereales que Espa\u00f1a pretende sacar de Ucrania. <\/figcaption><\/figure><\/div>\n","protected":false},"excerpt":{"rendered":"<p>El presidente del Gobierno Pedro S\u00e1nchez, ha anunciado que Espa\u00f1a lidera un proyecto p\u00fablico-privado que permitir\u00e1 sacar unas 8.000 toneladas de cereales de Ucrania en los tres pr\u00f3ximos meses, que ser\u00e1n almacenadas en varios silos en puertos espa\u00f1oles del Mediterr\u00e1neo. El proyecto, que comenzar\u00e1 a mediados de julio en fase piloto, cuenta con la colaboraci\u00f3n [&hellip;]<\/p>\n","protected":false},"author":9,"featured_media":10822,"comment_status":"open","ping_status":"open","sticky":false,"template":"","format":"standard","meta":{"footnotes":""},"categories":[9,29,28],"tags":[],"yoast_head":"<!-- This site is optimized with the Yoast SEO plugin v24.5 - https:\/\/yoast.com\/wordpress\/plugins\/seo\/ -->\n<title>Espa\u00f1a ayudar\u00e1 a exportar a Ucrania, pero en cantidades anecd\u00f3ticas - ASAJA Palencia<\/title>\n<meta name=\"description\" content=\"El presidente del Gobierno Pedro S\u00e1nchez, ha anunciado que Espa\u00f1a lidera un proyecto p\u00fablico-privado que permitir\u00e1 sacar unas 8.000 toneladas de cereales\" \/>\n<meta name=\"robots\" content=\"index, follow, max-snippet:-1, max-image-preview:large, max-video-preview:-1\" \/>\n<link rel=\"canonical\" href=\"https:\/\/www.asajacyl.com\/palencia\/asaja-palencia-informa\/espana-ayudara-a-exportar-a-ucrania-pero-en-cantidades-minimas\" \/>\n<meta property=\"og:locale\" content=\"es_ES\" \/>\n<meta property=\"og:type\" content=\"article\" \/>\n<meta property=\"og:title\" content=\"Espa\u00f1a ayudar\u00e1 a exportar a Ucrania, pero en cantidades anecd\u00f3ticas - ASAJA Palencia\" \/>\n<meta property=\"og:description\" content=\"El presidente del Gobierno Pedro S\u00e1nchez, ha anunciado que Espa\u00f1a lidera un proyecto p\u00fablico-privado que permitir\u00e1 sacar unas 8.000 toneladas de cereales\" \/>\n<meta property=\"og:url\" content=\"https:\/\/www.asajacyl.com\/palencia\/asaja-palencia-informa\/espana-ayudara-a-exportar-a-ucrania-pero-en-cantidades-minimas\" \/>\n<meta property=\"og:site_name\" content=\"ASAJA Palencia\" \/>\n<meta property=\"article:published_time\" content=\"2022-06-28T08:41:15+00:00\" \/>\n<meta property=\"article:modified_time\" content=\"2022-06-28T08:41:50+00:00\" \/>\n<meta property=\"og:image\" content=\"https:\/\/www.asajacyl.com\/palencia\/wp-content\/uploads\/sites\/3\/2022\/06\/SILO-PAREDES-DE-NAVA.jpg\" \/>\n\t<meta property=\"og:image:width\" content=\"1532\" \/>\n\t<meta property=\"og:image:height\" content=\"2048\" \/>\n\t<meta property=\"og:image:type\" content=\"image\/jpeg\" \/>\n<meta name=\"author\" content=\"Administrador\" \/>\n<meta name=\"twitter:card\" content=\"summary_large_image\" \/>\n<meta name=\"twitter:label1\" content=\"Escrito por\" \/>\n\t<meta name=\"twitter:data1\" content=\"Administrador\" \/>\n\t<meta name=\"twitter:label2\" content=\"Tiempo de lectura\" \/>\n\t<meta name=\"twitter:data2\" content=\"2 minutos\" \/>\n<script type=\"application\/ld+json\" class=\"yoast-schema-graph\">{\"@context\":\"https:\/\/schema.org\",\"@graph\":[{\"@type\":\"WebPage\",\"@id\":\"https:\/\/www.asajacyl.com\/palencia\/asaja-palencia-informa\/espana-ayudara-a-exportar-a-ucrania-pero-en-cantidades-minimas\",\"url\":\"https:\/\/www.asajacyl.com\/palencia\/asaja-palencia-informa\/espana-ayudara-a-exportar-a-ucrania-pero-en-cantidades-minimas\",\"name\":\"Espa\u00f1a ayudar\u00e1 a exportar a Ucrania, pero en cantidades anecd\u00f3ticas - ASAJA Palencia\",\"isPartOf\":{\"@id\":\"https:\/\/www.asajacyl.com\/palencia\/#website\"},\"primaryImageOfPage\":{\"@id\":\"https:\/\/www.asajacyl.com\/palencia\/asaja-palencia-informa\/espana-ayudara-a-exportar-a-ucrania-pero-en-cantidades-minimas#primaryimage\"},\"image\":{\"@id\":\"https:\/\/www.asajacyl.com\/palencia\/asaja-palencia-informa\/espana-ayudara-a-exportar-a-ucrania-pero-en-cantidades-minimas#primaryimage\"},\"thumbnailUrl\":\"https:\/\/www.asajacyl.com\/palencia\/wp-content\/uploads\/sites\/3\/2022\/06\/SILO-PAREDES-DE-NAVA.jpg\",\"datePublished\":\"2022-06-28T08:41:15+00:00\",\"dateModified\":\"2022-06-28T08:41:50+00:00\",\"author\":{\"@id\":\"https:\/\/www.asajacyl.com\/palencia\/#\/schema\/person\/3ab17aeb03527485c317557fae64aab1\"},\"description\":\"El presidente del Gobierno Pedro S\u00e1nchez, ha anunciado que Espa\u00f1a lidera un proyecto p\u00fablico-privado que permitir\u00e1 sacar unas 8.000 toneladas de cereales\",\"breadcrumb\":{\"@id\":\"https:\/\/www.asajacyl.com\/palencia\/asaja-palencia-informa\/espana-ayudara-a-exportar-a-ucrania-pero-en-cantidades-minimas#breadcrumb\"},\"inLanguage\":\"es\",\"potentialAction\":[{\"@type\":\"ReadAction\",\"target\":[\"https:\/\/www.asajacyl.com\/palencia\/asaja-palencia-informa\/espana-ayudara-a-exportar-a-ucrania-pero-en-cantidades-minimas\"]}]},{\"@type\":\"ImageObject\",\"inLanguage\":\"es\",\"@id\":\"https:\/\/www.asajacyl.com\/palencia\/asaja-palencia-informa\/espana-ayudara-a-exportar-a-ucrania-pero-en-cantidades-minimas#primaryimage\",\"url\":\"https:\/\/www.asajacyl.com\/palencia\/wp-content\/uploads\/sites\/3\/2022\/06\/SILO-PAREDES-DE-NAVA.jpg\",\"contentUrl\":\"https:\/\/www.asajacyl.com\/palencia\/wp-content\/uploads\/sites\/3\/2022\/06\/SILO-PAREDES-DE-NAVA.jpg\",\"width\":1532,\"height\":2048},{\"@type\":\"BreadcrumbList\",\"@id\":\"https:\/\/www.asajacyl.com\/palencia\/asaja-palencia-informa\/espana-ayudara-a-exportar-a-ucrania-pero-en-cantidades-minimas#breadcrumb\",\"itemListElement\":[{\"@type\":\"ListItem\",\"position\":1,\"name\":\"Portada\",\"item\":\"https:\/\/www.asajacyl.com\/palencia\/\"},{\"@type\":\"ListItem\",\"position\":2,\"name\":\"Espa\u00f1a ayudar\u00e1 a exportar a Ucrania, pero en cantidades anecd\u00f3ticas\"}]},{\"@type\":\"WebSite\",\"@id\":\"https:\/\/www.asajacyl.com\/palencia\/#website\",\"url\":\"https:\/\/www.asajacyl.com\/palencia\/\",\"name\":\"ASAJA Palencia\",\"description\":\"Otro sitio m\u00e1s de Provincias ASAJA Castilla y Le\u00f3n\",\"potentialAction\":[{\"@type\":\"SearchAction\",\"target\":{\"@type\":\"EntryPoint\",\"urlTemplate\":\"https:\/\/www.asajacyl.com\/palencia\/?s={search_term_string}\"},\"query-input\":{\"@type\":\"PropertyValueSpecification\",\"valueRequired\":true,\"valueName\":\"search_term_string\"}}],\"inLanguage\":\"es\"},{\"@type\":\"Person\",\"@id\":\"https:\/\/www.asajacyl.com\/palencia\/#\/schema\/person\/3ab17aeb03527485c317557fae64aab1\",\"name\":\"Administrador\",\"image\":{\"@type\":\"ImageObject\",\"inLanguage\":\"es\",\"@id\":\"https:\/\/www.asajacyl.com\/palencia\/#\/schema\/person\/image\/\",\"url\":\"https:\/\/secure.gravatar.com\/avatar\/517384810d242ca9e38c180f3c9fb973?s=96&d=mm&r=g\",\"contentUrl\":\"https:\/\/secure.gravatar.com\/avatar\/517384810d242ca9e38c180f3c9fb973?s=96&d=mm&r=g\",\"caption\":\"Administrador\"},\"url\":\"https:\/\/www.asajacyl.com\/palencia\/author\/carlosrm\"}]}<\/script>\n<!-- \/ Yoast SEO plugin. -->","yoast_head_json":{"title":"Espa\u00f1a ayudar\u00e1 a exportar a Ucrania, pero en cantidades anecd\u00f3ticas - ASAJA Palencia","description":"El presidente del Gobierno Pedro S\u00e1nchez, ha anunciado que Espa\u00f1a lidera un proyecto p\u00fablico-privado que permitir\u00e1 sacar unas 8.000 toneladas de cereales","robots":{"index":"index","follow":"follow","max-snippet":"max-snippet:-1","max-image-preview":"max-image-preview:large","max-video-preview":"max-video-preview:-1"},"canonical":"https:\/\/www.asajacyl.com\/palencia\/asaja-palencia-informa\/espana-ayudara-a-exportar-a-ucrania-pero-en-cantidades-minimas","og_locale":"es_ES","og_type":"article","og_title":"Espa\u00f1a ayudar\u00e1 a exportar a Ucrania, pero en cantidades anecd\u00f3ticas - ASAJA Palencia","og_description":"El presidente del Gobierno Pedro S\u00e1nchez, ha anunciado que Espa\u00f1a lidera un proyecto p\u00fablico-privado que permitir\u00e1 sacar unas 8.000 toneladas de cereales","og_url":"https:\/\/www.asajacyl.com\/palencia\/asaja-palencia-informa\/espana-ayudara-a-exportar-a-ucrania-pero-en-cantidades-minimas","og_site_name":"ASAJA Palencia","article_published_time":"2022-06-28T08:41:15+00:00","article_modified_time":"2022-06-28T08:41:50+00:00","og_image":[{"width":1532,"height":2048,"url":"https:\/\/www.asajacyl.com\/palencia\/wp-content\/uploads\/sites\/3\/2022\/06\/SILO-PAREDES-DE-NAVA.jpg","type":"image\/jpeg"}],"author":"Administrador","twitter_card":"summary_large_image","twitter_misc":{"Escrito por":"Administrador","Tiempo de lectura":"2 minutos"},"schema":{"@context":"https:\/\/schema.org","@graph":[{"@type":"WebPage","@id":"https:\/\/www.asajacyl.com\/palencia\/asaja-palencia-informa\/espana-ayudara-a-exportar-a-ucrania-pero-en-cantidades-minimas","url":"https:\/\/www.asajacyl.com\/palencia\/asaja-palencia-informa\/espana-ayudara-a-exportar-a-ucrania-pero-en-cantidades-minimas","name":"Espa\u00f1a ayudar\u00e1 a exportar a Ucrania, pero en cantidades anecd\u00f3ticas - ASAJA Palencia","isPartOf":{"@id":"https:\/\/www.asajacyl.com\/palencia\/#website"},"primaryImageOfPage":{"@id":"https:\/\/www.asajacyl.com\/palencia\/asaja-palencia-informa\/espana-ayudara-a-exportar-a-ucrania-pero-en-cantidades-minimas#primaryimage"},"image":{"@id":"https:\/\/www.asajacyl.com\/palencia\/asaja-palencia-informa\/espana-ayudara-a-exportar-a-ucrania-pero-en-cantidades-minimas#primaryimage"},"thumbnailUrl":"https:\/\/www.asajacyl.com\/palencia\/wp-content\/uploads\/sites\/3\/2022\/06\/SILO-PAREDES-DE-NAVA.jpg","datePublished":"2022-06-28T08:41:15+00:00","dateModified":"2022-06-28T08:41:50+00:00","author":{"@id":"https:\/\/www.asajacyl.com\/palencia\/#\/schema\/person\/3ab17aeb03527485c317557fae64aab1"},"description":"El presidente del Gobierno Pedro S\u00e1nchez, ha anunciado que Espa\u00f1a lidera un proyecto p\u00fablico-privado que permitir\u00e1 sacar unas 8.000 toneladas de cereales","breadcrumb":{"@id":"https:\/\/www.asajacyl.com\/palencia\/asaja-palencia-informa\/espana-ayudara-a-exportar-a-ucrania-pero-en-cantidades-minimas#breadcrumb"},"inLanguage":"es","potentialAction":[{"@type":"ReadAction","target":["https:\/\/www.asajacyl.com\/palencia\/asaja-palencia-informa\/espana-ayudara-a-exportar-a-ucrania-pero-en-cantidades-minimas"]}]},{"@type":"ImageObject","inLanguage":"es","@id":"https:\/\/www.asajacyl.com\/palencia\/asaja-palencia-informa\/espana-ayudara-a-exportar-a-ucrania-pero-en-cantidades-minimas#primaryimage","url":"https:\/\/www.asajacyl.com\/palencia\/wp-content\/uploads\/sites\/3\/2022\/06\/SILO-PAREDES-DE-NAVA.jpg","contentUrl":"https:\/\/www.asajacyl.com\/palencia\/wp-content\/uploads\/sites\/3\/2022\/06\/SILO-PAREDES-DE-NAVA.jpg","width":1532,"height":2048},{"@type":"BreadcrumbList","@id":"https:\/\/www.asajacyl.com\/palencia\/asaja-palencia-informa\/espana-ayudara-a-exportar-a-ucrania-pero-en-cantidades-minimas#breadcrumb","itemListElement":[{"@type":"ListItem","position":1,"name":"Portada","item":"https:\/\/www.asajacyl.com\/palencia\/"},{"@type":"ListItem","position":2,"name":"Espa\u00f1a ayudar\u00e1 a exportar a Ucrania, pero en cantidades anecd\u00f3ticas"}]},{"@type":"WebSite","@id":"https:\/\/www.asajacyl.com\/palencia\/#website","url":"https:\/\/www.asajacyl.com\/palencia\/","name":"ASAJA Palencia","description":"Otro sitio m\u00e1s de Provincias ASAJA Castilla y Le\u00f3n","potentialAction":[{"@type":"SearchAction","target":{"@type":"EntryPoint","urlTemplate":"https:\/\/www.asajacyl.com\/palencia\/?s={search_term_string}"},"query-input":{"@type":"PropertyValueSpecification","valueRequired":true,"valueName":"search_term_string"}}],"inLanguage":"es"},{"@type":"Person","@id":"https:\/\/www.asajacyl.com\/palencia\/#\/schema\/person\/3ab17aeb03527485c317557fae64aab1","name":"Administrador","image":{"@type":"ImageObject","inLanguage":"es","@id":"https:\/\/www.asajacyl.com\/palencia\/#\/schema\/person\/image\/","url":"https:\/\/secure.gravatar.com\/avatar\/517384810d242ca9e38c180f3c9fb973?s=96&d=mm&r=g","contentUrl":"https:\/\/secure.gravatar.com\/avatar\/517384810d242ca9e38c180f3c9fb973?s=96&d=mm&r=g","caption":"Administrador"},"url":"https:\/\/www.asajacyl.com\/palencia\/author\/carlosrm"}]}},"_links":{"self":[{"href":"https:\/\/www.asajacyl.com\/palencia\/wp-json\/wp\/v2\/posts\/10814"}],"collection":[{"href":"https:\/\/www.asajacyl.com\/palencia\/wp-json\/wp\/v2\/posts"}],"about":[{"href":"https:\/\/www.asajacyl.com\/palencia\/wp-json\/wp\/v2\/types\/post"}],"author":[{"embeddable":true,"href":"https:\/\/www.asajacyl.com\/palencia\/wp-json\/wp\/v2\/users\/9"}],"replies":[{"embeddable":true,"href":"https:\/\/www.asajacyl.com\/palencia\/wp-json\/wp\/v2\/comments?post=10814"}],"version-history":[{"count":5,"href":"https:\/\/www.asajacyl.com\/palencia\/wp-json\/wp\/v2\/posts\/10814\/revisions"}],"predecessor-version":[{"id":10827,"href":"https:\/\/www.asajacyl.com\/palencia\/wp-json\/wp\/v2\/posts\/10814\/revisions\/10827"}],"wp:featuredmedia":[{"embeddable":true,"href":"https:\/\/www.asajacyl.com\/palencia\/wp-json\/wp\/v2\/media\/10822"}],"wp:attachment":[{"href":"https:\/\/www.asajacyl.com\/palencia\/wp-json\/wp\/v2\/media?parent=10814"}],"wp:term":[{"taxonomy":"category","embeddable":true,"href":"https:\/\/www.asajacyl.com\/palencia\/wp-json\/wp\/v2\/categories?post=10814"},{"taxonomy":"post_tag","embeddable":true,"href":"https:\/\/www.asajacyl.com\/palencia\/wp-json\/wp\/v2\/tags?post=10814"}],"curies":[{"name":"wp","href":"https:\/\/api.w.org\/{rel}","templated":true}]}}