{"id":10831,"date":"2022-06-28T14:31:12","date_gmt":"2022-06-28T12:31:12","guid":{"rendered":"https:\/\/www.asajacyl.com\/palencia\/?p=10831"},"modified":"2022-06-29T09:44:48","modified_gmt":"2022-06-29T07:44:48","slug":"asaja-critica-la-eliminacion-de-la-ayuda-a-girasol-y-colza-en-la-nueva-pac","status":"publish","type":"post","link":"https:\/\/www.asajacyl.com\/palencia\/asaja-palencia-informa\/asaja-critica-la-eliminacion-de-la-ayuda-a-girasol-y-colza-en-la-nueva-pac","title":{"rendered":"ASAJA critica la eliminaci\u00f3n de la ayuda a girasol y colza en la nueva PAC"},"content":{"rendered":"\n<p>Tras casi veinte a\u00f1os y tras las dos \u00faltimas PAC recibiendo la ayuda asociada a cultivos proteicos, girasol y colza quedar\u00e1n ahora excluidos. Ayer inform\u00f3 el secretario general de Agricultura, Fernando Miranda, a las organizaciones agrarias de los ajustes que exige la Comisi\u00f3n Europea al Plan Estrat\u00e9gico de la PAC dise\u00f1ado por Espa\u00f1a, entre los que destaca este cambio que impacta directamente sobre la agricultura de Castilla y Le\u00f3n, comunidad que es la mayor productora tanto de girasol como de colza en Espa\u00f1a.<\/p>\n\n\n\n<p>ASAJA recuerda que en la PAC actual el cultivo del girasol, junto a otras oleaginosas, est\u00e1 incluido en este paquete de cultivos susceptibles de percibir una ayuda asociada a los cultivos proteicos, si bien en menor intensidad que leguminosas o proteaginosas. Adem\u00e1s, el cultivo del girasol y la colza tienen un tope de hect\u00e1reas a partir de la cuales ya no se percibe esta ayuda, 50 hect\u00e1reas.<\/p>\n\n\n\n<p>En el proceso actual de negociaci\u00f3n de la nueva PAC entre Espa\u00f1a y la UE en torno a la materializaci\u00f3n de nuestro Plan Estrat\u00e9gico Nacional, que en resumen es el compendio de medidas para alcanzar los objetivos de la PAC, las oleaginosas han pasado de ser un cultivo que nadie discut\u00eda que deb\u00eda estar dentro del paquete proteico, e incluso se le iba a eliminar el tope de hect\u00e1reas mencionado, a quedar fuera de estas ayudas asociadas.<\/p>\n\n\n\n<p>Como respuesta a este varapalo, el plan del Ministerio ser\u00e1 repartir los 45M\u20ac previstos para la ayuda asociada a este cultivo dentro de la Ayuda b\u00e1sica a la Renta para la Sostenibilidad en aquellas \u201cregiones girasoleras\u201d, considerando como tal pr\u00e1cticamente todo el secano nacional. Para ASAJA, esta propuesta supondr\u00eda diluir estas ayudas, con un m\u00ednimo incremento para todos los agricultores, independientemente de que sean cultivadores o no de girasol. \u201cLo que propone el Ministerio es un sistema de caf\u00e9 para todos, que dejar\u00e1 al cultivo sin incentivo real. Algo injusto y adem\u00e1s peligroso porque hist\u00f3ricamente somos deficitarios en estas producciones\u201d, apunta el presidente de ASAJA de Castilla y Le\u00f3n, Donaciano Dujo.<\/p>\n\n\n\n<p>ASAJA propone al Ministerio que arbitre y dote medidas de apoyo directo a estos cultivos para que permanezcan en las zonas a las que siempre ha estado unido. Hay que tener en cuenta que el girasol es de las escas\u00edsimas alternativas al cereal en comarcas agr\u00edcolas con una agricultura complicada.<\/p>\n\n\n\n<p>La superficie de girasol cultivada en Palencia marca una tendencia al alza donde en el \u00faltimo decenio (2011-2021) la media ha superado las 41.500 hect\u00e1reas, lo que hace ver que es un cultivo muy representativo en la provincia. En este convulso 2022, la superficie sembrada de girasol se ha incrementado notablemente hasta las 59.228 hect\u00e1reas, todo un hito en el cultivo de girasol que puede reducirse notablemente si se materializa la p\u00e9rdida del pago proteico que incentiva su cultivo, aunque bien es cierto que cada vez es m\u00e1s apreciado en las rotaciones de los agricultores palentinos.<\/p>\n\n\n\n<p>Por su parte, la colza muestra un aumento espectacular de superficie sembrada en los \u00faltimos a\u00f1os. Todav\u00eda supone un n\u00famero de hect\u00e1reas muy reducido del total provincial pero cada vez m\u00e1s agricultores cuentan con ella en su rotaci\u00f3n de cultivos. En 2022 las hect\u00e1reas de colza han sido 5.653, dato muy superior a las 3.290 del pasado 2021, que ya fue un buen a\u00f1o para la colza porque entre los a\u00f1os 2016 y 2020 la superficie sembrada de colza ascendi\u00f3 a 1.063 hect\u00e1reas.<\/p>\n\n\n\n<figure class=\"wp-block-image size-large\"><img loading=\"lazy\" decoding=\"async\" width=\"1024\" height=\"595\" src=\"https:\/\/www.asajacyl.com\/palencia\/wp-content\/uploads\/sites\/3\/2022\/06\/image-6-1024x595.png\" alt=\"\" class=\"wp-image-10832\" srcset=\"https:\/\/www.asajacyl.com\/palencia\/wp-content\/uploads\/sites\/3\/2022\/06\/image-6-1024x595.png 1024w, https:\/\/www.asajacyl.com\/palencia\/wp-content\/uploads\/sites\/3\/2022\/06\/image-6-300x174.png 300w, https:\/\/www.asajacyl.com\/palencia\/wp-content\/uploads\/sites\/3\/2022\/06\/image-6-768x446.png 768w, https:\/\/www.asajacyl.com\/palencia\/wp-content\/uploads\/sites\/3\/2022\/06\/image-6-696x404.png 696w, https:\/\/www.asajacyl.com\/palencia\/wp-content\/uploads\/sites\/3\/2022\/06\/image-6-1068x620.png 1068w, https:\/\/www.asajacyl.com\/palencia\/wp-content\/uploads\/sites\/3\/2022\/06\/image-6-723x420.png 723w, https:\/\/www.asajacyl.com\/palencia\/wp-content\/uploads\/sites\/3\/2022\/06\/image-6.png 1272w\" sizes=\"(max-width: 1024px) 100vw, 1024px\" \/><\/figure>\n\n\n\n<figure class=\"wp-block-image size-large\"><img loading=\"lazy\" decoding=\"async\" width=\"1024\" height=\"595\" src=\"https:\/\/www.asajacyl.com\/palencia\/wp-content\/uploads\/sites\/3\/2022\/06\/image-7-1024x595.png\" alt=\"\" class=\"wp-image-10838\" srcset=\"https:\/\/www.asajacyl.com\/palencia\/wp-content\/uploads\/sites\/3\/2022\/06\/image-7-1024x595.png 1024w, https:\/\/www.asajacyl.com\/palencia\/wp-content\/uploads\/sites\/3\/2022\/06\/image-7-300x174.png 300w, https:\/\/www.asajacyl.com\/palencia\/wp-content\/uploads\/sites\/3\/2022\/06\/image-7-768x446.png 768w, https:\/\/www.asajacyl.com\/palencia\/wp-content\/uploads\/sites\/3\/2022\/06\/image-7-696x404.png 696w, https:\/\/www.asajacyl.com\/palencia\/wp-content\/uploads\/sites\/3\/2022\/06\/image-7-1068x620.png 1068w, https:\/\/www.asajacyl.com\/palencia\/wp-content\/uploads\/sites\/3\/2022\/06\/image-7-723x420.png 723w, https:\/\/www.asajacyl.com\/palencia\/wp-content\/uploads\/sites\/3\/2022\/06\/image-7.png 1272w\" sizes=\"(max-width: 1024px) 100vw, 1024px\" \/><\/figure>\n","protected":false},"excerpt":{"rendered":"<p>Tras casi veinte a\u00f1os y tras las dos \u00faltimas PAC recibiendo la ayuda asociada a cultivos proteicos, girasol y colza quedar\u00e1n ahora excluidos. Ayer inform\u00f3 el secretario general de Agricultura, Fernando Miranda, a las organizaciones agrarias de los ajustes que exige la Comisi\u00f3n Europea al Plan Estrat\u00e9gico de la PAC dise\u00f1ado por Espa\u00f1a, entre los [&hellip;]<\/p>\n","protected":false},"author":9,"featured_media":10832,"comment_status":"open","ping_status":"open","sticky":false,"template":"","format":"standard","meta":{"footnotes":""},"categories":[9,29,28],"tags":[],"yoast_head":"<!-- This site is optimized with the Yoast SEO plugin v24.5 - https:\/\/yoast.com\/wordpress\/plugins\/seo\/ -->\n<title>ASAJA critica la eliminaci\u00f3n de la ayuda a girasol y colza en la nueva PAC - ASAJA Palencia<\/title>\n<meta name=\"description\" content=\"Tras casi veinte a\u00f1os y tras las dos \u00faltimas PAC recibiendo la ayuda asociada a cultivos proteicos, girasol y colza quedar\u00e1n ahora excluidos. Ayer inform\u00f3\" \/>\n<meta name=\"robots\" content=\"index, follow, max-snippet:-1, max-image-preview:large, max-video-preview:-1\" \/>\n<link rel=\"canonical\" href=\"https:\/\/www.asajacyl.com\/palencia\/asaja-palencia-informa\/asaja-critica-la-eliminacion-de-la-ayuda-a-girasol-y-colza-en-la-nueva-pac\" \/>\n<meta property=\"og:locale\" content=\"es_ES\" \/>\n<meta property=\"og:type\" content=\"article\" \/>\n<meta property=\"og:title\" content=\"ASAJA critica la eliminaci\u00f3n de la ayuda a girasol y colza en la nueva PAC - ASAJA Palencia\" \/>\n<meta property=\"og:description\" content=\"Tras casi veinte a\u00f1os y tras las dos \u00faltimas PAC recibiendo la ayuda asociada a cultivos proteicos, girasol y colza quedar\u00e1n ahora excluidos. Ayer inform\u00f3\" \/>\n<meta property=\"og:url\" content=\"https:\/\/www.asajacyl.com\/palencia\/asaja-palencia-informa\/asaja-critica-la-eliminacion-de-la-ayuda-a-girasol-y-colza-en-la-nueva-pac\" \/>\n<meta property=\"og:site_name\" content=\"ASAJA Palencia\" \/>\n<meta property=\"article:published_time\" content=\"2022-06-28T12:31:12+00:00\" \/>\n<meta property=\"article:modified_time\" content=\"2022-06-29T07:44:48+00:00\" \/>\n<meta property=\"og:image\" content=\"https:\/\/www.asajacyl.com\/palencia\/wp-content\/uploads\/sites\/3\/2022\/06\/image-6.png\" \/>\n\t<meta property=\"og:image:width\" content=\"1272\" \/>\n\t<meta property=\"og:image:height\" content=\"739\" \/>\n\t<meta property=\"og:image:type\" content=\"image\/png\" \/>\n<meta name=\"author\" content=\"Administrador\" \/>\n<meta name=\"twitter:card\" content=\"summary_large_image\" \/>\n<meta name=\"twitter:label1\" content=\"Escrito por\" \/>\n\t<meta name=\"twitter:data1\" content=\"Administrador\" \/>\n\t<meta name=\"twitter:label2\" content=\"Tiempo de lectura\" \/>\n\t<meta name=\"twitter:data2\" content=\"4 minutos\" \/>\n<script type=\"application\/ld+json\" class=\"yoast-schema-graph\">{\"@context\":\"https:\/\/schema.org\",\"@graph\":[{\"@type\":\"WebPage\",\"@id\":\"https:\/\/www.asajacyl.com\/palencia\/asaja-palencia-informa\/asaja-critica-la-eliminacion-de-la-ayuda-a-girasol-y-colza-en-la-nueva-pac\",\"url\":\"https:\/\/www.asajacyl.com\/palencia\/asaja-palencia-informa\/asaja-critica-la-eliminacion-de-la-ayuda-a-girasol-y-colza-en-la-nueva-pac\",\"name\":\"ASAJA critica la eliminaci\u00f3n de la ayuda a girasol y colza en la nueva PAC - ASAJA Palencia\",\"isPartOf\":{\"@id\":\"https:\/\/www.asajacyl.com\/palencia\/#website\"},\"primaryImageOfPage\":{\"@id\":\"https:\/\/www.asajacyl.com\/palencia\/asaja-palencia-informa\/asaja-critica-la-eliminacion-de-la-ayuda-a-girasol-y-colza-en-la-nueva-pac#primaryimage\"},\"image\":{\"@id\":\"https:\/\/www.asajacyl.com\/palencia\/asaja-palencia-informa\/asaja-critica-la-eliminacion-de-la-ayuda-a-girasol-y-colza-en-la-nueva-pac#primaryimage\"},\"thumbnailUrl\":\"https:\/\/www.asajacyl.com\/palencia\/wp-content\/uploads\/sites\/3\/2022\/06\/image-6.png\",\"datePublished\":\"2022-06-28T12:31:12+00:00\",\"dateModified\":\"2022-06-29T07:44:48+00:00\",\"author\":{\"@id\":\"https:\/\/www.asajacyl.com\/palencia\/#\/schema\/person\/3ab17aeb03527485c317557fae64aab1\"},\"description\":\"Tras casi veinte a\u00f1os y tras las dos \u00faltimas PAC recibiendo la ayuda asociada a cultivos proteicos, girasol y colza quedar\u00e1n ahora excluidos. Ayer inform\u00f3\",\"breadcrumb\":{\"@id\":\"https:\/\/www.asajacyl.com\/palencia\/asaja-palencia-informa\/asaja-critica-la-eliminacion-de-la-ayuda-a-girasol-y-colza-en-la-nueva-pac#breadcrumb\"},\"inLanguage\":\"es\",\"potentialAction\":[{\"@type\":\"ReadAction\",\"target\":[\"https:\/\/www.asajacyl.com\/palencia\/asaja-palencia-informa\/asaja-critica-la-eliminacion-de-la-ayuda-a-girasol-y-colza-en-la-nueva-pac\"]}]},{\"@type\":\"ImageObject\",\"inLanguage\":\"es\",\"@id\":\"https:\/\/www.asajacyl.com\/palencia\/asaja-palencia-informa\/asaja-critica-la-eliminacion-de-la-ayuda-a-girasol-y-colza-en-la-nueva-pac#primaryimage\",\"url\":\"https:\/\/www.asajacyl.com\/palencia\/wp-content\/uploads\/sites\/3\/2022\/06\/image-6.png\",\"contentUrl\":\"https:\/\/www.asajacyl.com\/palencia\/wp-content\/uploads\/sites\/3\/2022\/06\/image-6.png\",\"width\":1272,\"height\":739},{\"@type\":\"BreadcrumbList\",\"@id\":\"https:\/\/www.asajacyl.com\/palencia\/asaja-palencia-informa\/asaja-critica-la-eliminacion-de-la-ayuda-a-girasol-y-colza-en-la-nueva-pac#breadcrumb\",\"itemListElement\":[{\"@type\":\"ListItem\",\"position\":1,\"name\":\"Portada\",\"item\":\"https:\/\/www.asajacyl.com\/palencia\/\"},{\"@type\":\"ListItem\",\"position\":2,\"name\":\"ASAJA critica la eliminaci\u00f3n de la ayuda a girasol y colza en la nueva PAC\"}]},{\"@type\":\"WebSite\",\"@id\":\"https:\/\/www.asajacyl.com\/palencia\/#website\",\"url\":\"https:\/\/www.asajacyl.com\/palencia\/\",\"name\":\"ASAJA Palencia\",\"description\":\"Otro sitio m\u00e1s de Provincias ASAJA Castilla y Le\u00f3n\",\"potentialAction\":[{\"@type\":\"SearchAction\",\"target\":{\"@type\":\"EntryPoint\",\"urlTemplate\":\"https:\/\/www.asajacyl.com\/palencia\/?s={search_term_string}\"},\"query-input\":{\"@type\":\"PropertyValueSpecification\",\"valueRequired\":true,\"valueName\":\"search_term_string\"}}],\"inLanguage\":\"es\"},{\"@type\":\"Person\",\"@id\":\"https:\/\/www.asajacyl.com\/palencia\/#\/schema\/person\/3ab17aeb03527485c317557fae64aab1\",\"name\":\"Administrador\",\"image\":{\"@type\":\"ImageObject\",\"inLanguage\":\"es\",\"@id\":\"https:\/\/www.asajacyl.com\/palencia\/#\/schema\/person\/image\/\",\"url\":\"https:\/\/secure.gravatar.com\/avatar\/517384810d242ca9e38c180f3c9fb973?s=96&d=mm&r=g\",\"contentUrl\":\"https:\/\/secure.gravatar.com\/avatar\/517384810d242ca9e38c180f3c9fb973?s=96&d=mm&r=g\",\"caption\":\"Administrador\"},\"url\":\"https:\/\/www.asajacyl.com\/palencia\/author\/carlosrm\"}]}<\/script>\n<!-- \/ Yoast SEO plugin. -->","yoast_head_json":{"title":"ASAJA critica la eliminaci\u00f3n de la ayuda a girasol y colza en la nueva PAC - ASAJA Palencia","description":"Tras casi veinte a\u00f1os y tras las dos \u00faltimas PAC recibiendo la ayuda asociada a cultivos proteicos, girasol y colza quedar\u00e1n ahora excluidos. Ayer inform\u00f3","robots":{"index":"index","follow":"follow","max-snippet":"max-snippet:-1","max-image-preview":"max-image-preview:large","max-video-preview":"max-video-preview:-1"},"canonical":"https:\/\/www.asajacyl.com\/palencia\/asaja-palencia-informa\/asaja-critica-la-eliminacion-de-la-ayuda-a-girasol-y-colza-en-la-nueva-pac","og_locale":"es_ES","og_type":"article","og_title":"ASAJA critica la eliminaci\u00f3n de la ayuda a girasol y colza en la nueva PAC - ASAJA Palencia","og_description":"Tras casi veinte a\u00f1os y tras las dos \u00faltimas PAC recibiendo la ayuda asociada a cultivos proteicos, girasol y colza quedar\u00e1n ahora excluidos. Ayer inform\u00f3","og_url":"https:\/\/www.asajacyl.com\/palencia\/asaja-palencia-informa\/asaja-critica-la-eliminacion-de-la-ayuda-a-girasol-y-colza-en-la-nueva-pac","og_site_name":"ASAJA Palencia","article_published_time":"2022-06-28T12:31:12+00:00","article_modified_time":"2022-06-29T07:44:48+00:00","og_image":[{"width":1272,"height":739,"url":"https:\/\/www.asajacyl.com\/palencia\/wp-content\/uploads\/sites\/3\/2022\/06\/image-6.png","type":"image\/png"}],"author":"Administrador","twitter_card":"summary_large_image","twitter_misc":{"Escrito por":"Administrador","Tiempo de lectura":"4 minutos"},"schema":{"@context":"https:\/\/schema.org","@graph":[{"@type":"WebPage","@id":"https:\/\/www.asajacyl.com\/palencia\/asaja-palencia-informa\/asaja-critica-la-eliminacion-de-la-ayuda-a-girasol-y-colza-en-la-nueva-pac","url":"https:\/\/www.asajacyl.com\/palencia\/asaja-palencia-informa\/asaja-critica-la-eliminacion-de-la-ayuda-a-girasol-y-colza-en-la-nueva-pac","name":"ASAJA critica la eliminaci\u00f3n de la ayuda a girasol y colza en la nueva PAC - ASAJA Palencia","isPartOf":{"@id":"https:\/\/www.asajacyl.com\/palencia\/#website"},"primaryImageOfPage":{"@id":"https:\/\/www.asajacyl.com\/palencia\/asaja-palencia-informa\/asaja-critica-la-eliminacion-de-la-ayuda-a-girasol-y-colza-en-la-nueva-pac#primaryimage"},"image":{"@id":"https:\/\/www.asajacyl.com\/palencia\/asaja-palencia-informa\/asaja-critica-la-eliminacion-de-la-ayuda-a-girasol-y-colza-en-la-nueva-pac#primaryimage"},"thumbnailUrl":"https:\/\/www.asajacyl.com\/palencia\/wp-content\/uploads\/sites\/3\/2022\/06\/image-6.png","datePublished":"2022-06-28T12:31:12+00:00","dateModified":"2022-06-29T07:44:48+00:00","author":{"@id":"https:\/\/www.asajacyl.com\/palencia\/#\/schema\/person\/3ab17aeb03527485c317557fae64aab1"},"description":"Tras casi veinte a\u00f1os y tras las dos \u00faltimas PAC recibiendo la ayuda asociada a cultivos proteicos, girasol y colza quedar\u00e1n ahora excluidos. Ayer inform\u00f3","breadcrumb":{"@id":"https:\/\/www.asajacyl.com\/palencia\/asaja-palencia-informa\/asaja-critica-la-eliminacion-de-la-ayuda-a-girasol-y-colza-en-la-nueva-pac#breadcrumb"},"inLanguage":"es","potentialAction":[{"@type":"ReadAction","target":["https:\/\/www.asajacyl.com\/palencia\/asaja-palencia-informa\/asaja-critica-la-eliminacion-de-la-ayuda-a-girasol-y-colza-en-la-nueva-pac"]}]},{"@type":"ImageObject","inLanguage":"es","@id":"https:\/\/www.asajacyl.com\/palencia\/asaja-palencia-informa\/asaja-critica-la-eliminacion-de-la-ayuda-a-girasol-y-colza-en-la-nueva-pac#primaryimage","url":"https:\/\/www.asajacyl.com\/palencia\/wp-content\/uploads\/sites\/3\/2022\/06\/image-6.png","contentUrl":"https:\/\/www.asajacyl.com\/palencia\/wp-content\/uploads\/sites\/3\/2022\/06\/image-6.png","width":1272,"height":739},{"@type":"BreadcrumbList","@id":"https:\/\/www.asajacyl.com\/palencia\/asaja-palencia-informa\/asaja-critica-la-eliminacion-de-la-ayuda-a-girasol-y-colza-en-la-nueva-pac#breadcrumb","itemListElement":[{"@type":"ListItem","position":1,"name":"Portada","item":"https:\/\/www.asajacyl.com\/palencia\/"},{"@type":"ListItem","position":2,"name":"ASAJA critica la eliminaci\u00f3n de la ayuda a girasol y colza en la nueva PAC"}]},{"@type":"WebSite","@id":"https:\/\/www.asajacyl.com\/palencia\/#website","url":"https:\/\/www.asajacyl.com\/palencia\/","name":"ASAJA Palencia","description":"Otro sitio m\u00e1s de Provincias ASAJA Castilla y Le\u00f3n","potentialAction":[{"@type":"SearchAction","target":{"@type":"EntryPoint","urlTemplate":"https:\/\/www.asajacyl.com\/palencia\/?s={search_term_string}"},"query-input":{"@type":"PropertyValueSpecification","valueRequired":true,"valueName":"search_term_string"}}],"inLanguage":"es"},{"@type":"Person","@id":"https:\/\/www.asajacyl.com\/palencia\/#\/schema\/person\/3ab17aeb03527485c317557fae64aab1","name":"Administrador","image":{"@type":"ImageObject","inLanguage":"es","@id":"https:\/\/www.asajacyl.com\/palencia\/#\/schema\/person\/image\/","url":"https:\/\/secure.gravatar.com\/avatar\/517384810d242ca9e38c180f3c9fb973?s=96&d=mm&r=g","contentUrl":"https:\/\/secure.gravatar.com\/avatar\/517384810d242ca9e38c180f3c9fb973?s=96&d=mm&r=g","caption":"Administrador"},"url":"https:\/\/www.asajacyl.com\/palencia\/author\/carlosrm"}]}},"_links":{"self":[{"href":"https:\/\/www.asajacyl.com\/palencia\/wp-json\/wp\/v2\/posts\/10831"}],"collection":[{"href":"https:\/\/www.asajacyl.com\/palencia\/wp-json\/wp\/v2\/posts"}],"about":[{"href":"https:\/\/www.asajacyl.com\/palencia\/wp-json\/wp\/v2\/types\/post"}],"author":[{"embeddable":true,"href":"https:\/\/www.asajacyl.com\/palencia\/wp-json\/wp\/v2\/users\/9"}],"replies":[{"embeddable":true,"href":"https:\/\/www.asajacyl.com\/palencia\/wp-json\/wp\/v2\/comments?post=10831"}],"version-history":[{"count":3,"href":"https:\/\/www.asajacyl.com\/palencia\/wp-json\/wp\/v2\/posts\/10831\/revisions"}],"predecessor-version":[{"id":10840,"href":"https:\/\/www.asajacyl.com\/palencia\/wp-json\/wp\/v2\/posts\/10831\/revisions\/10840"}],"wp:featuredmedia":[{"embeddable":true,"href":"https:\/\/www.asajacyl.com\/palencia\/wp-json\/wp\/v2\/media\/10832"}],"wp:attachment":[{"href":"https:\/\/www.asajacyl.com\/palencia\/wp-json\/wp\/v2\/media?parent=10831"}],"wp:term":[{"taxonomy":"category","embeddable":true,"href":"https:\/\/www.asajacyl.com\/palencia\/wp-json\/wp\/v2\/categories?post=10831"},{"taxonomy":"post_tag","embeddable":true,"href":"https:\/\/www.asajacyl.com\/palencia\/wp-json\/wp\/v2\/tags?post=10831"}],"curies":[{"name":"wp","href":"https:\/\/api.w.org\/{rel}","templated":true}]}}