{"id":10836,"date":"2022-06-29T11:29:04","date_gmt":"2022-06-29T09:29:04","guid":{"rendered":"https:\/\/www.asajacyl.com\/palencia\/?p=10836"},"modified":"2022-06-29T11:29:06","modified_gmt":"2022-06-29T09:29:06","slug":"la-comision-quiere-prohibir-los-plaguicidas-en-las-zonas-pertenecientes-a-la-red-natura-2000","status":"publish","type":"post","link":"https:\/\/www.asajacyl.com\/palencia\/asaja-palencia-informa\/la-comision-quiere-prohibir-los-plaguicidas-en-las-zonas-pertenecientes-a-la-red-natura-2000","title":{"rendered":"La Comisi\u00f3n quiere prohibir los plaguicidas en las zonas pertenecientes a la Red Natura 2000"},"content":{"rendered":"\n<p>Recientemente la Comisi\u00f3n ha realizado una propuesta para reducir el uso de plaguicidas en un 50% de aqu\u00ed a 2030 y, a su vez, que los considerados m\u00e1s peligrosos tambi\u00e9n reduzcan su uso el 50%. Esta propuesta se enmarca en las estrategias \u00abDe la granja a la mesa\u00bb y \u00abBiodiversidad\u00bb, dentro de lo conocido como \u00abPacto Verde Europeo\u00bb y ha sido denominada Ley de Restauraci\u00f3n de la Naturaleza, cuyo fin es \u00abrestaurar los humedales, r\u00edos, bosques, pastizales\u00bb alegando lo fundamental que es para \u00abnuestra seguridad alimentaria, nuestra resiliencia frente al cambio clim\u00e1tico, nuestra salud y nuestro bienestar\u00bb.<\/p>\n\n\n\n<p>En otra parte del documento se indica que las zonas afectadas \u00abno se van a convertir en zonas protegidas [&#8230;] incluso en la zonas en las que se desarrolla la actividad econ\u00f3mica como [&#8230;] las tierras agr\u00edcolas\u00bb. Seg\u00fan contin\u00faa, la restauraci\u00f3n de la naturaleza \u00abtiene un impacto especialmente positivo en quienes dependen directamente de una naturaleza sana para sustento, como los agricultores\u00bb.<\/p>\n\n\n\n<p>El objetivo que se marca para los ecosistemas agr\u00edcolas es el \u00abaumento global de la diversidad y tendencia positiva para las mariposas de pradera, las aves de medios agrarios, el carbono org\u00e1nico en los suelos minerales de las tierras cultivadas y los elementos paisaj\u00edsticos de gran diversidad en las tierras agr\u00edcolas\u00bb.<\/p>\n\n\n\n<p>Afirma el documento que \u00ablos cient\u00edficos y la ciudadan\u00eda est\u00e1n cada vez m\u00e1s preocupados por el uso de plaguicidas\u00bb y \u00ablas normas vigentes [&#8230;] han resultado ser demasiado d\u00e9biles\u00bb. As\u00ed mismo indica que \u00ablos plaguicidas qu\u00edmicos perjudican la salud humana y reducen la biodiversidad en las zonas agr\u00edcolas, contaminan el aire, el agua y el medio ambiente en general.<\/p>\n\n\n\n<p>Plantea a continuaci\u00f3n que \u00ablas nuevas medidas garantizar\u00e1n que todos los agricultores practiquen la la gesti\u00f3n integrada de plagas, en la que se barajan en primer t\u00e9rmino m\u00e9todos ecol\u00f3gicos alternativos de prevenci\u00f3n y control de plagas y se considera el posible uso de plaguicidas qu\u00edmicos como medida de \u00faltimo recurso. Llegado a este punto, el documento manifiesta que \u00abse prohibir\u00e1 el uso de todos los plaguicidas en todos los lugares como [&#8230;] las zonas protegidas con arreglo a Natura 2000\u00bb.<\/p>\n\n\n\n<p>Sorprende la Comisi\u00f3n indicando que \u00ablos alimentos importados que contengan residuos cuantificables de sustancias prohibidas no deber\u00e1n, con el tiempo, comercializarse en la UE\u00bb. Esta afirmaci\u00f3n supone no s\u00f3lo que en la actualidad se est\u00e1n comercializando alimentos con residuos de sustancias prohibidas sino que as\u00ed va a seguir siendo hasta que \u00abcon el tiempo\u00bb consideren que ha llegado el momento de que esto no sea as\u00ed.<\/p>\n\n\n\n<p>La \u00faltima frase destacable es la siguiente: \u00abReducir\u00e1 (la propuesta) la dependencia de los agricultores de insumos caros, como los plaguicidas qu\u00edmicos, favoreciendo la oferta de alimentos asequibles para todos los europeos\u00bb.<\/p>\n\n\n\n<p>A partir de ahora esta descabellada propuesta pasar\u00e1 por las manos del Parlamento Europeo y del Consejo donde esperemos que sus miembros rechacen de plano el documento. Tener que aguantar que sin plaguicidas se producir\u00e1 un ahorro y adem\u00e1s comeremos m\u00e1s barato es el colmo. La Comisi\u00f3n vive en su hura alejada de la realidad. Si el sector agrario quiere producir necesita plaguicidas, no se utilizan precisamente por gusto porque a nadie le gusta tirar el dinero. Si cumplir con lo que dice la Comisi\u00f3n fuera bueno para los agricultores ya lo estar\u00edan haciendo \u00e9stos sin que se lo impusiera nadie, y lo que ocurre es m\u00e1s bien lo contrario, se les limita constantemente y se les impide producir.<\/p>\n\n\n\n<p>Y estas ideas tienen que ser tambi\u00e9n muy preocupantes para la poblaci\u00f3n. Estamos dejando que en la UE entren alimentos con residuos de sustancias prohibidas, como reconoce la Comisi\u00f3n, no s\u00f3lo esto ocurre sino que va a seguir ocurriendo hasta que ellos tengan ganas. Adem\u00e1s ponen trabas a la producci\u00f3n, lo que redundar\u00e1 en menores rendimientos y en abandono de la superficie agraria, lo que implicar\u00e1 un mayor precio para el consumidor. Ahora es cuando se podr\u00eda aplicar el t\u00edpico dicho a esta gente y decir abiertamente que \u00ab\u00e9stos de la Comisi\u00f3n no han pasado hambre en su vida\u00bb.<\/p>\n\n\n\n<p>La superficie que ocupa la Red Natura 2000 en Palencia es de 186.683 hect\u00e1reas, que representa el 23,18% de la superficie de la provincia. Hay 123 municipios palentinos, de los 191 con los que cuenta la provincia, que tienen algo de superficie en Red Natura, y que ver\u00e1n como se les proh\u00edbe el uso de plaguicidas, si se permite que los desmanes ambientalistas de la Comisi\u00f3n salgan adelante.<\/p>\n\n\n\n<div class=\"wp-block-image\"><figure class=\"aligncenter size-large\"><img loading=\"lazy\" decoding=\"async\" width=\"739\" height=\"1024\" src=\"https:\/\/www.asajacyl.com\/palencia\/wp-content\/uploads\/sites\/3\/2022\/06\/image-7-739x1024.jpg\" alt=\"\" class=\"wp-image-10837\" srcset=\"https:\/\/www.asajacyl.com\/palencia\/wp-content\/uploads\/sites\/3\/2022\/06\/image-7-739x1024.jpg 739w, https:\/\/www.asajacyl.com\/palencia\/wp-content\/uploads\/sites\/3\/2022\/06\/image-7-217x300.jpg 217w, https:\/\/www.asajacyl.com\/palencia\/wp-content\/uploads\/sites\/3\/2022\/06\/image-7-768x1064.jpg 768w, https:\/\/www.asajacyl.com\/palencia\/wp-content\/uploads\/sites\/3\/2022\/06\/image-7-696x964.jpg 696w, https:\/\/www.asajacyl.com\/palencia\/wp-content\/uploads\/sites\/3\/2022\/06\/image-7-303x420.jpg 303w, https:\/\/www.asajacyl.com\/palencia\/wp-content\/uploads\/sites\/3\/2022\/06\/image-7.jpg 803w\" sizes=\"(max-width: 739px) 100vw, 739px\" \/><figcaption>Las superficies coloreadas corresponden a las zonas palentinas que pertenecen a la Red Natura 2000.<\/figcaption><\/figure><\/div>\n\n\n\n<figure class=\"wp-block-table aligncenter is-style-stripes\"><table><tbody><tr><td><strong>Municipios que tienen algo de superficie en la Red Natura 2000<\/strong><\/td><\/tr><tr><td>Abarca<\/td><\/tr><tr><td>Aguilar de Campo\u00f3<\/td><\/tr><tr><td>Alba de Cerrato<\/td><\/tr><tr><td>Amayuelas de Arriba<\/td><\/tr><tr><td>Ampudia<\/td><\/tr><tr><td>Amusco<\/td><\/tr><tr><td>Antig\u00fcedad<\/td><\/tr><tr><td>Arconada<\/td><\/tr><tr><td>Astudillo<\/td><\/tr><tr><td>Autillo de Campos<\/td><\/tr><tr><td>Baltan\u00e1s<\/td><\/tr><tr><td>Baquer\u00edn de Campos<\/td><\/tr><tr><td>Becerril de Campos<\/td><\/tr><tr><td>Belmonte de Campos<\/td><\/tr><tr><td>Boada de Campos<\/td><\/tr><tr><td>Boadilla de Rioseco<\/td><\/tr><tr><td>Boadilla del Camino<\/td><\/tr><tr><td>Bra\u00f1osera<\/td><\/tr><tr><td>Buenavista de Valdavia<\/td><\/tr><tr><td>Capillas<\/td><\/tr><tr><td>Carri\u00f3n de los Condes<\/td><\/tr><tr><td>Castil de Vela<\/td><\/tr><tr><td>Castrej\u00f3n de la Pe\u00f1a<\/td><\/tr><tr><td>Castrillo de Don Juan<\/td><\/tr><tr><td>Castrillo de Onielo<\/td><\/tr><tr><td>Castromocho<\/td><\/tr><tr><td>Cervatos de la Cueza<\/td><\/tr><tr><td>Cervera de Pisuerga<\/td><\/tr><tr><td>Cevico de la Torre<\/td><\/tr><tr><td>Cevico Navero<\/td><\/tr><tr><td>Cisneros<\/td><\/tr><tr><td>Congosto de Valdavia<\/td><\/tr><tr><td>Cordovilla la Real<\/td><\/tr><tr><td>Dehesa de Montejo<\/td><\/tr><tr><td>Due\u00f1as<\/td><\/tr><tr><td>Espinosa de Villagonzalo<\/td><\/tr><tr><td>Frechilla<\/td><\/tr><tr><td>Fresno del R\u00edo<\/td><\/tr><tr><td>Fr\u00f3mista<\/td><\/tr><tr><td>Fuentes de Nava<\/td><\/tr><tr><td>Fuentes de Valdepero<\/td><\/tr><tr><td>Grijota<\/td><\/tr><tr><td>Guaza de Campos<\/td><\/tr><tr><td>Herrera de Pisuerga<\/td><\/tr><tr><td>Herrera de Valdeca\u00f1as<\/td><\/tr><tr><td>Hontoria de Cerrato<\/td><\/tr><tr><td>Husillos<\/td><\/tr><tr><td>Itero de la Vega<\/td><\/tr><tr><td>La Pern\u00eda<\/td><\/tr><tr><td>La Serna<\/td><\/tr><tr><td>Lagartos<\/td><\/tr><tr><td>Lantadilla<\/td><\/tr><tr><td>Ledigos<\/td><\/tr><tr><td>Lomas<\/td><\/tr><tr><td>Magaz<\/td><\/tr><tr><td>Manquillos<\/td><\/tr><tr><td>Marcilla de Campos<\/td><\/tr><tr><td>Mazariegos<\/td><\/tr><tr><td>Mazuecos de Valdeginate<\/td><\/tr><tr><td>Melgar de Yuso<\/td><\/tr><tr><td>Meneses de Campos<\/td><\/tr><tr><td>Monz\u00f3n de Campos<\/td><\/tr><tr><td>Nogal de las Huertas<\/td><\/tr><tr><td>Osornillo<\/td><\/tr><tr><td>Osorno la Mayor<\/td><\/tr><tr><td>Palencia<\/td><\/tr><tr><td>Palenzuela<\/td><\/tr><tr><td>Paredes de Nava<\/td><\/tr><tr><td>Pedraza de Campos<\/td><\/tr><tr><td>Pedrosa de la Vega<\/td><\/tr><tr><td>Perales<\/td><\/tr><tr><td>Pino del R\u00edo<\/td><\/tr><tr><td>Pi\u00f1a de Campos<\/td><\/tr><tr><td>Poblaci\u00f3n de Campos<\/td><\/tr><tr><td>Polentinos<\/td><\/tr><tr><td>Pomar de Valdivia<\/td><\/tr><tr><td>Poza de la Vega<\/td><\/tr><tr><td>Quintana del Puente<\/td><\/tr><tr><td>Quintanilla de Onso\u00f1a<\/td><\/tr><tr><td>Reinoso de Cerrato<\/td><\/tr><tr><td>Renedo de la Vega<\/td><\/tr><tr><td>Respenda de la Pe\u00f1a<\/td><\/tr><tr><td>Revenga de Campos<\/td><\/tr><tr><td>Ribas de Campos<\/td><\/tr><tr><td>Riberos de la Cueza<\/td><\/tr><tr><td>Salda\u00f1a<\/td><\/tr><tr><td>San Cebri\u00e1n de Campos<\/td><\/tr><tr><td>San Cebri\u00e1n de Mud\u00e1<\/td><\/tr><tr><td>San Mam\u00e9s de Campos<\/td><\/tr><tr><td>Santa Cecilia del Alcor<\/td><\/tr><tr><td>Santerv\u00e1s de la Vega<\/td><\/tr><tr><td>Soto de Cerrato<\/td><\/tr><tr><td>Torquemada<\/td><\/tr><tr><td>Torremormoj\u00f3n<\/td><\/tr><tr><td>Triollo<\/td><\/tr><tr><td>Valbuena de Pisuerga<\/td><\/tr><tr><td>Valdeolmillos<\/td><\/tr><tr><td>Valle de Cerrato<\/td><\/tr><tr><td>Velilla del R\u00edo Carri\u00f3n<\/td><\/tr><tr><td>Venta de Ba\u00f1os<\/td><\/tr><tr><td>Vertavillo<\/td><\/tr><tr><td>Villacidaler<\/td><\/tr><tr><td>Villaconancio<\/td><\/tr><tr><td>Villada<\/td><\/tr><tr><td>Villaeles de Valdavia<\/td><\/tr><tr><td>Villalaco<\/td><\/tr><tr><td>Villalba de Guardo<\/td><\/tr><tr><td>Villalc\u00e1zar de Sirga<\/td><\/tr><tr><td>Villamart\u00edn de Campos<\/td><\/tr><tr><td>Villamediana<\/td><\/tr><tr><td>Villamuera de la Cueza<\/td><\/tr><tr><td>Villaprovedo<\/td><\/tr><tr><td>Villarmentero de Campos<\/td><\/tr><tr><td>Villarramiel<\/td><\/tr><tr><td>Villaturde<\/td><\/tr><tr><td>Villaumbrales<\/td><\/tr><tr><td>Villaviudas<\/td><\/tr><tr><td>Viller\u00edas de Campos<\/td><\/tr><tr><td>Villodre<\/td><\/tr><tr><td>Villodrigo<\/td><\/tr><tr><td>Villoldo<\/td><\/tr><tr><td>Villota del P\u00e1ramo<\/td><\/tr><tr><td>Villovieco<\/td><\/tr><\/tbody><\/table><\/figure>\n","protected":false},"excerpt":{"rendered":"<p>Recientemente la Comisi\u00f3n ha realizado una propuesta para reducir el uso de plaguicidas en un 50% de aqu\u00ed a 2030 y, a su vez, que los considerados m\u00e1s peligrosos tambi\u00e9n reduzcan su uso el 50%. Esta propuesta se enmarca en las estrategias \u00abDe la granja a la mesa\u00bb y \u00abBiodiversidad\u00bb, dentro de lo conocido como [&hellip;]<\/p>\n","protected":false},"author":9,"featured_media":10837,"comment_status":"open","ping_status":"open","sticky":false,"template":"","format":"standard","meta":{"footnotes":""},"categories":[9,29,28],"tags":[],"yoast_head":"<!-- This site is optimized with the Yoast SEO plugin v24.5 - https:\/\/yoast.com\/wordpress\/plugins\/seo\/ -->\n<title>La Comisi\u00f3n quiere prohibir los plaguicidas en las zonas pertenecientes a la Red Natura 2000 - ASAJA Palencia<\/title>\n<meta name=\"description\" content=\"Recientemente la Comisi\u00f3n ha realizado una propuesta para reducir el uso de plaguicidas en un 50% de aqu\u00ed a 2030 y, a su vez, que los considerados m\u00e1s\" \/>\n<meta name=\"robots\" content=\"index, follow, max-snippet:-1, max-image-preview:large, max-video-preview:-1\" \/>\n<link rel=\"canonical\" href=\"https:\/\/www.asajacyl.com\/palencia\/asaja-palencia-informa\/la-comision-quiere-prohibir-los-plaguicidas-en-las-zonas-pertenecientes-a-la-red-natura-2000\" \/>\n<meta property=\"og:locale\" content=\"es_ES\" \/>\n<meta property=\"og:type\" content=\"article\" \/>\n<meta property=\"og:title\" content=\"La Comisi\u00f3n quiere prohibir los plaguicidas en las zonas pertenecientes a la Red Natura 2000 - ASAJA Palencia\" \/>\n<meta property=\"og:description\" content=\"Recientemente la Comisi\u00f3n ha realizado una propuesta para reducir el uso de plaguicidas en un 50% de aqu\u00ed a 2030 y, a su vez, que los considerados m\u00e1s\" \/>\n<meta property=\"og:url\" content=\"https:\/\/www.asajacyl.com\/palencia\/asaja-palencia-informa\/la-comision-quiere-prohibir-los-plaguicidas-en-las-zonas-pertenecientes-a-la-red-natura-2000\" \/>\n<meta property=\"og:site_name\" content=\"ASAJA Palencia\" \/>\n<meta property=\"article:published_time\" content=\"2022-06-29T09:29:04+00:00\" \/>\n<meta property=\"article:modified_time\" content=\"2022-06-29T09:29:06+00:00\" \/>\n<meta property=\"og:image\" content=\"https:\/\/www.asajacyl.com\/palencia\/wp-content\/uploads\/sites\/3\/2022\/06\/image-7.jpg\" \/>\n\t<meta property=\"og:image:width\" content=\"803\" \/>\n\t<meta property=\"og:image:height\" content=\"1112\" \/>\n\t<meta property=\"og:image:type\" content=\"image\/jpeg\" \/>\n<meta name=\"author\" content=\"Administrador\" \/>\n<meta name=\"twitter:card\" content=\"summary_large_image\" \/>\n<meta name=\"twitter:label1\" content=\"Escrito por\" \/>\n\t<meta name=\"twitter:data1\" content=\"Administrador\" \/>\n\t<meta name=\"twitter:label2\" content=\"Tiempo de lectura\" \/>\n\t<meta name=\"twitter:data2\" content=\"5 minutos\" \/>\n<script type=\"application\/ld+json\" class=\"yoast-schema-graph\">{\"@context\":\"https:\/\/schema.org\",\"@graph\":[{\"@type\":\"WebPage\",\"@id\":\"https:\/\/www.asajacyl.com\/palencia\/asaja-palencia-informa\/la-comision-quiere-prohibir-los-plaguicidas-en-las-zonas-pertenecientes-a-la-red-natura-2000\",\"url\":\"https:\/\/www.asajacyl.com\/palencia\/asaja-palencia-informa\/la-comision-quiere-prohibir-los-plaguicidas-en-las-zonas-pertenecientes-a-la-red-natura-2000\",\"name\":\"La Comisi\u00f3n quiere prohibir los plaguicidas en las zonas pertenecientes a la Red Natura 2000 - ASAJA Palencia\",\"isPartOf\":{\"@id\":\"https:\/\/www.asajacyl.com\/palencia\/#website\"},\"primaryImageOfPage\":{\"@id\":\"https:\/\/www.asajacyl.com\/palencia\/asaja-palencia-informa\/la-comision-quiere-prohibir-los-plaguicidas-en-las-zonas-pertenecientes-a-la-red-natura-2000#primaryimage\"},\"image\":{\"@id\":\"https:\/\/www.asajacyl.com\/palencia\/asaja-palencia-informa\/la-comision-quiere-prohibir-los-plaguicidas-en-las-zonas-pertenecientes-a-la-red-natura-2000#primaryimage\"},\"thumbnailUrl\":\"https:\/\/www.asajacyl.com\/palencia\/wp-content\/uploads\/sites\/3\/2022\/06\/image-7.jpg\",\"datePublished\":\"2022-06-29T09:29:04+00:00\",\"dateModified\":\"2022-06-29T09:29:06+00:00\",\"author\":{\"@id\":\"https:\/\/www.asajacyl.com\/palencia\/#\/schema\/person\/3ab17aeb03527485c317557fae64aab1\"},\"description\":\"Recientemente la Comisi\u00f3n ha realizado una propuesta para reducir el uso de plaguicidas en un 50% de aqu\u00ed a 2030 y, a su vez, que los considerados m\u00e1s\",\"breadcrumb\":{\"@id\":\"https:\/\/www.asajacyl.com\/palencia\/asaja-palencia-informa\/la-comision-quiere-prohibir-los-plaguicidas-en-las-zonas-pertenecientes-a-la-red-natura-2000#breadcrumb\"},\"inLanguage\":\"es\",\"potentialAction\":[{\"@type\":\"ReadAction\",\"target\":[\"https:\/\/www.asajacyl.com\/palencia\/asaja-palencia-informa\/la-comision-quiere-prohibir-los-plaguicidas-en-las-zonas-pertenecientes-a-la-red-natura-2000\"]}]},{\"@type\":\"ImageObject\",\"inLanguage\":\"es\",\"@id\":\"https:\/\/www.asajacyl.com\/palencia\/asaja-palencia-informa\/la-comision-quiere-prohibir-los-plaguicidas-en-las-zonas-pertenecientes-a-la-red-natura-2000#primaryimage\",\"url\":\"https:\/\/www.asajacyl.com\/palencia\/wp-content\/uploads\/sites\/3\/2022\/06\/image-7.jpg\",\"contentUrl\":\"https:\/\/www.asajacyl.com\/palencia\/wp-content\/uploads\/sites\/3\/2022\/06\/image-7.jpg\",\"width\":803,\"height\":1112},{\"@type\":\"BreadcrumbList\",\"@id\":\"https:\/\/www.asajacyl.com\/palencia\/asaja-palencia-informa\/la-comision-quiere-prohibir-los-plaguicidas-en-las-zonas-pertenecientes-a-la-red-natura-2000#breadcrumb\",\"itemListElement\":[{\"@type\":\"ListItem\",\"position\":1,\"name\":\"Portada\",\"item\":\"https:\/\/www.asajacyl.com\/palencia\/\"},{\"@type\":\"ListItem\",\"position\":2,\"name\":\"La Comisi\u00f3n quiere prohibir los plaguicidas en las zonas pertenecientes a la Red Natura 2000\"}]},{\"@type\":\"WebSite\",\"@id\":\"https:\/\/www.asajacyl.com\/palencia\/#website\",\"url\":\"https:\/\/www.asajacyl.com\/palencia\/\",\"name\":\"ASAJA Palencia\",\"description\":\"Otro sitio m\u00e1s de Provincias ASAJA Castilla y Le\u00f3n\",\"potentialAction\":[{\"@type\":\"SearchAction\",\"target\":{\"@type\":\"EntryPoint\",\"urlTemplate\":\"https:\/\/www.asajacyl.com\/palencia\/?s={search_term_string}\"},\"query-input\":{\"@type\":\"PropertyValueSpecification\",\"valueRequired\":true,\"valueName\":\"search_term_string\"}}],\"inLanguage\":\"es\"},{\"@type\":\"Person\",\"@id\":\"https:\/\/www.asajacyl.com\/palencia\/#\/schema\/person\/3ab17aeb03527485c317557fae64aab1\",\"name\":\"Administrador\",\"image\":{\"@type\":\"ImageObject\",\"inLanguage\":\"es\",\"@id\":\"https:\/\/www.asajacyl.com\/palencia\/#\/schema\/person\/image\/\",\"url\":\"https:\/\/secure.gravatar.com\/avatar\/517384810d242ca9e38c180f3c9fb973?s=96&d=mm&r=g\",\"contentUrl\":\"https:\/\/secure.gravatar.com\/avatar\/517384810d242ca9e38c180f3c9fb973?s=96&d=mm&r=g\",\"caption\":\"Administrador\"},\"url\":\"https:\/\/www.asajacyl.com\/palencia\/author\/carlosrm\"}]}<\/script>\n<!-- \/ Yoast SEO plugin. -->","yoast_head_json":{"title":"La Comisi\u00f3n quiere prohibir los plaguicidas en las zonas pertenecientes a la Red Natura 2000 - ASAJA Palencia","description":"Recientemente la Comisi\u00f3n ha realizado una propuesta para reducir el uso de plaguicidas en un 50% de aqu\u00ed a 2030 y, a su vez, que los considerados m\u00e1s","robots":{"index":"index","follow":"follow","max-snippet":"max-snippet:-1","max-image-preview":"max-image-preview:large","max-video-preview":"max-video-preview:-1"},"canonical":"https:\/\/www.asajacyl.com\/palencia\/asaja-palencia-informa\/la-comision-quiere-prohibir-los-plaguicidas-en-las-zonas-pertenecientes-a-la-red-natura-2000","og_locale":"es_ES","og_type":"article","og_title":"La Comisi\u00f3n quiere prohibir los plaguicidas en las zonas pertenecientes a la Red Natura 2000 - ASAJA Palencia","og_description":"Recientemente la Comisi\u00f3n ha realizado una propuesta para reducir el uso de plaguicidas en un 50% de aqu\u00ed a 2030 y, a su vez, que los considerados m\u00e1s","og_url":"https:\/\/www.asajacyl.com\/palencia\/asaja-palencia-informa\/la-comision-quiere-prohibir-los-plaguicidas-en-las-zonas-pertenecientes-a-la-red-natura-2000","og_site_name":"ASAJA Palencia","article_published_time":"2022-06-29T09:29:04+00:00","article_modified_time":"2022-06-29T09:29:06+00:00","og_image":[{"width":803,"height":1112,"url":"https:\/\/www.asajacyl.com\/palencia\/wp-content\/uploads\/sites\/3\/2022\/06\/image-7.jpg","type":"image\/jpeg"}],"author":"Administrador","twitter_card":"summary_large_image","twitter_misc":{"Escrito por":"Administrador","Tiempo de lectura":"5 minutos"},"schema":{"@context":"https:\/\/schema.org","@graph":[{"@type":"WebPage","@id":"https:\/\/www.asajacyl.com\/palencia\/asaja-palencia-informa\/la-comision-quiere-prohibir-los-plaguicidas-en-las-zonas-pertenecientes-a-la-red-natura-2000","url":"https:\/\/www.asajacyl.com\/palencia\/asaja-palencia-informa\/la-comision-quiere-prohibir-los-plaguicidas-en-las-zonas-pertenecientes-a-la-red-natura-2000","name":"La Comisi\u00f3n quiere prohibir los plaguicidas en las zonas pertenecientes a la Red Natura 2000 - ASAJA Palencia","isPartOf":{"@id":"https:\/\/www.asajacyl.com\/palencia\/#website"},"primaryImageOfPage":{"@id":"https:\/\/www.asajacyl.com\/palencia\/asaja-palencia-informa\/la-comision-quiere-prohibir-los-plaguicidas-en-las-zonas-pertenecientes-a-la-red-natura-2000#primaryimage"},"image":{"@id":"https:\/\/www.asajacyl.com\/palencia\/asaja-palencia-informa\/la-comision-quiere-prohibir-los-plaguicidas-en-las-zonas-pertenecientes-a-la-red-natura-2000#primaryimage"},"thumbnailUrl":"https:\/\/www.asajacyl.com\/palencia\/wp-content\/uploads\/sites\/3\/2022\/06\/image-7.jpg","datePublished":"2022-06-29T09:29:04+00:00","dateModified":"2022-06-29T09:29:06+00:00","author":{"@id":"https:\/\/www.asajacyl.com\/palencia\/#\/schema\/person\/3ab17aeb03527485c317557fae64aab1"},"description":"Recientemente la Comisi\u00f3n ha realizado una propuesta para reducir el uso de plaguicidas en un 50% de aqu\u00ed a 2030 y, a su vez, que los considerados m\u00e1s","breadcrumb":{"@id":"https:\/\/www.asajacyl.com\/palencia\/asaja-palencia-informa\/la-comision-quiere-prohibir-los-plaguicidas-en-las-zonas-pertenecientes-a-la-red-natura-2000#breadcrumb"},"inLanguage":"es","potentialAction":[{"@type":"ReadAction","target":["https:\/\/www.asajacyl.com\/palencia\/asaja-palencia-informa\/la-comision-quiere-prohibir-los-plaguicidas-en-las-zonas-pertenecientes-a-la-red-natura-2000"]}]},{"@type":"ImageObject","inLanguage":"es","@id":"https:\/\/www.asajacyl.com\/palencia\/asaja-palencia-informa\/la-comision-quiere-prohibir-los-plaguicidas-en-las-zonas-pertenecientes-a-la-red-natura-2000#primaryimage","url":"https:\/\/www.asajacyl.com\/palencia\/wp-content\/uploads\/sites\/3\/2022\/06\/image-7.jpg","contentUrl":"https:\/\/www.asajacyl.com\/palencia\/wp-content\/uploads\/sites\/3\/2022\/06\/image-7.jpg","width":803,"height":1112},{"@type":"BreadcrumbList","@id":"https:\/\/www.asajacyl.com\/palencia\/asaja-palencia-informa\/la-comision-quiere-prohibir-los-plaguicidas-en-las-zonas-pertenecientes-a-la-red-natura-2000#breadcrumb","itemListElement":[{"@type":"ListItem","position":1,"name":"Portada","item":"https:\/\/www.asajacyl.com\/palencia\/"},{"@type":"ListItem","position":2,"name":"La Comisi\u00f3n quiere prohibir los plaguicidas en las zonas pertenecientes a la Red Natura 2000"}]},{"@type":"WebSite","@id":"https:\/\/www.asajacyl.com\/palencia\/#website","url":"https:\/\/www.asajacyl.com\/palencia\/","name":"ASAJA Palencia","description":"Otro sitio m\u00e1s de Provincias ASAJA Castilla y Le\u00f3n","potentialAction":[{"@type":"SearchAction","target":{"@type":"EntryPoint","urlTemplate":"https:\/\/www.asajacyl.com\/palencia\/?s={search_term_string}"},"query-input":{"@type":"PropertyValueSpecification","valueRequired":true,"valueName":"search_term_string"}}],"inLanguage":"es"},{"@type":"Person","@id":"https:\/\/www.asajacyl.com\/palencia\/#\/schema\/person\/3ab17aeb03527485c317557fae64aab1","name":"Administrador","image":{"@type":"ImageObject","inLanguage":"es","@id":"https:\/\/www.asajacyl.com\/palencia\/#\/schema\/person\/image\/","url":"https:\/\/secure.gravatar.com\/avatar\/517384810d242ca9e38c180f3c9fb973?s=96&d=mm&r=g","contentUrl":"https:\/\/secure.gravatar.com\/avatar\/517384810d242ca9e38c180f3c9fb973?s=96&d=mm&r=g","caption":"Administrador"},"url":"https:\/\/www.asajacyl.com\/palencia\/author\/carlosrm"}]}},"_links":{"self":[{"href":"https:\/\/www.asajacyl.com\/palencia\/wp-json\/wp\/v2\/posts\/10836"}],"collection":[{"href":"https:\/\/www.asajacyl.com\/palencia\/wp-json\/wp\/v2\/posts"}],"about":[{"href":"https:\/\/www.asajacyl.com\/palencia\/wp-json\/wp\/v2\/types\/post"}],"author":[{"embeddable":true,"href":"https:\/\/www.asajacyl.com\/palencia\/wp-json\/wp\/v2\/users\/9"}],"replies":[{"embeddable":true,"href":"https:\/\/www.asajacyl.com\/palencia\/wp-json\/wp\/v2\/comments?post=10836"}],"version-history":[{"count":2,"href":"https:\/\/www.asajacyl.com\/palencia\/wp-json\/wp\/v2\/posts\/10836\/revisions"}],"predecessor-version":[{"id":10842,"href":"https:\/\/www.asajacyl.com\/palencia\/wp-json\/wp\/v2\/posts\/10836\/revisions\/10842"}],"wp:featuredmedia":[{"embeddable":true,"href":"https:\/\/www.asajacyl.com\/palencia\/wp-json\/wp\/v2\/media\/10837"}],"wp:attachment":[{"href":"https:\/\/www.asajacyl.com\/palencia\/wp-json\/wp\/v2\/media?parent=10836"}],"wp:term":[{"taxonomy":"category","embeddable":true,"href":"https:\/\/www.asajacyl.com\/palencia\/wp-json\/wp\/v2\/categories?post=10836"},{"taxonomy":"post_tag","embeddable":true,"href":"https:\/\/www.asajacyl.com\/palencia\/wp-json\/wp\/v2\/tags?post=10836"}],"curies":[{"name":"wp","href":"https:\/\/api.w.org\/{rel}","templated":true}]}}