{"id":10845,"date":"2022-06-30T11:35:00","date_gmt":"2022-06-30T09:35:00","guid":{"rendered":"https:\/\/www.asajacyl.com\/palencia\/?p=10845"},"modified":"2022-08-02T12:53:22","modified_gmt":"2022-08-02T10:53:22","slug":"el-gobierno-aprueba-medidas-destinadas-al-sector-agrario","status":"publish","type":"post","link":"https:\/\/www.asajacyl.com\/palencia\/asaja-palencia-informa\/el-gobierno-aprueba-medidas-destinadas-al-sector-agrario","title":{"rendered":"El Gobierno aprueba medidas destinadas al sector agrario"},"content":{"rendered":"\n<p>En el \u00faltimo Consejo de Ministros, celebrado el pasado lunes, el Gobierno ha aprobado una bater\u00eda de medidas de las que varias afectan al sector agrario.<\/p>\n\n\n\n<ul><li>Rebaja del IVA de la energ\u00eda el\u00e9ctrica. Esta medida consiste en la rebaja del IVA al 5% hasta el d\u00eda 31 de diciembre. Afectar\u00e1 a consumidores con una potencia contratada de hasta 10 kW siempre que el precio del mercado mayorista de la electricidad supere 45 euros\/MWh, algo que lleva ocurriendo el \u00faltimo a\u00f1o.<\/li><li>Pr\u00f3rroga de los aplazamientos especiales de las cuotas de la Seguridad Social. Se mantiene tres meses el aplazamiento a un inter\u00e9s del 0,5% para sectores especialmente afectados por la coyuntura econ\u00f3mica actual, como son las empresas incluidas en el Sistema Especial para Trabajadores por Cuenta Ajena Agrarios y aquellas personas incluidas en el Sistema Especial para Trabajadores por Cuenta Propia Agrarios. El devengo deber\u00eda producirse en los meses de julio a septiembre de 2022 en el caso de empresas y en los meses de agosto a octubre en el caso de aut\u00f3nomos.<\/li><li>Ampliaci\u00f3n del presupuesto destinado a la l\u00ednea \u00abICO-MAPA-SAECA\u00bb, que pasa de 10 a 20 millones de euros, con idea de que m\u00e1s solicitantes puedan tener derecho a la ayuda (10% del principal en el caso de ganader\u00eda y 7% en caso de agricultura). Tambi\u00e9n se ampl\u00eda 2 millones de euros el importe destinado a subvencionar los avales.<\/li><li>Bonificaci\u00f3n del carburante. Se mantiene la bonificaci\u00f3n extraordinaria de 20 c\u00e9ntimos\/litro hasta el d\u00eda 31 de diciembre.<\/li><li>Ampliaci\u00f3n del presupuesto destinado a seguros agrarios. La partida destinada a la subvenci\u00f3n de los seguros agrarios se incrementar\u00e1 60 millones de euros. Con este dinero se incrementar\u00e1 la subvenci\u00f3n base de los seguros agrarios en diez puntos porcentuales. Para ello, se tendr\u00e1 que actualizar el Plan Nacional de Seguros Agrarios, el cual permitir\u00e1 la aplicaci\u00f3n de esta medida a las p\u00f3lizas cuyo inicio de contrataci\u00f3n comienza a partir del 1 de septiembre y durante un a\u00f1o. Las primeras l\u00edneas afectadas ser\u00e1n la de cultivos herb\u00e1ceos extensivos, ampliamente extendida en Palencia, y la de forrajes.<\/li><\/ul>\n","protected":false},"excerpt":{"rendered":"<p>En el \u00faltimo Consejo de Ministros, celebrado el pasado lunes, el Gobierno ha aprobado una bater\u00eda de medidas de las que varias afectan al sector agrario. Rebaja del IVA de la energ\u00eda el\u00e9ctrica. Esta medida consiste en la rebaja del IVA al 5% hasta el d\u00eda 31 de diciembre. Afectar\u00e1 a consumidores con una potencia [&hellip;]<\/p>\n","protected":false},"author":9,"featured_media":10846,"comment_status":"open","ping_status":"open","sticky":false,"template":"","format":"standard","meta":{"footnotes":""},"categories":[9,29,28],"tags":[],"yoast_head":"<!-- This site is optimized with the Yoast SEO plugin v24.5 - https:\/\/yoast.com\/wordpress\/plugins\/seo\/ -->\n<title>El Gobierno aprueba medidas destinadas al sector agrario - ASAJA Palencia<\/title>\n<meta name=\"description\" content=\"En el \u00faltimo Consejo de Ministros, celebrado el pasado lunes, el Gobierno ha aprobado una bater\u00eda de medidas de las que varias afectan al sector agrario.\" \/>\n<meta name=\"robots\" content=\"index, follow, max-snippet:-1, max-image-preview:large, max-video-preview:-1\" \/>\n<link rel=\"canonical\" href=\"https:\/\/www.asajacyl.com\/palencia\/asaja-palencia-informa\/el-gobierno-aprueba-medidas-destinadas-al-sector-agrario\" \/>\n<meta property=\"og:locale\" content=\"es_ES\" \/>\n<meta property=\"og:type\" content=\"article\" \/>\n<meta property=\"og:title\" content=\"El Gobierno aprueba medidas destinadas al sector agrario - ASAJA Palencia\" \/>\n<meta property=\"og:description\" content=\"En el \u00faltimo Consejo de Ministros, celebrado el pasado lunes, el Gobierno ha aprobado una bater\u00eda de medidas de las que varias afectan al sector agrario.\" \/>\n<meta property=\"og:url\" content=\"https:\/\/www.asajacyl.com\/palencia\/asaja-palencia-informa\/el-gobierno-aprueba-medidas-destinadas-al-sector-agrario\" \/>\n<meta property=\"og:site_name\" content=\"ASAJA Palencia\" \/>\n<meta property=\"article:published_time\" content=\"2022-06-30T09:35:00+00:00\" \/>\n<meta property=\"article:modified_time\" content=\"2022-08-02T10:53:22+00:00\" \/>\n<meta property=\"og:image\" content=\"https:\/\/www.asajacyl.com\/palencia\/wp-content\/uploads\/sites\/3\/2022\/06\/COSECHA-2022-CEBADA-3.jpg\" \/>\n\t<meta property=\"og:image:width\" content=\"2500\" \/>\n\t<meta property=\"og:image:height\" content=\"1875\" \/>\n\t<meta property=\"og:image:type\" content=\"image\/jpeg\" \/>\n<meta name=\"author\" content=\"Administrador\" \/>\n<meta name=\"twitter:card\" content=\"summary_large_image\" \/>\n<meta name=\"twitter:label1\" content=\"Escrito por\" \/>\n\t<meta name=\"twitter:data1\" content=\"Administrador\" \/>\n\t<meta name=\"twitter:label2\" content=\"Tiempo de lectura\" \/>\n\t<meta name=\"twitter:data2\" content=\"2 minutos\" \/>\n<script type=\"application\/ld+json\" class=\"yoast-schema-graph\">{\"@context\":\"https:\/\/schema.org\",\"@graph\":[{\"@type\":\"WebPage\",\"@id\":\"https:\/\/www.asajacyl.com\/palencia\/asaja-palencia-informa\/el-gobierno-aprueba-medidas-destinadas-al-sector-agrario\",\"url\":\"https:\/\/www.asajacyl.com\/palencia\/asaja-palencia-informa\/el-gobierno-aprueba-medidas-destinadas-al-sector-agrario\",\"name\":\"El Gobierno aprueba medidas destinadas al sector agrario - ASAJA Palencia\",\"isPartOf\":{\"@id\":\"https:\/\/www.asajacyl.com\/palencia\/#website\"},\"primaryImageOfPage\":{\"@id\":\"https:\/\/www.asajacyl.com\/palencia\/asaja-palencia-informa\/el-gobierno-aprueba-medidas-destinadas-al-sector-agrario#primaryimage\"},\"image\":{\"@id\":\"https:\/\/www.asajacyl.com\/palencia\/asaja-palencia-informa\/el-gobierno-aprueba-medidas-destinadas-al-sector-agrario#primaryimage\"},\"thumbnailUrl\":\"https:\/\/www.asajacyl.com\/palencia\/wp-content\/uploads\/sites\/3\/2022\/06\/COSECHA-2022-CEBADA-3.jpg\",\"datePublished\":\"2022-06-30T09:35:00+00:00\",\"dateModified\":\"2022-08-02T10:53:22+00:00\",\"author\":{\"@id\":\"https:\/\/www.asajacyl.com\/palencia\/#\/schema\/person\/3ab17aeb03527485c317557fae64aab1\"},\"description\":\"En el \u00faltimo Consejo de Ministros, celebrado el pasado lunes, el Gobierno ha aprobado una bater\u00eda de medidas de las que varias afectan al sector agrario.\",\"breadcrumb\":{\"@id\":\"https:\/\/www.asajacyl.com\/palencia\/asaja-palencia-informa\/el-gobierno-aprueba-medidas-destinadas-al-sector-agrario#breadcrumb\"},\"inLanguage\":\"es\",\"potentialAction\":[{\"@type\":\"ReadAction\",\"target\":[\"https:\/\/www.asajacyl.com\/palencia\/asaja-palencia-informa\/el-gobierno-aprueba-medidas-destinadas-al-sector-agrario\"]}]},{\"@type\":\"ImageObject\",\"inLanguage\":\"es\",\"@id\":\"https:\/\/www.asajacyl.com\/palencia\/asaja-palencia-informa\/el-gobierno-aprueba-medidas-destinadas-al-sector-agrario#primaryimage\",\"url\":\"https:\/\/www.asajacyl.com\/palencia\/wp-content\/uploads\/sites\/3\/2022\/06\/COSECHA-2022-CEBADA-3.jpg\",\"contentUrl\":\"https:\/\/www.asajacyl.com\/palencia\/wp-content\/uploads\/sites\/3\/2022\/06\/COSECHA-2022-CEBADA-3.jpg\",\"width\":2500,\"height\":1875},{\"@type\":\"BreadcrumbList\",\"@id\":\"https:\/\/www.asajacyl.com\/palencia\/asaja-palencia-informa\/el-gobierno-aprueba-medidas-destinadas-al-sector-agrario#breadcrumb\",\"itemListElement\":[{\"@type\":\"ListItem\",\"position\":1,\"name\":\"Portada\",\"item\":\"https:\/\/www.asajacyl.com\/palencia\/\"},{\"@type\":\"ListItem\",\"position\":2,\"name\":\"El Gobierno aprueba medidas destinadas al sector agrario\"}]},{\"@type\":\"WebSite\",\"@id\":\"https:\/\/www.asajacyl.com\/palencia\/#website\",\"url\":\"https:\/\/www.asajacyl.com\/palencia\/\",\"name\":\"ASAJA Palencia\",\"description\":\"Otro sitio m\u00e1s de Provincias ASAJA Castilla y Le\u00f3n\",\"potentialAction\":[{\"@type\":\"SearchAction\",\"target\":{\"@type\":\"EntryPoint\",\"urlTemplate\":\"https:\/\/www.asajacyl.com\/palencia\/?s={search_term_string}\"},\"query-input\":{\"@type\":\"PropertyValueSpecification\",\"valueRequired\":true,\"valueName\":\"search_term_string\"}}],\"inLanguage\":\"es\"},{\"@type\":\"Person\",\"@id\":\"https:\/\/www.asajacyl.com\/palencia\/#\/schema\/person\/3ab17aeb03527485c317557fae64aab1\",\"name\":\"Administrador\",\"image\":{\"@type\":\"ImageObject\",\"inLanguage\":\"es\",\"@id\":\"https:\/\/www.asajacyl.com\/palencia\/#\/schema\/person\/image\/\",\"url\":\"https:\/\/secure.gravatar.com\/avatar\/517384810d242ca9e38c180f3c9fb973?s=96&d=mm&r=g\",\"contentUrl\":\"https:\/\/secure.gravatar.com\/avatar\/517384810d242ca9e38c180f3c9fb973?s=96&d=mm&r=g\",\"caption\":\"Administrador\"},\"url\":\"https:\/\/www.asajacyl.com\/palencia\/author\/carlosrm\"}]}<\/script>\n<!-- \/ Yoast SEO plugin. -->","yoast_head_json":{"title":"El Gobierno aprueba medidas destinadas al sector agrario - ASAJA Palencia","description":"En el \u00faltimo Consejo de Ministros, celebrado el pasado lunes, el Gobierno ha aprobado una bater\u00eda de medidas de las que varias afectan al sector agrario.","robots":{"index":"index","follow":"follow","max-snippet":"max-snippet:-1","max-image-preview":"max-image-preview:large","max-video-preview":"max-video-preview:-1"},"canonical":"https:\/\/www.asajacyl.com\/palencia\/asaja-palencia-informa\/el-gobierno-aprueba-medidas-destinadas-al-sector-agrario","og_locale":"es_ES","og_type":"article","og_title":"El Gobierno aprueba medidas destinadas al sector agrario - ASAJA Palencia","og_description":"En el \u00faltimo Consejo de Ministros, celebrado el pasado lunes, el Gobierno ha aprobado una bater\u00eda de medidas de las que varias afectan al sector agrario.","og_url":"https:\/\/www.asajacyl.com\/palencia\/asaja-palencia-informa\/el-gobierno-aprueba-medidas-destinadas-al-sector-agrario","og_site_name":"ASAJA Palencia","article_published_time":"2022-06-30T09:35:00+00:00","article_modified_time":"2022-08-02T10:53:22+00:00","og_image":[{"width":2500,"height":1875,"url":"https:\/\/www.asajacyl.com\/palencia\/wp-content\/uploads\/sites\/3\/2022\/06\/COSECHA-2022-CEBADA-3.jpg","type":"image\/jpeg"}],"author":"Administrador","twitter_card":"summary_large_image","twitter_misc":{"Escrito por":"Administrador","Tiempo de lectura":"2 minutos"},"schema":{"@context":"https:\/\/schema.org","@graph":[{"@type":"WebPage","@id":"https:\/\/www.asajacyl.com\/palencia\/asaja-palencia-informa\/el-gobierno-aprueba-medidas-destinadas-al-sector-agrario","url":"https:\/\/www.asajacyl.com\/palencia\/asaja-palencia-informa\/el-gobierno-aprueba-medidas-destinadas-al-sector-agrario","name":"El Gobierno aprueba medidas destinadas al sector agrario - ASAJA Palencia","isPartOf":{"@id":"https:\/\/www.asajacyl.com\/palencia\/#website"},"primaryImageOfPage":{"@id":"https:\/\/www.asajacyl.com\/palencia\/asaja-palencia-informa\/el-gobierno-aprueba-medidas-destinadas-al-sector-agrario#primaryimage"},"image":{"@id":"https:\/\/www.asajacyl.com\/palencia\/asaja-palencia-informa\/el-gobierno-aprueba-medidas-destinadas-al-sector-agrario#primaryimage"},"thumbnailUrl":"https:\/\/www.asajacyl.com\/palencia\/wp-content\/uploads\/sites\/3\/2022\/06\/COSECHA-2022-CEBADA-3.jpg","datePublished":"2022-06-30T09:35:00+00:00","dateModified":"2022-08-02T10:53:22+00:00","author":{"@id":"https:\/\/www.asajacyl.com\/palencia\/#\/schema\/person\/3ab17aeb03527485c317557fae64aab1"},"description":"En el \u00faltimo Consejo de Ministros, celebrado el pasado lunes, el Gobierno ha aprobado una bater\u00eda de medidas de las que varias afectan al sector agrario.","breadcrumb":{"@id":"https:\/\/www.asajacyl.com\/palencia\/asaja-palencia-informa\/el-gobierno-aprueba-medidas-destinadas-al-sector-agrario#breadcrumb"},"inLanguage":"es","potentialAction":[{"@type":"ReadAction","target":["https:\/\/www.asajacyl.com\/palencia\/asaja-palencia-informa\/el-gobierno-aprueba-medidas-destinadas-al-sector-agrario"]}]},{"@type":"ImageObject","inLanguage":"es","@id":"https:\/\/www.asajacyl.com\/palencia\/asaja-palencia-informa\/el-gobierno-aprueba-medidas-destinadas-al-sector-agrario#primaryimage","url":"https:\/\/www.asajacyl.com\/palencia\/wp-content\/uploads\/sites\/3\/2022\/06\/COSECHA-2022-CEBADA-3.jpg","contentUrl":"https:\/\/www.asajacyl.com\/palencia\/wp-content\/uploads\/sites\/3\/2022\/06\/COSECHA-2022-CEBADA-3.jpg","width":2500,"height":1875},{"@type":"BreadcrumbList","@id":"https:\/\/www.asajacyl.com\/palencia\/asaja-palencia-informa\/el-gobierno-aprueba-medidas-destinadas-al-sector-agrario#breadcrumb","itemListElement":[{"@type":"ListItem","position":1,"name":"Portada","item":"https:\/\/www.asajacyl.com\/palencia\/"},{"@type":"ListItem","position":2,"name":"El Gobierno aprueba medidas destinadas al sector agrario"}]},{"@type":"WebSite","@id":"https:\/\/www.asajacyl.com\/palencia\/#website","url":"https:\/\/www.asajacyl.com\/palencia\/","name":"ASAJA Palencia","description":"Otro sitio m\u00e1s de Provincias ASAJA Castilla y Le\u00f3n","potentialAction":[{"@type":"SearchAction","target":{"@type":"EntryPoint","urlTemplate":"https:\/\/www.asajacyl.com\/palencia\/?s={search_term_string}"},"query-input":{"@type":"PropertyValueSpecification","valueRequired":true,"valueName":"search_term_string"}}],"inLanguage":"es"},{"@type":"Person","@id":"https:\/\/www.asajacyl.com\/palencia\/#\/schema\/person\/3ab17aeb03527485c317557fae64aab1","name":"Administrador","image":{"@type":"ImageObject","inLanguage":"es","@id":"https:\/\/www.asajacyl.com\/palencia\/#\/schema\/person\/image\/","url":"https:\/\/secure.gravatar.com\/avatar\/517384810d242ca9e38c180f3c9fb973?s=96&d=mm&r=g","contentUrl":"https:\/\/secure.gravatar.com\/avatar\/517384810d242ca9e38c180f3c9fb973?s=96&d=mm&r=g","caption":"Administrador"},"url":"https:\/\/www.asajacyl.com\/palencia\/author\/carlosrm"}]}},"_links":{"self":[{"href":"https:\/\/www.asajacyl.com\/palencia\/wp-json\/wp\/v2\/posts\/10845"}],"collection":[{"href":"https:\/\/www.asajacyl.com\/palencia\/wp-json\/wp\/v2\/posts"}],"about":[{"href":"https:\/\/www.asajacyl.com\/palencia\/wp-json\/wp\/v2\/types\/post"}],"author":[{"embeddable":true,"href":"https:\/\/www.asajacyl.com\/palencia\/wp-json\/wp\/v2\/users\/9"}],"replies":[{"embeddable":true,"href":"https:\/\/www.asajacyl.com\/palencia\/wp-json\/wp\/v2\/comments?post=10845"}],"version-history":[{"count":3,"href":"https:\/\/www.asajacyl.com\/palencia\/wp-json\/wp\/v2\/posts\/10845\/revisions"}],"predecessor-version":[{"id":11187,"href":"https:\/\/www.asajacyl.com\/palencia\/wp-json\/wp\/v2\/posts\/10845\/revisions\/11187"}],"wp:featuredmedia":[{"embeddable":true,"href":"https:\/\/www.asajacyl.com\/palencia\/wp-json\/wp\/v2\/media\/10846"}],"wp:attachment":[{"href":"https:\/\/www.asajacyl.com\/palencia\/wp-json\/wp\/v2\/media?parent=10845"}],"wp:term":[{"taxonomy":"category","embeddable":true,"href":"https:\/\/www.asajacyl.com\/palencia\/wp-json\/wp\/v2\/categories?post=10845"},{"taxonomy":"post_tag","embeddable":true,"href":"https:\/\/www.asajacyl.com\/palencia\/wp-json\/wp\/v2\/tags?post=10845"}],"curies":[{"name":"wp","href":"https:\/\/api.w.org\/{rel}","templated":true}]}}