{"id":10959,"date":"2022-06-30T08:41:42","date_gmt":"2022-06-30T06:41:42","guid":{"rendered":"https:\/\/www.asajacyl.com\/palencia\/?p=10959"},"modified":"2022-06-30T08:44:04","modified_gmt":"2022-06-30T06:44:04","slug":"la-junta-restringe-las-zonas-donde-se-podran-autorizar-proyectos-de-energias-renovables","status":"publish","type":"post","link":"https:\/\/www.asajacyl.com\/palencia\/asaja-palencia-informa\/la-junta-restringe-las-zonas-donde-se-podran-autorizar-proyectos-de-energias-renovables","title":{"rendered":"La Junta restringe las zonas donde se podr\u00e1n autorizar proyectos de energ\u00edas renovables"},"content":{"rendered":"\n<p>La Junta de Castilla y Le\u00f3n ha publicado un Decreto-Ley en el que, entre otras cosas, se incluyen los criterios para la autorizaci\u00f3n de energ\u00edas renovables, tanto en lo referente a los parques e\u00f3licos como a las plantas fotovoltaicas, en ambos casos incluyendo las infraestructuras auxiliares. <\/p>\n\n\n\n<p>No ser\u00e1n autorizables parques e\u00f3licos ni plantas fotovoltaicas los siguientes casos:<\/p>\n\n\n\n<ul><li>Terrenos de la Red de \u00c1reas Naturales Protegidas. Dentro de estas zonas, en el caso de los parques e\u00f3licos s\u00ed que se permite la implantaci\u00f3n en montes protectores y en los catalogados de utilidad p\u00fablica mientras que para las plantas fotovoltaicas se permite la ubicaci\u00f3n en montes catalogados de utilidad p\u00fablica que sustenten aprovechamientos agr\u00edcolas autorizados. La Red de \u00c1reas Naturales Protegidas comprende las siguientes \u00e1reas:<ul><li><a href=\"https:\/\/www.asajacyl.com\/palencia\/wp-content\/uploads\/sites\/3\/2022\/06\/image-7-739x1024.jpg\">Red Natura 2000<\/a>.<\/li><\/ul><ul><li>Red de Espacios Naturales Protegidos. En Palencia incluye el parque natural Monta\u00f1a Palentina y los paisajes protegidos de Covalagua y Las Tuerces.<\/li><\/ul><ul><li>Red de Zonas Naturales de Inter\u00e9s Especial, donde se incluyen diversas charcas y lagunas fundamentalmente.<\/li><\/ul><\/li><li>Los terrenos incluidos en \u00e1reas cr\u00edticas de las especies protegidas con un plan de conservaci\u00f3n o recuperaci\u00f3n.<\/li><li>Los terrenos ubicados a menos de 500 metros de un bien de inter\u00e9s cultural, existiendo multitud diseminados por toda nuestra provincia.<\/li><li>Los terrenos situados cerca de n\u00facleos urbanos, 1.000 metros para los parques e\u00f3licos y 500 metros para las plantas fotovoltaicas.<\/li><li>Los terrenos donde se hayan desarrollado zonas regables, ya sea mediante la transformaci\u00f3n de secano en regad\u00edo o mediante la modernizaci\u00f3n de regad\u00edos.<\/li><\/ul>\n\n\n\n<p>En el caso de las plantas fotovoltaicas tampoco se autorizar\u00e1n \u00e9stas en los montes arbolados, independientemente de su titularidad.<\/p>\n\n\n\n<p>De esta norma se except\u00faan las l\u00edneas de evacuaci\u00f3n de la energ\u00eda producida, donde la norma indica que con car\u00e1cter general ser\u00e1n soterradas, y las instalaciones de autoconsumo hasta una potencia m\u00e1xima de 5 MW.<\/p>\n\n\n\n<figure class=\"wp-block-table aligncenter is-style-stripes\"><table><tbody><tr><td class=\"has-text-align-center\" data-align=\"center\"><\/td><td class=\"has-text-align-center\" data-align=\"center\">PARQUES E\u00d3LICOS<\/td><td class=\"has-text-align-center\" data-align=\"center\">PLANTAS FOTOVOLTAICAS<\/td><\/tr><tr><td class=\"has-text-align-center\" data-align=\"center\">\u00c1reas Naturales Protegidas<\/td><td class=\"has-text-align-center\" data-align=\"center\">X<\/td><td class=\"has-text-align-center\" data-align=\"center\">X<\/td><\/tr><tr><td class=\"has-text-align-center\" data-align=\"center\">\u00c1reas Cr\u00edticas de Especies Protegidas<\/td><td class=\"has-text-align-center\" data-align=\"center\">X<\/td><td class=\"has-text-align-center\" data-align=\"center\">X<\/td><\/tr><tr><td class=\"has-text-align-center\" data-align=\"center\">Bienes de Inter\u00e9s Cultural<\/td><td class=\"has-text-align-center\" data-align=\"center\">500 metros<\/td><td class=\"has-text-align-center\" data-align=\"center\">500 metros<\/td><\/tr><tr><td class=\"has-text-align-center\" data-align=\"center\">N\u00facleos Urbanos<\/td><td class=\"has-text-align-center\" data-align=\"center\">1.000 metros<\/td><td class=\"has-text-align-center\" data-align=\"center\">500 metros<\/td><\/tr><tr><td class=\"has-text-align-center\" data-align=\"center\">Desarrollo de zonas regables<\/td><td class=\"has-text-align-center\" data-align=\"center\">X<\/td><td class=\"has-text-align-center\" data-align=\"center\">X<\/td><\/tr><tr><td class=\"has-text-align-center\" data-align=\"center\">Montes arbolados<\/td><td class=\"has-text-align-center\" data-align=\"center\"><\/td><td class=\"has-text-align-center\" data-align=\"center\">X<\/td><\/tr><\/tbody><\/table><figcaption>Tabla resumen. Zonas donde no se autorizar\u00e1n instalaciones de generaci\u00f3n de energ\u00edas renovables<\/figcaption><\/figure>\n","protected":false},"excerpt":{"rendered":"<p>La Junta de Castilla y Le\u00f3n ha publicado un Decreto-Ley en el que, entre otras cosas, se incluyen los criterios para la autorizaci\u00f3n de energ\u00edas renovables, tanto en lo referente a los parques e\u00f3licos como a las plantas fotovoltaicas, en ambos casos incluyendo las infraestructuras auxiliares. No ser\u00e1n autorizables parques e\u00f3licos ni plantas fotovoltaicas los [&hellip;]<\/p>\n","protected":false},"author":9,"featured_media":7958,"comment_status":"open","ping_status":"open","sticky":false,"template":"","format":"standard","meta":{"footnotes":""},"categories":[9,29,28],"tags":[],"yoast_head":"<!-- This site is optimized with the Yoast SEO plugin v24.5 - https:\/\/yoast.com\/wordpress\/plugins\/seo\/ -->\n<title>La Junta restringe las zonas donde se podr\u00e1n autorizar proyectos de energ\u00edas renovables - ASAJA Palencia<\/title>\n<meta name=\"description\" content=\"La Junta de Castilla y Le\u00f3n ha publicado un Decreto-Ley en el que, entre otras cosas, se incluyen los criterios para la autorizaci\u00f3n de energ\u00edas\" \/>\n<meta name=\"robots\" content=\"index, follow, max-snippet:-1, max-image-preview:large, max-video-preview:-1\" \/>\n<link rel=\"canonical\" href=\"https:\/\/www.asajacyl.com\/palencia\/asaja-palencia-informa\/la-junta-restringe-las-zonas-donde-se-podran-autorizar-proyectos-de-energias-renovables\" \/>\n<meta property=\"og:locale\" content=\"es_ES\" \/>\n<meta property=\"og:type\" content=\"article\" \/>\n<meta property=\"og:title\" content=\"La Junta restringe las zonas donde se podr\u00e1n autorizar proyectos de energ\u00edas renovables - ASAJA Palencia\" \/>\n<meta property=\"og:description\" content=\"La Junta de Castilla y Le\u00f3n ha publicado un Decreto-Ley en el que, entre otras cosas, se incluyen los criterios para la autorizaci\u00f3n de energ\u00edas\" \/>\n<meta property=\"og:url\" content=\"https:\/\/www.asajacyl.com\/palencia\/asaja-palencia-informa\/la-junta-restringe-las-zonas-donde-se-podran-autorizar-proyectos-de-energias-renovables\" \/>\n<meta property=\"og:site_name\" content=\"ASAJA Palencia\" \/>\n<meta property=\"article:published_time\" content=\"2022-06-30T06:41:42+00:00\" \/>\n<meta property=\"article:modified_time\" content=\"2022-06-30T06:44:04+00:00\" \/>\n<meta property=\"og:image\" content=\"https:\/\/www.asajacyl.com\/palencia\/wp-content\/uploads\/sites\/3\/2021\/02\/PANELES_SOLARES.jpg\" \/>\n\t<meta property=\"og:image:width\" content=\"1920\" \/>\n\t<meta property=\"og:image:height\" content=\"960\" \/>\n\t<meta property=\"og:image:type\" content=\"image\/jpeg\" \/>\n<meta name=\"author\" content=\"Administrador\" \/>\n<meta name=\"twitter:card\" content=\"summary_large_image\" \/>\n<meta name=\"twitter:label1\" content=\"Escrito por\" \/>\n\t<meta name=\"twitter:data1\" content=\"Administrador\" \/>\n\t<meta name=\"twitter:label2\" content=\"Tiempo de lectura\" \/>\n\t<meta name=\"twitter:data2\" content=\"2 minutos\" \/>\n<script type=\"application\/ld+json\" class=\"yoast-schema-graph\">{\"@context\":\"https:\/\/schema.org\",\"@graph\":[{\"@type\":\"WebPage\",\"@id\":\"https:\/\/www.asajacyl.com\/palencia\/asaja-palencia-informa\/la-junta-restringe-las-zonas-donde-se-podran-autorizar-proyectos-de-energias-renovables\",\"url\":\"https:\/\/www.asajacyl.com\/palencia\/asaja-palencia-informa\/la-junta-restringe-las-zonas-donde-se-podran-autorizar-proyectos-de-energias-renovables\",\"name\":\"La Junta restringe las zonas donde se podr\u00e1n autorizar proyectos de energ\u00edas renovables - ASAJA Palencia\",\"isPartOf\":{\"@id\":\"https:\/\/www.asajacyl.com\/palencia\/#website\"},\"primaryImageOfPage\":{\"@id\":\"https:\/\/www.asajacyl.com\/palencia\/asaja-palencia-informa\/la-junta-restringe-las-zonas-donde-se-podran-autorizar-proyectos-de-energias-renovables#primaryimage\"},\"image\":{\"@id\":\"https:\/\/www.asajacyl.com\/palencia\/asaja-palencia-informa\/la-junta-restringe-las-zonas-donde-se-podran-autorizar-proyectos-de-energias-renovables#primaryimage\"},\"thumbnailUrl\":\"https:\/\/www.asajacyl.com\/palencia\/wp-content\/uploads\/sites\/3\/2021\/02\/PANELES_SOLARES.jpg\",\"datePublished\":\"2022-06-30T06:41:42+00:00\",\"dateModified\":\"2022-06-30T06:44:04+00:00\",\"author\":{\"@id\":\"https:\/\/www.asajacyl.com\/palencia\/#\/schema\/person\/3ab17aeb03527485c317557fae64aab1\"},\"description\":\"La Junta de Castilla y Le\u00f3n ha publicado un Decreto-Ley en el que, entre otras cosas, se incluyen los criterios para la autorizaci\u00f3n de energ\u00edas\",\"breadcrumb\":{\"@id\":\"https:\/\/www.asajacyl.com\/palencia\/asaja-palencia-informa\/la-junta-restringe-las-zonas-donde-se-podran-autorizar-proyectos-de-energias-renovables#breadcrumb\"},\"inLanguage\":\"es\",\"potentialAction\":[{\"@type\":\"ReadAction\",\"target\":[\"https:\/\/www.asajacyl.com\/palencia\/asaja-palencia-informa\/la-junta-restringe-las-zonas-donde-se-podran-autorizar-proyectos-de-energias-renovables\"]}]},{\"@type\":\"ImageObject\",\"inLanguage\":\"es\",\"@id\":\"https:\/\/www.asajacyl.com\/palencia\/asaja-palencia-informa\/la-junta-restringe-las-zonas-donde-se-podran-autorizar-proyectos-de-energias-renovables#primaryimage\",\"url\":\"https:\/\/www.asajacyl.com\/palencia\/wp-content\/uploads\/sites\/3\/2021\/02\/PANELES_SOLARES.jpg\",\"contentUrl\":\"https:\/\/www.asajacyl.com\/palencia\/wp-content\/uploads\/sites\/3\/2021\/02\/PANELES_SOLARES.jpg\",\"width\":1920,\"height\":960},{\"@type\":\"BreadcrumbList\",\"@id\":\"https:\/\/www.asajacyl.com\/palencia\/asaja-palencia-informa\/la-junta-restringe-las-zonas-donde-se-podran-autorizar-proyectos-de-energias-renovables#breadcrumb\",\"itemListElement\":[{\"@type\":\"ListItem\",\"position\":1,\"name\":\"Portada\",\"item\":\"https:\/\/www.asajacyl.com\/palencia\/\"},{\"@type\":\"ListItem\",\"position\":2,\"name\":\"La Junta restringe las zonas donde se podr\u00e1n autorizar proyectos de energ\u00edas renovables\"}]},{\"@type\":\"WebSite\",\"@id\":\"https:\/\/www.asajacyl.com\/palencia\/#website\",\"url\":\"https:\/\/www.asajacyl.com\/palencia\/\",\"name\":\"ASAJA Palencia\",\"description\":\"Otro sitio m\u00e1s de Provincias ASAJA Castilla y Le\u00f3n\",\"potentialAction\":[{\"@type\":\"SearchAction\",\"target\":{\"@type\":\"EntryPoint\",\"urlTemplate\":\"https:\/\/www.asajacyl.com\/palencia\/?s={search_term_string}\"},\"query-input\":{\"@type\":\"PropertyValueSpecification\",\"valueRequired\":true,\"valueName\":\"search_term_string\"}}],\"inLanguage\":\"es\"},{\"@type\":\"Person\",\"@id\":\"https:\/\/www.asajacyl.com\/palencia\/#\/schema\/person\/3ab17aeb03527485c317557fae64aab1\",\"name\":\"Administrador\",\"image\":{\"@type\":\"ImageObject\",\"inLanguage\":\"es\",\"@id\":\"https:\/\/www.asajacyl.com\/palencia\/#\/schema\/person\/image\/\",\"url\":\"https:\/\/secure.gravatar.com\/avatar\/517384810d242ca9e38c180f3c9fb973?s=96&d=mm&r=g\",\"contentUrl\":\"https:\/\/secure.gravatar.com\/avatar\/517384810d242ca9e38c180f3c9fb973?s=96&d=mm&r=g\",\"caption\":\"Administrador\"},\"url\":\"https:\/\/www.asajacyl.com\/palencia\/author\/carlosrm\"}]}<\/script>\n<!-- \/ Yoast SEO plugin. -->","yoast_head_json":{"title":"La Junta restringe las zonas donde se podr\u00e1n autorizar proyectos de energ\u00edas renovables - ASAJA Palencia","description":"La Junta de Castilla y Le\u00f3n ha publicado un Decreto-Ley en el que, entre otras cosas, se incluyen los criterios para la autorizaci\u00f3n de energ\u00edas","robots":{"index":"index","follow":"follow","max-snippet":"max-snippet:-1","max-image-preview":"max-image-preview:large","max-video-preview":"max-video-preview:-1"},"canonical":"https:\/\/www.asajacyl.com\/palencia\/asaja-palencia-informa\/la-junta-restringe-las-zonas-donde-se-podran-autorizar-proyectos-de-energias-renovables","og_locale":"es_ES","og_type":"article","og_title":"La Junta restringe las zonas donde se podr\u00e1n autorizar proyectos de energ\u00edas renovables - ASAJA Palencia","og_description":"La Junta de Castilla y Le\u00f3n ha publicado un Decreto-Ley en el que, entre otras cosas, se incluyen los criterios para la autorizaci\u00f3n de energ\u00edas","og_url":"https:\/\/www.asajacyl.com\/palencia\/asaja-palencia-informa\/la-junta-restringe-las-zonas-donde-se-podran-autorizar-proyectos-de-energias-renovables","og_site_name":"ASAJA Palencia","article_published_time":"2022-06-30T06:41:42+00:00","article_modified_time":"2022-06-30T06:44:04+00:00","og_image":[{"width":1920,"height":960,"url":"https:\/\/www.asajacyl.com\/palencia\/wp-content\/uploads\/sites\/3\/2021\/02\/PANELES_SOLARES.jpg","type":"image\/jpeg"}],"author":"Administrador","twitter_card":"summary_large_image","twitter_misc":{"Escrito por":"Administrador","Tiempo de lectura":"2 minutos"},"schema":{"@context":"https:\/\/schema.org","@graph":[{"@type":"WebPage","@id":"https:\/\/www.asajacyl.com\/palencia\/asaja-palencia-informa\/la-junta-restringe-las-zonas-donde-se-podran-autorizar-proyectos-de-energias-renovables","url":"https:\/\/www.asajacyl.com\/palencia\/asaja-palencia-informa\/la-junta-restringe-las-zonas-donde-se-podran-autorizar-proyectos-de-energias-renovables","name":"La Junta restringe las zonas donde se podr\u00e1n autorizar proyectos de energ\u00edas renovables - ASAJA Palencia","isPartOf":{"@id":"https:\/\/www.asajacyl.com\/palencia\/#website"},"primaryImageOfPage":{"@id":"https:\/\/www.asajacyl.com\/palencia\/asaja-palencia-informa\/la-junta-restringe-las-zonas-donde-se-podran-autorizar-proyectos-de-energias-renovables#primaryimage"},"image":{"@id":"https:\/\/www.asajacyl.com\/palencia\/asaja-palencia-informa\/la-junta-restringe-las-zonas-donde-se-podran-autorizar-proyectos-de-energias-renovables#primaryimage"},"thumbnailUrl":"https:\/\/www.asajacyl.com\/palencia\/wp-content\/uploads\/sites\/3\/2021\/02\/PANELES_SOLARES.jpg","datePublished":"2022-06-30T06:41:42+00:00","dateModified":"2022-06-30T06:44:04+00:00","author":{"@id":"https:\/\/www.asajacyl.com\/palencia\/#\/schema\/person\/3ab17aeb03527485c317557fae64aab1"},"description":"La Junta de Castilla y Le\u00f3n ha publicado un Decreto-Ley en el que, entre otras cosas, se incluyen los criterios para la autorizaci\u00f3n de energ\u00edas","breadcrumb":{"@id":"https:\/\/www.asajacyl.com\/palencia\/asaja-palencia-informa\/la-junta-restringe-las-zonas-donde-se-podran-autorizar-proyectos-de-energias-renovables#breadcrumb"},"inLanguage":"es","potentialAction":[{"@type":"ReadAction","target":["https:\/\/www.asajacyl.com\/palencia\/asaja-palencia-informa\/la-junta-restringe-las-zonas-donde-se-podran-autorizar-proyectos-de-energias-renovables"]}]},{"@type":"ImageObject","inLanguage":"es","@id":"https:\/\/www.asajacyl.com\/palencia\/asaja-palencia-informa\/la-junta-restringe-las-zonas-donde-se-podran-autorizar-proyectos-de-energias-renovables#primaryimage","url":"https:\/\/www.asajacyl.com\/palencia\/wp-content\/uploads\/sites\/3\/2021\/02\/PANELES_SOLARES.jpg","contentUrl":"https:\/\/www.asajacyl.com\/palencia\/wp-content\/uploads\/sites\/3\/2021\/02\/PANELES_SOLARES.jpg","width":1920,"height":960},{"@type":"BreadcrumbList","@id":"https:\/\/www.asajacyl.com\/palencia\/asaja-palencia-informa\/la-junta-restringe-las-zonas-donde-se-podran-autorizar-proyectos-de-energias-renovables#breadcrumb","itemListElement":[{"@type":"ListItem","position":1,"name":"Portada","item":"https:\/\/www.asajacyl.com\/palencia\/"},{"@type":"ListItem","position":2,"name":"La Junta restringe las zonas donde se podr\u00e1n autorizar proyectos de energ\u00edas renovables"}]},{"@type":"WebSite","@id":"https:\/\/www.asajacyl.com\/palencia\/#website","url":"https:\/\/www.asajacyl.com\/palencia\/","name":"ASAJA Palencia","description":"Otro sitio m\u00e1s de Provincias ASAJA Castilla y Le\u00f3n","potentialAction":[{"@type":"SearchAction","target":{"@type":"EntryPoint","urlTemplate":"https:\/\/www.asajacyl.com\/palencia\/?s={search_term_string}"},"query-input":{"@type":"PropertyValueSpecification","valueRequired":true,"valueName":"search_term_string"}}],"inLanguage":"es"},{"@type":"Person","@id":"https:\/\/www.asajacyl.com\/palencia\/#\/schema\/person\/3ab17aeb03527485c317557fae64aab1","name":"Administrador","image":{"@type":"ImageObject","inLanguage":"es","@id":"https:\/\/www.asajacyl.com\/palencia\/#\/schema\/person\/image\/","url":"https:\/\/secure.gravatar.com\/avatar\/517384810d242ca9e38c180f3c9fb973?s=96&d=mm&r=g","contentUrl":"https:\/\/secure.gravatar.com\/avatar\/517384810d242ca9e38c180f3c9fb973?s=96&d=mm&r=g","caption":"Administrador"},"url":"https:\/\/www.asajacyl.com\/palencia\/author\/carlosrm"}]}},"_links":{"self":[{"href":"https:\/\/www.asajacyl.com\/palencia\/wp-json\/wp\/v2\/posts\/10959"}],"collection":[{"href":"https:\/\/www.asajacyl.com\/palencia\/wp-json\/wp\/v2\/posts"}],"about":[{"href":"https:\/\/www.asajacyl.com\/palencia\/wp-json\/wp\/v2\/types\/post"}],"author":[{"embeddable":true,"href":"https:\/\/www.asajacyl.com\/palencia\/wp-json\/wp\/v2\/users\/9"}],"replies":[{"embeddable":true,"href":"https:\/\/www.asajacyl.com\/palencia\/wp-json\/wp\/v2\/comments?post=10959"}],"version-history":[{"count":2,"href":"https:\/\/www.asajacyl.com\/palencia\/wp-json\/wp\/v2\/posts\/10959\/revisions"}],"predecessor-version":[{"id":10962,"href":"https:\/\/www.asajacyl.com\/palencia\/wp-json\/wp\/v2\/posts\/10959\/revisions\/10962"}],"wp:featuredmedia":[{"embeddable":true,"href":"https:\/\/www.asajacyl.com\/palencia\/wp-json\/wp\/v2\/media\/7958"}],"wp:attachment":[{"href":"https:\/\/www.asajacyl.com\/palencia\/wp-json\/wp\/v2\/media?parent=10959"}],"wp:term":[{"taxonomy":"category","embeddable":true,"href":"https:\/\/www.asajacyl.com\/palencia\/wp-json\/wp\/v2\/categories?post=10959"},{"taxonomy":"post_tag","embeddable":true,"href":"https:\/\/www.asajacyl.com\/palencia\/wp-json\/wp\/v2\/tags?post=10959"}],"curies":[{"name":"wp","href":"https:\/\/api.w.org\/{rel}","templated":true}]}}