{"id":10990,"date":"2022-07-04T16:37:11","date_gmt":"2022-07-04T14:37:11","guid":{"rendered":"https:\/\/www.asajacyl.com\/palencia\/?p=10990"},"modified":"2022-07-04T16:47:02","modified_gmt":"2022-07-04T14:47:02","slug":"convocadas-las-ayudas-del-plan-renove","status":"publish","type":"post","link":"https:\/\/www.asajacyl.com\/palencia\/asaja-palencia-informa\/convocadas-las-ayudas-del-plan-renove","title":{"rendered":"Convocadas las siniestras ayudas del Plan Renove"},"content":{"rendered":"\n<p>El s\u00e1bado d\u00eda dos de julio se han publicado en el Bolet\u00edn Oficial del Estado las ayudas del Plan Renove para maquinaria agr\u00edcola. En los pr\u00f3ximos d\u00edas habr\u00e1 un tiempo para que las nuevas m\u00e1quinas por las que se pretenda solicitar esta ayuda sean adquiridas e inscritas en el Registro Oficial de Maquinaria Agr\u00edcola. Ese per\u00edodo culmina el d\u00eda 15 de julio, momento en que se deber\u00e1n solicitar las ayudas en la pagina web del Ministerio de Agricultura, Pesca y Alimentaci\u00f3n.<\/p>\n\n\n\n<p>Estas ayudas, y esto no es de ahora sino que ya lo hemos sufrido los \u00faltimos a\u00f1os, est\u00e1n ensombrecidas por las continuas quejas de aquellos que realizamos los tr\u00e1mites. Se nos dijo que iba a ser publicado en junio y ahora tenemos que afrontar la tramitaci\u00f3n en el mes de julio, no nos dejan ni organizarnos, pero esto s\u00f3lo es la gota que ha colmado el vaso, todo lo que hay detr\u00e1s es mucho peor.<\/p>\n\n\n\n<p>Estamos en una \u00e9poca en que Espa\u00f1a est\u00e1 tirando el dinero a espuertas en cosas in\u00fatiles, por decirlo suavemente. Sin embargo, algo tan \u00fatil como ayudar a que la flota de maquinaria agr\u00edcola se modernice, y con ello mejore la productividad del sector m\u00e1s necesario, mientras demos la importancia que tiene a comer todos los d\u00edas, se despacha con una subvenci\u00f3n similar a la de a\u00f1os anteriores, y ya era escasa.<\/p>\n\n\n\n<p>El presupuesto asciende a 6,55 millones de euros cuando el a\u00f1o pasado se solicitaron m\u00e1s de diez, un tercio de las solicitudes se desestimaron y eso que muchos adquirientes no se molestan en pedir las ayudas una vez cubierto el presupuesto. La escasez de este presupuesto se vio claramente el d\u00eda que comenz\u00f3 la tramitaci\u00f3n de la solicitud el pasado a\u00f1o, ya que en dos horas se hab\u00edan terminado los fondos y eso sin tener en cuenta que el sistema inform\u00e1tico del Ministerio gener\u00f3 unos retrasos y fallos imperdonables. En tiempo real de tramitaci\u00f3n no superar\u00eda la media hora.<\/p>\n\n\n\n<p>No s\u00f3lo es que no haya el dinero que el sector demanda sino que adem\u00e1s se obliga a agricultores y ganaderos a adquirir la m\u00e1quina sin saber si se les va a conceder la subvenci\u00f3n y, para m\u00e1s inri, se otorgan las subvenciones por orden de presentaci\u00f3n, de manera que se produce una carrera injusta e innecesaria entre los tramitadores que no nos lleva a ninguna parte pero hace trabajar menos al Ministerio y esto, no nos enga\u00f1emos, es lo que realmente buscan.<\/p>\n\n\n\n<p>Por supuesto, el Ministerio est\u00e1 informado de lo que ocurre, se les han presentado diversas formas de solucionarlo a las que han hecho caso omiso y, adem\u00e1s, como una parte importante se destinaba a las m\u00e1quinas de siembra directa, este a\u00f1o han decidido que s\u00f3lo puedan acceder a dos de los millones del presupuesto cuando el pasado a\u00f1o tuvieron derecho a ayuda aproximadamente 4,5 millones de euros este tipo de m\u00e1quinas.<\/p>\n\n\n\n<p>Por tanto, este a\u00f1o las m\u00e1quinas de siembra directa que no ganen la carrera que organiza el Ministerio a\u00f1o tras a\u00f1o, muy a nuestro pesar, depender\u00e1n de que no se cubra el presupuesto restante, consistentes en 4,5 millones de euros y donde se pueden solicitar ayudas para maquinaria autopropulsada (por ejemplo tractores, cosechadoras o equipos de aplicaci\u00f3n de productos fitosanitarios), cisternas para purines y dispositivos de aplicaci\u00f3n localizada de los mismos, abonadoras, equipos de aplicaci\u00f3n de productos fitosanitarios y trituradoras de residuos de cosecha y poda). Una zancadilla en toda regla a las m\u00e1quinas de siembra directa, muy utilizadas y demandadas en nuestra provincia, y a la provincia de Palencia en particular.<\/p>\n","protected":false},"excerpt":{"rendered":"<p>El s\u00e1bado d\u00eda dos de julio se han publicado en el Bolet\u00edn Oficial del Estado las ayudas del Plan Renove para maquinaria agr\u00edcola. En los pr\u00f3ximos d\u00edas habr\u00e1 un tiempo para que las nuevas m\u00e1quinas por las que se pretenda solicitar esta ayuda sean adquiridas e inscritas en el Registro Oficial de Maquinaria Agr\u00edcola. Ese [&hellip;]<\/p>\n","protected":false},"author":9,"featured_media":9183,"comment_status":"open","ping_status":"open","sticky":false,"template":"","format":"standard","meta":{"footnotes":""},"categories":[9,29,28],"tags":[],"yoast_head":"<!-- This site is optimized with the Yoast SEO plugin v24.5 - https:\/\/yoast.com\/wordpress\/plugins\/seo\/ -->\n<title>Convocadas las siniestras ayudas del Plan Renove - ASAJA Palencia<\/title>\n<meta name=\"description\" content=\"El s\u00e1bado d\u00eda dos de julio se han publicado en el Bolet\u00edn Oficial del Estado las ayudas del Plan Renove para maquinaria agr\u00edcola. En los pr\u00f3ximos d\u00edas\" \/>\n<meta name=\"robots\" content=\"index, follow, max-snippet:-1, max-image-preview:large, max-video-preview:-1\" \/>\n<link rel=\"canonical\" href=\"https:\/\/www.asajacyl.com\/palencia\/asaja-palencia-informa\/convocadas-las-ayudas-del-plan-renove\" \/>\n<meta property=\"og:locale\" content=\"es_ES\" \/>\n<meta property=\"og:type\" content=\"article\" \/>\n<meta property=\"og:title\" content=\"Convocadas las siniestras ayudas del Plan Renove - ASAJA Palencia\" \/>\n<meta property=\"og:description\" content=\"El s\u00e1bado d\u00eda dos de julio se han publicado en el Bolet\u00edn Oficial del Estado las ayudas del Plan Renove para maquinaria agr\u00edcola. En los pr\u00f3ximos d\u00edas\" \/>\n<meta property=\"og:url\" content=\"https:\/\/www.asajacyl.com\/palencia\/asaja-palencia-informa\/convocadas-las-ayudas-del-plan-renove\" \/>\n<meta property=\"og:site_name\" content=\"ASAJA Palencia\" \/>\n<meta property=\"article:published_time\" content=\"2022-07-04T14:37:11+00:00\" \/>\n<meta property=\"article:modified_time\" content=\"2022-07-04T14:47:02+00:00\" \/>\n<meta property=\"og:image\" content=\"https:\/\/www.asajacyl.com\/palencia\/wp-content\/uploads\/sites\/3\/2021\/10\/ABONADO-COLZA.jpg\" \/>\n\t<meta property=\"og:image:width\" content=\"1600\" \/>\n\t<meta property=\"og:image:height\" content=\"900\" \/>\n\t<meta property=\"og:image:type\" content=\"image\/jpeg\" \/>\n<meta name=\"author\" content=\"Administrador\" \/>\n<meta name=\"twitter:card\" content=\"summary_large_image\" \/>\n<meta name=\"twitter:label1\" content=\"Escrito por\" \/>\n\t<meta name=\"twitter:data1\" content=\"Administrador\" \/>\n\t<meta name=\"twitter:label2\" content=\"Tiempo de lectura\" \/>\n\t<meta name=\"twitter:data2\" content=\"3 minutos\" \/>\n<script type=\"application\/ld+json\" class=\"yoast-schema-graph\">{\"@context\":\"https:\/\/schema.org\",\"@graph\":[{\"@type\":\"WebPage\",\"@id\":\"https:\/\/www.asajacyl.com\/palencia\/asaja-palencia-informa\/convocadas-las-ayudas-del-plan-renove\",\"url\":\"https:\/\/www.asajacyl.com\/palencia\/asaja-palencia-informa\/convocadas-las-ayudas-del-plan-renove\",\"name\":\"Convocadas las siniestras ayudas del Plan Renove - ASAJA Palencia\",\"isPartOf\":{\"@id\":\"https:\/\/www.asajacyl.com\/palencia\/#website\"},\"primaryImageOfPage\":{\"@id\":\"https:\/\/www.asajacyl.com\/palencia\/asaja-palencia-informa\/convocadas-las-ayudas-del-plan-renove#primaryimage\"},\"image\":{\"@id\":\"https:\/\/www.asajacyl.com\/palencia\/asaja-palencia-informa\/convocadas-las-ayudas-del-plan-renove#primaryimage\"},\"thumbnailUrl\":\"https:\/\/www.asajacyl.com\/palencia\/wp-content\/uploads\/sites\/3\/2021\/10\/ABONADO-COLZA.jpg\",\"datePublished\":\"2022-07-04T14:37:11+00:00\",\"dateModified\":\"2022-07-04T14:47:02+00:00\",\"author\":{\"@id\":\"https:\/\/www.asajacyl.com\/palencia\/#\/schema\/person\/3ab17aeb03527485c317557fae64aab1\"},\"description\":\"El s\u00e1bado d\u00eda dos de julio se han publicado en el Bolet\u00edn Oficial del Estado las ayudas del Plan Renove para maquinaria agr\u00edcola. En los pr\u00f3ximos d\u00edas\",\"breadcrumb\":{\"@id\":\"https:\/\/www.asajacyl.com\/palencia\/asaja-palencia-informa\/convocadas-las-ayudas-del-plan-renove#breadcrumb\"},\"inLanguage\":\"es\",\"potentialAction\":[{\"@type\":\"ReadAction\",\"target\":[\"https:\/\/www.asajacyl.com\/palencia\/asaja-palencia-informa\/convocadas-las-ayudas-del-plan-renove\"]}]},{\"@type\":\"ImageObject\",\"inLanguage\":\"es\",\"@id\":\"https:\/\/www.asajacyl.com\/palencia\/asaja-palencia-informa\/convocadas-las-ayudas-del-plan-renove#primaryimage\",\"url\":\"https:\/\/www.asajacyl.com\/palencia\/wp-content\/uploads\/sites\/3\/2021\/10\/ABONADO-COLZA.jpg\",\"contentUrl\":\"https:\/\/www.asajacyl.com\/palencia\/wp-content\/uploads\/sites\/3\/2021\/10\/ABONADO-COLZA.jpg\",\"width\":1600,\"height\":900},{\"@type\":\"BreadcrumbList\",\"@id\":\"https:\/\/www.asajacyl.com\/palencia\/asaja-palencia-informa\/convocadas-las-ayudas-del-plan-renove#breadcrumb\",\"itemListElement\":[{\"@type\":\"ListItem\",\"position\":1,\"name\":\"Portada\",\"item\":\"https:\/\/www.asajacyl.com\/palencia\/\"},{\"@type\":\"ListItem\",\"position\":2,\"name\":\"Convocadas las siniestras ayudas del Plan Renove\"}]},{\"@type\":\"WebSite\",\"@id\":\"https:\/\/www.asajacyl.com\/palencia\/#website\",\"url\":\"https:\/\/www.asajacyl.com\/palencia\/\",\"name\":\"ASAJA Palencia\",\"description\":\"Otro sitio m\u00e1s de Provincias ASAJA Castilla y Le\u00f3n\",\"potentialAction\":[{\"@type\":\"SearchAction\",\"target\":{\"@type\":\"EntryPoint\",\"urlTemplate\":\"https:\/\/www.asajacyl.com\/palencia\/?s={search_term_string}\"},\"query-input\":{\"@type\":\"PropertyValueSpecification\",\"valueRequired\":true,\"valueName\":\"search_term_string\"}}],\"inLanguage\":\"es\"},{\"@type\":\"Person\",\"@id\":\"https:\/\/www.asajacyl.com\/palencia\/#\/schema\/person\/3ab17aeb03527485c317557fae64aab1\",\"name\":\"Administrador\",\"image\":{\"@type\":\"ImageObject\",\"inLanguage\":\"es\",\"@id\":\"https:\/\/www.asajacyl.com\/palencia\/#\/schema\/person\/image\/\",\"url\":\"https:\/\/secure.gravatar.com\/avatar\/517384810d242ca9e38c180f3c9fb973?s=96&d=mm&r=g\",\"contentUrl\":\"https:\/\/secure.gravatar.com\/avatar\/517384810d242ca9e38c180f3c9fb973?s=96&d=mm&r=g\",\"caption\":\"Administrador\"},\"url\":\"https:\/\/www.asajacyl.com\/palencia\/author\/carlosrm\"}]}<\/script>\n<!-- \/ Yoast SEO plugin. -->","yoast_head_json":{"title":"Convocadas las siniestras ayudas del Plan Renove - ASAJA Palencia","description":"El s\u00e1bado d\u00eda dos de julio se han publicado en el Bolet\u00edn Oficial del Estado las ayudas del Plan Renove para maquinaria agr\u00edcola. En los pr\u00f3ximos d\u00edas","robots":{"index":"index","follow":"follow","max-snippet":"max-snippet:-1","max-image-preview":"max-image-preview:large","max-video-preview":"max-video-preview:-1"},"canonical":"https:\/\/www.asajacyl.com\/palencia\/asaja-palencia-informa\/convocadas-las-ayudas-del-plan-renove","og_locale":"es_ES","og_type":"article","og_title":"Convocadas las siniestras ayudas del Plan Renove - ASAJA Palencia","og_description":"El s\u00e1bado d\u00eda dos de julio se han publicado en el Bolet\u00edn Oficial del Estado las ayudas del Plan Renove para maquinaria agr\u00edcola. En los pr\u00f3ximos d\u00edas","og_url":"https:\/\/www.asajacyl.com\/palencia\/asaja-palencia-informa\/convocadas-las-ayudas-del-plan-renove","og_site_name":"ASAJA Palencia","article_published_time":"2022-07-04T14:37:11+00:00","article_modified_time":"2022-07-04T14:47:02+00:00","og_image":[{"width":1600,"height":900,"url":"https:\/\/www.asajacyl.com\/palencia\/wp-content\/uploads\/sites\/3\/2021\/10\/ABONADO-COLZA.jpg","type":"image\/jpeg"}],"author":"Administrador","twitter_card":"summary_large_image","twitter_misc":{"Escrito por":"Administrador","Tiempo de lectura":"3 minutos"},"schema":{"@context":"https:\/\/schema.org","@graph":[{"@type":"WebPage","@id":"https:\/\/www.asajacyl.com\/palencia\/asaja-palencia-informa\/convocadas-las-ayudas-del-plan-renove","url":"https:\/\/www.asajacyl.com\/palencia\/asaja-palencia-informa\/convocadas-las-ayudas-del-plan-renove","name":"Convocadas las siniestras ayudas del Plan Renove - ASAJA Palencia","isPartOf":{"@id":"https:\/\/www.asajacyl.com\/palencia\/#website"},"primaryImageOfPage":{"@id":"https:\/\/www.asajacyl.com\/palencia\/asaja-palencia-informa\/convocadas-las-ayudas-del-plan-renove#primaryimage"},"image":{"@id":"https:\/\/www.asajacyl.com\/palencia\/asaja-palencia-informa\/convocadas-las-ayudas-del-plan-renove#primaryimage"},"thumbnailUrl":"https:\/\/www.asajacyl.com\/palencia\/wp-content\/uploads\/sites\/3\/2021\/10\/ABONADO-COLZA.jpg","datePublished":"2022-07-04T14:37:11+00:00","dateModified":"2022-07-04T14:47:02+00:00","author":{"@id":"https:\/\/www.asajacyl.com\/palencia\/#\/schema\/person\/3ab17aeb03527485c317557fae64aab1"},"description":"El s\u00e1bado d\u00eda dos de julio se han publicado en el Bolet\u00edn Oficial del Estado las ayudas del Plan Renove para maquinaria agr\u00edcola. En los pr\u00f3ximos d\u00edas","breadcrumb":{"@id":"https:\/\/www.asajacyl.com\/palencia\/asaja-palencia-informa\/convocadas-las-ayudas-del-plan-renove#breadcrumb"},"inLanguage":"es","potentialAction":[{"@type":"ReadAction","target":["https:\/\/www.asajacyl.com\/palencia\/asaja-palencia-informa\/convocadas-las-ayudas-del-plan-renove"]}]},{"@type":"ImageObject","inLanguage":"es","@id":"https:\/\/www.asajacyl.com\/palencia\/asaja-palencia-informa\/convocadas-las-ayudas-del-plan-renove#primaryimage","url":"https:\/\/www.asajacyl.com\/palencia\/wp-content\/uploads\/sites\/3\/2021\/10\/ABONADO-COLZA.jpg","contentUrl":"https:\/\/www.asajacyl.com\/palencia\/wp-content\/uploads\/sites\/3\/2021\/10\/ABONADO-COLZA.jpg","width":1600,"height":900},{"@type":"BreadcrumbList","@id":"https:\/\/www.asajacyl.com\/palencia\/asaja-palencia-informa\/convocadas-las-ayudas-del-plan-renove#breadcrumb","itemListElement":[{"@type":"ListItem","position":1,"name":"Portada","item":"https:\/\/www.asajacyl.com\/palencia\/"},{"@type":"ListItem","position":2,"name":"Convocadas las siniestras ayudas del Plan Renove"}]},{"@type":"WebSite","@id":"https:\/\/www.asajacyl.com\/palencia\/#website","url":"https:\/\/www.asajacyl.com\/palencia\/","name":"ASAJA Palencia","description":"Otro sitio m\u00e1s de Provincias ASAJA Castilla y Le\u00f3n","potentialAction":[{"@type":"SearchAction","target":{"@type":"EntryPoint","urlTemplate":"https:\/\/www.asajacyl.com\/palencia\/?s={search_term_string}"},"query-input":{"@type":"PropertyValueSpecification","valueRequired":true,"valueName":"search_term_string"}}],"inLanguage":"es"},{"@type":"Person","@id":"https:\/\/www.asajacyl.com\/palencia\/#\/schema\/person\/3ab17aeb03527485c317557fae64aab1","name":"Administrador","image":{"@type":"ImageObject","inLanguage":"es","@id":"https:\/\/www.asajacyl.com\/palencia\/#\/schema\/person\/image\/","url":"https:\/\/secure.gravatar.com\/avatar\/517384810d242ca9e38c180f3c9fb973?s=96&d=mm&r=g","contentUrl":"https:\/\/secure.gravatar.com\/avatar\/517384810d242ca9e38c180f3c9fb973?s=96&d=mm&r=g","caption":"Administrador"},"url":"https:\/\/www.asajacyl.com\/palencia\/author\/carlosrm"}]}},"_links":{"self":[{"href":"https:\/\/www.asajacyl.com\/palencia\/wp-json\/wp\/v2\/posts\/10990"}],"collection":[{"href":"https:\/\/www.asajacyl.com\/palencia\/wp-json\/wp\/v2\/posts"}],"about":[{"href":"https:\/\/www.asajacyl.com\/palencia\/wp-json\/wp\/v2\/types\/post"}],"author":[{"embeddable":true,"href":"https:\/\/www.asajacyl.com\/palencia\/wp-json\/wp\/v2\/users\/9"}],"replies":[{"embeddable":true,"href":"https:\/\/www.asajacyl.com\/palencia\/wp-json\/wp\/v2\/comments?post=10990"}],"version-history":[{"count":3,"href":"https:\/\/www.asajacyl.com\/palencia\/wp-json\/wp\/v2\/posts\/10990\/revisions"}],"predecessor-version":[{"id":10995,"href":"https:\/\/www.asajacyl.com\/palencia\/wp-json\/wp\/v2\/posts\/10990\/revisions\/10995"}],"wp:featuredmedia":[{"embeddable":true,"href":"https:\/\/www.asajacyl.com\/palencia\/wp-json\/wp\/v2\/media\/9183"}],"wp:attachment":[{"href":"https:\/\/www.asajacyl.com\/palencia\/wp-json\/wp\/v2\/media?parent=10990"}],"wp:term":[{"taxonomy":"category","embeddable":true,"href":"https:\/\/www.asajacyl.com\/palencia\/wp-json\/wp\/v2\/categories?post=10990"},{"taxonomy":"post_tag","embeddable":true,"href":"https:\/\/www.asajacyl.com\/palencia\/wp-json\/wp\/v2\/tags?post=10990"}],"curies":[{"name":"wp","href":"https:\/\/api.w.org\/{rel}","templated":true}]}}