{"id":11011,"date":"2022-07-09T16:22:08","date_gmt":"2022-07-09T14:22:08","guid":{"rendered":"https:\/\/www.asajacyl.com\/palencia\/?p=11011"},"modified":"2022-07-09T16:23:03","modified_gmt":"2022-07-09T14:23:03","slug":"el-riesgo-de-incendios-forestales-estara-en-alerta-del-10-al-15-de-julio","status":"publish","type":"post","link":"https:\/\/www.asajacyl.com\/palencia\/asaja-palencia-informa\/el-riesgo-de-incendios-forestales-estara-en-alerta-del-10-al-15-de-julio","title":{"rendered":"El riesgo de incendios forestales estar\u00e1 en \u00abalerta\u00bb del 10 al 15 de julio"},"content":{"rendered":"\n<p>La Consejer\u00eda de Medio Ambiente ha declarado en \u00abalerta\u00bb el riesgo de incendios forestales, debido a la previsi\u00f3n de muy altas temperaturas en toda nuestra regi\u00f3n, desde el domingo d\u00eda 10 de julio hasta el viernes d\u00eda 15 de julio, ambos inclusive.<\/p>\n\n\n\n<p>Esto no afecta a la cosecha ni al empacado por lo que se deber\u00e1n seguir cumpliendo las normas de la \u00e9poca de alto peligro de incendios en que nos encontramos, consistente en que para realizar la recolecci\u00f3n en montes y en zonas en la franja de 400 metros de monte se debe utilizar cosechadoras dotadas de matachispas, quedando prohibido el uso de estas m\u00e1quinas cuando se superen los 30 \u00baC de temperatura y la velocidad del viento sea mayor a 30 km\/h. Tambi\u00e9n hay que recordar que existen medidas preventivas recomendadas por la Consejer\u00eda.<\/p>\n\n\n\n<p>Cabe recordar que la Junta podr\u00eda decretar durante este verano medidas extraordinarias, como ocurre en este caso, que en lo referente a la cosecha o empacado afectar\u00edan de la siguiente forma:<\/p>\n\n\n\n<ul><li>Alerta: No afecta.<\/li><li>Alarma: Prohibici\u00f3n de cosechar o empacar las parcelas de montes.<\/li><li>Alarma extrema: Prohibici\u00f3n de cosechar o empacar las parcelas de montes y de las franjas de 400 metros que limitan con los montes.<\/li><\/ul>\n","protected":false},"excerpt":{"rendered":"<p>La Consejer\u00eda de Medio Ambiente ha declarado en \u00abalerta\u00bb el riesgo de incendios forestales, debido a la previsi\u00f3n de muy altas temperaturas en toda nuestra regi\u00f3n, desde el domingo d\u00eda 10 de julio hasta el viernes d\u00eda 15 de julio, ambos inclusive. Esto no afecta a la cosecha ni al empacado por lo que se [&hellip;]<\/p>\n","protected":false},"author":9,"featured_media":10887,"comment_status":"open","ping_status":"open","sticky":false,"template":"","format":"standard","meta":{"footnotes":""},"categories":[9,29,28],"tags":[],"yoast_head":"<!-- This site is optimized with the Yoast SEO plugin v24.5 - https:\/\/yoast.com\/wordpress\/plugins\/seo\/ -->\n<title>El riesgo de incendios forestales estar\u00e1 en &quot;alerta&quot; del 10 al 15 de julio - ASAJA Palencia<\/title>\n<meta name=\"description\" content=\"La Consejer\u00eda de Medio Ambiente ha declarado en &quot;alerta&quot; el riesgo de incendios forestales, debido a la previsi\u00f3n de muy altas temperaturas en toda\" \/>\n<meta name=\"robots\" content=\"index, follow, max-snippet:-1, max-image-preview:large, max-video-preview:-1\" \/>\n<link rel=\"canonical\" href=\"https:\/\/www.asajacyl.com\/palencia\/asaja-palencia-informa\/el-riesgo-de-incendios-forestales-estara-en-alerta-del-10-al-15-de-julio\" \/>\n<meta property=\"og:locale\" content=\"es_ES\" \/>\n<meta property=\"og:type\" content=\"article\" \/>\n<meta property=\"og:title\" content=\"El riesgo de incendios forestales estar\u00e1 en &quot;alerta&quot; del 10 al 15 de julio - ASAJA Palencia\" \/>\n<meta property=\"og:description\" content=\"La Consejer\u00eda de Medio Ambiente ha declarado en &quot;alerta&quot; el riesgo de incendios forestales, debido a la previsi\u00f3n de muy altas temperaturas en toda\" \/>\n<meta property=\"og:url\" content=\"https:\/\/www.asajacyl.com\/palencia\/asaja-palencia-informa\/el-riesgo-de-incendios-forestales-estara-en-alerta-del-10-al-15-de-julio\" \/>\n<meta property=\"og:site_name\" content=\"ASAJA Palencia\" \/>\n<meta property=\"article:published_time\" content=\"2022-07-09T14:22:08+00:00\" \/>\n<meta property=\"article:modified_time\" content=\"2022-07-09T14:23:03+00:00\" \/>\n<meta property=\"og:image\" content=\"https:\/\/www.asajacyl.com\/palencia\/wp-content\/uploads\/sites\/3\/2022\/06\/COSECHA-CEBADA-2022-1.jpg\" \/>\n\t<meta property=\"og:image:width\" content=\"2500\" \/>\n\t<meta property=\"og:image:height\" content=\"1875\" \/>\n\t<meta property=\"og:image:type\" content=\"image\/jpeg\" \/>\n<meta name=\"author\" content=\"Administrador\" \/>\n<meta name=\"twitter:card\" content=\"summary_large_image\" \/>\n<meta name=\"twitter:label1\" content=\"Escrito por\" \/>\n\t<meta name=\"twitter:data1\" content=\"Administrador\" \/>\n\t<meta name=\"twitter:label2\" content=\"Tiempo de lectura\" \/>\n\t<meta name=\"twitter:data2\" content=\"1 minuto\" \/>\n<script type=\"application\/ld+json\" class=\"yoast-schema-graph\">{\"@context\":\"https:\/\/schema.org\",\"@graph\":[{\"@type\":\"WebPage\",\"@id\":\"https:\/\/www.asajacyl.com\/palencia\/asaja-palencia-informa\/el-riesgo-de-incendios-forestales-estara-en-alerta-del-10-al-15-de-julio\",\"url\":\"https:\/\/www.asajacyl.com\/palencia\/asaja-palencia-informa\/el-riesgo-de-incendios-forestales-estara-en-alerta-del-10-al-15-de-julio\",\"name\":\"El riesgo de incendios forestales estar\u00e1 en \\\"alerta\\\" del 10 al 15 de julio - ASAJA Palencia\",\"isPartOf\":{\"@id\":\"https:\/\/www.asajacyl.com\/palencia\/#website\"},\"primaryImageOfPage\":{\"@id\":\"https:\/\/www.asajacyl.com\/palencia\/asaja-palencia-informa\/el-riesgo-de-incendios-forestales-estara-en-alerta-del-10-al-15-de-julio#primaryimage\"},\"image\":{\"@id\":\"https:\/\/www.asajacyl.com\/palencia\/asaja-palencia-informa\/el-riesgo-de-incendios-forestales-estara-en-alerta-del-10-al-15-de-julio#primaryimage\"},\"thumbnailUrl\":\"https:\/\/www.asajacyl.com\/palencia\/wp-content\/uploads\/sites\/3\/2022\/06\/COSECHA-CEBADA-2022-1.jpg\",\"datePublished\":\"2022-07-09T14:22:08+00:00\",\"dateModified\":\"2022-07-09T14:23:03+00:00\",\"author\":{\"@id\":\"https:\/\/www.asajacyl.com\/palencia\/#\/schema\/person\/3ab17aeb03527485c317557fae64aab1\"},\"description\":\"La Consejer\u00eda de Medio Ambiente ha declarado en \\\"alerta\\\" el riesgo de incendios forestales, debido a la previsi\u00f3n de muy altas temperaturas en toda\",\"breadcrumb\":{\"@id\":\"https:\/\/www.asajacyl.com\/palencia\/asaja-palencia-informa\/el-riesgo-de-incendios-forestales-estara-en-alerta-del-10-al-15-de-julio#breadcrumb\"},\"inLanguage\":\"es\",\"potentialAction\":[{\"@type\":\"ReadAction\",\"target\":[\"https:\/\/www.asajacyl.com\/palencia\/asaja-palencia-informa\/el-riesgo-de-incendios-forestales-estara-en-alerta-del-10-al-15-de-julio\"]}]},{\"@type\":\"ImageObject\",\"inLanguage\":\"es\",\"@id\":\"https:\/\/www.asajacyl.com\/palencia\/asaja-palencia-informa\/el-riesgo-de-incendios-forestales-estara-en-alerta-del-10-al-15-de-julio#primaryimage\",\"url\":\"https:\/\/www.asajacyl.com\/palencia\/wp-content\/uploads\/sites\/3\/2022\/06\/COSECHA-CEBADA-2022-1.jpg\",\"contentUrl\":\"https:\/\/www.asajacyl.com\/palencia\/wp-content\/uploads\/sites\/3\/2022\/06\/COSECHA-CEBADA-2022-1.jpg\",\"width\":2500,\"height\":1875},{\"@type\":\"BreadcrumbList\",\"@id\":\"https:\/\/www.asajacyl.com\/palencia\/asaja-palencia-informa\/el-riesgo-de-incendios-forestales-estara-en-alerta-del-10-al-15-de-julio#breadcrumb\",\"itemListElement\":[{\"@type\":\"ListItem\",\"position\":1,\"name\":\"Portada\",\"item\":\"https:\/\/www.asajacyl.com\/palencia\/\"},{\"@type\":\"ListItem\",\"position\":2,\"name\":\"El riesgo de incendios forestales estar\u00e1 en \u00abalerta\u00bb del 10 al 15 de julio\"}]},{\"@type\":\"WebSite\",\"@id\":\"https:\/\/www.asajacyl.com\/palencia\/#website\",\"url\":\"https:\/\/www.asajacyl.com\/palencia\/\",\"name\":\"ASAJA Palencia\",\"description\":\"Otro sitio m\u00e1s de Provincias ASAJA Castilla y Le\u00f3n\",\"potentialAction\":[{\"@type\":\"SearchAction\",\"target\":{\"@type\":\"EntryPoint\",\"urlTemplate\":\"https:\/\/www.asajacyl.com\/palencia\/?s={search_term_string}\"},\"query-input\":{\"@type\":\"PropertyValueSpecification\",\"valueRequired\":true,\"valueName\":\"search_term_string\"}}],\"inLanguage\":\"es\"},{\"@type\":\"Person\",\"@id\":\"https:\/\/www.asajacyl.com\/palencia\/#\/schema\/person\/3ab17aeb03527485c317557fae64aab1\",\"name\":\"Administrador\",\"image\":{\"@type\":\"ImageObject\",\"inLanguage\":\"es\",\"@id\":\"https:\/\/www.asajacyl.com\/palencia\/#\/schema\/person\/image\/\",\"url\":\"https:\/\/secure.gravatar.com\/avatar\/517384810d242ca9e38c180f3c9fb973?s=96&d=mm&r=g\",\"contentUrl\":\"https:\/\/secure.gravatar.com\/avatar\/517384810d242ca9e38c180f3c9fb973?s=96&d=mm&r=g\",\"caption\":\"Administrador\"},\"url\":\"https:\/\/www.asajacyl.com\/palencia\/author\/carlosrm\"}]}<\/script>\n<!-- \/ Yoast SEO plugin. -->","yoast_head_json":{"title":"El riesgo de incendios forestales estar\u00e1 en \"alerta\" del 10 al 15 de julio - ASAJA Palencia","description":"La Consejer\u00eda de Medio Ambiente ha declarado en \"alerta\" el riesgo de incendios forestales, debido a la previsi\u00f3n de muy altas temperaturas en toda","robots":{"index":"index","follow":"follow","max-snippet":"max-snippet:-1","max-image-preview":"max-image-preview:large","max-video-preview":"max-video-preview:-1"},"canonical":"https:\/\/www.asajacyl.com\/palencia\/asaja-palencia-informa\/el-riesgo-de-incendios-forestales-estara-en-alerta-del-10-al-15-de-julio","og_locale":"es_ES","og_type":"article","og_title":"El riesgo de incendios forestales estar\u00e1 en \"alerta\" del 10 al 15 de julio - ASAJA Palencia","og_description":"La Consejer\u00eda de Medio Ambiente ha declarado en \"alerta\" el riesgo de incendios forestales, debido a la previsi\u00f3n de muy altas temperaturas en toda","og_url":"https:\/\/www.asajacyl.com\/palencia\/asaja-palencia-informa\/el-riesgo-de-incendios-forestales-estara-en-alerta-del-10-al-15-de-julio","og_site_name":"ASAJA Palencia","article_published_time":"2022-07-09T14:22:08+00:00","article_modified_time":"2022-07-09T14:23:03+00:00","og_image":[{"width":2500,"height":1875,"url":"https:\/\/www.asajacyl.com\/palencia\/wp-content\/uploads\/sites\/3\/2022\/06\/COSECHA-CEBADA-2022-1.jpg","type":"image\/jpeg"}],"author":"Administrador","twitter_card":"summary_large_image","twitter_misc":{"Escrito por":"Administrador","Tiempo de lectura":"1 minuto"},"schema":{"@context":"https:\/\/schema.org","@graph":[{"@type":"WebPage","@id":"https:\/\/www.asajacyl.com\/palencia\/asaja-palencia-informa\/el-riesgo-de-incendios-forestales-estara-en-alerta-del-10-al-15-de-julio","url":"https:\/\/www.asajacyl.com\/palencia\/asaja-palencia-informa\/el-riesgo-de-incendios-forestales-estara-en-alerta-del-10-al-15-de-julio","name":"El riesgo de incendios forestales estar\u00e1 en \"alerta\" del 10 al 15 de julio - ASAJA Palencia","isPartOf":{"@id":"https:\/\/www.asajacyl.com\/palencia\/#website"},"primaryImageOfPage":{"@id":"https:\/\/www.asajacyl.com\/palencia\/asaja-palencia-informa\/el-riesgo-de-incendios-forestales-estara-en-alerta-del-10-al-15-de-julio#primaryimage"},"image":{"@id":"https:\/\/www.asajacyl.com\/palencia\/asaja-palencia-informa\/el-riesgo-de-incendios-forestales-estara-en-alerta-del-10-al-15-de-julio#primaryimage"},"thumbnailUrl":"https:\/\/www.asajacyl.com\/palencia\/wp-content\/uploads\/sites\/3\/2022\/06\/COSECHA-CEBADA-2022-1.jpg","datePublished":"2022-07-09T14:22:08+00:00","dateModified":"2022-07-09T14:23:03+00:00","author":{"@id":"https:\/\/www.asajacyl.com\/palencia\/#\/schema\/person\/3ab17aeb03527485c317557fae64aab1"},"description":"La Consejer\u00eda de Medio Ambiente ha declarado en \"alerta\" el riesgo de incendios forestales, debido a la previsi\u00f3n de muy altas temperaturas en toda","breadcrumb":{"@id":"https:\/\/www.asajacyl.com\/palencia\/asaja-palencia-informa\/el-riesgo-de-incendios-forestales-estara-en-alerta-del-10-al-15-de-julio#breadcrumb"},"inLanguage":"es","potentialAction":[{"@type":"ReadAction","target":["https:\/\/www.asajacyl.com\/palencia\/asaja-palencia-informa\/el-riesgo-de-incendios-forestales-estara-en-alerta-del-10-al-15-de-julio"]}]},{"@type":"ImageObject","inLanguage":"es","@id":"https:\/\/www.asajacyl.com\/palencia\/asaja-palencia-informa\/el-riesgo-de-incendios-forestales-estara-en-alerta-del-10-al-15-de-julio#primaryimage","url":"https:\/\/www.asajacyl.com\/palencia\/wp-content\/uploads\/sites\/3\/2022\/06\/COSECHA-CEBADA-2022-1.jpg","contentUrl":"https:\/\/www.asajacyl.com\/palencia\/wp-content\/uploads\/sites\/3\/2022\/06\/COSECHA-CEBADA-2022-1.jpg","width":2500,"height":1875},{"@type":"BreadcrumbList","@id":"https:\/\/www.asajacyl.com\/palencia\/asaja-palencia-informa\/el-riesgo-de-incendios-forestales-estara-en-alerta-del-10-al-15-de-julio#breadcrumb","itemListElement":[{"@type":"ListItem","position":1,"name":"Portada","item":"https:\/\/www.asajacyl.com\/palencia\/"},{"@type":"ListItem","position":2,"name":"El riesgo de incendios forestales estar\u00e1 en \u00abalerta\u00bb del 10 al 15 de julio"}]},{"@type":"WebSite","@id":"https:\/\/www.asajacyl.com\/palencia\/#website","url":"https:\/\/www.asajacyl.com\/palencia\/","name":"ASAJA Palencia","description":"Otro sitio m\u00e1s de Provincias ASAJA Castilla y Le\u00f3n","potentialAction":[{"@type":"SearchAction","target":{"@type":"EntryPoint","urlTemplate":"https:\/\/www.asajacyl.com\/palencia\/?s={search_term_string}"},"query-input":{"@type":"PropertyValueSpecification","valueRequired":true,"valueName":"search_term_string"}}],"inLanguage":"es"},{"@type":"Person","@id":"https:\/\/www.asajacyl.com\/palencia\/#\/schema\/person\/3ab17aeb03527485c317557fae64aab1","name":"Administrador","image":{"@type":"ImageObject","inLanguage":"es","@id":"https:\/\/www.asajacyl.com\/palencia\/#\/schema\/person\/image\/","url":"https:\/\/secure.gravatar.com\/avatar\/517384810d242ca9e38c180f3c9fb973?s=96&d=mm&r=g","contentUrl":"https:\/\/secure.gravatar.com\/avatar\/517384810d242ca9e38c180f3c9fb973?s=96&d=mm&r=g","caption":"Administrador"},"url":"https:\/\/www.asajacyl.com\/palencia\/author\/carlosrm"}]}},"_links":{"self":[{"href":"https:\/\/www.asajacyl.com\/palencia\/wp-json\/wp\/v2\/posts\/11011"}],"collection":[{"href":"https:\/\/www.asajacyl.com\/palencia\/wp-json\/wp\/v2\/posts"}],"about":[{"href":"https:\/\/www.asajacyl.com\/palencia\/wp-json\/wp\/v2\/types\/post"}],"author":[{"embeddable":true,"href":"https:\/\/www.asajacyl.com\/palencia\/wp-json\/wp\/v2\/users\/9"}],"replies":[{"embeddable":true,"href":"https:\/\/www.asajacyl.com\/palencia\/wp-json\/wp\/v2\/comments?post=11011"}],"version-history":[{"count":2,"href":"https:\/\/www.asajacyl.com\/palencia\/wp-json\/wp\/v2\/posts\/11011\/revisions"}],"predecessor-version":[{"id":11014,"href":"https:\/\/www.asajacyl.com\/palencia\/wp-json\/wp\/v2\/posts\/11011\/revisions\/11014"}],"wp:featuredmedia":[{"embeddable":true,"href":"https:\/\/www.asajacyl.com\/palencia\/wp-json\/wp\/v2\/media\/10887"}],"wp:attachment":[{"href":"https:\/\/www.asajacyl.com\/palencia\/wp-json\/wp\/v2\/media?parent=11011"}],"wp:term":[{"taxonomy":"category","embeddable":true,"href":"https:\/\/www.asajacyl.com\/palencia\/wp-json\/wp\/v2\/categories?post=11011"},{"taxonomy":"post_tag","embeddable":true,"href":"https:\/\/www.asajacyl.com\/palencia\/wp-json\/wp\/v2\/tags?post=11011"}],"curies":[{"name":"wp","href":"https:\/\/api.w.org\/{rel}","templated":true}]}}