{"id":11017,"date":"2022-07-14T00:49:00","date_gmt":"2022-07-13T22:49:00","guid":{"rendered":"https:\/\/www.asajacyl.com\/palencia\/?p=11017"},"modified":"2022-07-13T00:56:58","modified_gmt":"2022-07-12T22:56:58","slug":"previsiones-de-cosecha-del-copa-cogeca","status":"publish","type":"post","link":"https:\/\/www.asajacyl.com\/palencia\/asaja-palencia-informa\/previsiones-de-cosecha-del-copa-cogeca","title":{"rendered":"Previsiones de cosecha del COPA-COGECA"},"content":{"rendered":"\n<p><em>La producci\u00f3n europea de cereales se considera a la baja, con una producci\u00f3n de oleaginosas m\u00e1s prometedora, que depende en gran medida de las condiciones meteorol\u00f3gicas<\/em><\/p>\n\n\n\n<p>Esta semana se reunieron en Bruselas los expertos de los Grupos de Trabajo \u00abCereales\u00bb y \u00abOleaginosas y proteaginosas\u00bb del Copa y de la Cogeca, y durante dicho encuentro estimaron que, para la cosecha de 2022, la producci\u00f3n total de cereales de la UE de los 27 ascender\u00e1 a 277 millones de toneladas. Esta cifra ser\u00eda un 4,4% inferior a la de la campa\u00f1a anterior (290 millones de toneladas), y un 3,8% por debajo de la media plurianual de 288 millones de toneladas.<\/p>\n\n\n\n<p>La superficie de trigo blando de la UE de los 27 se mantuvo casi estable, con 21,7 millones de hect\u00e1reas sembradas. Debido a los menores rendimientos, se espera que la producci\u00f3n disminuya a 123,4 millones de toneladas, frente a los 129,2 millones de la campa\u00f1a anterior. Se prev\u00e9n descensos similares de la producci\u00f3n de los dem\u00e1s cereales, con una disminuci\u00f3n m\u00e1s acusada en el caso del trigo duro, que se espera que caiga un 14,6% respecto a 2021.<\/p>\n\n\n\n<figure class=\"wp-block-image size-large\"><img loading=\"lazy\" decoding=\"async\" width=\"1024\" height=\"724\" src=\"https:\/\/www.asajacyl.com\/palencia\/wp-content\/uploads\/sites\/3\/2022\/07\/PRODUCCION-COPA-2022-1024x724.jpg\" alt=\"\" class=\"wp-image-11021\" srcset=\"https:\/\/www.asajacyl.com\/palencia\/wp-content\/uploads\/sites\/3\/2022\/07\/PRODUCCION-COPA-2022-1024x724.jpg 1024w, https:\/\/www.asajacyl.com\/palencia\/wp-content\/uploads\/sites\/3\/2022\/07\/PRODUCCION-COPA-2022-300x212.jpg 300w, https:\/\/www.asajacyl.com\/palencia\/wp-content\/uploads\/sites\/3\/2022\/07\/PRODUCCION-COPA-2022-768x543.jpg 768w, https:\/\/www.asajacyl.com\/palencia\/wp-content\/uploads\/sites\/3\/2022\/07\/PRODUCCION-COPA-2022-1536x1086.jpg 1536w, https:\/\/www.asajacyl.com\/palencia\/wp-content\/uploads\/sites\/3\/2022\/07\/PRODUCCION-COPA-2022-2048x1448.jpg 2048w, https:\/\/www.asajacyl.com\/palencia\/wp-content\/uploads\/sites\/3\/2022\/07\/PRODUCCION-COPA-2022-696x492.jpg 696w, https:\/\/www.asajacyl.com\/palencia\/wp-content\/uploads\/sites\/3\/2022\/07\/PRODUCCION-COPA-2022-1068x755.jpg 1068w, https:\/\/www.asajacyl.com\/palencia\/wp-content\/uploads\/sites\/3\/2022\/07\/PRODUCCION-COPA-2022-1920x1358.jpg 1920w, https:\/\/www.asajacyl.com\/palencia\/wp-content\/uploads\/sites\/3\/2022\/07\/PRODUCCION-COPA-2022-594x420.jpg 594w\" sizes=\"(max-width: 1024px) 100vw, 1024px\" \/><\/figure>\n\n\n\n<p>\u00abLa producci\u00f3n de trigo blando de la UE corre el riesgo de verse muy perjudicada por fen\u00f3menos clim\u00e1ticos extremos en muchas regiones, con altas temperaturas, d\u00e9ficit de lluvias o incluso granizo\u00bb coment\u00f3 Jean-Fran\u00e7ois Isambert, presidente del Grupo de Trabajo \u00abCereales\u00bb del Copa-Cogeca\u037e a lo que a\u00f1adi\u00f3: prevemos un rendimiento inferior, con una ca\u00edda del orden del 5%. Ante el riesgo de escasez de alimentos en varios pa\u00edses importadores como consecuencia de la guerra en Ucrania y la inflaci\u00f3n de los precios de los alimentos, es esencial que la Comisi\u00f3n Europea se tome en serio estas advertencias y se anticipe a las necesidades. En algunas regiones nos preocupa ya el retraso en la nueva campa\u00f1a de compra de fertilizantes. Es necesario reforzar la transparencia y la competencia en el mercado de fertilizantes de la UE. Tambi\u00e9n nos preocupan los escollos log\u00edsticos que afectan a las exportaciones de cereales desde Ucrania y los riesgos asociados de perturbaciones del mercado. Por \u00faltimo, hoy por hoy los productores de cereales necesitan seguridad jur\u00eddica, ya que en las pr\u00f3ximas semanas tendr\u00e1n que tomar decisiones sobre la rotaci\u00f3n de cultivos del a\u00f1o que viene. La Comisi\u00f3n debe decidir r\u00e1pidamente las medidas de flexibilidad en la PAC<br>2023 antes de la siembra de oto\u00f1o\u00bb.<\/p>\n\n\n\n<p>En cuanto a la cosecha de oleaginosas, las previsiones son m\u00e1s optimistas. El Copa y la Cogeca prev\u00e9n un aumento hasta los 32,1 millones de toneladas, un 8,5% m\u00e1s que el a\u00f1o pasado y por encima de la media plurianual de 29,8 millones de toneladas. Esta mayor producci\u00f3n de oleaginosas de la UE de los 27 se debe a un aumento de la superficie de casi un mill\u00f3n de hect\u00e1reas respecto a la campa\u00f1a anterior y a un rendimiento estable siempre que las condiciones meteorol\u00f3gicas sean favorables.<\/p>\n\n\n\n<figure class=\"wp-block-image size-large\"><img loading=\"lazy\" decoding=\"async\" width=\"1024\" height=\"724\" src=\"https:\/\/www.asajacyl.com\/palencia\/wp-content\/uploads\/sites\/3\/2022\/07\/PRODUCCION-COPA-2022-2-1024x724.jpg\" alt=\"\" class=\"wp-image-11022\" srcset=\"https:\/\/www.asajacyl.com\/palencia\/wp-content\/uploads\/sites\/3\/2022\/07\/PRODUCCION-COPA-2022-2-1024x724.jpg 1024w, https:\/\/www.asajacyl.com\/palencia\/wp-content\/uploads\/sites\/3\/2022\/07\/PRODUCCION-COPA-2022-2-300x212.jpg 300w, https:\/\/www.asajacyl.com\/palencia\/wp-content\/uploads\/sites\/3\/2022\/07\/PRODUCCION-COPA-2022-2-768x543.jpg 768w, https:\/\/www.asajacyl.com\/palencia\/wp-content\/uploads\/sites\/3\/2022\/07\/PRODUCCION-COPA-2022-2-1536x1086.jpg 1536w, https:\/\/www.asajacyl.com\/palencia\/wp-content\/uploads\/sites\/3\/2022\/07\/PRODUCCION-COPA-2022-2-2048x1448.jpg 2048w, https:\/\/www.asajacyl.com\/palencia\/wp-content\/uploads\/sites\/3\/2022\/07\/PRODUCCION-COPA-2022-2-696x492.jpg 696w, https:\/\/www.asajacyl.com\/palencia\/wp-content\/uploads\/sites\/3\/2022\/07\/PRODUCCION-COPA-2022-2-1068x755.jpg 1068w, https:\/\/www.asajacyl.com\/palencia\/wp-content\/uploads\/sites\/3\/2022\/07\/PRODUCCION-COPA-2022-2-1920x1358.jpg 1920w, https:\/\/www.asajacyl.com\/palencia\/wp-content\/uploads\/sites\/3\/2022\/07\/PRODUCCION-COPA-2022-2-594x420.jpg 594w\" sizes=\"(max-width: 1024px) 100vw, 1024px\" \/><\/figure>\n\n\n\n<p>\u00abAparte de la Pen\u00ednsula Ib\u00e9rica y algunas regiones de Europa central, las condiciones de plantaci\u00f3n de los cultivos de invierno, incluida la colza, fueron favorables\u00bb declar\u00f3 Pedro Gallardo, presidente del Grupo de Trabajo \u00abOleaginosas y proteaginosas\u00bb. A esto a\u00f1adi\u00f3 que \u00abla superficie de girasol y de proteaginosas sembrada en primavera se ha visto impulsada tras la invasi\u00f3n de Ucrania, con una subida del 9,3% y 6% respectivamente. Sin embargo, estas previsiones no deben hacernos olvidar las crecientes dificultades de producci\u00f3n. El tratamiento de los cultivos para protegerlos contra las enfermedades y las plagas es complicado porque ya no se dispone de medios de protecci\u00f3n eficaces. Es apremiante facilitar el acceso a variedades mejor adaptadas al cambio clim\u00e1tico y resistentes a las enfermedades y plagas, as\u00ed como ofrecer alternativas eficaces a los tratamientos fitosanitarios\u00bb.<\/p>\n","protected":false},"excerpt":{"rendered":"<p>La producci\u00f3n europea de cereales se considera a la baja, con una producci\u00f3n de oleaginosas m\u00e1s prometedora, que depende en gran medida de las condiciones meteorol\u00f3gicas Esta semana se reunieron en Bruselas los expertos de los Grupos de Trabajo \u00abCereales\u00bb y \u00abOleaginosas y proteaginosas\u00bb del Copa y de la Cogeca, y durante dicho encuentro estimaron [&hellip;]<\/p>\n","protected":false},"author":9,"featured_media":10891,"comment_status":"open","ping_status":"open","sticky":false,"template":"","format":"standard","meta":{"footnotes":""},"categories":[9,29,28],"tags":[],"yoast_head":"<!-- This site is optimized with the Yoast SEO plugin v24.5 - https:\/\/yoast.com\/wordpress\/plugins\/seo\/ -->\n<title>Previsiones de cosecha del COPA-COGECA - ASAJA Palencia<\/title>\n<meta name=\"description\" content=\"La producci\u00f3n europea de cereales se considera a la baja, con una producci\u00f3n de oleaginosas m\u00e1s prometedora, que depende en gran medida de las condiciones\" \/>\n<meta name=\"robots\" content=\"index, follow, max-snippet:-1, max-image-preview:large, max-video-preview:-1\" \/>\n<link rel=\"canonical\" href=\"https:\/\/www.asajacyl.com\/palencia\/asaja-palencia-informa\/previsiones-de-cosecha-del-copa-cogeca\" \/>\n<meta property=\"og:locale\" content=\"es_ES\" \/>\n<meta property=\"og:type\" content=\"article\" \/>\n<meta property=\"og:title\" content=\"Previsiones de cosecha del COPA-COGECA - ASAJA Palencia\" \/>\n<meta property=\"og:description\" content=\"La producci\u00f3n europea de cereales se considera a la baja, con una producci\u00f3n de oleaginosas m\u00e1s prometedora, que depende en gran medida de las condiciones\" \/>\n<meta property=\"og:url\" content=\"https:\/\/www.asajacyl.com\/palencia\/asaja-palencia-informa\/previsiones-de-cosecha-del-copa-cogeca\" \/>\n<meta property=\"og:site_name\" content=\"ASAJA Palencia\" \/>\n<meta property=\"article:published_time\" content=\"2022-07-13T22:49:00+00:00\" \/>\n<meta property=\"og:image\" content=\"https:\/\/www.asajacyl.com\/palencia\/wp-content\/uploads\/sites\/3\/2022\/06\/COSECHADORA.jpg\" \/>\n\t<meta property=\"og:image:width\" content=\"2500\" \/>\n\t<meta property=\"og:image:height\" content=\"1875\" \/>\n\t<meta property=\"og:image:type\" content=\"image\/jpeg\" \/>\n<meta name=\"author\" content=\"Administrador\" \/>\n<meta name=\"twitter:card\" content=\"summary_large_image\" \/>\n<meta name=\"twitter:label1\" content=\"Escrito por\" \/>\n\t<meta name=\"twitter:data1\" content=\"Administrador\" \/>\n\t<meta name=\"twitter:label2\" content=\"Tiempo de lectura\" \/>\n\t<meta name=\"twitter:data2\" content=\"4 minutos\" \/>\n<script type=\"application\/ld+json\" class=\"yoast-schema-graph\">{\"@context\":\"https:\/\/schema.org\",\"@graph\":[{\"@type\":\"WebPage\",\"@id\":\"https:\/\/www.asajacyl.com\/palencia\/asaja-palencia-informa\/previsiones-de-cosecha-del-copa-cogeca\",\"url\":\"https:\/\/www.asajacyl.com\/palencia\/asaja-palencia-informa\/previsiones-de-cosecha-del-copa-cogeca\",\"name\":\"Previsiones de cosecha del COPA-COGECA - ASAJA Palencia\",\"isPartOf\":{\"@id\":\"https:\/\/www.asajacyl.com\/palencia\/#website\"},\"primaryImageOfPage\":{\"@id\":\"https:\/\/www.asajacyl.com\/palencia\/asaja-palencia-informa\/previsiones-de-cosecha-del-copa-cogeca#primaryimage\"},\"image\":{\"@id\":\"https:\/\/www.asajacyl.com\/palencia\/asaja-palencia-informa\/previsiones-de-cosecha-del-copa-cogeca#primaryimage\"},\"thumbnailUrl\":\"https:\/\/www.asajacyl.com\/palencia\/wp-content\/uploads\/sites\/3\/2022\/06\/COSECHADORA.jpg\",\"datePublished\":\"2022-07-13T22:49:00+00:00\",\"author\":{\"@id\":\"https:\/\/www.asajacyl.com\/palencia\/#\/schema\/person\/3ab17aeb03527485c317557fae64aab1\"},\"description\":\"La producci\u00f3n europea de cereales se considera a la baja, con una producci\u00f3n de oleaginosas m\u00e1s prometedora, que depende en gran medida de las condiciones\",\"breadcrumb\":{\"@id\":\"https:\/\/www.asajacyl.com\/palencia\/asaja-palencia-informa\/previsiones-de-cosecha-del-copa-cogeca#breadcrumb\"},\"inLanguage\":\"es\",\"potentialAction\":[{\"@type\":\"ReadAction\",\"target\":[\"https:\/\/www.asajacyl.com\/palencia\/asaja-palencia-informa\/previsiones-de-cosecha-del-copa-cogeca\"]}]},{\"@type\":\"ImageObject\",\"inLanguage\":\"es\",\"@id\":\"https:\/\/www.asajacyl.com\/palencia\/asaja-palencia-informa\/previsiones-de-cosecha-del-copa-cogeca#primaryimage\",\"url\":\"https:\/\/www.asajacyl.com\/palencia\/wp-content\/uploads\/sites\/3\/2022\/06\/COSECHADORA.jpg\",\"contentUrl\":\"https:\/\/www.asajacyl.com\/palencia\/wp-content\/uploads\/sites\/3\/2022\/06\/COSECHADORA.jpg\",\"width\":2500,\"height\":1875},{\"@type\":\"BreadcrumbList\",\"@id\":\"https:\/\/www.asajacyl.com\/palencia\/asaja-palencia-informa\/previsiones-de-cosecha-del-copa-cogeca#breadcrumb\",\"itemListElement\":[{\"@type\":\"ListItem\",\"position\":1,\"name\":\"Portada\",\"item\":\"https:\/\/www.asajacyl.com\/palencia\/\"},{\"@type\":\"ListItem\",\"position\":2,\"name\":\"Previsiones de cosecha del COPA-COGECA\"}]},{\"@type\":\"WebSite\",\"@id\":\"https:\/\/www.asajacyl.com\/palencia\/#website\",\"url\":\"https:\/\/www.asajacyl.com\/palencia\/\",\"name\":\"ASAJA Palencia\",\"description\":\"Otro sitio m\u00e1s de Provincias ASAJA Castilla y Le\u00f3n\",\"potentialAction\":[{\"@type\":\"SearchAction\",\"target\":{\"@type\":\"EntryPoint\",\"urlTemplate\":\"https:\/\/www.asajacyl.com\/palencia\/?s={search_term_string}\"},\"query-input\":{\"@type\":\"PropertyValueSpecification\",\"valueRequired\":true,\"valueName\":\"search_term_string\"}}],\"inLanguage\":\"es\"},{\"@type\":\"Person\",\"@id\":\"https:\/\/www.asajacyl.com\/palencia\/#\/schema\/person\/3ab17aeb03527485c317557fae64aab1\",\"name\":\"Administrador\",\"image\":{\"@type\":\"ImageObject\",\"inLanguage\":\"es\",\"@id\":\"https:\/\/www.asajacyl.com\/palencia\/#\/schema\/person\/image\/\",\"url\":\"https:\/\/secure.gravatar.com\/avatar\/517384810d242ca9e38c180f3c9fb973?s=96&d=mm&r=g\",\"contentUrl\":\"https:\/\/secure.gravatar.com\/avatar\/517384810d242ca9e38c180f3c9fb973?s=96&d=mm&r=g\",\"caption\":\"Administrador\"},\"url\":\"https:\/\/www.asajacyl.com\/palencia\/author\/carlosrm\"}]}<\/script>\n<!-- \/ Yoast SEO plugin. -->","yoast_head_json":{"title":"Previsiones de cosecha del COPA-COGECA - ASAJA Palencia","description":"La producci\u00f3n europea de cereales se considera a la baja, con una producci\u00f3n de oleaginosas m\u00e1s prometedora, que depende en gran medida de las condiciones","robots":{"index":"index","follow":"follow","max-snippet":"max-snippet:-1","max-image-preview":"max-image-preview:large","max-video-preview":"max-video-preview:-1"},"canonical":"https:\/\/www.asajacyl.com\/palencia\/asaja-palencia-informa\/previsiones-de-cosecha-del-copa-cogeca","og_locale":"es_ES","og_type":"article","og_title":"Previsiones de cosecha del COPA-COGECA - ASAJA Palencia","og_description":"La producci\u00f3n europea de cereales se considera a la baja, con una producci\u00f3n de oleaginosas m\u00e1s prometedora, que depende en gran medida de las condiciones","og_url":"https:\/\/www.asajacyl.com\/palencia\/asaja-palencia-informa\/previsiones-de-cosecha-del-copa-cogeca","og_site_name":"ASAJA Palencia","article_published_time":"2022-07-13T22:49:00+00:00","og_image":[{"width":2500,"height":1875,"url":"https:\/\/www.asajacyl.com\/palencia\/wp-content\/uploads\/sites\/3\/2022\/06\/COSECHADORA.jpg","type":"image\/jpeg"}],"author":"Administrador","twitter_card":"summary_large_image","twitter_misc":{"Escrito por":"Administrador","Tiempo de lectura":"4 minutos"},"schema":{"@context":"https:\/\/schema.org","@graph":[{"@type":"WebPage","@id":"https:\/\/www.asajacyl.com\/palencia\/asaja-palencia-informa\/previsiones-de-cosecha-del-copa-cogeca","url":"https:\/\/www.asajacyl.com\/palencia\/asaja-palencia-informa\/previsiones-de-cosecha-del-copa-cogeca","name":"Previsiones de cosecha del COPA-COGECA - ASAJA Palencia","isPartOf":{"@id":"https:\/\/www.asajacyl.com\/palencia\/#website"},"primaryImageOfPage":{"@id":"https:\/\/www.asajacyl.com\/palencia\/asaja-palencia-informa\/previsiones-de-cosecha-del-copa-cogeca#primaryimage"},"image":{"@id":"https:\/\/www.asajacyl.com\/palencia\/asaja-palencia-informa\/previsiones-de-cosecha-del-copa-cogeca#primaryimage"},"thumbnailUrl":"https:\/\/www.asajacyl.com\/palencia\/wp-content\/uploads\/sites\/3\/2022\/06\/COSECHADORA.jpg","datePublished":"2022-07-13T22:49:00+00:00","author":{"@id":"https:\/\/www.asajacyl.com\/palencia\/#\/schema\/person\/3ab17aeb03527485c317557fae64aab1"},"description":"La producci\u00f3n europea de cereales se considera a la baja, con una producci\u00f3n de oleaginosas m\u00e1s prometedora, que depende en gran medida de las condiciones","breadcrumb":{"@id":"https:\/\/www.asajacyl.com\/palencia\/asaja-palencia-informa\/previsiones-de-cosecha-del-copa-cogeca#breadcrumb"},"inLanguage":"es","potentialAction":[{"@type":"ReadAction","target":["https:\/\/www.asajacyl.com\/palencia\/asaja-palencia-informa\/previsiones-de-cosecha-del-copa-cogeca"]}]},{"@type":"ImageObject","inLanguage":"es","@id":"https:\/\/www.asajacyl.com\/palencia\/asaja-palencia-informa\/previsiones-de-cosecha-del-copa-cogeca#primaryimage","url":"https:\/\/www.asajacyl.com\/palencia\/wp-content\/uploads\/sites\/3\/2022\/06\/COSECHADORA.jpg","contentUrl":"https:\/\/www.asajacyl.com\/palencia\/wp-content\/uploads\/sites\/3\/2022\/06\/COSECHADORA.jpg","width":2500,"height":1875},{"@type":"BreadcrumbList","@id":"https:\/\/www.asajacyl.com\/palencia\/asaja-palencia-informa\/previsiones-de-cosecha-del-copa-cogeca#breadcrumb","itemListElement":[{"@type":"ListItem","position":1,"name":"Portada","item":"https:\/\/www.asajacyl.com\/palencia\/"},{"@type":"ListItem","position":2,"name":"Previsiones de cosecha del COPA-COGECA"}]},{"@type":"WebSite","@id":"https:\/\/www.asajacyl.com\/palencia\/#website","url":"https:\/\/www.asajacyl.com\/palencia\/","name":"ASAJA Palencia","description":"Otro sitio m\u00e1s de Provincias ASAJA Castilla y Le\u00f3n","potentialAction":[{"@type":"SearchAction","target":{"@type":"EntryPoint","urlTemplate":"https:\/\/www.asajacyl.com\/palencia\/?s={search_term_string}"},"query-input":{"@type":"PropertyValueSpecification","valueRequired":true,"valueName":"search_term_string"}}],"inLanguage":"es"},{"@type":"Person","@id":"https:\/\/www.asajacyl.com\/palencia\/#\/schema\/person\/3ab17aeb03527485c317557fae64aab1","name":"Administrador","image":{"@type":"ImageObject","inLanguage":"es","@id":"https:\/\/www.asajacyl.com\/palencia\/#\/schema\/person\/image\/","url":"https:\/\/secure.gravatar.com\/avatar\/517384810d242ca9e38c180f3c9fb973?s=96&d=mm&r=g","contentUrl":"https:\/\/secure.gravatar.com\/avatar\/517384810d242ca9e38c180f3c9fb973?s=96&d=mm&r=g","caption":"Administrador"},"url":"https:\/\/www.asajacyl.com\/palencia\/author\/carlosrm"}]}},"_links":{"self":[{"href":"https:\/\/www.asajacyl.com\/palencia\/wp-json\/wp\/v2\/posts\/11017"}],"collection":[{"href":"https:\/\/www.asajacyl.com\/palencia\/wp-json\/wp\/v2\/posts"}],"about":[{"href":"https:\/\/www.asajacyl.com\/palencia\/wp-json\/wp\/v2\/types\/post"}],"author":[{"embeddable":true,"href":"https:\/\/www.asajacyl.com\/palencia\/wp-json\/wp\/v2\/users\/9"}],"replies":[{"embeddable":true,"href":"https:\/\/www.asajacyl.com\/palencia\/wp-json\/wp\/v2\/comments?post=11017"}],"version-history":[{"count":3,"href":"https:\/\/www.asajacyl.com\/palencia\/wp-json\/wp\/v2\/posts\/11017\/revisions"}],"predecessor-version":[{"id":11024,"href":"https:\/\/www.asajacyl.com\/palencia\/wp-json\/wp\/v2\/posts\/11017\/revisions\/11024"}],"wp:featuredmedia":[{"embeddable":true,"href":"https:\/\/www.asajacyl.com\/palencia\/wp-json\/wp\/v2\/media\/10891"}],"wp:attachment":[{"href":"https:\/\/www.asajacyl.com\/palencia\/wp-json\/wp\/v2\/media?parent=11017"}],"wp:term":[{"taxonomy":"category","embeddable":true,"href":"https:\/\/www.asajacyl.com\/palencia\/wp-json\/wp\/v2\/categories?post=11017"},{"taxonomy":"post_tag","embeddable":true,"href":"https:\/\/www.asajacyl.com\/palencia\/wp-json\/wp\/v2\/tags?post=11017"}],"curies":[{"name":"wp","href":"https:\/\/api.w.org\/{rel}","templated":true}]}}