{"id":11019,"date":"2022-07-14T09:20:00","date_gmt":"2022-07-14T07:20:00","guid":{"rendered":"https:\/\/www.asajacyl.com\/palencia\/?p=11019"},"modified":"2022-08-02T10:38:53","modified_gmt":"2022-08-02T08:38:53","slug":"avanza-la-dificil-campana-de-riego-de-los-cultivos-de-primavera","status":"publish","type":"post","link":"https:\/\/www.asajacyl.com\/palencia\/asaja-palencia-informa\/avanza-la-dificil-campana-de-riego-de-los-cultivos-de-primavera","title":{"rendered":"Avanza la dif\u00edcil campa\u00f1a de riego de los cultivos de primavera"},"content":{"rendered":"\n<p>Ya se ha publicado el \u00abInforme Mensual de Seguimiento del Plan Especial de Sequ\u00eda\u00bb del mes de junio, donde la Confederaci\u00f3n Hidrogr\u00e1fica del Duero mantiene a los sistemas palentinos, Carri\u00f3n y Pisuerga, en la situaci\u00f3n de \u00absequ\u00eda prolongada\u00bb y en el estado de \u00abalerta\u00bb, en lo referente a la escasez de agua.<\/p>\n\n\n\n<p>Tras conocerse los datos del mes de mayo, la CHD procedi\u00f3 a declarar la situaci\u00f3n especial por sequ\u00eda extraordinaria en ambos sistemas, como indica el vigente Plan Especial de Sequ\u00edas, que data de 2018. A este punto se llega tras los intentos de ahorro de agua y la falta de acompa\u00f1amiento de la meteorolog\u00eda y son diversas las medidas que puede tomar la CHD llegados a este punto. Una de las que plantea este Plan Especial de Sequ\u00edas para la situaci\u00f3n de \u00abalarma\u00bb es la \u00abreducci\u00f3n de caudales ecol\u00f3gicos m\u00ednimos cuando la situaci\u00f3n se solape con el escenario de sequ\u00eda prolongada\u00bb. Por cierto, ya se cuida dicho documento de especificar, sobre las medidas a tomar, que \u00abno se tratar\u00e1 de actuaciones que supongan la ejecuci\u00f3n de nuevas infraestructuras\u00bb, no sea que a los regantes se les ocurra la posibilidad de solicitar un aumento de la regulaci\u00f3n para que no falte agua en a\u00f1os venideros.<\/p>\n\n\n\n<p>A fecha 11 de julio, de los 165 hm<sup>3<\/sup>  de capacidad del sistema Carri\u00f3n, se encuentran ocupados s\u00f3lo 67,3 hm<sup>3<\/sup> (44,8%) cuando en la campa\u00f1a de riego de 2021 hab\u00eda algo m\u00e1s de 100 hm<sup>3<\/sup> el mismo d\u00eda y el intervalo habitual aproximado va de 100 hm<sup>3<\/sup> a 130 hm<sup>3<\/sup>. El sistema Pisuerga est\u00e1 a\u00fan peor, con una disponibilidad de 322 hm<sup>3<\/sup> pero con s\u00f3lo 114,1 hm<sup>3<\/sup> embalsados (35,4%), cuando el a\u00f1o pasado superaba los 190 hm<sup>3<\/sup> y el intervalo habitual est\u00e1 aproximadamente entre los 150 hm<sup>3<\/sup> y los 270 hm<sup>3<\/sup> en estas fechas.<\/p>\n\n\n\n<p>Con la campa\u00f1a de recolecci\u00f3n de los cereales de invierno muy avanzada, los regantes est\u00e1n intentando sacar adelante los cultivos de primavera de su explotaci\u00f3n, algo que merecen tras el sacrificio realizado por los agricultores palentinos sacrificando parte de los cultivos por la previsi\u00f3n de un escaso volumen de agua para el riego y una reducci\u00f3n importante de las dotaciones habituales. Teniendo en cuenta los datos de las \u00faltimas tres campa\u00f1as, la superficie de ma\u00edz palentino ascend\u00eda a unas 7.500 hect\u00e1reas y este a\u00f1o ha sufrido un recorte significativo, qued\u00e1ndose en 4.643 hect\u00e1reas. El caso de la remolacha es m\u00e1s notorio ya que de las 1.700 hect\u00e1reas que se ven\u00edan sembrando, se ha pasado a tan solo 791 hect\u00e1reas. Por \u00faltimo la patata, s\u00ed que ha conseguido mantener las 800 hect\u00e1reas habituales. Es decir, que de unas 10.000 hect\u00e1reas que Palencia dedica a cultivos de primavera, dejando al margen al girasol, nos hemos quedado en 6.100 hect\u00e1reas, con una reducci\u00f3n de estos cultivos aproximadamente de un 40%.<\/p>\n\n\n\n<p>En la actualidad los regantes se afanan en sacar adelante estos cultivos mencionados y en conseguir tambi\u00e9n lo mejor del girasol, que con casi 12.000 hect\u00e1reas en regad\u00edo ha doblado la superficie anual destinada a este cultivo en los \u00faltimos a\u00f1os, y de la alfalfa, que ronda las 9.000 hect\u00e1reas de en regad\u00edo y sufre un paulatino descenso de superficie en los \u00faltimos a\u00f1os. Todo ello con la esperanza de que la CHD no corte la campa\u00f1a de riego como ocurri\u00f3 en el fat\u00eddico 2017, un a\u00f1o para olvidar.<\/p>\n\n\n\n<p>Cabe recordar que las precipitaciones de junio han sido caprichosas, como corresponde a la \u00e9poca del a\u00f1o, y han dejado el preciado agua de forma dispersa, como las nubes suelen hacer en estos meses de est\u00edo donde el norte y el sur de la provincia se olvidan de la tendencia pluviom\u00e9trica que tienen el resto del a\u00f1o y esperan a que el azar les reparta aquello que necesitan.<\/p>\n\n\n\n<figure class=\"wp-block-table aligncenter is-style-stripes\"><table><tbody><tr><td class=\"has-text-align-center\" data-align=\"center\"><strong>ESTACI\u00d3N METEOROL\u00d3GICA<\/strong><\/td><td class=\"has-text-align-center\" data-align=\"center\"><strong>PLUVIOMETR\u00cdA EN JUNIO (l\/m<sup>2<\/sup>)<\/strong><\/td><\/tr><tr><td class=\"has-text-align-center\" data-align=\"center\">Villamuriel de Cerrato<\/td><td class=\"has-text-align-center\" data-align=\"center\">44<\/td><\/tr><tr><td class=\"has-text-align-center\" data-align=\"center\">Herrera de Pisuerga<\/td><td class=\"has-text-align-center\" data-align=\"center\">39<\/td><\/tr><tr><td class=\"has-text-align-center\" data-align=\"center\">Lantadilla<\/td><td class=\"has-text-align-center\" data-align=\"center\">31<\/td><\/tr><tr><td class=\"has-text-align-center\" data-align=\"center\">Torquemada<\/td><td class=\"has-text-align-center\" data-align=\"center\">26<\/td><\/tr><tr><td class=\"has-text-align-center\" data-align=\"center\">Villoldo<\/td><td class=\"has-text-align-center\" data-align=\"center\">26<\/td><\/tr><tr><td class=\"has-text-align-center\" data-align=\"center\">Villaeles<\/td><td class=\"has-text-align-center\" data-align=\"center\">21<\/td><\/tr><tr><td class=\"has-text-align-center\" data-align=\"center\">Fuentes de Nava<\/td><td class=\"has-text-align-center\" data-align=\"center\">16<\/td><\/tr><tr><td class=\"has-text-align-center\" data-align=\"center\">Villaluenga de la Vega<\/td><td class=\"has-text-align-center\" data-align=\"center\">12<\/td><\/tr><\/tbody><\/table><\/figure>\n\n\n\n<figure class=\"wp-block-image\"><img decoding=\"async\" src=\"https:\/\/www.chduero.es\/documents\/20126\/98997\/Junio+2022+ESCASEZ.jpg\/49c2b99b-3984-cb53-2070-b63a5dfb0133?t=1657605743833\" alt=\"\" \/><\/figure>\n\n\n\n<figure class=\"wp-block-image is-resized\"><img loading=\"lazy\" decoding=\"async\" src=\"https:\/\/www.chduero.es\/documents\/20126\/98997\/Junio+2022+SEQUIA.jpg\/d65bbe20-b839-7f69-79a3-7796cd03e68a?t=1657605744090\" alt=\"\" width=\"955\" height=\"676\" \/><\/figure>\n","protected":false},"excerpt":{"rendered":"<p>Ya se ha publicado el \u00abInforme Mensual de Seguimiento del Plan Especial de Sequ\u00eda\u00bb del mes de junio, donde la Confederaci\u00f3n Hidrogr\u00e1fica del Duero mantiene a los sistemas palentinos, Carri\u00f3n y Pisuerga, en la situaci\u00f3n de \u00absequ\u00eda prolongada\u00bb y en el estado de \u00abalerta\u00bb, en lo referente a la escasez de agua. Tras conocerse los [&hellip;]<\/p>\n","protected":false},"author":9,"featured_media":10992,"comment_status":"open","ping_status":"open","sticky":false,"template":"","format":"standard","meta":{"footnotes":""},"categories":[9,29,28],"tags":[],"yoast_head":"<!-- This site is optimized with the Yoast SEO plugin v24.5 - https:\/\/yoast.com\/wordpress\/plugins\/seo\/ -->\n<title>Avanza la dif\u00edcil campa\u00f1a de riego de los cultivos de primavera - ASAJA Palencia<\/title>\n<meta name=\"description\" content=\"Ya se ha publicado el \u00abInforme Mensual de Seguimiento del Plan Especial de Sequ\u00eda\u00bb del mes de junio, donde la Confederaci\u00f3n Hidrogr\u00e1fica del Duero\" \/>\n<meta name=\"robots\" content=\"index, follow, max-snippet:-1, max-image-preview:large, max-video-preview:-1\" \/>\n<link rel=\"canonical\" href=\"https:\/\/www.asajacyl.com\/palencia\/asaja-palencia-informa\/avanza-la-dificil-campana-de-riego-de-los-cultivos-de-primavera\" \/>\n<meta property=\"og:locale\" content=\"es_ES\" \/>\n<meta property=\"og:type\" content=\"article\" \/>\n<meta property=\"og:title\" content=\"Avanza la dif\u00edcil campa\u00f1a de riego de los cultivos de primavera - ASAJA Palencia\" \/>\n<meta property=\"og:description\" content=\"Ya se ha publicado el \u00abInforme Mensual de Seguimiento del Plan Especial de Sequ\u00eda\u00bb del mes de junio, donde la Confederaci\u00f3n Hidrogr\u00e1fica del Duero\" \/>\n<meta property=\"og:url\" content=\"https:\/\/www.asajacyl.com\/palencia\/asaja-palencia-informa\/avanza-la-dificil-campana-de-riego-de-los-cultivos-de-primavera\" \/>\n<meta property=\"og:site_name\" content=\"ASAJA Palencia\" \/>\n<meta property=\"article:published_time\" content=\"2022-07-14T07:20:00+00:00\" \/>\n<meta property=\"article:modified_time\" content=\"2022-08-02T08:38:53+00:00\" \/>\n<meta property=\"og:image\" content=\"https:\/\/www.asajacyl.com\/palencia\/wp-content\/uploads\/sites\/3\/2022\/07\/REGADIO-PIVOT.jpg\" \/>\n\t<meta property=\"og:image:width\" content=\"2500\" \/>\n\t<meta property=\"og:image:height\" content=\"1875\" \/>\n\t<meta property=\"og:image:type\" content=\"image\/jpeg\" \/>\n<meta name=\"author\" content=\"Administrador\" \/>\n<meta name=\"twitter:card\" content=\"summary_large_image\" \/>\n<meta name=\"twitter:label1\" content=\"Escrito por\" \/>\n\t<meta name=\"twitter:data1\" content=\"Administrador\" \/>\n\t<meta name=\"twitter:label2\" content=\"Tiempo de lectura\" \/>\n\t<meta name=\"twitter:data2\" content=\"4 minutos\" \/>\n<script type=\"application\/ld+json\" class=\"yoast-schema-graph\">{\"@context\":\"https:\/\/schema.org\",\"@graph\":[{\"@type\":\"WebPage\",\"@id\":\"https:\/\/www.asajacyl.com\/palencia\/asaja-palencia-informa\/avanza-la-dificil-campana-de-riego-de-los-cultivos-de-primavera\",\"url\":\"https:\/\/www.asajacyl.com\/palencia\/asaja-palencia-informa\/avanza-la-dificil-campana-de-riego-de-los-cultivos-de-primavera\",\"name\":\"Avanza la dif\u00edcil campa\u00f1a de riego de los cultivos de primavera - ASAJA Palencia\",\"isPartOf\":{\"@id\":\"https:\/\/www.asajacyl.com\/palencia\/#website\"},\"primaryImageOfPage\":{\"@id\":\"https:\/\/www.asajacyl.com\/palencia\/asaja-palencia-informa\/avanza-la-dificil-campana-de-riego-de-los-cultivos-de-primavera#primaryimage\"},\"image\":{\"@id\":\"https:\/\/www.asajacyl.com\/palencia\/asaja-palencia-informa\/avanza-la-dificil-campana-de-riego-de-los-cultivos-de-primavera#primaryimage\"},\"thumbnailUrl\":\"https:\/\/www.asajacyl.com\/palencia\/wp-content\/uploads\/sites\/3\/2022\/07\/REGADIO-PIVOT.jpg\",\"datePublished\":\"2022-07-14T07:20:00+00:00\",\"dateModified\":\"2022-08-02T08:38:53+00:00\",\"author\":{\"@id\":\"https:\/\/www.asajacyl.com\/palencia\/#\/schema\/person\/3ab17aeb03527485c317557fae64aab1\"},\"description\":\"Ya se ha publicado el \u00abInforme Mensual de Seguimiento del Plan Especial de Sequ\u00eda\u00bb del mes de junio, donde la Confederaci\u00f3n Hidrogr\u00e1fica del Duero\",\"breadcrumb\":{\"@id\":\"https:\/\/www.asajacyl.com\/palencia\/asaja-palencia-informa\/avanza-la-dificil-campana-de-riego-de-los-cultivos-de-primavera#breadcrumb\"},\"inLanguage\":\"es\",\"potentialAction\":[{\"@type\":\"ReadAction\",\"target\":[\"https:\/\/www.asajacyl.com\/palencia\/asaja-palencia-informa\/avanza-la-dificil-campana-de-riego-de-los-cultivos-de-primavera\"]}]},{\"@type\":\"ImageObject\",\"inLanguage\":\"es\",\"@id\":\"https:\/\/www.asajacyl.com\/palencia\/asaja-palencia-informa\/avanza-la-dificil-campana-de-riego-de-los-cultivos-de-primavera#primaryimage\",\"url\":\"https:\/\/www.asajacyl.com\/palencia\/wp-content\/uploads\/sites\/3\/2022\/07\/REGADIO-PIVOT.jpg\",\"contentUrl\":\"https:\/\/www.asajacyl.com\/palencia\/wp-content\/uploads\/sites\/3\/2022\/07\/REGADIO-PIVOT.jpg\",\"width\":2500,\"height\":1875},{\"@type\":\"BreadcrumbList\",\"@id\":\"https:\/\/www.asajacyl.com\/palencia\/asaja-palencia-informa\/avanza-la-dificil-campana-de-riego-de-los-cultivos-de-primavera#breadcrumb\",\"itemListElement\":[{\"@type\":\"ListItem\",\"position\":1,\"name\":\"Portada\",\"item\":\"https:\/\/www.asajacyl.com\/palencia\/\"},{\"@type\":\"ListItem\",\"position\":2,\"name\":\"Avanza la dif\u00edcil campa\u00f1a de riego de los cultivos de primavera\"}]},{\"@type\":\"WebSite\",\"@id\":\"https:\/\/www.asajacyl.com\/palencia\/#website\",\"url\":\"https:\/\/www.asajacyl.com\/palencia\/\",\"name\":\"ASAJA Palencia\",\"description\":\"Otro sitio m\u00e1s de Provincias ASAJA Castilla y Le\u00f3n\",\"potentialAction\":[{\"@type\":\"SearchAction\",\"target\":{\"@type\":\"EntryPoint\",\"urlTemplate\":\"https:\/\/www.asajacyl.com\/palencia\/?s={search_term_string}\"},\"query-input\":{\"@type\":\"PropertyValueSpecification\",\"valueRequired\":true,\"valueName\":\"search_term_string\"}}],\"inLanguage\":\"es\"},{\"@type\":\"Person\",\"@id\":\"https:\/\/www.asajacyl.com\/palencia\/#\/schema\/person\/3ab17aeb03527485c317557fae64aab1\",\"name\":\"Administrador\",\"image\":{\"@type\":\"ImageObject\",\"inLanguage\":\"es\",\"@id\":\"https:\/\/www.asajacyl.com\/palencia\/#\/schema\/person\/image\/\",\"url\":\"https:\/\/secure.gravatar.com\/avatar\/517384810d242ca9e38c180f3c9fb973?s=96&d=mm&r=g\",\"contentUrl\":\"https:\/\/secure.gravatar.com\/avatar\/517384810d242ca9e38c180f3c9fb973?s=96&d=mm&r=g\",\"caption\":\"Administrador\"},\"url\":\"https:\/\/www.asajacyl.com\/palencia\/author\/carlosrm\"}]}<\/script>\n<!-- \/ Yoast SEO plugin. -->","yoast_head_json":{"title":"Avanza la dif\u00edcil campa\u00f1a de riego de los cultivos de primavera - ASAJA Palencia","description":"Ya se ha publicado el \u00abInforme Mensual de Seguimiento del Plan Especial de Sequ\u00eda\u00bb del mes de junio, donde la Confederaci\u00f3n Hidrogr\u00e1fica del Duero","robots":{"index":"index","follow":"follow","max-snippet":"max-snippet:-1","max-image-preview":"max-image-preview:large","max-video-preview":"max-video-preview:-1"},"canonical":"https:\/\/www.asajacyl.com\/palencia\/asaja-palencia-informa\/avanza-la-dificil-campana-de-riego-de-los-cultivos-de-primavera","og_locale":"es_ES","og_type":"article","og_title":"Avanza la dif\u00edcil campa\u00f1a de riego de los cultivos de primavera - ASAJA Palencia","og_description":"Ya se ha publicado el \u00abInforme Mensual de Seguimiento del Plan Especial de Sequ\u00eda\u00bb del mes de junio, donde la Confederaci\u00f3n Hidrogr\u00e1fica del Duero","og_url":"https:\/\/www.asajacyl.com\/palencia\/asaja-palencia-informa\/avanza-la-dificil-campana-de-riego-de-los-cultivos-de-primavera","og_site_name":"ASAJA Palencia","article_published_time":"2022-07-14T07:20:00+00:00","article_modified_time":"2022-08-02T08:38:53+00:00","og_image":[{"width":2500,"height":1875,"url":"https:\/\/www.asajacyl.com\/palencia\/wp-content\/uploads\/sites\/3\/2022\/07\/REGADIO-PIVOT.jpg","type":"image\/jpeg"}],"author":"Administrador","twitter_card":"summary_large_image","twitter_misc":{"Escrito por":"Administrador","Tiempo de lectura":"4 minutos"},"schema":{"@context":"https:\/\/schema.org","@graph":[{"@type":"WebPage","@id":"https:\/\/www.asajacyl.com\/palencia\/asaja-palencia-informa\/avanza-la-dificil-campana-de-riego-de-los-cultivos-de-primavera","url":"https:\/\/www.asajacyl.com\/palencia\/asaja-palencia-informa\/avanza-la-dificil-campana-de-riego-de-los-cultivos-de-primavera","name":"Avanza la dif\u00edcil campa\u00f1a de riego de los cultivos de primavera - ASAJA Palencia","isPartOf":{"@id":"https:\/\/www.asajacyl.com\/palencia\/#website"},"primaryImageOfPage":{"@id":"https:\/\/www.asajacyl.com\/palencia\/asaja-palencia-informa\/avanza-la-dificil-campana-de-riego-de-los-cultivos-de-primavera#primaryimage"},"image":{"@id":"https:\/\/www.asajacyl.com\/palencia\/asaja-palencia-informa\/avanza-la-dificil-campana-de-riego-de-los-cultivos-de-primavera#primaryimage"},"thumbnailUrl":"https:\/\/www.asajacyl.com\/palencia\/wp-content\/uploads\/sites\/3\/2022\/07\/REGADIO-PIVOT.jpg","datePublished":"2022-07-14T07:20:00+00:00","dateModified":"2022-08-02T08:38:53+00:00","author":{"@id":"https:\/\/www.asajacyl.com\/palencia\/#\/schema\/person\/3ab17aeb03527485c317557fae64aab1"},"description":"Ya se ha publicado el \u00abInforme Mensual de Seguimiento del Plan Especial de Sequ\u00eda\u00bb del mes de junio, donde la Confederaci\u00f3n Hidrogr\u00e1fica del Duero","breadcrumb":{"@id":"https:\/\/www.asajacyl.com\/palencia\/asaja-palencia-informa\/avanza-la-dificil-campana-de-riego-de-los-cultivos-de-primavera#breadcrumb"},"inLanguage":"es","potentialAction":[{"@type":"ReadAction","target":["https:\/\/www.asajacyl.com\/palencia\/asaja-palencia-informa\/avanza-la-dificil-campana-de-riego-de-los-cultivos-de-primavera"]}]},{"@type":"ImageObject","inLanguage":"es","@id":"https:\/\/www.asajacyl.com\/palencia\/asaja-palencia-informa\/avanza-la-dificil-campana-de-riego-de-los-cultivos-de-primavera#primaryimage","url":"https:\/\/www.asajacyl.com\/palencia\/wp-content\/uploads\/sites\/3\/2022\/07\/REGADIO-PIVOT.jpg","contentUrl":"https:\/\/www.asajacyl.com\/palencia\/wp-content\/uploads\/sites\/3\/2022\/07\/REGADIO-PIVOT.jpg","width":2500,"height":1875},{"@type":"BreadcrumbList","@id":"https:\/\/www.asajacyl.com\/palencia\/asaja-palencia-informa\/avanza-la-dificil-campana-de-riego-de-los-cultivos-de-primavera#breadcrumb","itemListElement":[{"@type":"ListItem","position":1,"name":"Portada","item":"https:\/\/www.asajacyl.com\/palencia\/"},{"@type":"ListItem","position":2,"name":"Avanza la dif\u00edcil campa\u00f1a de riego de los cultivos de primavera"}]},{"@type":"WebSite","@id":"https:\/\/www.asajacyl.com\/palencia\/#website","url":"https:\/\/www.asajacyl.com\/palencia\/","name":"ASAJA Palencia","description":"Otro sitio m\u00e1s de Provincias ASAJA Castilla y Le\u00f3n","potentialAction":[{"@type":"SearchAction","target":{"@type":"EntryPoint","urlTemplate":"https:\/\/www.asajacyl.com\/palencia\/?s={search_term_string}"},"query-input":{"@type":"PropertyValueSpecification","valueRequired":true,"valueName":"search_term_string"}}],"inLanguage":"es"},{"@type":"Person","@id":"https:\/\/www.asajacyl.com\/palencia\/#\/schema\/person\/3ab17aeb03527485c317557fae64aab1","name":"Administrador","image":{"@type":"ImageObject","inLanguage":"es","@id":"https:\/\/www.asajacyl.com\/palencia\/#\/schema\/person\/image\/","url":"https:\/\/secure.gravatar.com\/avatar\/517384810d242ca9e38c180f3c9fb973?s=96&d=mm&r=g","contentUrl":"https:\/\/secure.gravatar.com\/avatar\/517384810d242ca9e38c180f3c9fb973?s=96&d=mm&r=g","caption":"Administrador"},"url":"https:\/\/www.asajacyl.com\/palencia\/author\/carlosrm"}]}},"_links":{"self":[{"href":"https:\/\/www.asajacyl.com\/palencia\/wp-json\/wp\/v2\/posts\/11019"}],"collection":[{"href":"https:\/\/www.asajacyl.com\/palencia\/wp-json\/wp\/v2\/posts"}],"about":[{"href":"https:\/\/www.asajacyl.com\/palencia\/wp-json\/wp\/v2\/types\/post"}],"author":[{"embeddable":true,"href":"https:\/\/www.asajacyl.com\/palencia\/wp-json\/wp\/v2\/users\/9"}],"replies":[{"embeddable":true,"href":"https:\/\/www.asajacyl.com\/palencia\/wp-json\/wp\/v2\/comments?post=11019"}],"version-history":[{"count":5,"href":"https:\/\/www.asajacyl.com\/palencia\/wp-json\/wp\/v2\/posts\/11019\/revisions"}],"predecessor-version":[{"id":11185,"href":"https:\/\/www.asajacyl.com\/palencia\/wp-json\/wp\/v2\/posts\/11019\/revisions\/11185"}],"wp:featuredmedia":[{"embeddable":true,"href":"https:\/\/www.asajacyl.com\/palencia\/wp-json\/wp\/v2\/media\/10992"}],"wp:attachment":[{"href":"https:\/\/www.asajacyl.com\/palencia\/wp-json\/wp\/v2\/media?parent=11019"}],"wp:term":[{"taxonomy":"category","embeddable":true,"href":"https:\/\/www.asajacyl.com\/palencia\/wp-json\/wp\/v2\/categories?post=11019"},{"taxonomy":"post_tag","embeddable":true,"href":"https:\/\/www.asajacyl.com\/palencia\/wp-json\/wp\/v2\/tags?post=11019"}],"curies":[{"name":"wp","href":"https:\/\/api.w.org\/{rel}","templated":true}]}}