{"id":11031,"date":"2022-07-18T01:28:00","date_gmt":"2022-07-17T23:28:00","guid":{"rendered":"https:\/\/www.asajacyl.com\/palencia\/?p=11031"},"modified":"2022-07-14T01:30:17","modified_gmt":"2022-07-13T23:30:17","slug":"hay-que-defender-a-las-organizaciones-agrarias","status":"publish","type":"post","link":"https:\/\/www.asajacyl.com\/palencia\/asaja-palencia-informa\/hay-que-defender-a-las-organizaciones-agrarias","title":{"rendered":"Hay que defender a las organizaciones agrarias"},"content":{"rendered":"\n<p><strong>Jos\u00e9 Antonio Turrado, secretario general de ASAJA Castilla y Le\u00f3n<\/strong><\/p>\n\n\n\n<p>En una democracia consolidada como la nuestra, las organizaciones que representan a sectores socioecon\u00f3micos, como es el caso de las organizaciones profesionales agrarias, deber\u00edan de tener un reconocimiento legal y una financiaci\u00f3n p\u00fablica y transparente, a la vez que estable, para cubrir una parte del presupuesto. La financiaci\u00f3n p\u00fablica, con reparto sujeto a criterios objetivos que tenga en cuenta la representatividad real, es la que garantiza la independencia para el posicionamiento en la pol\u00edtica agraria y en general sobre todas y cada una de las medidas legislativas que afectan al sector que representamos. En Castilla y Le\u00f3n, sin que haya una ley que reconozca claramente lo que somos y lo que representamos, y tampoco la forma de financiarlo con los presupuestos p\u00fablicos, tenemos que decir que los distintos gobiernos nos han tenido una razonable consideraci\u00f3n, y han proporcionado una financiaci\u00f3n p\u00fablica escasa, pero estable y conforme a los resultados electorales en las elecciones agrarias. Y quien ha querido ser independiente, como es el caso de ASAJA, ha podido serlo.<\/p>\n\n\n\n<p>Las organizaciones agrarias, y tanto ASAJA como las dem\u00e1s, atendiendo a las necesidades y demandas de los socios, hemos abierto el abanico de nuestros cometidos prestando una serie de servicios que consumen una cantidad ingente de recursos, sobre todo de costes laborales del personal t\u00e9cnico que tenemos empleado. Con la financiaci\u00f3n p\u00fablica y con la aportaci\u00f3n de los socios, por la v\u00eda de la cuota o con otras f\u00f3rmulas, se han de equilibrar las cuentas para que las organizaciones sean viables tambi\u00e9n desde un punto de vista econ\u00f3mico. Y llegado a este punto, que nadie se enga\u00f1e, porque lo que no se financie con dinero p\u00fablico, al que tenemos derecho leg\u00edtimo, se ha de financiar con la aportaci\u00f3n de todos y cada uno de nosotros. Una aportaci\u00f3n que en m\u00ed opini\u00f3n en todo caso ser\u00e1 modesta y asumible, pero no es menos cierto que cada cual decide qu\u00e9 es mucho o poco y en qu\u00e9 se quiere gastar su dinero, y en esto los agricultores, a pesar de recibir mucho de las organizaciones agrarias, no somos distintos al resto de la sociedad.<\/p>\n\n\n\n<p>La mayor\u00eda de las organizaciones agrarias, rondando los cuarenta a\u00f1os de existencia, disponen de medios para funcionar y aguantar el envite de un Vicepresidente de la Junta que amenaza con recortar subvenciones institucionales a organizaciones sindicales y empresariales, entre las que estamos incluidos. No est\u00e1 en riesgo la representaci\u00f3n del sector, ni la prestaci\u00f3n de servicios, pero s\u00ed est\u00e1 en riesgo la dignidad de nuestro colectivo. Ante los gobernantes que desconocen lo que somos y lo que hacemos en las organizaciones agrarias, los agricultores y ganaderos tenemos que decir y defender, donde se nos escuche, que el asociacionismo agrario, profesional e independiente, est\u00e1 jugando un papel decisivo en el dise\u00f1o de la pol\u00edtica agraria, y est\u00e1 contribuyendo a la modernizaci\u00f3n del campo, a la profesionalizaci\u00f3n del sector, y a la rentabilidad de nuestras explotaciones.<\/p>\n\n\n\n<p>Y hay que decir, alto y claro, que el presupuesto de las organizaciones agrarias va mayoritariamente a pagar las n\u00f3minas de unos profesionales que est\u00e1n a nuestro servicio, que lo estuvieron en lo m\u00e1s duro de la pandemia cuando no estaban otros, que trabajan a destajo para sacar adelante los expedientes, y que siendo de los pocos que hoy nos entienden y nos comprenden, se han convertido en imprescindibles.<\/p>\n","protected":false},"excerpt":{"rendered":"<p>Jos\u00e9 Antonio Turrado, secretario general de ASAJA Castilla y Le\u00f3n En una democracia consolidada como la nuestra, las organizaciones que representan a sectores socioecon\u00f3micos, como es el caso de las organizaciones profesionales agrarias, deber\u00edan de tener un reconocimiento legal y una financiaci\u00f3n p\u00fablica y transparente, a la vez que estable, para cubrir una parte del [&hellip;]<\/p>\n","protected":false},"author":9,"featured_media":5827,"comment_status":"open","ping_status":"open","sticky":false,"template":"","format":"standard","meta":{"footnotes":""},"categories":[9,29,28],"tags":[],"yoast_head":"<!-- This site is optimized with the Yoast SEO plugin v24.5 - https:\/\/yoast.com\/wordpress\/plugins\/seo\/ -->\n<title>Hay que defender a las organizaciones agrarias - ASAJA Palencia<\/title>\n<meta name=\"description\" content=\"Jos\u00e9 Antonio Turrado, secretario general de ASAJA Castilla y Le\u00f3n En una democracia consolidada como la nuestra, las organizaciones que representan a\" \/>\n<meta name=\"robots\" content=\"index, follow, max-snippet:-1, max-image-preview:large, max-video-preview:-1\" \/>\n<link rel=\"canonical\" href=\"https:\/\/www.asajacyl.com\/palencia\/asaja-palencia-informa\/hay-que-defender-a-las-organizaciones-agrarias\" \/>\n<meta property=\"og:locale\" content=\"es_ES\" \/>\n<meta property=\"og:type\" content=\"article\" \/>\n<meta property=\"og:title\" content=\"Hay que defender a las organizaciones agrarias - ASAJA Palencia\" \/>\n<meta property=\"og:description\" content=\"Jos\u00e9 Antonio Turrado, secretario general de ASAJA Castilla y Le\u00f3n En una democracia consolidada como la nuestra, las organizaciones que representan a\" \/>\n<meta property=\"og:url\" content=\"https:\/\/www.asajacyl.com\/palencia\/asaja-palencia-informa\/hay-que-defender-a-las-organizaciones-agrarias\" \/>\n<meta property=\"og:site_name\" content=\"ASAJA Palencia\" \/>\n<meta property=\"article:published_time\" content=\"2022-07-17T23:28:00+00:00\" \/>\n<meta property=\"og:image\" content=\"https:\/\/www.asajacyl.com\/palencia\/wp-content\/uploads\/sites\/3\/2019\/01\/turrado-1.jpg\" \/>\n\t<meta property=\"og:image:width\" content=\"254\" \/>\n\t<meta property=\"og:image:height\" content=\"300\" \/>\n\t<meta property=\"og:image:type\" content=\"image\/jpeg\" \/>\n<meta name=\"author\" content=\"Administrador\" \/>\n<meta name=\"twitter:card\" content=\"summary_large_image\" \/>\n<meta name=\"twitter:label1\" content=\"Escrito por\" \/>\n\t<meta name=\"twitter:data1\" content=\"Administrador\" \/>\n\t<meta name=\"twitter:label2\" content=\"Tiempo de lectura\" \/>\n\t<meta name=\"twitter:data2\" content=\"3 minutos\" \/>\n<script type=\"application\/ld+json\" class=\"yoast-schema-graph\">{\"@context\":\"https:\/\/schema.org\",\"@graph\":[{\"@type\":\"WebPage\",\"@id\":\"https:\/\/www.asajacyl.com\/palencia\/asaja-palencia-informa\/hay-que-defender-a-las-organizaciones-agrarias\",\"url\":\"https:\/\/www.asajacyl.com\/palencia\/asaja-palencia-informa\/hay-que-defender-a-las-organizaciones-agrarias\",\"name\":\"Hay que defender a las organizaciones agrarias - ASAJA Palencia\",\"isPartOf\":{\"@id\":\"https:\/\/www.asajacyl.com\/palencia\/#website\"},\"primaryImageOfPage\":{\"@id\":\"https:\/\/www.asajacyl.com\/palencia\/asaja-palencia-informa\/hay-que-defender-a-las-organizaciones-agrarias#primaryimage\"},\"image\":{\"@id\":\"https:\/\/www.asajacyl.com\/palencia\/asaja-palencia-informa\/hay-que-defender-a-las-organizaciones-agrarias#primaryimage\"},\"thumbnailUrl\":\"https:\/\/www.asajacyl.com\/palencia\/wp-content\/uploads\/sites\/3\/2019\/01\/turrado-1.jpg\",\"datePublished\":\"2022-07-17T23:28:00+00:00\",\"author\":{\"@id\":\"https:\/\/www.asajacyl.com\/palencia\/#\/schema\/person\/3ab17aeb03527485c317557fae64aab1\"},\"description\":\"Jos\u00e9 Antonio Turrado, secretario general de ASAJA Castilla y Le\u00f3n En una democracia consolidada como la nuestra, las organizaciones que representan a\",\"breadcrumb\":{\"@id\":\"https:\/\/www.asajacyl.com\/palencia\/asaja-palencia-informa\/hay-que-defender-a-las-organizaciones-agrarias#breadcrumb\"},\"inLanguage\":\"es\",\"potentialAction\":[{\"@type\":\"ReadAction\",\"target\":[\"https:\/\/www.asajacyl.com\/palencia\/asaja-palencia-informa\/hay-que-defender-a-las-organizaciones-agrarias\"]}]},{\"@type\":\"ImageObject\",\"inLanguage\":\"es\",\"@id\":\"https:\/\/www.asajacyl.com\/palencia\/asaja-palencia-informa\/hay-que-defender-a-las-organizaciones-agrarias#primaryimage\",\"url\":\"https:\/\/www.asajacyl.com\/palencia\/wp-content\/uploads\/sites\/3\/2019\/01\/turrado-1.jpg\",\"contentUrl\":\"https:\/\/www.asajacyl.com\/palencia\/wp-content\/uploads\/sites\/3\/2019\/01\/turrado-1.jpg\",\"width\":254,\"height\":300},{\"@type\":\"BreadcrumbList\",\"@id\":\"https:\/\/www.asajacyl.com\/palencia\/asaja-palencia-informa\/hay-que-defender-a-las-organizaciones-agrarias#breadcrumb\",\"itemListElement\":[{\"@type\":\"ListItem\",\"position\":1,\"name\":\"Portada\",\"item\":\"https:\/\/www.asajacyl.com\/palencia\/\"},{\"@type\":\"ListItem\",\"position\":2,\"name\":\"Hay que defender a las organizaciones agrarias\"}]},{\"@type\":\"WebSite\",\"@id\":\"https:\/\/www.asajacyl.com\/palencia\/#website\",\"url\":\"https:\/\/www.asajacyl.com\/palencia\/\",\"name\":\"ASAJA Palencia\",\"description\":\"Otro sitio m\u00e1s de Provincias ASAJA Castilla y Le\u00f3n\",\"potentialAction\":[{\"@type\":\"SearchAction\",\"target\":{\"@type\":\"EntryPoint\",\"urlTemplate\":\"https:\/\/www.asajacyl.com\/palencia\/?s={search_term_string}\"},\"query-input\":{\"@type\":\"PropertyValueSpecification\",\"valueRequired\":true,\"valueName\":\"search_term_string\"}}],\"inLanguage\":\"es\"},{\"@type\":\"Person\",\"@id\":\"https:\/\/www.asajacyl.com\/palencia\/#\/schema\/person\/3ab17aeb03527485c317557fae64aab1\",\"name\":\"Administrador\",\"image\":{\"@type\":\"ImageObject\",\"inLanguage\":\"es\",\"@id\":\"https:\/\/www.asajacyl.com\/palencia\/#\/schema\/person\/image\/\",\"url\":\"https:\/\/secure.gravatar.com\/avatar\/517384810d242ca9e38c180f3c9fb973?s=96&d=mm&r=g\",\"contentUrl\":\"https:\/\/secure.gravatar.com\/avatar\/517384810d242ca9e38c180f3c9fb973?s=96&d=mm&r=g\",\"caption\":\"Administrador\"},\"url\":\"https:\/\/www.asajacyl.com\/palencia\/author\/carlosrm\"}]}<\/script>\n<!-- \/ Yoast SEO plugin. -->","yoast_head_json":{"title":"Hay que defender a las organizaciones agrarias - ASAJA Palencia","description":"Jos\u00e9 Antonio Turrado, secretario general de ASAJA Castilla y Le\u00f3n En una democracia consolidada como la nuestra, las organizaciones que representan a","robots":{"index":"index","follow":"follow","max-snippet":"max-snippet:-1","max-image-preview":"max-image-preview:large","max-video-preview":"max-video-preview:-1"},"canonical":"https:\/\/www.asajacyl.com\/palencia\/asaja-palencia-informa\/hay-que-defender-a-las-organizaciones-agrarias","og_locale":"es_ES","og_type":"article","og_title":"Hay que defender a las organizaciones agrarias - ASAJA Palencia","og_description":"Jos\u00e9 Antonio Turrado, secretario general de ASAJA Castilla y Le\u00f3n En una democracia consolidada como la nuestra, las organizaciones que representan a","og_url":"https:\/\/www.asajacyl.com\/palencia\/asaja-palencia-informa\/hay-que-defender-a-las-organizaciones-agrarias","og_site_name":"ASAJA Palencia","article_published_time":"2022-07-17T23:28:00+00:00","og_image":[{"width":254,"height":300,"url":"https:\/\/www.asajacyl.com\/palencia\/wp-content\/uploads\/sites\/3\/2019\/01\/turrado-1.jpg","type":"image\/jpeg"}],"author":"Administrador","twitter_card":"summary_large_image","twitter_misc":{"Escrito por":"Administrador","Tiempo de lectura":"3 minutos"},"schema":{"@context":"https:\/\/schema.org","@graph":[{"@type":"WebPage","@id":"https:\/\/www.asajacyl.com\/palencia\/asaja-palencia-informa\/hay-que-defender-a-las-organizaciones-agrarias","url":"https:\/\/www.asajacyl.com\/palencia\/asaja-palencia-informa\/hay-que-defender-a-las-organizaciones-agrarias","name":"Hay que defender a las organizaciones agrarias - ASAJA Palencia","isPartOf":{"@id":"https:\/\/www.asajacyl.com\/palencia\/#website"},"primaryImageOfPage":{"@id":"https:\/\/www.asajacyl.com\/palencia\/asaja-palencia-informa\/hay-que-defender-a-las-organizaciones-agrarias#primaryimage"},"image":{"@id":"https:\/\/www.asajacyl.com\/palencia\/asaja-palencia-informa\/hay-que-defender-a-las-organizaciones-agrarias#primaryimage"},"thumbnailUrl":"https:\/\/www.asajacyl.com\/palencia\/wp-content\/uploads\/sites\/3\/2019\/01\/turrado-1.jpg","datePublished":"2022-07-17T23:28:00+00:00","author":{"@id":"https:\/\/www.asajacyl.com\/palencia\/#\/schema\/person\/3ab17aeb03527485c317557fae64aab1"},"description":"Jos\u00e9 Antonio Turrado, secretario general de ASAJA Castilla y Le\u00f3n En una democracia consolidada como la nuestra, las organizaciones que representan a","breadcrumb":{"@id":"https:\/\/www.asajacyl.com\/palencia\/asaja-palencia-informa\/hay-que-defender-a-las-organizaciones-agrarias#breadcrumb"},"inLanguage":"es","potentialAction":[{"@type":"ReadAction","target":["https:\/\/www.asajacyl.com\/palencia\/asaja-palencia-informa\/hay-que-defender-a-las-organizaciones-agrarias"]}]},{"@type":"ImageObject","inLanguage":"es","@id":"https:\/\/www.asajacyl.com\/palencia\/asaja-palencia-informa\/hay-que-defender-a-las-organizaciones-agrarias#primaryimage","url":"https:\/\/www.asajacyl.com\/palencia\/wp-content\/uploads\/sites\/3\/2019\/01\/turrado-1.jpg","contentUrl":"https:\/\/www.asajacyl.com\/palencia\/wp-content\/uploads\/sites\/3\/2019\/01\/turrado-1.jpg","width":254,"height":300},{"@type":"BreadcrumbList","@id":"https:\/\/www.asajacyl.com\/palencia\/asaja-palencia-informa\/hay-que-defender-a-las-organizaciones-agrarias#breadcrumb","itemListElement":[{"@type":"ListItem","position":1,"name":"Portada","item":"https:\/\/www.asajacyl.com\/palencia\/"},{"@type":"ListItem","position":2,"name":"Hay que defender a las organizaciones agrarias"}]},{"@type":"WebSite","@id":"https:\/\/www.asajacyl.com\/palencia\/#website","url":"https:\/\/www.asajacyl.com\/palencia\/","name":"ASAJA Palencia","description":"Otro sitio m\u00e1s de Provincias ASAJA Castilla y Le\u00f3n","potentialAction":[{"@type":"SearchAction","target":{"@type":"EntryPoint","urlTemplate":"https:\/\/www.asajacyl.com\/palencia\/?s={search_term_string}"},"query-input":{"@type":"PropertyValueSpecification","valueRequired":true,"valueName":"search_term_string"}}],"inLanguage":"es"},{"@type":"Person","@id":"https:\/\/www.asajacyl.com\/palencia\/#\/schema\/person\/3ab17aeb03527485c317557fae64aab1","name":"Administrador","image":{"@type":"ImageObject","inLanguage":"es","@id":"https:\/\/www.asajacyl.com\/palencia\/#\/schema\/person\/image\/","url":"https:\/\/secure.gravatar.com\/avatar\/517384810d242ca9e38c180f3c9fb973?s=96&d=mm&r=g","contentUrl":"https:\/\/secure.gravatar.com\/avatar\/517384810d242ca9e38c180f3c9fb973?s=96&d=mm&r=g","caption":"Administrador"},"url":"https:\/\/www.asajacyl.com\/palencia\/author\/carlosrm"}]}},"_links":{"self":[{"href":"https:\/\/www.asajacyl.com\/palencia\/wp-json\/wp\/v2\/posts\/11031"}],"collection":[{"href":"https:\/\/www.asajacyl.com\/palencia\/wp-json\/wp\/v2\/posts"}],"about":[{"href":"https:\/\/www.asajacyl.com\/palencia\/wp-json\/wp\/v2\/types\/post"}],"author":[{"embeddable":true,"href":"https:\/\/www.asajacyl.com\/palencia\/wp-json\/wp\/v2\/users\/9"}],"replies":[{"embeddable":true,"href":"https:\/\/www.asajacyl.com\/palencia\/wp-json\/wp\/v2\/comments?post=11031"}],"version-history":[{"count":1,"href":"https:\/\/www.asajacyl.com\/palencia\/wp-json\/wp\/v2\/posts\/11031\/revisions"}],"predecessor-version":[{"id":11032,"href":"https:\/\/www.asajacyl.com\/palencia\/wp-json\/wp\/v2\/posts\/11031\/revisions\/11032"}],"wp:featuredmedia":[{"embeddable":true,"href":"https:\/\/www.asajacyl.com\/palencia\/wp-json\/wp\/v2\/media\/5827"}],"wp:attachment":[{"href":"https:\/\/www.asajacyl.com\/palencia\/wp-json\/wp\/v2\/media?parent=11031"}],"wp:term":[{"taxonomy":"category","embeddable":true,"href":"https:\/\/www.asajacyl.com\/palencia\/wp-json\/wp\/v2\/categories?post=11031"},{"taxonomy":"post_tag","embeddable":true,"href":"https:\/\/www.asajacyl.com\/palencia\/wp-json\/wp\/v2\/tags?post=11031"}],"curies":[{"name":"wp","href":"https:\/\/api.w.org\/{rel}","templated":true}]}}