{"id":11033,"date":"2022-07-14T01:37:41","date_gmt":"2022-07-13T23:37:41","guid":{"rendered":"https:\/\/www.asajacyl.com\/palencia\/?p=11033"},"modified":"2022-07-14T01:37:42","modified_gmt":"2022-07-13T23:37:42","slug":"asaja-advierte-del-error-garrafal-que-supondria-disenar-un-programa-para-tierra-de-campos-sin-escuchar-al-campo","status":"publish","type":"post","link":"https:\/\/www.asajacyl.com\/palencia\/asaja-palencia-informa\/asaja-advierte-del-error-garrafal-que-supondria-disenar-un-programa-para-tierra-de-campos-sin-escuchar-al-campo","title":{"rendered":"ASAJA advierte del error garrafal que supondr\u00eda dise\u00f1ar un programa para Tierra de Campos sin escuchar al campo"},"content":{"rendered":"\n<p>La organizaci\u00f3n agraria ASAJA ha pedido hoy a la Junta de Castilla y Le\u00f3n, a trav\u00e9s del consejero de Econom\u00eda y Hacienda, Carlos Fern\u00e1ndez Carriedo, que las organizaciones agrarias puedan participar como interlocutoras legitimadas para ello, en la elaboraci\u00f3n del denominado Programa Territorial de Tierra de Campos, presentado ayer. Esta iniciativa de la Junta de Castilla y Leon pretende la implantaci\u00f3n y consolidaci\u00f3n del tejido empresarial en esta zona del territorio que involucra a los 188 municipios de cuatro provincias Valladolid, Palencia, Le\u00f3n y Zamora que conforman una de las comarcas hist\u00f3ricas y m\u00e1s identificativas de la regi\u00f3n, ligada desde siempre al cereal: la Tierra de Campos.<\/p>\n\n\n\n<p>ASAJA considera que un plan de desarrollo dirigido al medio rural tiene que contar necesariamente con la participaci\u00f3n de los hombres y mujeres del campo y de sus leg\u00edtimos representantes, y que el no haberlo hecho de partida denota la falta de consideraci\u00f3n que suelen demostrar todos los pol\u00edticos para con el sector primario.<br>ASAJA entiende que este programa no debe de limitarse en exclusiva a los proyectos industriales, sino que tiene que potenciar la rentabilidad de la agricultura y ganader\u00eda con pol\u00edticas que mejoren las infraestructuras, como las concentraciones parcelarias, y procurar donde sea posible se acometan transformaciones en regad\u00edo o modernizaci\u00f3n de los existentes. La ganader\u00eda, tanto intensiva como extensiva, deben de considerarse tambi\u00e9n como actividades econ\u00f3micas a promocionar debido a su capacidad para generar empleo, para dar salida a las producciones agr\u00edcolas, y para suministrar materia prima a la industria agroalimentaria de la leche y la carne.<\/p>\n\n\n\n<p>Para Donaciano Dujo, \u201cser\u00eda un error garrafal dise\u00f1ar un programa para Tierra de Campos, una comarca tan grande y castigada, sin el campo. Cualquier propuesta tiene que nacer tras escuchar a la gente a la que va dirigida, para que no se desperdicie un dinero que no sobra precisamente. El campo no ha abandonado nunca Tierra de Campos, que por algo se llama as\u00ed\u201d.<\/p>\n","protected":false},"excerpt":{"rendered":"<p>La organizaci\u00f3n agraria ASAJA ha pedido hoy a la Junta de Castilla y Le\u00f3n, a trav\u00e9s del consejero de Econom\u00eda y Hacienda, Carlos Fern\u00e1ndez Carriedo, que las organizaciones agrarias puedan participar como interlocutoras legitimadas para ello, en la elaboraci\u00f3n del denominado Programa Territorial de Tierra de Campos, presentado ayer. Esta iniciativa de la Junta de [&hellip;]<\/p>\n","protected":false},"author":9,"featured_media":10932,"comment_status":"open","ping_status":"open","sticky":false,"template":"","format":"standard","meta":{"footnotes":""},"categories":[9,29,28],"tags":[],"yoast_head":"<!-- This site is optimized with the Yoast SEO plugin v24.5 - https:\/\/yoast.com\/wordpress\/plugins\/seo\/ -->\n<title>ASAJA advierte del error garrafal que supondr\u00eda dise\u00f1ar un programa para Tierra de Campos sin escuchar al campo - ASAJA Palencia<\/title>\n<meta name=\"description\" content=\"La organizaci\u00f3n agraria ASAJA ha pedido hoy a la Junta de Castilla y Le\u00f3n, a trav\u00e9s del consejero de Econom\u00eda y Hacienda, Carlos Fern\u00e1ndez Carriedo, que\" \/>\n<meta name=\"robots\" content=\"index, follow, max-snippet:-1, max-image-preview:large, max-video-preview:-1\" \/>\n<link rel=\"canonical\" href=\"https:\/\/www.asajacyl.com\/palencia\/asaja-palencia-informa\/asaja-advierte-del-error-garrafal-que-supondria-disenar-un-programa-para-tierra-de-campos-sin-escuchar-al-campo\" \/>\n<meta property=\"og:locale\" content=\"es_ES\" \/>\n<meta property=\"og:type\" content=\"article\" \/>\n<meta property=\"og:title\" content=\"ASAJA advierte del error garrafal que supondr\u00eda dise\u00f1ar un programa para Tierra de Campos sin escuchar al campo - ASAJA Palencia\" \/>\n<meta property=\"og:description\" content=\"La organizaci\u00f3n agraria ASAJA ha pedido hoy a la Junta de Castilla y Le\u00f3n, a trav\u00e9s del consejero de Econom\u00eda y Hacienda, Carlos Fern\u00e1ndez Carriedo, que\" \/>\n<meta property=\"og:url\" content=\"https:\/\/www.asajacyl.com\/palencia\/asaja-palencia-informa\/asaja-advierte-del-error-garrafal-que-supondria-disenar-un-programa-para-tierra-de-campos-sin-escuchar-al-campo\" \/>\n<meta property=\"og:site_name\" content=\"ASAJA Palencia\" \/>\n<meta property=\"article:published_time\" content=\"2022-07-13T23:37:41+00:00\" \/>\n<meta property=\"article:modified_time\" content=\"2022-07-13T23:37:42+00:00\" \/>\n<meta property=\"og:image\" content=\"https:\/\/www.asajacyl.com\/palencia\/wp-content\/uploads\/sites\/3\/2022\/06\/REMOLQUE-TRACTOR.jpg\" \/>\n\t<meta property=\"og:image:width\" content=\"2500\" \/>\n\t<meta property=\"og:image:height\" content=\"1875\" \/>\n\t<meta property=\"og:image:type\" content=\"image\/jpeg\" \/>\n<meta name=\"author\" content=\"Administrador\" \/>\n<meta name=\"twitter:card\" content=\"summary_large_image\" \/>\n<meta name=\"twitter:label1\" content=\"Escrito por\" \/>\n\t<meta name=\"twitter:data1\" content=\"Administrador\" \/>\n\t<meta name=\"twitter:label2\" content=\"Tiempo de lectura\" \/>\n\t<meta name=\"twitter:data2\" content=\"2 minutos\" \/>\n<script type=\"application\/ld+json\" class=\"yoast-schema-graph\">{\"@context\":\"https:\/\/schema.org\",\"@graph\":[{\"@type\":\"WebPage\",\"@id\":\"https:\/\/www.asajacyl.com\/palencia\/asaja-palencia-informa\/asaja-advierte-del-error-garrafal-que-supondria-disenar-un-programa-para-tierra-de-campos-sin-escuchar-al-campo\",\"url\":\"https:\/\/www.asajacyl.com\/palencia\/asaja-palencia-informa\/asaja-advierte-del-error-garrafal-que-supondria-disenar-un-programa-para-tierra-de-campos-sin-escuchar-al-campo\",\"name\":\"ASAJA advierte del error garrafal que supondr\u00eda dise\u00f1ar un programa para Tierra de Campos sin escuchar al campo - ASAJA Palencia\",\"isPartOf\":{\"@id\":\"https:\/\/www.asajacyl.com\/palencia\/#website\"},\"primaryImageOfPage\":{\"@id\":\"https:\/\/www.asajacyl.com\/palencia\/asaja-palencia-informa\/asaja-advierte-del-error-garrafal-que-supondria-disenar-un-programa-para-tierra-de-campos-sin-escuchar-al-campo#primaryimage\"},\"image\":{\"@id\":\"https:\/\/www.asajacyl.com\/palencia\/asaja-palencia-informa\/asaja-advierte-del-error-garrafal-que-supondria-disenar-un-programa-para-tierra-de-campos-sin-escuchar-al-campo#primaryimage\"},\"thumbnailUrl\":\"https:\/\/www.asajacyl.com\/palencia\/wp-content\/uploads\/sites\/3\/2022\/06\/REMOLQUE-TRACTOR.jpg\",\"datePublished\":\"2022-07-13T23:37:41+00:00\",\"dateModified\":\"2022-07-13T23:37:42+00:00\",\"author\":{\"@id\":\"https:\/\/www.asajacyl.com\/palencia\/#\/schema\/person\/3ab17aeb03527485c317557fae64aab1\"},\"description\":\"La organizaci\u00f3n agraria ASAJA ha pedido hoy a la Junta de Castilla y Le\u00f3n, a trav\u00e9s del consejero de Econom\u00eda y Hacienda, Carlos Fern\u00e1ndez Carriedo, que\",\"breadcrumb\":{\"@id\":\"https:\/\/www.asajacyl.com\/palencia\/asaja-palencia-informa\/asaja-advierte-del-error-garrafal-que-supondria-disenar-un-programa-para-tierra-de-campos-sin-escuchar-al-campo#breadcrumb\"},\"inLanguage\":\"es\",\"potentialAction\":[{\"@type\":\"ReadAction\",\"target\":[\"https:\/\/www.asajacyl.com\/palencia\/asaja-palencia-informa\/asaja-advierte-del-error-garrafal-que-supondria-disenar-un-programa-para-tierra-de-campos-sin-escuchar-al-campo\"]}]},{\"@type\":\"ImageObject\",\"inLanguage\":\"es\",\"@id\":\"https:\/\/www.asajacyl.com\/palencia\/asaja-palencia-informa\/asaja-advierte-del-error-garrafal-que-supondria-disenar-un-programa-para-tierra-de-campos-sin-escuchar-al-campo#primaryimage\",\"url\":\"https:\/\/www.asajacyl.com\/palencia\/wp-content\/uploads\/sites\/3\/2022\/06\/REMOLQUE-TRACTOR.jpg\",\"contentUrl\":\"https:\/\/www.asajacyl.com\/palencia\/wp-content\/uploads\/sites\/3\/2022\/06\/REMOLQUE-TRACTOR.jpg\",\"width\":2500,\"height\":1875},{\"@type\":\"BreadcrumbList\",\"@id\":\"https:\/\/www.asajacyl.com\/palencia\/asaja-palencia-informa\/asaja-advierte-del-error-garrafal-que-supondria-disenar-un-programa-para-tierra-de-campos-sin-escuchar-al-campo#breadcrumb\",\"itemListElement\":[{\"@type\":\"ListItem\",\"position\":1,\"name\":\"Portada\",\"item\":\"https:\/\/www.asajacyl.com\/palencia\/\"},{\"@type\":\"ListItem\",\"position\":2,\"name\":\"ASAJA advierte del error garrafal que supondr\u00eda dise\u00f1ar un programa para Tierra de Campos sin escuchar al campo\"}]},{\"@type\":\"WebSite\",\"@id\":\"https:\/\/www.asajacyl.com\/palencia\/#website\",\"url\":\"https:\/\/www.asajacyl.com\/palencia\/\",\"name\":\"ASAJA Palencia\",\"description\":\"Otro sitio m\u00e1s de Provincias ASAJA Castilla y Le\u00f3n\",\"potentialAction\":[{\"@type\":\"SearchAction\",\"target\":{\"@type\":\"EntryPoint\",\"urlTemplate\":\"https:\/\/www.asajacyl.com\/palencia\/?s={search_term_string}\"},\"query-input\":{\"@type\":\"PropertyValueSpecification\",\"valueRequired\":true,\"valueName\":\"search_term_string\"}}],\"inLanguage\":\"es\"},{\"@type\":\"Person\",\"@id\":\"https:\/\/www.asajacyl.com\/palencia\/#\/schema\/person\/3ab17aeb03527485c317557fae64aab1\",\"name\":\"Administrador\",\"image\":{\"@type\":\"ImageObject\",\"inLanguage\":\"es\",\"@id\":\"https:\/\/www.asajacyl.com\/palencia\/#\/schema\/person\/image\/\",\"url\":\"https:\/\/secure.gravatar.com\/avatar\/517384810d242ca9e38c180f3c9fb973?s=96&d=mm&r=g\",\"contentUrl\":\"https:\/\/secure.gravatar.com\/avatar\/517384810d242ca9e38c180f3c9fb973?s=96&d=mm&r=g\",\"caption\":\"Administrador\"},\"url\":\"https:\/\/www.asajacyl.com\/palencia\/author\/carlosrm\"}]}<\/script>\n<!-- \/ Yoast SEO plugin. -->","yoast_head_json":{"title":"ASAJA advierte del error garrafal que supondr\u00eda dise\u00f1ar un programa para Tierra de Campos sin escuchar al campo - ASAJA Palencia","description":"La organizaci\u00f3n agraria ASAJA ha pedido hoy a la Junta de Castilla y Le\u00f3n, a trav\u00e9s del consejero de Econom\u00eda y Hacienda, Carlos Fern\u00e1ndez Carriedo, que","robots":{"index":"index","follow":"follow","max-snippet":"max-snippet:-1","max-image-preview":"max-image-preview:large","max-video-preview":"max-video-preview:-1"},"canonical":"https:\/\/www.asajacyl.com\/palencia\/asaja-palencia-informa\/asaja-advierte-del-error-garrafal-que-supondria-disenar-un-programa-para-tierra-de-campos-sin-escuchar-al-campo","og_locale":"es_ES","og_type":"article","og_title":"ASAJA advierte del error garrafal que supondr\u00eda dise\u00f1ar un programa para Tierra de Campos sin escuchar al campo - ASAJA Palencia","og_description":"La organizaci\u00f3n agraria ASAJA ha pedido hoy a la Junta de Castilla y Le\u00f3n, a trav\u00e9s del consejero de Econom\u00eda y Hacienda, Carlos Fern\u00e1ndez Carriedo, que","og_url":"https:\/\/www.asajacyl.com\/palencia\/asaja-palencia-informa\/asaja-advierte-del-error-garrafal-que-supondria-disenar-un-programa-para-tierra-de-campos-sin-escuchar-al-campo","og_site_name":"ASAJA Palencia","article_published_time":"2022-07-13T23:37:41+00:00","article_modified_time":"2022-07-13T23:37:42+00:00","og_image":[{"width":2500,"height":1875,"url":"https:\/\/www.asajacyl.com\/palencia\/wp-content\/uploads\/sites\/3\/2022\/06\/REMOLQUE-TRACTOR.jpg","type":"image\/jpeg"}],"author":"Administrador","twitter_card":"summary_large_image","twitter_misc":{"Escrito por":"Administrador","Tiempo de lectura":"2 minutos"},"schema":{"@context":"https:\/\/schema.org","@graph":[{"@type":"WebPage","@id":"https:\/\/www.asajacyl.com\/palencia\/asaja-palencia-informa\/asaja-advierte-del-error-garrafal-que-supondria-disenar-un-programa-para-tierra-de-campos-sin-escuchar-al-campo","url":"https:\/\/www.asajacyl.com\/palencia\/asaja-palencia-informa\/asaja-advierte-del-error-garrafal-que-supondria-disenar-un-programa-para-tierra-de-campos-sin-escuchar-al-campo","name":"ASAJA advierte del error garrafal que supondr\u00eda dise\u00f1ar un programa para Tierra de Campos sin escuchar al campo - ASAJA Palencia","isPartOf":{"@id":"https:\/\/www.asajacyl.com\/palencia\/#website"},"primaryImageOfPage":{"@id":"https:\/\/www.asajacyl.com\/palencia\/asaja-palencia-informa\/asaja-advierte-del-error-garrafal-que-supondria-disenar-un-programa-para-tierra-de-campos-sin-escuchar-al-campo#primaryimage"},"image":{"@id":"https:\/\/www.asajacyl.com\/palencia\/asaja-palencia-informa\/asaja-advierte-del-error-garrafal-que-supondria-disenar-un-programa-para-tierra-de-campos-sin-escuchar-al-campo#primaryimage"},"thumbnailUrl":"https:\/\/www.asajacyl.com\/palencia\/wp-content\/uploads\/sites\/3\/2022\/06\/REMOLQUE-TRACTOR.jpg","datePublished":"2022-07-13T23:37:41+00:00","dateModified":"2022-07-13T23:37:42+00:00","author":{"@id":"https:\/\/www.asajacyl.com\/palencia\/#\/schema\/person\/3ab17aeb03527485c317557fae64aab1"},"description":"La organizaci\u00f3n agraria ASAJA ha pedido hoy a la Junta de Castilla y Le\u00f3n, a trav\u00e9s del consejero de Econom\u00eda y Hacienda, Carlos Fern\u00e1ndez Carriedo, que","breadcrumb":{"@id":"https:\/\/www.asajacyl.com\/palencia\/asaja-palencia-informa\/asaja-advierte-del-error-garrafal-que-supondria-disenar-un-programa-para-tierra-de-campos-sin-escuchar-al-campo#breadcrumb"},"inLanguage":"es","potentialAction":[{"@type":"ReadAction","target":["https:\/\/www.asajacyl.com\/palencia\/asaja-palencia-informa\/asaja-advierte-del-error-garrafal-que-supondria-disenar-un-programa-para-tierra-de-campos-sin-escuchar-al-campo"]}]},{"@type":"ImageObject","inLanguage":"es","@id":"https:\/\/www.asajacyl.com\/palencia\/asaja-palencia-informa\/asaja-advierte-del-error-garrafal-que-supondria-disenar-un-programa-para-tierra-de-campos-sin-escuchar-al-campo#primaryimage","url":"https:\/\/www.asajacyl.com\/palencia\/wp-content\/uploads\/sites\/3\/2022\/06\/REMOLQUE-TRACTOR.jpg","contentUrl":"https:\/\/www.asajacyl.com\/palencia\/wp-content\/uploads\/sites\/3\/2022\/06\/REMOLQUE-TRACTOR.jpg","width":2500,"height":1875},{"@type":"BreadcrumbList","@id":"https:\/\/www.asajacyl.com\/palencia\/asaja-palencia-informa\/asaja-advierte-del-error-garrafal-que-supondria-disenar-un-programa-para-tierra-de-campos-sin-escuchar-al-campo#breadcrumb","itemListElement":[{"@type":"ListItem","position":1,"name":"Portada","item":"https:\/\/www.asajacyl.com\/palencia\/"},{"@type":"ListItem","position":2,"name":"ASAJA advierte del error garrafal que supondr\u00eda dise\u00f1ar un programa para Tierra de Campos sin escuchar al campo"}]},{"@type":"WebSite","@id":"https:\/\/www.asajacyl.com\/palencia\/#website","url":"https:\/\/www.asajacyl.com\/palencia\/","name":"ASAJA Palencia","description":"Otro sitio m\u00e1s de Provincias ASAJA Castilla y Le\u00f3n","potentialAction":[{"@type":"SearchAction","target":{"@type":"EntryPoint","urlTemplate":"https:\/\/www.asajacyl.com\/palencia\/?s={search_term_string}"},"query-input":{"@type":"PropertyValueSpecification","valueRequired":true,"valueName":"search_term_string"}}],"inLanguage":"es"},{"@type":"Person","@id":"https:\/\/www.asajacyl.com\/palencia\/#\/schema\/person\/3ab17aeb03527485c317557fae64aab1","name":"Administrador","image":{"@type":"ImageObject","inLanguage":"es","@id":"https:\/\/www.asajacyl.com\/palencia\/#\/schema\/person\/image\/","url":"https:\/\/secure.gravatar.com\/avatar\/517384810d242ca9e38c180f3c9fb973?s=96&d=mm&r=g","contentUrl":"https:\/\/secure.gravatar.com\/avatar\/517384810d242ca9e38c180f3c9fb973?s=96&d=mm&r=g","caption":"Administrador"},"url":"https:\/\/www.asajacyl.com\/palencia\/author\/carlosrm"}]}},"_links":{"self":[{"href":"https:\/\/www.asajacyl.com\/palencia\/wp-json\/wp\/v2\/posts\/11033"}],"collection":[{"href":"https:\/\/www.asajacyl.com\/palencia\/wp-json\/wp\/v2\/posts"}],"about":[{"href":"https:\/\/www.asajacyl.com\/palencia\/wp-json\/wp\/v2\/types\/post"}],"author":[{"embeddable":true,"href":"https:\/\/www.asajacyl.com\/palencia\/wp-json\/wp\/v2\/users\/9"}],"replies":[{"embeddable":true,"href":"https:\/\/www.asajacyl.com\/palencia\/wp-json\/wp\/v2\/comments?post=11033"}],"version-history":[{"count":1,"href":"https:\/\/www.asajacyl.com\/palencia\/wp-json\/wp\/v2\/posts\/11033\/revisions"}],"predecessor-version":[{"id":11034,"href":"https:\/\/www.asajacyl.com\/palencia\/wp-json\/wp\/v2\/posts\/11033\/revisions\/11034"}],"wp:featuredmedia":[{"embeddable":true,"href":"https:\/\/www.asajacyl.com\/palencia\/wp-json\/wp\/v2\/media\/10932"}],"wp:attachment":[{"href":"https:\/\/www.asajacyl.com\/palencia\/wp-json\/wp\/v2\/media?parent=11033"}],"wp:term":[{"taxonomy":"category","embeddable":true,"href":"https:\/\/www.asajacyl.com\/palencia\/wp-json\/wp\/v2\/categories?post=11033"},{"taxonomy":"post_tag","embeddable":true,"href":"https:\/\/www.asajacyl.com\/palencia\/wp-json\/wp\/v2\/tags?post=11033"}],"curies":[{"name":"wp","href":"https:\/\/api.w.org\/{rel}","templated":true}]}}