{"id":11035,"date":"2022-07-19T09:39:00","date_gmt":"2022-07-19T07:39:00","guid":{"rendered":"https:\/\/www.asajacyl.com\/palencia\/?p=11035"},"modified":"2022-07-14T10:05:40","modified_gmt":"2022-07-14T08:05:40","slug":"acuerdo-comercial-ue-nueva-zelanda-firmado-los-productos-lacteos-y-la-carne-de-ovino-y-bovino-de-la-ue-seran-los-perjudicados","status":"publish","type":"post","link":"https:\/\/www.asajacyl.com\/palencia\/asaja-palencia-informa\/acuerdo-comercial-ue-nueva-zelanda-firmado-los-productos-lacteos-y-la-carne-de-ovino-y-bovino-de-la-ue-seran-los-perjudicados","title":{"rendered":"Acuerdo comercial UE-Nueva Zelanda firmado: los productos l\u00e1cteos y la carne de ovino y bovino de la UE ser\u00e1n los perjudicados"},"content":{"rendered":"\n<p>La UE y Nueva Zelanda han llegado a un acuerdo pol\u00edtico sobre un acuerdo comercial global con Nueva Zelanda. El acuerdo final, que incluye contingentes arancelarios, ha sido respaldado efectivamente e incluye un acceso sustancial al mercado de la UE en productos l\u00e1cteos, carne de ovino y carne de vacuno. Si bien el Copa y la Cogeca reconocen los altos est\u00e1ndares de protecci\u00f3n al consumidor en Nueva Zelanda y el esfuerzo realizado por la Comisi\u00f3n para proteger las Indicaciones Geogr\u00e1ficas y los est\u00e1ndares de producci\u00f3n de la UE en el acuerdo, se han hecho compromisos da\u00f1inos en sectores sensibles.<\/p>\n\n\n\n<p>La Uni\u00f3n Europea y Nueva Zelanda concluyeron un acuerdo pol\u00edtico sobre sus negociaciones de cuatro a\u00f1os sobre un acuerdo comercial ambicioso. Lo que queda en este punto es que los negociadores de ambas partes trabajen en cuestiones t\u00e9cnicas, como traducir las l\u00edneas pol\u00edticas acordadas en texto y condiciones legales, antes de iniciar el procedimiento de ratificaci\u00f3n.<\/p>\n\n\n\n<p>En lo que se refiere a la agricultura, se han hecho concesiones importantes en sectores ya sensibles en Europa. Esto aumentar\u00e1 nuestra balanza comercial negativa estructural (aproximadamente 750 millones de euros en 2021) en agricultura, en un per\u00edodo en el que luchamos por seguir invirtiendo en sostenibilidad. Nuestros productos, como el vino y la carne de cerdo, ya funcionan en este mercado oce\u00e1nico de 4,8 millones de habitantes, dejando poco margen para equilibrar nuestro comercio en beneficio del sector agr\u00edcola de la UE.<\/p>\n\n\n\n<p>Si bien los exportadores de Nueva Zelanda ya tienen acceso al mercado para 75.000 toneladas de mantequilla y 11.000 toneladas de queso, este acceso adicional al mercado de prote\u00ednas de valor agregado de la UE y productos sensibles (15.000 de toneladas de mantequilla, 25.000 toneladas de queso, 15.000 toneladas de leche en polvo) incrementar\u00e1 sustancialmente la tensi\u00f3n en el mercado y proporcionar\u00e1 un fuerte punto de negociaci\u00f3n en la gesti\u00f3n de importaciones a las industrias l\u00e1cteas. Adem\u00e1s, la concesi\u00f3n de 38.000 toneladas de carne de ovino se sumar\u00e1 al acceso actual al mercado seg\u00fan los contingentes arancelarios de la Organizaci\u00f3n Mundial del Comercio establecidos en 114.184 toneladas.<\/p>\n\n\n\n<p>Esto genera una gran preocupaci\u00f3n sobre el impacto acumulativo de las concesiones otorgadas por la UE a Nueva Zelanda que pueden sumarse a los contingentes arancelarios ya acordados en otras negociaciones bilaterales y multilaterales para la carne de vacuno (10.000 animales adicionales alimentados con pastos) y ovinos y, por lo tanto, deben tenerse en cuenta. para futuros acuerdos comerciales.<\/p>\n\n\n\n<p>Sobre los acuerdos comerciales aprobados, el secretario general de la Copa-Cogeca, Pekka Pesonen, afirm\u00f3: \u00abLa Copa y la Cogeca acogen con satisfacci\u00f3n el hecho de que los est\u00e1ndares de seguridad de la producci\u00f3n de la UE (por ejemplo, carne de vacuno libre de hormonas) e Indicaciones Geogr\u00e1ficas hayan sido reconocidos en el acuerdo con Nueva Zelanda. Reconocemos los compromisos que tanto la UE como Nueva Zelanda han acordado en cuanto a la incorporaci\u00f3n de los principios del acuerdo de Par\u00eds y la sostenibilidad en el comercio internacional, sin embargo, sabemos que para sectores clave como la producci\u00f3n l\u00e1ctea, y c\u00e1rnica ovina y bovina, este acuerdo es doloroso. Pedimos una gesti\u00f3n y un seguimiento adecuados de los contingentes arancelarios sobre las importaciones de productos agr\u00edcolas para evitar ineficiencias del mercado\u00bb.<\/p>\n","protected":false},"excerpt":{"rendered":"<p>La UE y Nueva Zelanda han llegado a un acuerdo pol\u00edtico sobre un acuerdo comercial global con Nueva Zelanda. El acuerdo final, que incluye contingentes arancelarios, ha sido respaldado efectivamente e incluye un acceso sustancial al mercado de la UE en productos l\u00e1cteos, carne de ovino y carne de vacuno. Si bien el Copa y [&hellip;]<\/p>\n","protected":false},"author":9,"featured_media":11036,"comment_status":"open","ping_status":"open","sticky":false,"template":"","format":"standard","meta":{"footnotes":""},"categories":[9,29,28],"tags":[],"yoast_head":"<!-- This site is optimized with the Yoast SEO plugin v24.5 - https:\/\/yoast.com\/wordpress\/plugins\/seo\/ -->\n<title>Acuerdo comercial UE-Nueva Zelanda firmado: los productos l\u00e1cteos y la carne de ovino y bovino de la UE ser\u00e1n los perjudicados - ASAJA Palencia<\/title>\n<meta name=\"description\" content=\"La UE y Nueva Zelanda han llegado a un acuerdo pol\u00edtico sobre un acuerdo comercial global con Nueva Zelanda. El acuerdo final, que incluye contingentes\" \/>\n<meta name=\"robots\" content=\"index, follow, max-snippet:-1, max-image-preview:large, max-video-preview:-1\" \/>\n<link rel=\"canonical\" href=\"https:\/\/www.asajacyl.com\/palencia\/asaja-palencia-informa\/acuerdo-comercial-ue-nueva-zelanda-firmado-los-productos-lacteos-y-la-carne-de-ovino-y-bovino-de-la-ue-seran-los-perjudicados\" \/>\n<meta property=\"og:locale\" content=\"es_ES\" \/>\n<meta property=\"og:type\" content=\"article\" \/>\n<meta property=\"og:title\" content=\"Acuerdo comercial UE-Nueva Zelanda firmado: los productos l\u00e1cteos y la carne de ovino y bovino de la UE ser\u00e1n los perjudicados - ASAJA Palencia\" \/>\n<meta property=\"og:description\" content=\"La UE y Nueva Zelanda han llegado a un acuerdo pol\u00edtico sobre un acuerdo comercial global con Nueva Zelanda. El acuerdo final, que incluye contingentes\" \/>\n<meta property=\"og:url\" content=\"https:\/\/www.asajacyl.com\/palencia\/asaja-palencia-informa\/acuerdo-comercial-ue-nueva-zelanda-firmado-los-productos-lacteos-y-la-carne-de-ovino-y-bovino-de-la-ue-seran-los-perjudicados\" \/>\n<meta property=\"og:site_name\" content=\"ASAJA Palencia\" \/>\n<meta property=\"article:published_time\" content=\"2022-07-19T07:39:00+00:00\" \/>\n<meta property=\"og:image\" content=\"https:\/\/www.asajacyl.com\/palencia\/wp-content\/uploads\/sites\/3\/2022\/07\/NUEVA-ZELANDA.jpg\" \/>\n\t<meta property=\"og:image:width\" content=\"1000\" \/>\n\t<meta property=\"og:image:height\" content=\"750\" \/>\n\t<meta property=\"og:image:type\" content=\"image\/jpeg\" \/>\n<meta name=\"author\" content=\"Administrador\" \/>\n<meta name=\"twitter:card\" content=\"summary_large_image\" \/>\n<meta name=\"twitter:label1\" content=\"Escrito por\" \/>\n\t<meta name=\"twitter:data1\" content=\"Administrador\" \/>\n\t<meta name=\"twitter:label2\" content=\"Tiempo de lectura\" \/>\n\t<meta name=\"twitter:data2\" content=\"3 minutos\" \/>\n<script type=\"application\/ld+json\" class=\"yoast-schema-graph\">{\"@context\":\"https:\/\/schema.org\",\"@graph\":[{\"@type\":\"WebPage\",\"@id\":\"https:\/\/www.asajacyl.com\/palencia\/asaja-palencia-informa\/acuerdo-comercial-ue-nueva-zelanda-firmado-los-productos-lacteos-y-la-carne-de-ovino-y-bovino-de-la-ue-seran-los-perjudicados\",\"url\":\"https:\/\/www.asajacyl.com\/palencia\/asaja-palencia-informa\/acuerdo-comercial-ue-nueva-zelanda-firmado-los-productos-lacteos-y-la-carne-de-ovino-y-bovino-de-la-ue-seran-los-perjudicados\",\"name\":\"Acuerdo comercial UE-Nueva Zelanda firmado: los productos l\u00e1cteos y la carne de ovino y bovino de la UE ser\u00e1n los perjudicados - ASAJA Palencia\",\"isPartOf\":{\"@id\":\"https:\/\/www.asajacyl.com\/palencia\/#website\"},\"primaryImageOfPage\":{\"@id\":\"https:\/\/www.asajacyl.com\/palencia\/asaja-palencia-informa\/acuerdo-comercial-ue-nueva-zelanda-firmado-los-productos-lacteos-y-la-carne-de-ovino-y-bovino-de-la-ue-seran-los-perjudicados#primaryimage\"},\"image\":{\"@id\":\"https:\/\/www.asajacyl.com\/palencia\/asaja-palencia-informa\/acuerdo-comercial-ue-nueva-zelanda-firmado-los-productos-lacteos-y-la-carne-de-ovino-y-bovino-de-la-ue-seran-los-perjudicados#primaryimage\"},\"thumbnailUrl\":\"https:\/\/www.asajacyl.com\/palencia\/wp-content\/uploads\/sites\/3\/2022\/07\/NUEVA-ZELANDA.jpg\",\"datePublished\":\"2022-07-19T07:39:00+00:00\",\"author\":{\"@id\":\"https:\/\/www.asajacyl.com\/palencia\/#\/schema\/person\/3ab17aeb03527485c317557fae64aab1\"},\"description\":\"La UE y Nueva Zelanda han llegado a un acuerdo pol\u00edtico sobre un acuerdo comercial global con Nueva Zelanda. El acuerdo final, que incluye contingentes\",\"breadcrumb\":{\"@id\":\"https:\/\/www.asajacyl.com\/palencia\/asaja-palencia-informa\/acuerdo-comercial-ue-nueva-zelanda-firmado-los-productos-lacteos-y-la-carne-de-ovino-y-bovino-de-la-ue-seran-los-perjudicados#breadcrumb\"},\"inLanguage\":\"es\",\"potentialAction\":[{\"@type\":\"ReadAction\",\"target\":[\"https:\/\/www.asajacyl.com\/palencia\/asaja-palencia-informa\/acuerdo-comercial-ue-nueva-zelanda-firmado-los-productos-lacteos-y-la-carne-de-ovino-y-bovino-de-la-ue-seran-los-perjudicados\"]}]},{\"@type\":\"ImageObject\",\"inLanguage\":\"es\",\"@id\":\"https:\/\/www.asajacyl.com\/palencia\/asaja-palencia-informa\/acuerdo-comercial-ue-nueva-zelanda-firmado-los-productos-lacteos-y-la-carne-de-ovino-y-bovino-de-la-ue-seran-los-perjudicados#primaryimage\",\"url\":\"https:\/\/www.asajacyl.com\/palencia\/wp-content\/uploads\/sites\/3\/2022\/07\/NUEVA-ZELANDA.jpg\",\"contentUrl\":\"https:\/\/www.asajacyl.com\/palencia\/wp-content\/uploads\/sites\/3\/2022\/07\/NUEVA-ZELANDA.jpg\",\"width\":1000,\"height\":750},{\"@type\":\"BreadcrumbList\",\"@id\":\"https:\/\/www.asajacyl.com\/palencia\/asaja-palencia-informa\/acuerdo-comercial-ue-nueva-zelanda-firmado-los-productos-lacteos-y-la-carne-de-ovino-y-bovino-de-la-ue-seran-los-perjudicados#breadcrumb\",\"itemListElement\":[{\"@type\":\"ListItem\",\"position\":1,\"name\":\"Portada\",\"item\":\"https:\/\/www.asajacyl.com\/palencia\/\"},{\"@type\":\"ListItem\",\"position\":2,\"name\":\"Acuerdo comercial UE-Nueva Zelanda firmado: los productos l\u00e1cteos y la carne de ovino y bovino de la UE ser\u00e1n los perjudicados\"}]},{\"@type\":\"WebSite\",\"@id\":\"https:\/\/www.asajacyl.com\/palencia\/#website\",\"url\":\"https:\/\/www.asajacyl.com\/palencia\/\",\"name\":\"ASAJA Palencia\",\"description\":\"Otro sitio m\u00e1s de Provincias ASAJA Castilla y Le\u00f3n\",\"potentialAction\":[{\"@type\":\"SearchAction\",\"target\":{\"@type\":\"EntryPoint\",\"urlTemplate\":\"https:\/\/www.asajacyl.com\/palencia\/?s={search_term_string}\"},\"query-input\":{\"@type\":\"PropertyValueSpecification\",\"valueRequired\":true,\"valueName\":\"search_term_string\"}}],\"inLanguage\":\"es\"},{\"@type\":\"Person\",\"@id\":\"https:\/\/www.asajacyl.com\/palencia\/#\/schema\/person\/3ab17aeb03527485c317557fae64aab1\",\"name\":\"Administrador\",\"image\":{\"@type\":\"ImageObject\",\"inLanguage\":\"es\",\"@id\":\"https:\/\/www.asajacyl.com\/palencia\/#\/schema\/person\/image\/\",\"url\":\"https:\/\/secure.gravatar.com\/avatar\/517384810d242ca9e38c180f3c9fb973?s=96&d=mm&r=g\",\"contentUrl\":\"https:\/\/secure.gravatar.com\/avatar\/517384810d242ca9e38c180f3c9fb973?s=96&d=mm&r=g\",\"caption\":\"Administrador\"},\"url\":\"https:\/\/www.asajacyl.com\/palencia\/author\/carlosrm\"}]}<\/script>\n<!-- \/ Yoast SEO plugin. -->","yoast_head_json":{"title":"Acuerdo comercial UE-Nueva Zelanda firmado: los productos l\u00e1cteos y la carne de ovino y bovino de la UE ser\u00e1n los perjudicados - ASAJA Palencia","description":"La UE y Nueva Zelanda han llegado a un acuerdo pol\u00edtico sobre un acuerdo comercial global con Nueva Zelanda. El acuerdo final, que incluye contingentes","robots":{"index":"index","follow":"follow","max-snippet":"max-snippet:-1","max-image-preview":"max-image-preview:large","max-video-preview":"max-video-preview:-1"},"canonical":"https:\/\/www.asajacyl.com\/palencia\/asaja-palencia-informa\/acuerdo-comercial-ue-nueva-zelanda-firmado-los-productos-lacteos-y-la-carne-de-ovino-y-bovino-de-la-ue-seran-los-perjudicados","og_locale":"es_ES","og_type":"article","og_title":"Acuerdo comercial UE-Nueva Zelanda firmado: los productos l\u00e1cteos y la carne de ovino y bovino de la UE ser\u00e1n los perjudicados - ASAJA Palencia","og_description":"La UE y Nueva Zelanda han llegado a un acuerdo pol\u00edtico sobre un acuerdo comercial global con Nueva Zelanda. El acuerdo final, que incluye contingentes","og_url":"https:\/\/www.asajacyl.com\/palencia\/asaja-palencia-informa\/acuerdo-comercial-ue-nueva-zelanda-firmado-los-productos-lacteos-y-la-carne-de-ovino-y-bovino-de-la-ue-seran-los-perjudicados","og_site_name":"ASAJA Palencia","article_published_time":"2022-07-19T07:39:00+00:00","og_image":[{"width":1000,"height":750,"url":"https:\/\/www.asajacyl.com\/palencia\/wp-content\/uploads\/sites\/3\/2022\/07\/NUEVA-ZELANDA.jpg","type":"image\/jpeg"}],"author":"Administrador","twitter_card":"summary_large_image","twitter_misc":{"Escrito por":"Administrador","Tiempo de lectura":"3 minutos"},"schema":{"@context":"https:\/\/schema.org","@graph":[{"@type":"WebPage","@id":"https:\/\/www.asajacyl.com\/palencia\/asaja-palencia-informa\/acuerdo-comercial-ue-nueva-zelanda-firmado-los-productos-lacteos-y-la-carne-de-ovino-y-bovino-de-la-ue-seran-los-perjudicados","url":"https:\/\/www.asajacyl.com\/palencia\/asaja-palencia-informa\/acuerdo-comercial-ue-nueva-zelanda-firmado-los-productos-lacteos-y-la-carne-de-ovino-y-bovino-de-la-ue-seran-los-perjudicados","name":"Acuerdo comercial UE-Nueva Zelanda firmado: los productos l\u00e1cteos y la carne de ovino y bovino de la UE ser\u00e1n los perjudicados - ASAJA Palencia","isPartOf":{"@id":"https:\/\/www.asajacyl.com\/palencia\/#website"},"primaryImageOfPage":{"@id":"https:\/\/www.asajacyl.com\/palencia\/asaja-palencia-informa\/acuerdo-comercial-ue-nueva-zelanda-firmado-los-productos-lacteos-y-la-carne-de-ovino-y-bovino-de-la-ue-seran-los-perjudicados#primaryimage"},"image":{"@id":"https:\/\/www.asajacyl.com\/palencia\/asaja-palencia-informa\/acuerdo-comercial-ue-nueva-zelanda-firmado-los-productos-lacteos-y-la-carne-de-ovino-y-bovino-de-la-ue-seran-los-perjudicados#primaryimage"},"thumbnailUrl":"https:\/\/www.asajacyl.com\/palencia\/wp-content\/uploads\/sites\/3\/2022\/07\/NUEVA-ZELANDA.jpg","datePublished":"2022-07-19T07:39:00+00:00","author":{"@id":"https:\/\/www.asajacyl.com\/palencia\/#\/schema\/person\/3ab17aeb03527485c317557fae64aab1"},"description":"La UE y Nueva Zelanda han llegado a un acuerdo pol\u00edtico sobre un acuerdo comercial global con Nueva Zelanda. El acuerdo final, que incluye contingentes","breadcrumb":{"@id":"https:\/\/www.asajacyl.com\/palencia\/asaja-palencia-informa\/acuerdo-comercial-ue-nueva-zelanda-firmado-los-productos-lacteos-y-la-carne-de-ovino-y-bovino-de-la-ue-seran-los-perjudicados#breadcrumb"},"inLanguage":"es","potentialAction":[{"@type":"ReadAction","target":["https:\/\/www.asajacyl.com\/palencia\/asaja-palencia-informa\/acuerdo-comercial-ue-nueva-zelanda-firmado-los-productos-lacteos-y-la-carne-de-ovino-y-bovino-de-la-ue-seran-los-perjudicados"]}]},{"@type":"ImageObject","inLanguage":"es","@id":"https:\/\/www.asajacyl.com\/palencia\/asaja-palencia-informa\/acuerdo-comercial-ue-nueva-zelanda-firmado-los-productos-lacteos-y-la-carne-de-ovino-y-bovino-de-la-ue-seran-los-perjudicados#primaryimage","url":"https:\/\/www.asajacyl.com\/palencia\/wp-content\/uploads\/sites\/3\/2022\/07\/NUEVA-ZELANDA.jpg","contentUrl":"https:\/\/www.asajacyl.com\/palencia\/wp-content\/uploads\/sites\/3\/2022\/07\/NUEVA-ZELANDA.jpg","width":1000,"height":750},{"@type":"BreadcrumbList","@id":"https:\/\/www.asajacyl.com\/palencia\/asaja-palencia-informa\/acuerdo-comercial-ue-nueva-zelanda-firmado-los-productos-lacteos-y-la-carne-de-ovino-y-bovino-de-la-ue-seran-los-perjudicados#breadcrumb","itemListElement":[{"@type":"ListItem","position":1,"name":"Portada","item":"https:\/\/www.asajacyl.com\/palencia\/"},{"@type":"ListItem","position":2,"name":"Acuerdo comercial UE-Nueva Zelanda firmado: los productos l\u00e1cteos y la carne de ovino y bovino de la UE ser\u00e1n los perjudicados"}]},{"@type":"WebSite","@id":"https:\/\/www.asajacyl.com\/palencia\/#website","url":"https:\/\/www.asajacyl.com\/palencia\/","name":"ASAJA Palencia","description":"Otro sitio m\u00e1s de Provincias ASAJA Castilla y Le\u00f3n","potentialAction":[{"@type":"SearchAction","target":{"@type":"EntryPoint","urlTemplate":"https:\/\/www.asajacyl.com\/palencia\/?s={search_term_string}"},"query-input":{"@type":"PropertyValueSpecification","valueRequired":true,"valueName":"search_term_string"}}],"inLanguage":"es"},{"@type":"Person","@id":"https:\/\/www.asajacyl.com\/palencia\/#\/schema\/person\/3ab17aeb03527485c317557fae64aab1","name":"Administrador","image":{"@type":"ImageObject","inLanguage":"es","@id":"https:\/\/www.asajacyl.com\/palencia\/#\/schema\/person\/image\/","url":"https:\/\/secure.gravatar.com\/avatar\/517384810d242ca9e38c180f3c9fb973?s=96&d=mm&r=g","contentUrl":"https:\/\/secure.gravatar.com\/avatar\/517384810d242ca9e38c180f3c9fb973?s=96&d=mm&r=g","caption":"Administrador"},"url":"https:\/\/www.asajacyl.com\/palencia\/author\/carlosrm"}]}},"_links":{"self":[{"href":"https:\/\/www.asajacyl.com\/palencia\/wp-json\/wp\/v2\/posts\/11035"}],"collection":[{"href":"https:\/\/www.asajacyl.com\/palencia\/wp-json\/wp\/v2\/posts"}],"about":[{"href":"https:\/\/www.asajacyl.com\/palencia\/wp-json\/wp\/v2\/types\/post"}],"author":[{"embeddable":true,"href":"https:\/\/www.asajacyl.com\/palencia\/wp-json\/wp\/v2\/users\/9"}],"replies":[{"embeddable":true,"href":"https:\/\/www.asajacyl.com\/palencia\/wp-json\/wp\/v2\/comments?post=11035"}],"version-history":[{"count":1,"href":"https:\/\/www.asajacyl.com\/palencia\/wp-json\/wp\/v2\/posts\/11035\/revisions"}],"predecessor-version":[{"id":11037,"href":"https:\/\/www.asajacyl.com\/palencia\/wp-json\/wp\/v2\/posts\/11035\/revisions\/11037"}],"wp:featuredmedia":[{"embeddable":true,"href":"https:\/\/www.asajacyl.com\/palencia\/wp-json\/wp\/v2\/media\/11036"}],"wp:attachment":[{"href":"https:\/\/www.asajacyl.com\/palencia\/wp-json\/wp\/v2\/media?parent=11035"}],"wp:term":[{"taxonomy":"category","embeddable":true,"href":"https:\/\/www.asajacyl.com\/palencia\/wp-json\/wp\/v2\/categories?post=11035"},{"taxonomy":"post_tag","embeddable":true,"href":"https:\/\/www.asajacyl.com\/palencia\/wp-json\/wp\/v2\/tags?post=11035"}],"curies":[{"name":"wp","href":"https:\/\/api.w.org\/{rel}","templated":true}]}}