{"id":11038,"date":"2022-07-15T18:10:21","date_gmt":"2022-07-15T16:10:21","guid":{"rendered":"https:\/\/www.asajacyl.com\/palencia\/?p=11038"},"modified":"2022-07-17T09:51:55","modified_gmt":"2022-07-17T07:51:55","slug":"sube-el-nivel-de-riesgo-de-incendios-forestales-a-alarma-se-prohibe-cosechar-y-empacar-del-16-al-19-de-julio","status":"publish","type":"post","link":"https:\/\/www.asajacyl.com\/palencia\/asaja-palencia-informa\/sube-el-nivel-de-riesgo-de-incendios-forestales-a-alarma-se-prohibe-cosechar-y-empacar-del-16-al-19-de-julio","title":{"rendered":"Sube el nivel de riesgo de incendios forestales a \u00abalarma\u00bb y se proh\u00edbe cosechar y empacar del 16 al 19 de julio"},"content":{"rendered":"\n<p>La Consejer\u00eda de Medio Ambiente declar\u00f3 la situaci\u00f3n de \u00abalerta\u00bb desde el d\u00eda 10 al 15 de julio y, ante la prolongaci\u00f3n de la ola de calor que prev\u00e9 muy altas temperaturas en toda nuestra regi\u00f3n, ahora se aumenta el nivel al de \u00abalarma\u00bb para los d\u00edas 16 al 19 de julio, ambos inclusive.<\/p>\n\n\n\n<p>Seg\u00fan la normativa (Orden FYM\/510\/2013, de 25 de junio,&nbsp;por la que se regula el uso del fuego y se establecen medidas preventivas para la lucha contra los incendios forestales en Castilla y Le\u00f3n) la alarma ya s\u00ed que afecta a la cosecha y al empacado, labores que quedan prohibidas durante estos d\u00edas en los montes, aqu\u00ed hay que recordar que se consideran monte, entre otras, las parcelas que formen parte de un monte catalogado de utilidad p\u00fablica.<\/p>\n\n\n\n<p>Adem\u00e1s, la resoluci\u00f3n de la Director General de Patrimonio Natural y Pol\u00edtica Forestal (firmada por el Director General de Infraestructuras y Sostenibilidad Ambiental) incluye una medida especial por la que proh\u00edbe expresamente \u00ablos trabajos con maquinaria que puede generar chispas o deflagraciones en monte y en la franja de 400 metros que lo circunda, como son, entre otras, cosechadoras, empacadoras, desbrozadoras, etc\u00bb. Es decir que proh\u00edbe m\u00e1s de lo contemplado por la Orden ya que incluye las zonas hasta 400 metros de monte, algo reservado de forma general para la \u00abalarma extrema\u00bb en el texto de la Orden. Tambi\u00e9n se recomienda evitar transitar por los montes.<\/p>\n\n\n\n<p>Recordemos que la definici\u00f3n de monte es sumamente amplia y va mucho m\u00e1s all\u00e1 de lo que coloquialmente podr\u00eda entenderse como monte. Como ya indicamos en noticias previas, la Junta podr\u00eda decretar durante este verano medidas extraordinarias, como ocurre en este caso, que en lo referente a la cosecha o empacado afectar\u00e1n, si no hay medidas excepcionales a\u00f1adidas, de la siguiente forma:<\/p>\n\n\n\n<ul><li>Alerta: No afecta.<\/li><li>Alarma: Prohibici\u00f3n de cosechar o empacar las parcelas de montes.<\/li><li>Alarma extrema: Prohibici\u00f3n de cosechar o empacar las parcelas de montes y de las franjas de 400 metros que limitan con los montes.<\/li><\/ul>\n\n\n\n<div class=\"wp-block-image\"><figure class=\"aligncenter size-full\"><img loading=\"lazy\" decoding=\"async\" width=\"525\" height=\"492\" src=\"https:\/\/www.asajacyl.com\/palencia\/wp-content\/uploads\/sites\/3\/2022\/07\/image.jpg\" alt=\"\" class=\"wp-image-11040\" srcset=\"https:\/\/www.asajacyl.com\/palencia\/wp-content\/uploads\/sites\/3\/2022\/07\/image.jpg 525w, https:\/\/www.asajacyl.com\/palencia\/wp-content\/uploads\/sites\/3\/2022\/07\/image-300x281.jpg 300w, https:\/\/www.asajacyl.com\/palencia\/wp-content\/uploads\/sites\/3\/2022\/07\/image-448x420.jpg 448w\" sizes=\"(max-width: 525px) 100vw, 525px\" \/><figcaption>Sombreado en verde se puede ver un Monte de Utilidad P\u00fablica, que contiene una amplia superficie de tierra arable considerada monte. <\/figcaption><\/figure><\/div>\n","protected":false},"excerpt":{"rendered":"<p>La Consejer\u00eda de Medio Ambiente declar\u00f3 la situaci\u00f3n de \u00abalerta\u00bb desde el d\u00eda 10 al 15 de julio y, ante la prolongaci\u00f3n de la ola de calor que prev\u00e9 muy altas temperaturas en toda nuestra regi\u00f3n, ahora se aumenta el nivel al de \u00abalarma\u00bb para los d\u00edas 16 al 19 de julio, ambos inclusive. Seg\u00fan [&hellip;]<\/p>\n","protected":false},"author":9,"featured_media":10874,"comment_status":"open","ping_status":"open","sticky":false,"template":"","format":"standard","meta":{"footnotes":""},"categories":[9,29,28],"tags":[],"yoast_head":"<!-- This site is optimized with the Yoast SEO plugin v24.5 - https:\/\/yoast.com\/wordpress\/plugins\/seo\/ -->\n<title>Sube el nivel de riesgo de incendios forestales a &quot;alarma&quot; y se proh\u00edbe cosechar y empacar del 16 al 19 de julio - ASAJA Palencia<\/title>\n<meta name=\"description\" content=\"La Consejer\u00eda de Medio Ambiente declar\u00f3 la situaci\u00f3n de &quot;alerta&quot; desde el d\u00eda 10 al 15 de julio y, ante la prolongaci\u00f3n de la ola de calor que prev\u00e9 muy\" \/>\n<meta name=\"robots\" content=\"index, follow, max-snippet:-1, max-image-preview:large, max-video-preview:-1\" \/>\n<link rel=\"canonical\" href=\"https:\/\/www.asajacyl.com\/palencia\/asaja-palencia-informa\/sube-el-nivel-de-riesgo-de-incendios-forestales-a-alarma-se-prohibe-cosechar-y-empacar-del-16-al-19-de-julio\" \/>\n<meta property=\"og:locale\" content=\"es_ES\" \/>\n<meta property=\"og:type\" content=\"article\" \/>\n<meta property=\"og:title\" content=\"Sube el nivel de riesgo de incendios forestales a &quot;alarma&quot; y se proh\u00edbe cosechar y empacar del 16 al 19 de julio - ASAJA Palencia\" \/>\n<meta property=\"og:description\" content=\"La Consejer\u00eda de Medio Ambiente declar\u00f3 la situaci\u00f3n de &quot;alerta&quot; desde el d\u00eda 10 al 15 de julio y, ante la prolongaci\u00f3n de la ola de calor que prev\u00e9 muy\" \/>\n<meta property=\"og:url\" content=\"https:\/\/www.asajacyl.com\/palencia\/asaja-palencia-informa\/sube-el-nivel-de-riesgo-de-incendios-forestales-a-alarma-se-prohibe-cosechar-y-empacar-del-16-al-19-de-julio\" \/>\n<meta property=\"og:site_name\" content=\"ASAJA Palencia\" \/>\n<meta property=\"article:published_time\" content=\"2022-07-15T16:10:21+00:00\" \/>\n<meta property=\"article:modified_time\" content=\"2022-07-17T07:51:55+00:00\" \/>\n<meta property=\"og:image\" content=\"https:\/\/www.asajacyl.com\/palencia\/wp-content\/uploads\/sites\/3\/2022\/06\/COSECHA-2022-CEBADA-4.jpg\" \/>\n\t<meta property=\"og:image:width\" content=\"2048\" \/>\n\t<meta property=\"og:image:height\" content=\"1536\" \/>\n\t<meta property=\"og:image:type\" content=\"image\/jpeg\" \/>\n<meta name=\"author\" content=\"Administrador\" \/>\n<meta name=\"twitter:card\" content=\"summary_large_image\" \/>\n<meta name=\"twitter:label1\" content=\"Escrito por\" \/>\n\t<meta name=\"twitter:data1\" content=\"Administrador\" \/>\n\t<meta name=\"twitter:label2\" content=\"Tiempo de lectura\" \/>\n\t<meta name=\"twitter:data2\" content=\"2 minutos\" \/>\n<script type=\"application\/ld+json\" class=\"yoast-schema-graph\">{\"@context\":\"https:\/\/schema.org\",\"@graph\":[{\"@type\":\"WebPage\",\"@id\":\"https:\/\/www.asajacyl.com\/palencia\/asaja-palencia-informa\/sube-el-nivel-de-riesgo-de-incendios-forestales-a-alarma-se-prohibe-cosechar-y-empacar-del-16-al-19-de-julio\",\"url\":\"https:\/\/www.asajacyl.com\/palencia\/asaja-palencia-informa\/sube-el-nivel-de-riesgo-de-incendios-forestales-a-alarma-se-prohibe-cosechar-y-empacar-del-16-al-19-de-julio\",\"name\":\"Sube el nivel de riesgo de incendios forestales a \\\"alarma\\\" y se proh\u00edbe cosechar y empacar del 16 al 19 de julio - ASAJA Palencia\",\"isPartOf\":{\"@id\":\"https:\/\/www.asajacyl.com\/palencia\/#website\"},\"primaryImageOfPage\":{\"@id\":\"https:\/\/www.asajacyl.com\/palencia\/asaja-palencia-informa\/sube-el-nivel-de-riesgo-de-incendios-forestales-a-alarma-se-prohibe-cosechar-y-empacar-del-16-al-19-de-julio#primaryimage\"},\"image\":{\"@id\":\"https:\/\/www.asajacyl.com\/palencia\/asaja-palencia-informa\/sube-el-nivel-de-riesgo-de-incendios-forestales-a-alarma-se-prohibe-cosechar-y-empacar-del-16-al-19-de-julio#primaryimage\"},\"thumbnailUrl\":\"https:\/\/www.asajacyl.com\/palencia\/wp-content\/uploads\/sites\/3\/2022\/06\/COSECHA-2022-CEBADA-4.jpg\",\"datePublished\":\"2022-07-15T16:10:21+00:00\",\"dateModified\":\"2022-07-17T07:51:55+00:00\",\"author\":{\"@id\":\"https:\/\/www.asajacyl.com\/palencia\/#\/schema\/person\/3ab17aeb03527485c317557fae64aab1\"},\"description\":\"La Consejer\u00eda de Medio Ambiente declar\u00f3 la situaci\u00f3n de \\\"alerta\\\" desde el d\u00eda 10 al 15 de julio y, ante la prolongaci\u00f3n de la ola de calor que prev\u00e9 muy\",\"breadcrumb\":{\"@id\":\"https:\/\/www.asajacyl.com\/palencia\/asaja-palencia-informa\/sube-el-nivel-de-riesgo-de-incendios-forestales-a-alarma-se-prohibe-cosechar-y-empacar-del-16-al-19-de-julio#breadcrumb\"},\"inLanguage\":\"es\",\"potentialAction\":[{\"@type\":\"ReadAction\",\"target\":[\"https:\/\/www.asajacyl.com\/palencia\/asaja-palencia-informa\/sube-el-nivel-de-riesgo-de-incendios-forestales-a-alarma-se-prohibe-cosechar-y-empacar-del-16-al-19-de-julio\"]}]},{\"@type\":\"ImageObject\",\"inLanguage\":\"es\",\"@id\":\"https:\/\/www.asajacyl.com\/palencia\/asaja-palencia-informa\/sube-el-nivel-de-riesgo-de-incendios-forestales-a-alarma-se-prohibe-cosechar-y-empacar-del-16-al-19-de-julio#primaryimage\",\"url\":\"https:\/\/www.asajacyl.com\/palencia\/wp-content\/uploads\/sites\/3\/2022\/06\/COSECHA-2022-CEBADA-4.jpg\",\"contentUrl\":\"https:\/\/www.asajacyl.com\/palencia\/wp-content\/uploads\/sites\/3\/2022\/06\/COSECHA-2022-CEBADA-4.jpg\",\"width\":2048,\"height\":1536},{\"@type\":\"BreadcrumbList\",\"@id\":\"https:\/\/www.asajacyl.com\/palencia\/asaja-palencia-informa\/sube-el-nivel-de-riesgo-de-incendios-forestales-a-alarma-se-prohibe-cosechar-y-empacar-del-16-al-19-de-julio#breadcrumb\",\"itemListElement\":[{\"@type\":\"ListItem\",\"position\":1,\"name\":\"Portada\",\"item\":\"https:\/\/www.asajacyl.com\/palencia\/\"},{\"@type\":\"ListItem\",\"position\":2,\"name\":\"Sube el nivel de riesgo de incendios forestales a \u00abalarma\u00bb y se proh\u00edbe cosechar y empacar del 16 al 19 de julio\"}]},{\"@type\":\"WebSite\",\"@id\":\"https:\/\/www.asajacyl.com\/palencia\/#website\",\"url\":\"https:\/\/www.asajacyl.com\/palencia\/\",\"name\":\"ASAJA Palencia\",\"description\":\"Otro sitio m\u00e1s de Provincias ASAJA Castilla y Le\u00f3n\",\"potentialAction\":[{\"@type\":\"SearchAction\",\"target\":{\"@type\":\"EntryPoint\",\"urlTemplate\":\"https:\/\/www.asajacyl.com\/palencia\/?s={search_term_string}\"},\"query-input\":{\"@type\":\"PropertyValueSpecification\",\"valueRequired\":true,\"valueName\":\"search_term_string\"}}],\"inLanguage\":\"es\"},{\"@type\":\"Person\",\"@id\":\"https:\/\/www.asajacyl.com\/palencia\/#\/schema\/person\/3ab17aeb03527485c317557fae64aab1\",\"name\":\"Administrador\",\"image\":{\"@type\":\"ImageObject\",\"inLanguage\":\"es\",\"@id\":\"https:\/\/www.asajacyl.com\/palencia\/#\/schema\/person\/image\/\",\"url\":\"https:\/\/secure.gravatar.com\/avatar\/517384810d242ca9e38c180f3c9fb973?s=96&d=mm&r=g\",\"contentUrl\":\"https:\/\/secure.gravatar.com\/avatar\/517384810d242ca9e38c180f3c9fb973?s=96&d=mm&r=g\",\"caption\":\"Administrador\"},\"url\":\"https:\/\/www.asajacyl.com\/palencia\/author\/carlosrm\"}]}<\/script>\n<!-- \/ Yoast SEO plugin. -->","yoast_head_json":{"title":"Sube el nivel de riesgo de incendios forestales a \"alarma\" y se proh\u00edbe cosechar y empacar del 16 al 19 de julio - ASAJA Palencia","description":"La Consejer\u00eda de Medio Ambiente declar\u00f3 la situaci\u00f3n de \"alerta\" desde el d\u00eda 10 al 15 de julio y, ante la prolongaci\u00f3n de la ola de calor que prev\u00e9 muy","robots":{"index":"index","follow":"follow","max-snippet":"max-snippet:-1","max-image-preview":"max-image-preview:large","max-video-preview":"max-video-preview:-1"},"canonical":"https:\/\/www.asajacyl.com\/palencia\/asaja-palencia-informa\/sube-el-nivel-de-riesgo-de-incendios-forestales-a-alarma-se-prohibe-cosechar-y-empacar-del-16-al-19-de-julio","og_locale":"es_ES","og_type":"article","og_title":"Sube el nivel de riesgo de incendios forestales a \"alarma\" y se proh\u00edbe cosechar y empacar del 16 al 19 de julio - ASAJA Palencia","og_description":"La Consejer\u00eda de Medio Ambiente declar\u00f3 la situaci\u00f3n de \"alerta\" desde el d\u00eda 10 al 15 de julio y, ante la prolongaci\u00f3n de la ola de calor que prev\u00e9 muy","og_url":"https:\/\/www.asajacyl.com\/palencia\/asaja-palencia-informa\/sube-el-nivel-de-riesgo-de-incendios-forestales-a-alarma-se-prohibe-cosechar-y-empacar-del-16-al-19-de-julio","og_site_name":"ASAJA Palencia","article_published_time":"2022-07-15T16:10:21+00:00","article_modified_time":"2022-07-17T07:51:55+00:00","og_image":[{"width":2048,"height":1536,"url":"https:\/\/www.asajacyl.com\/palencia\/wp-content\/uploads\/sites\/3\/2022\/06\/COSECHA-2022-CEBADA-4.jpg","type":"image\/jpeg"}],"author":"Administrador","twitter_card":"summary_large_image","twitter_misc":{"Escrito por":"Administrador","Tiempo de lectura":"2 minutos"},"schema":{"@context":"https:\/\/schema.org","@graph":[{"@type":"WebPage","@id":"https:\/\/www.asajacyl.com\/palencia\/asaja-palencia-informa\/sube-el-nivel-de-riesgo-de-incendios-forestales-a-alarma-se-prohibe-cosechar-y-empacar-del-16-al-19-de-julio","url":"https:\/\/www.asajacyl.com\/palencia\/asaja-palencia-informa\/sube-el-nivel-de-riesgo-de-incendios-forestales-a-alarma-se-prohibe-cosechar-y-empacar-del-16-al-19-de-julio","name":"Sube el nivel de riesgo de incendios forestales a \"alarma\" y se proh\u00edbe cosechar y empacar del 16 al 19 de julio - ASAJA Palencia","isPartOf":{"@id":"https:\/\/www.asajacyl.com\/palencia\/#website"},"primaryImageOfPage":{"@id":"https:\/\/www.asajacyl.com\/palencia\/asaja-palencia-informa\/sube-el-nivel-de-riesgo-de-incendios-forestales-a-alarma-se-prohibe-cosechar-y-empacar-del-16-al-19-de-julio#primaryimage"},"image":{"@id":"https:\/\/www.asajacyl.com\/palencia\/asaja-palencia-informa\/sube-el-nivel-de-riesgo-de-incendios-forestales-a-alarma-se-prohibe-cosechar-y-empacar-del-16-al-19-de-julio#primaryimage"},"thumbnailUrl":"https:\/\/www.asajacyl.com\/palencia\/wp-content\/uploads\/sites\/3\/2022\/06\/COSECHA-2022-CEBADA-4.jpg","datePublished":"2022-07-15T16:10:21+00:00","dateModified":"2022-07-17T07:51:55+00:00","author":{"@id":"https:\/\/www.asajacyl.com\/palencia\/#\/schema\/person\/3ab17aeb03527485c317557fae64aab1"},"description":"La Consejer\u00eda de Medio Ambiente declar\u00f3 la situaci\u00f3n de \"alerta\" desde el d\u00eda 10 al 15 de julio y, ante la prolongaci\u00f3n de la ola de calor que prev\u00e9 muy","breadcrumb":{"@id":"https:\/\/www.asajacyl.com\/palencia\/asaja-palencia-informa\/sube-el-nivel-de-riesgo-de-incendios-forestales-a-alarma-se-prohibe-cosechar-y-empacar-del-16-al-19-de-julio#breadcrumb"},"inLanguage":"es","potentialAction":[{"@type":"ReadAction","target":["https:\/\/www.asajacyl.com\/palencia\/asaja-palencia-informa\/sube-el-nivel-de-riesgo-de-incendios-forestales-a-alarma-se-prohibe-cosechar-y-empacar-del-16-al-19-de-julio"]}]},{"@type":"ImageObject","inLanguage":"es","@id":"https:\/\/www.asajacyl.com\/palencia\/asaja-palencia-informa\/sube-el-nivel-de-riesgo-de-incendios-forestales-a-alarma-se-prohibe-cosechar-y-empacar-del-16-al-19-de-julio#primaryimage","url":"https:\/\/www.asajacyl.com\/palencia\/wp-content\/uploads\/sites\/3\/2022\/06\/COSECHA-2022-CEBADA-4.jpg","contentUrl":"https:\/\/www.asajacyl.com\/palencia\/wp-content\/uploads\/sites\/3\/2022\/06\/COSECHA-2022-CEBADA-4.jpg","width":2048,"height":1536},{"@type":"BreadcrumbList","@id":"https:\/\/www.asajacyl.com\/palencia\/asaja-palencia-informa\/sube-el-nivel-de-riesgo-de-incendios-forestales-a-alarma-se-prohibe-cosechar-y-empacar-del-16-al-19-de-julio#breadcrumb","itemListElement":[{"@type":"ListItem","position":1,"name":"Portada","item":"https:\/\/www.asajacyl.com\/palencia\/"},{"@type":"ListItem","position":2,"name":"Sube el nivel de riesgo de incendios forestales a \u00abalarma\u00bb y se proh\u00edbe cosechar y empacar del 16 al 19 de julio"}]},{"@type":"WebSite","@id":"https:\/\/www.asajacyl.com\/palencia\/#website","url":"https:\/\/www.asajacyl.com\/palencia\/","name":"ASAJA Palencia","description":"Otro sitio m\u00e1s de Provincias ASAJA Castilla y Le\u00f3n","potentialAction":[{"@type":"SearchAction","target":{"@type":"EntryPoint","urlTemplate":"https:\/\/www.asajacyl.com\/palencia\/?s={search_term_string}"},"query-input":{"@type":"PropertyValueSpecification","valueRequired":true,"valueName":"search_term_string"}}],"inLanguage":"es"},{"@type":"Person","@id":"https:\/\/www.asajacyl.com\/palencia\/#\/schema\/person\/3ab17aeb03527485c317557fae64aab1","name":"Administrador","image":{"@type":"ImageObject","inLanguage":"es","@id":"https:\/\/www.asajacyl.com\/palencia\/#\/schema\/person\/image\/","url":"https:\/\/secure.gravatar.com\/avatar\/517384810d242ca9e38c180f3c9fb973?s=96&d=mm&r=g","contentUrl":"https:\/\/secure.gravatar.com\/avatar\/517384810d242ca9e38c180f3c9fb973?s=96&d=mm&r=g","caption":"Administrador"},"url":"https:\/\/www.asajacyl.com\/palencia\/author\/carlosrm"}]}},"_links":{"self":[{"href":"https:\/\/www.asajacyl.com\/palencia\/wp-json\/wp\/v2\/posts\/11038"}],"collection":[{"href":"https:\/\/www.asajacyl.com\/palencia\/wp-json\/wp\/v2\/posts"}],"about":[{"href":"https:\/\/www.asajacyl.com\/palencia\/wp-json\/wp\/v2\/types\/post"}],"author":[{"embeddable":true,"href":"https:\/\/www.asajacyl.com\/palencia\/wp-json\/wp\/v2\/users\/9"}],"replies":[{"embeddable":true,"href":"https:\/\/www.asajacyl.com\/palencia\/wp-json\/wp\/v2\/comments?post=11038"}],"version-history":[{"count":7,"href":"https:\/\/www.asajacyl.com\/palencia\/wp-json\/wp\/v2\/posts\/11038\/revisions"}],"predecessor-version":[{"id":11052,"href":"https:\/\/www.asajacyl.com\/palencia\/wp-json\/wp\/v2\/posts\/11038\/revisions\/11052"}],"wp:featuredmedia":[{"embeddable":true,"href":"https:\/\/www.asajacyl.com\/palencia\/wp-json\/wp\/v2\/media\/10874"}],"wp:attachment":[{"href":"https:\/\/www.asajacyl.com\/palencia\/wp-json\/wp\/v2\/media?parent=11038"}],"wp:term":[{"taxonomy":"category","embeddable":true,"href":"https:\/\/www.asajacyl.com\/palencia\/wp-json\/wp\/v2\/categories?post=11038"},{"taxonomy":"post_tag","embeddable":true,"href":"https:\/\/www.asajacyl.com\/palencia\/wp-json\/wp\/v2\/tags?post=11038"}],"curies":[{"name":"wp","href":"https:\/\/api.w.org\/{rel}","templated":true}]}}