{"id":11048,"date":"2022-07-21T09:38:00","date_gmt":"2022-07-21T07:38:00","guid":{"rendered":"https:\/\/www.asajacyl.com\/palencia\/?p=11048"},"modified":"2022-07-20T17:47:16","modified_gmt":"2022-07-20T15:47:16","slug":"nueva-herramienta-para-el-autocontrol-ganadero-en-el-uso-de-antibioticos","status":"publish","type":"post","link":"https:\/\/www.asajacyl.com\/palencia\/asaja-palencia-informa\/nueva-herramienta-para-el-autocontrol-ganadero-en-el-uso-de-antibioticos","title":{"rendered":"Nueva herramienta para el autocontrol ganadero en el uso de antibi\u00f3ticos"},"content":{"rendered":"\n<p>El Ministerio de Agricultura, Pesca y Alimentaci\u00f3n ha creado una nueva aplicaci\u00f3n para facilitar a los ganaderos el autocontrol en el uso de antibi\u00f3ticos dentro del Sistema Inform\u00e1tico de Control de Prescripciones Veterinarias de Antibi\u00f3ticos (PRESVET).<\/p>\n\n\n\n<p>Esta aplicaci\u00f3n permitir\u00e1 consultar, a quienes se incorporen al sistema, los informes trimestrales de consumo de antibi\u00f3ticos, que hayan sido comunicados a PRESVET, y compararlo con los datos de otras explotaciones de caracter\u00edsticas zoot\u00e9cnicas similares para ver si consumen m\u00e1s o menos antibi\u00f3ticos. Tambi\u00e9n podr\u00e1n acceder a este este sistema los veterinarios registrados en la aplicaci\u00f3n para que puedan conocer los informes de sus explotaciones y facilitarles su trabajo de asesoramiento en materia de resistencias antimicrobianas.<\/p>\n\n\n\n<p>El control en el uso de antimicrobianos en animales es una prioridad de la Uni\u00f3n Europea debido a su impacto en salud humana y a que la legislaci\u00f3n se ha ido encaminando a un uso m\u00e1s eficiente de los antibi\u00f3ticos, creando protocolos de actuaci\u00f3n cada vez m\u00e1s restrictivos.Pinchando en la siguiente imagen se puede acceder a PresVet:<\/p>\n\n\n\n<div class=\"wp-block-image\"><figure class=\"aligncenter size-large\"><a href=\"https:\/\/servicio.mapa.gob.es\/presvet\"><img loading=\"lazy\" decoding=\"async\" width=\"1024\" height=\"589\" src=\"https:\/\/www.asajacyl.com\/palencia\/wp-content\/uploads\/sites\/3\/2022\/07\/image-1-1024x589.jpg\" alt=\"\" class=\"wp-image-11049\" srcset=\"https:\/\/www.asajacyl.com\/palencia\/wp-content\/uploads\/sites\/3\/2022\/07\/image-1-1024x589.jpg 1024w, https:\/\/www.asajacyl.com\/palencia\/wp-content\/uploads\/sites\/3\/2022\/07\/image-1-300x173.jpg 300w, https:\/\/www.asajacyl.com\/palencia\/wp-content\/uploads\/sites\/3\/2022\/07\/image-1-768x442.jpg 768w, https:\/\/www.asajacyl.com\/palencia\/wp-content\/uploads\/sites\/3\/2022\/07\/image-1-1536x884.jpg 1536w, https:\/\/www.asajacyl.com\/palencia\/wp-content\/uploads\/sites\/3\/2022\/07\/image-1-2048x1179.jpg 2048w, https:\/\/www.asajacyl.com\/palencia\/wp-content\/uploads\/sites\/3\/2022\/07\/image-1-696x401.jpg 696w, https:\/\/www.asajacyl.com\/palencia\/wp-content\/uploads\/sites\/3\/2022\/07\/image-1-1068x615.jpg 1068w, https:\/\/www.asajacyl.com\/palencia\/wp-content\/uploads\/sites\/3\/2022\/07\/image-1-1920x1105.jpg 1920w, https:\/\/www.asajacyl.com\/palencia\/wp-content\/uploads\/sites\/3\/2022\/07\/image-1-730x420.jpg 730w\" sizes=\"(max-width: 1024px) 100vw, 1024px\" \/><\/a><\/figure><\/div>\n","protected":false},"excerpt":{"rendered":"<p>El Ministerio de Agricultura, Pesca y Alimentaci\u00f3n ha creado una nueva aplicaci\u00f3n para facilitar a los ganaderos el autocontrol en el uso de antibi\u00f3ticos dentro del Sistema Inform\u00e1tico de Control de Prescripciones Veterinarias de Antibi\u00f3ticos (PRESVET). Esta aplicaci\u00f3n permitir\u00e1 consultar, a quienes se incorporen al sistema, los informes trimestrales de consumo de antibi\u00f3ticos, que hayan [&hellip;]<\/p>\n","protected":false},"author":9,"featured_media":11049,"comment_status":"open","ping_status":"open","sticky":false,"template":"","format":"standard","meta":{"footnotes":""},"categories":[9,29,28],"tags":[],"yoast_head":"<!-- This site is optimized with the Yoast SEO plugin v24.5 - https:\/\/yoast.com\/wordpress\/plugins\/seo\/ -->\n<title>Nueva herramienta para el autocontrol ganadero en el uso de antibi\u00f3ticos - ASAJA Palencia<\/title>\n<meta name=\"description\" content=\"El Ministerio de Agricultura, Pesca y Alimentaci\u00f3n ha creado una nueva aplicaci\u00f3n para facilitar a los ganaderos el autocontrol en el uso de antibi\u00f3ticos\" \/>\n<meta name=\"robots\" content=\"index, follow, max-snippet:-1, max-image-preview:large, max-video-preview:-1\" \/>\n<link rel=\"canonical\" href=\"https:\/\/www.asajacyl.com\/palencia\/asaja-palencia-informa\/nueva-herramienta-para-el-autocontrol-ganadero-en-el-uso-de-antibioticos\" \/>\n<meta property=\"og:locale\" content=\"es_ES\" \/>\n<meta property=\"og:type\" content=\"article\" \/>\n<meta property=\"og:title\" content=\"Nueva herramienta para el autocontrol ganadero en el uso de antibi\u00f3ticos - ASAJA Palencia\" \/>\n<meta property=\"og:description\" content=\"El Ministerio de Agricultura, Pesca y Alimentaci\u00f3n ha creado una nueva aplicaci\u00f3n para facilitar a los ganaderos el autocontrol en el uso de antibi\u00f3ticos\" \/>\n<meta property=\"og:url\" content=\"https:\/\/www.asajacyl.com\/palencia\/asaja-palencia-informa\/nueva-herramienta-para-el-autocontrol-ganadero-en-el-uso-de-antibioticos\" \/>\n<meta property=\"og:site_name\" content=\"ASAJA Palencia\" \/>\n<meta property=\"article:published_time\" content=\"2022-07-21T07:38:00+00:00\" \/>\n<meta property=\"og:image\" content=\"https:\/\/www.asajacyl.com\/palencia\/wp-content\/uploads\/sites\/3\/2022\/07\/image-1.jpg\" \/>\n\t<meta property=\"og:image:width\" content=\"2210\" \/>\n\t<meta property=\"og:image:height\" content=\"1272\" \/>\n\t<meta property=\"og:image:type\" content=\"image\/jpeg\" \/>\n<meta name=\"author\" content=\"Administrador\" \/>\n<meta name=\"twitter:card\" content=\"summary_large_image\" \/>\n<meta name=\"twitter:label1\" content=\"Escrito por\" \/>\n\t<meta name=\"twitter:data1\" content=\"Administrador\" \/>\n\t<meta name=\"twitter:label2\" content=\"Tiempo de lectura\" \/>\n\t<meta name=\"twitter:data2\" content=\"1 minuto\" \/>\n<script type=\"application\/ld+json\" class=\"yoast-schema-graph\">{\"@context\":\"https:\/\/schema.org\",\"@graph\":[{\"@type\":\"WebPage\",\"@id\":\"https:\/\/www.asajacyl.com\/palencia\/asaja-palencia-informa\/nueva-herramienta-para-el-autocontrol-ganadero-en-el-uso-de-antibioticos\",\"url\":\"https:\/\/www.asajacyl.com\/palencia\/asaja-palencia-informa\/nueva-herramienta-para-el-autocontrol-ganadero-en-el-uso-de-antibioticos\",\"name\":\"Nueva herramienta para el autocontrol ganadero en el uso de antibi\u00f3ticos - ASAJA Palencia\",\"isPartOf\":{\"@id\":\"https:\/\/www.asajacyl.com\/palencia\/#website\"},\"primaryImageOfPage\":{\"@id\":\"https:\/\/www.asajacyl.com\/palencia\/asaja-palencia-informa\/nueva-herramienta-para-el-autocontrol-ganadero-en-el-uso-de-antibioticos#primaryimage\"},\"image\":{\"@id\":\"https:\/\/www.asajacyl.com\/palencia\/asaja-palencia-informa\/nueva-herramienta-para-el-autocontrol-ganadero-en-el-uso-de-antibioticos#primaryimage\"},\"thumbnailUrl\":\"https:\/\/www.asajacyl.com\/palencia\/wp-content\/uploads\/sites\/3\/2022\/07\/image-1.jpg\",\"datePublished\":\"2022-07-21T07:38:00+00:00\",\"author\":{\"@id\":\"https:\/\/www.asajacyl.com\/palencia\/#\/schema\/person\/3ab17aeb03527485c317557fae64aab1\"},\"description\":\"El Ministerio de Agricultura, Pesca y Alimentaci\u00f3n ha creado una nueva aplicaci\u00f3n para facilitar a los ganaderos el autocontrol en el uso de antibi\u00f3ticos\",\"breadcrumb\":{\"@id\":\"https:\/\/www.asajacyl.com\/palencia\/asaja-palencia-informa\/nueva-herramienta-para-el-autocontrol-ganadero-en-el-uso-de-antibioticos#breadcrumb\"},\"inLanguage\":\"es\",\"potentialAction\":[{\"@type\":\"ReadAction\",\"target\":[\"https:\/\/www.asajacyl.com\/palencia\/asaja-palencia-informa\/nueva-herramienta-para-el-autocontrol-ganadero-en-el-uso-de-antibioticos\"]}]},{\"@type\":\"ImageObject\",\"inLanguage\":\"es\",\"@id\":\"https:\/\/www.asajacyl.com\/palencia\/asaja-palencia-informa\/nueva-herramienta-para-el-autocontrol-ganadero-en-el-uso-de-antibioticos#primaryimage\",\"url\":\"https:\/\/www.asajacyl.com\/palencia\/wp-content\/uploads\/sites\/3\/2022\/07\/image-1.jpg\",\"contentUrl\":\"https:\/\/www.asajacyl.com\/palencia\/wp-content\/uploads\/sites\/3\/2022\/07\/image-1.jpg\",\"width\":2210,\"height\":1272},{\"@type\":\"BreadcrumbList\",\"@id\":\"https:\/\/www.asajacyl.com\/palencia\/asaja-palencia-informa\/nueva-herramienta-para-el-autocontrol-ganadero-en-el-uso-de-antibioticos#breadcrumb\",\"itemListElement\":[{\"@type\":\"ListItem\",\"position\":1,\"name\":\"Portada\",\"item\":\"https:\/\/www.asajacyl.com\/palencia\/\"},{\"@type\":\"ListItem\",\"position\":2,\"name\":\"Nueva herramienta para el autocontrol ganadero en el uso de antibi\u00f3ticos\"}]},{\"@type\":\"WebSite\",\"@id\":\"https:\/\/www.asajacyl.com\/palencia\/#website\",\"url\":\"https:\/\/www.asajacyl.com\/palencia\/\",\"name\":\"ASAJA Palencia\",\"description\":\"Otro sitio m\u00e1s de Provincias ASAJA Castilla y Le\u00f3n\",\"potentialAction\":[{\"@type\":\"SearchAction\",\"target\":{\"@type\":\"EntryPoint\",\"urlTemplate\":\"https:\/\/www.asajacyl.com\/palencia\/?s={search_term_string}\"},\"query-input\":{\"@type\":\"PropertyValueSpecification\",\"valueRequired\":true,\"valueName\":\"search_term_string\"}}],\"inLanguage\":\"es\"},{\"@type\":\"Person\",\"@id\":\"https:\/\/www.asajacyl.com\/palencia\/#\/schema\/person\/3ab17aeb03527485c317557fae64aab1\",\"name\":\"Administrador\",\"image\":{\"@type\":\"ImageObject\",\"inLanguage\":\"es\",\"@id\":\"https:\/\/www.asajacyl.com\/palencia\/#\/schema\/person\/image\/\",\"url\":\"https:\/\/secure.gravatar.com\/avatar\/517384810d242ca9e38c180f3c9fb973?s=96&d=mm&r=g\",\"contentUrl\":\"https:\/\/secure.gravatar.com\/avatar\/517384810d242ca9e38c180f3c9fb973?s=96&d=mm&r=g\",\"caption\":\"Administrador\"},\"url\":\"https:\/\/www.asajacyl.com\/palencia\/author\/carlosrm\"}]}<\/script>\n<!-- \/ Yoast SEO plugin. -->","yoast_head_json":{"title":"Nueva herramienta para el autocontrol ganadero en el uso de antibi\u00f3ticos - ASAJA Palencia","description":"El Ministerio de Agricultura, Pesca y Alimentaci\u00f3n ha creado una nueva aplicaci\u00f3n para facilitar a los ganaderos el autocontrol en el uso de antibi\u00f3ticos","robots":{"index":"index","follow":"follow","max-snippet":"max-snippet:-1","max-image-preview":"max-image-preview:large","max-video-preview":"max-video-preview:-1"},"canonical":"https:\/\/www.asajacyl.com\/palencia\/asaja-palencia-informa\/nueva-herramienta-para-el-autocontrol-ganadero-en-el-uso-de-antibioticos","og_locale":"es_ES","og_type":"article","og_title":"Nueva herramienta para el autocontrol ganadero en el uso de antibi\u00f3ticos - ASAJA Palencia","og_description":"El Ministerio de Agricultura, Pesca y Alimentaci\u00f3n ha creado una nueva aplicaci\u00f3n para facilitar a los ganaderos el autocontrol en el uso de antibi\u00f3ticos","og_url":"https:\/\/www.asajacyl.com\/palencia\/asaja-palencia-informa\/nueva-herramienta-para-el-autocontrol-ganadero-en-el-uso-de-antibioticos","og_site_name":"ASAJA Palencia","article_published_time":"2022-07-21T07:38:00+00:00","og_image":[{"width":2210,"height":1272,"url":"https:\/\/www.asajacyl.com\/palencia\/wp-content\/uploads\/sites\/3\/2022\/07\/image-1.jpg","type":"image\/jpeg"}],"author":"Administrador","twitter_card":"summary_large_image","twitter_misc":{"Escrito por":"Administrador","Tiempo de lectura":"1 minuto"},"schema":{"@context":"https:\/\/schema.org","@graph":[{"@type":"WebPage","@id":"https:\/\/www.asajacyl.com\/palencia\/asaja-palencia-informa\/nueva-herramienta-para-el-autocontrol-ganadero-en-el-uso-de-antibioticos","url":"https:\/\/www.asajacyl.com\/palencia\/asaja-palencia-informa\/nueva-herramienta-para-el-autocontrol-ganadero-en-el-uso-de-antibioticos","name":"Nueva herramienta para el autocontrol ganadero en el uso de antibi\u00f3ticos - ASAJA Palencia","isPartOf":{"@id":"https:\/\/www.asajacyl.com\/palencia\/#website"},"primaryImageOfPage":{"@id":"https:\/\/www.asajacyl.com\/palencia\/asaja-palencia-informa\/nueva-herramienta-para-el-autocontrol-ganadero-en-el-uso-de-antibioticos#primaryimage"},"image":{"@id":"https:\/\/www.asajacyl.com\/palencia\/asaja-palencia-informa\/nueva-herramienta-para-el-autocontrol-ganadero-en-el-uso-de-antibioticos#primaryimage"},"thumbnailUrl":"https:\/\/www.asajacyl.com\/palencia\/wp-content\/uploads\/sites\/3\/2022\/07\/image-1.jpg","datePublished":"2022-07-21T07:38:00+00:00","author":{"@id":"https:\/\/www.asajacyl.com\/palencia\/#\/schema\/person\/3ab17aeb03527485c317557fae64aab1"},"description":"El Ministerio de Agricultura, Pesca y Alimentaci\u00f3n ha creado una nueva aplicaci\u00f3n para facilitar a los ganaderos el autocontrol en el uso de antibi\u00f3ticos","breadcrumb":{"@id":"https:\/\/www.asajacyl.com\/palencia\/asaja-palencia-informa\/nueva-herramienta-para-el-autocontrol-ganadero-en-el-uso-de-antibioticos#breadcrumb"},"inLanguage":"es","potentialAction":[{"@type":"ReadAction","target":["https:\/\/www.asajacyl.com\/palencia\/asaja-palencia-informa\/nueva-herramienta-para-el-autocontrol-ganadero-en-el-uso-de-antibioticos"]}]},{"@type":"ImageObject","inLanguage":"es","@id":"https:\/\/www.asajacyl.com\/palencia\/asaja-palencia-informa\/nueva-herramienta-para-el-autocontrol-ganadero-en-el-uso-de-antibioticos#primaryimage","url":"https:\/\/www.asajacyl.com\/palencia\/wp-content\/uploads\/sites\/3\/2022\/07\/image-1.jpg","contentUrl":"https:\/\/www.asajacyl.com\/palencia\/wp-content\/uploads\/sites\/3\/2022\/07\/image-1.jpg","width":2210,"height":1272},{"@type":"BreadcrumbList","@id":"https:\/\/www.asajacyl.com\/palencia\/asaja-palencia-informa\/nueva-herramienta-para-el-autocontrol-ganadero-en-el-uso-de-antibioticos#breadcrumb","itemListElement":[{"@type":"ListItem","position":1,"name":"Portada","item":"https:\/\/www.asajacyl.com\/palencia\/"},{"@type":"ListItem","position":2,"name":"Nueva herramienta para el autocontrol ganadero en el uso de antibi\u00f3ticos"}]},{"@type":"WebSite","@id":"https:\/\/www.asajacyl.com\/palencia\/#website","url":"https:\/\/www.asajacyl.com\/palencia\/","name":"ASAJA Palencia","description":"Otro sitio m\u00e1s de Provincias ASAJA Castilla y Le\u00f3n","potentialAction":[{"@type":"SearchAction","target":{"@type":"EntryPoint","urlTemplate":"https:\/\/www.asajacyl.com\/palencia\/?s={search_term_string}"},"query-input":{"@type":"PropertyValueSpecification","valueRequired":true,"valueName":"search_term_string"}}],"inLanguage":"es"},{"@type":"Person","@id":"https:\/\/www.asajacyl.com\/palencia\/#\/schema\/person\/3ab17aeb03527485c317557fae64aab1","name":"Administrador","image":{"@type":"ImageObject","inLanguage":"es","@id":"https:\/\/www.asajacyl.com\/palencia\/#\/schema\/person\/image\/","url":"https:\/\/secure.gravatar.com\/avatar\/517384810d242ca9e38c180f3c9fb973?s=96&d=mm&r=g","contentUrl":"https:\/\/secure.gravatar.com\/avatar\/517384810d242ca9e38c180f3c9fb973?s=96&d=mm&r=g","caption":"Administrador"},"url":"https:\/\/www.asajacyl.com\/palencia\/author\/carlosrm"}]}},"_links":{"self":[{"href":"https:\/\/www.asajacyl.com\/palencia\/wp-json\/wp\/v2\/posts\/11048"}],"collection":[{"href":"https:\/\/www.asajacyl.com\/palencia\/wp-json\/wp\/v2\/posts"}],"about":[{"href":"https:\/\/www.asajacyl.com\/palencia\/wp-json\/wp\/v2\/types\/post"}],"author":[{"embeddable":true,"href":"https:\/\/www.asajacyl.com\/palencia\/wp-json\/wp\/v2\/users\/9"}],"replies":[{"embeddable":true,"href":"https:\/\/www.asajacyl.com\/palencia\/wp-json\/wp\/v2\/comments?post=11048"}],"version-history":[{"count":1,"href":"https:\/\/www.asajacyl.com\/palencia\/wp-json\/wp\/v2\/posts\/11048\/revisions"}],"predecessor-version":[{"id":11050,"href":"https:\/\/www.asajacyl.com\/palencia\/wp-json\/wp\/v2\/posts\/11048\/revisions\/11050"}],"wp:featuredmedia":[{"embeddable":true,"href":"https:\/\/www.asajacyl.com\/palencia\/wp-json\/wp\/v2\/media\/11049"}],"wp:attachment":[{"href":"https:\/\/www.asajacyl.com\/palencia\/wp-json\/wp\/v2\/media?parent=11048"}],"wp:term":[{"taxonomy":"category","embeddable":true,"href":"https:\/\/www.asajacyl.com\/palencia\/wp-json\/wp\/v2\/categories?post=11048"},{"taxonomy":"post_tag","embeddable":true,"href":"https:\/\/www.asajacyl.com\/palencia\/wp-json\/wp\/v2\/tags?post=11048"}],"curies":[{"name":"wp","href":"https:\/\/api.w.org\/{rel}","templated":true}]}}