{"id":11051,"date":"2022-07-18T18:14:50","date_gmt":"2022-07-18T16:14:50","guid":{"rendered":"https:\/\/www.asajacyl.com\/palencia\/?p=11051"},"modified":"2022-07-19T08:39:51","modified_gmt":"2022-07-19T06:39:51","slug":"la-chd-restringe-los-dias-de-riego-en-ciertas-tomas-y-olvida-el-riesgo-de-accidente-para-los-regantes","status":"publish","type":"post","link":"https:\/\/www.asajacyl.com\/palencia\/asaja-palencia-informa\/la-chd-restringe-los-dias-de-riego-en-ciertas-tomas-y-olvida-el-riesgo-de-accidente-para-los-regantes","title":{"rendered":"La CHD restringe los d\u00edas de riego en ciertas tomas y olvida el riesgo de accidente para los regantes"},"content":{"rendered":"\n<p>La situaci\u00f3n de los embalses palentinos no es buena, de hecho ambos se encuentran en situaci\u00f3n de \u00abalerta\u00bb por la escasez de agua. A d\u00eda de hoy, 18 de julio, el sistema Carri\u00f3n cuenta con 60,4 hm<sup>3<\/sup> de los 165 hm<sup>3<\/sup> que puede albergar (36,7%), muy por debajo de los m\u00e1s de 90 hm<sup>3<\/sup> que deber\u00eda tener normalmente en estas fechas. El sistema Pisuerga, por su parte, dispone de 106,4 hm<sup>3<\/sup> (33,0%), tambi\u00e9n muy por debajo de lo m\u00ednimo que deber\u00edan contener, que asciende a al menos 140 hm<sup>3<\/sup>.<\/p>\n\n\n\n<p>Adem\u00e1s, se debe tener en cuenta que en la Comisi\u00f3n de Desembalse se decidi\u00f3 un volumen m\u00ednimo de reserva de 20 hm<sup>3<\/sup> para el sistema Carri\u00f3n y de 40 hm<sup>3<\/sup> para el sistema Pisuerga por lo que, si dichas cifras no se rebajan, la diferencia existente en la actualidad es de 40,4 hm<sup>3<\/sup> en el Carri\u00f3n y 66,4 hm<sup>3<\/sup> en el Pisuerga, con unas aportaciones -medias de los \u00faltimos veinte a\u00f1os- para la suma de los meses de julio, agosto y septiembre de 17,6 hm<sup>3<\/sup> en el Carri\u00f3n y de 7,9 hm<sup>3<\/sup> en el Pisuerga.<\/p>\n\n\n\n<p>Dada la situaci\u00f3n, la CHD ya declar\u00f3 la situaci\u00f3n excepcional por sequ\u00eda extraordinaria en el mes de junio y ahora la Junta de Gobierno ha tomado el acuerdo de que \u00abpara todos los regad\u00edos que se abastecen o abastec\u00edan a trav\u00e9s de canales del Estado, y que, en todo caso, canalizan sus demandas para la campa\u00f1a de riego a trav\u00e9s del \u00c1rea de Explotaci\u00f3n de la Confederaci\u00f3n Hidrogr\u00e1fica del Duero, la dotaci\u00f3n m\u00e1xima asignada por hect\u00e1rea ser\u00e1 la propuesta por su respectiva Junta de Explotaci\u00f3n, cumpliendo los vol\u00famenes m\u00ednimos embalsados para final de septiembre de 2022\u00bb y \u00abpara el resto de tomas de riego se establecen los siguientes turnos: las tomas de riego situadas en las m\u00e1rgenes izquierdas solamente podr\u00e1n extraer agua los d\u00edas impares, mientras que las situadas en las m\u00e1rgenes derechas solo podr\u00e1n hacerlo los d\u00edas pares\u00bb. El acuerdo recoge la temida frase que indica  que \u00absi la situaci\u00f3n de disponibilidad de los recursos h\u00eddricos no permitiera llevar la campa\u00f1a hasta el final del a\u00f1o hidrol\u00f3gico, se acortar\u00e1n las fechas de finalizaci\u00f3n en todos o en algunos cauces para adaptarse a la disponibilidad del recurso\u00bb.<\/p>\n\n\n\n<p>En el reparto de los d\u00edas es donde la CHD no ha abandonado lo urbanita de sus oficinas y bajado al terreno, ya que el inicio y fin de los turnos se produce a las 00:00 horas de cada d\u00eda, algo que atenta contra la seguridad en el campo y contra la conciliaci\u00f3n familiar de los agricultores. Obvia la Confederaci\u00f3n que iniciar o parar el riego, en la mayor parte de los casos, es una labor manual y que, sobre todo en el arranque, precisa de visibilidad para ver si los sistemas de riego est\u00e1n funcionando correctamente. Adem\u00e1s, es peligroso moverse por los cultivos, arroyos, canales, etc. de noche, por lo accidentado del terreno, cuando podr\u00eda hacerse perfectamente de d\u00eda poniendo la hora de corte en horas en las que hay visibilidad, como podr\u00eda ser a las 8:00 de la ma\u00f1ana, coincidiendo con el inicio del trabajo de los empleados de la CHD, para los que s\u00ed se ha pensado en estos temas horarios.<\/p>\n","protected":false},"excerpt":{"rendered":"<p>La situaci\u00f3n de los embalses palentinos no es buena, de hecho ambos se encuentran en situaci\u00f3n de \u00abalerta\u00bb por la escasez de agua. A d\u00eda de hoy, 18 de julio, el sistema Carri\u00f3n cuenta con 60,4 hm3 de los 165 hm3 que puede albergar (36,7%), muy por debajo de los m\u00e1s de 90 hm3 que [&hellip;]<\/p>\n","protected":false},"author":9,"featured_media":10969,"comment_status":"open","ping_status":"open","sticky":false,"template":"","format":"standard","meta":{"footnotes":""},"categories":[9,29,28],"tags":[],"yoast_head":"<!-- This site is optimized with the Yoast SEO plugin v24.5 - https:\/\/yoast.com\/wordpress\/plugins\/seo\/ -->\n<title>La CHD restringe los d\u00edas de riego en ciertas tomas y olvida el riesgo de accidente para los regantes - ASAJA Palencia<\/title>\n<meta name=\"description\" content=\"La situaci\u00f3n de los embalses palentinos no es buena, de hecho ambos se encuentran en situaci\u00f3n de &quot;alerta&quot; por la escasez de agua. A d\u00eda de hoy, 18 de\" \/>\n<meta name=\"robots\" content=\"index, follow, max-snippet:-1, max-image-preview:large, max-video-preview:-1\" \/>\n<link rel=\"canonical\" href=\"https:\/\/www.asajacyl.com\/palencia\/asaja-palencia-informa\/la-chd-restringe-los-dias-de-riego-en-ciertas-tomas-y-olvida-el-riesgo-de-accidente-para-los-regantes\" \/>\n<meta property=\"og:locale\" content=\"es_ES\" \/>\n<meta property=\"og:type\" content=\"article\" \/>\n<meta property=\"og:title\" content=\"La CHD restringe los d\u00edas de riego en ciertas tomas y olvida el riesgo de accidente para los regantes - ASAJA Palencia\" \/>\n<meta property=\"og:description\" content=\"La situaci\u00f3n de los embalses palentinos no es buena, de hecho ambos se encuentran en situaci\u00f3n de &quot;alerta&quot; por la escasez de agua. A d\u00eda de hoy, 18 de\" \/>\n<meta property=\"og:url\" content=\"https:\/\/www.asajacyl.com\/palencia\/asaja-palencia-informa\/la-chd-restringe-los-dias-de-riego-en-ciertas-tomas-y-olvida-el-riesgo-de-accidente-para-los-regantes\" \/>\n<meta property=\"og:site_name\" content=\"ASAJA Palencia\" \/>\n<meta property=\"article:published_time\" content=\"2022-07-18T16:14:50+00:00\" \/>\n<meta property=\"article:modified_time\" content=\"2022-07-19T06:39:51+00:00\" \/>\n<meta property=\"og:image\" content=\"https:\/\/www.asajacyl.com\/palencia\/wp-content\/uploads\/sites\/3\/2022\/06\/PATATA-DE-SIEMBRA-REGADIO.jpg\" \/>\n\t<meta property=\"og:image:width\" content=\"2500\" \/>\n\t<meta property=\"og:image:height\" content=\"1875\" \/>\n\t<meta property=\"og:image:type\" content=\"image\/jpeg\" \/>\n<meta name=\"author\" content=\"Administrador\" \/>\n<meta name=\"twitter:card\" content=\"summary_large_image\" \/>\n<meta name=\"twitter:label1\" content=\"Escrito por\" \/>\n\t<meta name=\"twitter:data1\" content=\"Administrador\" \/>\n\t<meta name=\"twitter:label2\" content=\"Tiempo de lectura\" \/>\n\t<meta name=\"twitter:data2\" content=\"3 minutos\" \/>\n<script type=\"application\/ld+json\" class=\"yoast-schema-graph\">{\"@context\":\"https:\/\/schema.org\",\"@graph\":[{\"@type\":\"WebPage\",\"@id\":\"https:\/\/www.asajacyl.com\/palencia\/asaja-palencia-informa\/la-chd-restringe-los-dias-de-riego-en-ciertas-tomas-y-olvida-el-riesgo-de-accidente-para-los-regantes\",\"url\":\"https:\/\/www.asajacyl.com\/palencia\/asaja-palencia-informa\/la-chd-restringe-los-dias-de-riego-en-ciertas-tomas-y-olvida-el-riesgo-de-accidente-para-los-regantes\",\"name\":\"La CHD restringe los d\u00edas de riego en ciertas tomas y olvida el riesgo de accidente para los regantes - ASAJA Palencia\",\"isPartOf\":{\"@id\":\"https:\/\/www.asajacyl.com\/palencia\/#website\"},\"primaryImageOfPage\":{\"@id\":\"https:\/\/www.asajacyl.com\/palencia\/asaja-palencia-informa\/la-chd-restringe-los-dias-de-riego-en-ciertas-tomas-y-olvida-el-riesgo-de-accidente-para-los-regantes#primaryimage\"},\"image\":{\"@id\":\"https:\/\/www.asajacyl.com\/palencia\/asaja-palencia-informa\/la-chd-restringe-los-dias-de-riego-en-ciertas-tomas-y-olvida-el-riesgo-de-accidente-para-los-regantes#primaryimage\"},\"thumbnailUrl\":\"https:\/\/www.asajacyl.com\/palencia\/wp-content\/uploads\/sites\/3\/2022\/06\/PATATA-DE-SIEMBRA-REGADIO.jpg\",\"datePublished\":\"2022-07-18T16:14:50+00:00\",\"dateModified\":\"2022-07-19T06:39:51+00:00\",\"author\":{\"@id\":\"https:\/\/www.asajacyl.com\/palencia\/#\/schema\/person\/3ab17aeb03527485c317557fae64aab1\"},\"description\":\"La situaci\u00f3n de los embalses palentinos no es buena, de hecho ambos se encuentran en situaci\u00f3n de \\\"alerta\\\" por la escasez de agua. A d\u00eda de hoy, 18 de\",\"breadcrumb\":{\"@id\":\"https:\/\/www.asajacyl.com\/palencia\/asaja-palencia-informa\/la-chd-restringe-los-dias-de-riego-en-ciertas-tomas-y-olvida-el-riesgo-de-accidente-para-los-regantes#breadcrumb\"},\"inLanguage\":\"es\",\"potentialAction\":[{\"@type\":\"ReadAction\",\"target\":[\"https:\/\/www.asajacyl.com\/palencia\/asaja-palencia-informa\/la-chd-restringe-los-dias-de-riego-en-ciertas-tomas-y-olvida-el-riesgo-de-accidente-para-los-regantes\"]}]},{\"@type\":\"ImageObject\",\"inLanguage\":\"es\",\"@id\":\"https:\/\/www.asajacyl.com\/palencia\/asaja-palencia-informa\/la-chd-restringe-los-dias-de-riego-en-ciertas-tomas-y-olvida-el-riesgo-de-accidente-para-los-regantes#primaryimage\",\"url\":\"https:\/\/www.asajacyl.com\/palencia\/wp-content\/uploads\/sites\/3\/2022\/06\/PATATA-DE-SIEMBRA-REGADIO.jpg\",\"contentUrl\":\"https:\/\/www.asajacyl.com\/palencia\/wp-content\/uploads\/sites\/3\/2022\/06\/PATATA-DE-SIEMBRA-REGADIO.jpg\",\"width\":2500,\"height\":1875},{\"@type\":\"BreadcrumbList\",\"@id\":\"https:\/\/www.asajacyl.com\/palencia\/asaja-palencia-informa\/la-chd-restringe-los-dias-de-riego-en-ciertas-tomas-y-olvida-el-riesgo-de-accidente-para-los-regantes#breadcrumb\",\"itemListElement\":[{\"@type\":\"ListItem\",\"position\":1,\"name\":\"Portada\",\"item\":\"https:\/\/www.asajacyl.com\/palencia\/\"},{\"@type\":\"ListItem\",\"position\":2,\"name\":\"La CHD restringe los d\u00edas de riego en ciertas tomas y olvida el riesgo de accidente para los regantes\"}]},{\"@type\":\"WebSite\",\"@id\":\"https:\/\/www.asajacyl.com\/palencia\/#website\",\"url\":\"https:\/\/www.asajacyl.com\/palencia\/\",\"name\":\"ASAJA Palencia\",\"description\":\"Otro sitio m\u00e1s de Provincias ASAJA Castilla y Le\u00f3n\",\"potentialAction\":[{\"@type\":\"SearchAction\",\"target\":{\"@type\":\"EntryPoint\",\"urlTemplate\":\"https:\/\/www.asajacyl.com\/palencia\/?s={search_term_string}\"},\"query-input\":{\"@type\":\"PropertyValueSpecification\",\"valueRequired\":true,\"valueName\":\"search_term_string\"}}],\"inLanguage\":\"es\"},{\"@type\":\"Person\",\"@id\":\"https:\/\/www.asajacyl.com\/palencia\/#\/schema\/person\/3ab17aeb03527485c317557fae64aab1\",\"name\":\"Administrador\",\"image\":{\"@type\":\"ImageObject\",\"inLanguage\":\"es\",\"@id\":\"https:\/\/www.asajacyl.com\/palencia\/#\/schema\/person\/image\/\",\"url\":\"https:\/\/secure.gravatar.com\/avatar\/517384810d242ca9e38c180f3c9fb973?s=96&d=mm&r=g\",\"contentUrl\":\"https:\/\/secure.gravatar.com\/avatar\/517384810d242ca9e38c180f3c9fb973?s=96&d=mm&r=g\",\"caption\":\"Administrador\"},\"url\":\"https:\/\/www.asajacyl.com\/palencia\/author\/carlosrm\"}]}<\/script>\n<!-- \/ Yoast SEO plugin. -->","yoast_head_json":{"title":"La CHD restringe los d\u00edas de riego en ciertas tomas y olvida el riesgo de accidente para los regantes - ASAJA Palencia","description":"La situaci\u00f3n de los embalses palentinos no es buena, de hecho ambos se encuentran en situaci\u00f3n de \"alerta\" por la escasez de agua. A d\u00eda de hoy, 18 de","robots":{"index":"index","follow":"follow","max-snippet":"max-snippet:-1","max-image-preview":"max-image-preview:large","max-video-preview":"max-video-preview:-1"},"canonical":"https:\/\/www.asajacyl.com\/palencia\/asaja-palencia-informa\/la-chd-restringe-los-dias-de-riego-en-ciertas-tomas-y-olvida-el-riesgo-de-accidente-para-los-regantes","og_locale":"es_ES","og_type":"article","og_title":"La CHD restringe los d\u00edas de riego en ciertas tomas y olvida el riesgo de accidente para los regantes - ASAJA Palencia","og_description":"La situaci\u00f3n de los embalses palentinos no es buena, de hecho ambos se encuentran en situaci\u00f3n de \"alerta\" por la escasez de agua. A d\u00eda de hoy, 18 de","og_url":"https:\/\/www.asajacyl.com\/palencia\/asaja-palencia-informa\/la-chd-restringe-los-dias-de-riego-en-ciertas-tomas-y-olvida-el-riesgo-de-accidente-para-los-regantes","og_site_name":"ASAJA Palencia","article_published_time":"2022-07-18T16:14:50+00:00","article_modified_time":"2022-07-19T06:39:51+00:00","og_image":[{"width":2500,"height":1875,"url":"https:\/\/www.asajacyl.com\/palencia\/wp-content\/uploads\/sites\/3\/2022\/06\/PATATA-DE-SIEMBRA-REGADIO.jpg","type":"image\/jpeg"}],"author":"Administrador","twitter_card":"summary_large_image","twitter_misc":{"Escrito por":"Administrador","Tiempo de lectura":"3 minutos"},"schema":{"@context":"https:\/\/schema.org","@graph":[{"@type":"WebPage","@id":"https:\/\/www.asajacyl.com\/palencia\/asaja-palencia-informa\/la-chd-restringe-los-dias-de-riego-en-ciertas-tomas-y-olvida-el-riesgo-de-accidente-para-los-regantes","url":"https:\/\/www.asajacyl.com\/palencia\/asaja-palencia-informa\/la-chd-restringe-los-dias-de-riego-en-ciertas-tomas-y-olvida-el-riesgo-de-accidente-para-los-regantes","name":"La CHD restringe los d\u00edas de riego en ciertas tomas y olvida el riesgo de accidente para los regantes - ASAJA Palencia","isPartOf":{"@id":"https:\/\/www.asajacyl.com\/palencia\/#website"},"primaryImageOfPage":{"@id":"https:\/\/www.asajacyl.com\/palencia\/asaja-palencia-informa\/la-chd-restringe-los-dias-de-riego-en-ciertas-tomas-y-olvida-el-riesgo-de-accidente-para-los-regantes#primaryimage"},"image":{"@id":"https:\/\/www.asajacyl.com\/palencia\/asaja-palencia-informa\/la-chd-restringe-los-dias-de-riego-en-ciertas-tomas-y-olvida-el-riesgo-de-accidente-para-los-regantes#primaryimage"},"thumbnailUrl":"https:\/\/www.asajacyl.com\/palencia\/wp-content\/uploads\/sites\/3\/2022\/06\/PATATA-DE-SIEMBRA-REGADIO.jpg","datePublished":"2022-07-18T16:14:50+00:00","dateModified":"2022-07-19T06:39:51+00:00","author":{"@id":"https:\/\/www.asajacyl.com\/palencia\/#\/schema\/person\/3ab17aeb03527485c317557fae64aab1"},"description":"La situaci\u00f3n de los embalses palentinos no es buena, de hecho ambos se encuentran en situaci\u00f3n de \"alerta\" por la escasez de agua. A d\u00eda de hoy, 18 de","breadcrumb":{"@id":"https:\/\/www.asajacyl.com\/palencia\/asaja-palencia-informa\/la-chd-restringe-los-dias-de-riego-en-ciertas-tomas-y-olvida-el-riesgo-de-accidente-para-los-regantes#breadcrumb"},"inLanguage":"es","potentialAction":[{"@type":"ReadAction","target":["https:\/\/www.asajacyl.com\/palencia\/asaja-palencia-informa\/la-chd-restringe-los-dias-de-riego-en-ciertas-tomas-y-olvida-el-riesgo-de-accidente-para-los-regantes"]}]},{"@type":"ImageObject","inLanguage":"es","@id":"https:\/\/www.asajacyl.com\/palencia\/asaja-palencia-informa\/la-chd-restringe-los-dias-de-riego-en-ciertas-tomas-y-olvida-el-riesgo-de-accidente-para-los-regantes#primaryimage","url":"https:\/\/www.asajacyl.com\/palencia\/wp-content\/uploads\/sites\/3\/2022\/06\/PATATA-DE-SIEMBRA-REGADIO.jpg","contentUrl":"https:\/\/www.asajacyl.com\/palencia\/wp-content\/uploads\/sites\/3\/2022\/06\/PATATA-DE-SIEMBRA-REGADIO.jpg","width":2500,"height":1875},{"@type":"BreadcrumbList","@id":"https:\/\/www.asajacyl.com\/palencia\/asaja-palencia-informa\/la-chd-restringe-los-dias-de-riego-en-ciertas-tomas-y-olvida-el-riesgo-de-accidente-para-los-regantes#breadcrumb","itemListElement":[{"@type":"ListItem","position":1,"name":"Portada","item":"https:\/\/www.asajacyl.com\/palencia\/"},{"@type":"ListItem","position":2,"name":"La CHD restringe los d\u00edas de riego en ciertas tomas y olvida el riesgo de accidente para los regantes"}]},{"@type":"WebSite","@id":"https:\/\/www.asajacyl.com\/palencia\/#website","url":"https:\/\/www.asajacyl.com\/palencia\/","name":"ASAJA Palencia","description":"Otro sitio m\u00e1s de Provincias ASAJA Castilla y Le\u00f3n","potentialAction":[{"@type":"SearchAction","target":{"@type":"EntryPoint","urlTemplate":"https:\/\/www.asajacyl.com\/palencia\/?s={search_term_string}"},"query-input":{"@type":"PropertyValueSpecification","valueRequired":true,"valueName":"search_term_string"}}],"inLanguage":"es"},{"@type":"Person","@id":"https:\/\/www.asajacyl.com\/palencia\/#\/schema\/person\/3ab17aeb03527485c317557fae64aab1","name":"Administrador","image":{"@type":"ImageObject","inLanguage":"es","@id":"https:\/\/www.asajacyl.com\/palencia\/#\/schema\/person\/image\/","url":"https:\/\/secure.gravatar.com\/avatar\/517384810d242ca9e38c180f3c9fb973?s=96&d=mm&r=g","contentUrl":"https:\/\/secure.gravatar.com\/avatar\/517384810d242ca9e38c180f3c9fb973?s=96&d=mm&r=g","caption":"Administrador"},"url":"https:\/\/www.asajacyl.com\/palencia\/author\/carlosrm"}]}},"_links":{"self":[{"href":"https:\/\/www.asajacyl.com\/palencia\/wp-json\/wp\/v2\/posts\/11051"}],"collection":[{"href":"https:\/\/www.asajacyl.com\/palencia\/wp-json\/wp\/v2\/posts"}],"about":[{"href":"https:\/\/www.asajacyl.com\/palencia\/wp-json\/wp\/v2\/types\/post"}],"author":[{"embeddable":true,"href":"https:\/\/www.asajacyl.com\/palencia\/wp-json\/wp\/v2\/users\/9"}],"replies":[{"embeddable":true,"href":"https:\/\/www.asajacyl.com\/palencia\/wp-json\/wp\/v2\/comments?post=11051"}],"version-history":[{"count":2,"href":"https:\/\/www.asajacyl.com\/palencia\/wp-json\/wp\/v2\/posts\/11051\/revisions"}],"predecessor-version":[{"id":11058,"href":"https:\/\/www.asajacyl.com\/palencia\/wp-json\/wp\/v2\/posts\/11051\/revisions\/11058"}],"wp:featuredmedia":[{"embeddable":true,"href":"https:\/\/www.asajacyl.com\/palencia\/wp-json\/wp\/v2\/media\/10969"}],"wp:attachment":[{"href":"https:\/\/www.asajacyl.com\/palencia\/wp-json\/wp\/v2\/media?parent=11051"}],"wp:term":[{"taxonomy":"category","embeddable":true,"href":"https:\/\/www.asajacyl.com\/palencia\/wp-json\/wp\/v2\/categories?post=11051"},{"taxonomy":"post_tag","embeddable":true,"href":"https:\/\/www.asajacyl.com\/palencia\/wp-json\/wp\/v2\/tags?post=11051"}],"curies":[{"name":"wp","href":"https:\/\/api.w.org\/{rel}","templated":true}]}}