{"id":11059,"date":"2022-07-20T17:30:00","date_gmt":"2022-07-20T15:30:00","guid":{"rendered":"https:\/\/www.asajacyl.com\/palencia\/?p=11059"},"modified":"2022-07-21T08:46:40","modified_gmt":"2022-07-21T06:46:40","slug":"varian-las-restricciones-para-cosechar-del-20-al-24-de-julio-se-permite-cosechar-a-algunas-horas-y-sigue-prohibiendose-empacar","status":"publish","type":"post","link":"https:\/\/www.asajacyl.com\/palencia\/asaja-palencia-informa\/varian-las-restricciones-para-cosechar-del-20-al-24-de-julio-se-permite-cosechar-a-algunas-horas-y-sigue-prohibiendose-empacar","title":{"rendered":"Var\u00edan las restricciones para cosechar del 20 al 24 de julio. Se permite cosechar a algunas horas (correcci\u00f3n actualizada)"},"content":{"rendered":"\n<p><em><strong>Correcci\u00f3n: El empacado se permite en las mismas horas que la cosecha y con las mismas restricciones de temperatura y viento. La resoluci\u00f3n de la Consejer\u00eda de Medio Ambiente indica que \u00abse permite utilizar la maquinaria adecuada para las labores de cosecha\u00bb y dentro de las labores de cosecha han informado de que se incluye el empacado.<\/strong><\/em><\/p>\n\n\n\n<p><strong><em>Por tanto la situaci\u00f3n desde hoy d\u00eda 20 de julio y hasta el domingo d\u00eda 24 de julio para la cosecha y el empacado es la siguiente:<\/em><\/strong><\/p>\n\n\n\n<figure class=\"wp-block-table is-style-stripes\"><table><tbody><tr><td><em><strong>A m\u00e1s de 400 metros de monte<\/strong><\/em><\/td><td class=\"has-text-align-left\" data-align=\"left\"><strong><em><span style=\"color:#cf2e2e\" class=\"tadv-color\">Sin restricciones<\/span><\/em><\/strong><\/td><\/tr><tr><td><strong><em>Monte y hasta 400 metros de monte<\/em><\/strong><\/td><td class=\"has-text-align-left\" data-align=\"left\"><strong><em>Prohibido si se da alguna de estas dos situaciones:<br>* Horas centrales del d\u00eda: 12:00 horas a 19:00 horas<br>* M\u00e1s de 30\u00baC y m\u00e1s de 30 km\/h de viento<\/em><\/strong><\/td><\/tr><\/tbody><\/table><\/figure>\n\n\n\n<p>Hoy se ha hecho publica una resoluci\u00f3n de la Direcci\u00f3n General de Patrimonio Natural y Pol\u00edtica Forestal que mantiene en \u00abalarma\u00bb el riesgo de incendios forestales durante los d\u00edas del 20 al 24 de julio, ambos inclusive, algo que afecta a diversas tareas agr\u00edcolas, como la cosecha y el empacado.<\/p>\n\n\n\n<p>La resoluci\u00f3n indica expresamente, entre otras cuestiones, que se tomar\u00e1 la siguiente medida: \u00abProhibici\u00f3n de los trabajos con maquinaria que puede generar chispas o deflagraciones en monte y en la franja de 400 metros que lo circunda, como son, entre otras, cosechadoras, empacadoras, desbrozadoras, etc. Como excepci\u00f3n se podr\u00e1 utilizar la maquinaria adecuada para las labores de cosecha entre las 19:00 de la tarde y las 12:00 de la ma\u00f1ana del d\u00eda siguiente\u00bb. Por tanto se podr\u00e1 cosechar <strong>y empacar <\/strong>desde las 00:00 a las 12:00 horas y desde las 19:00 a las 23:59 horas <s>y quedan prohibidas estos cinco d\u00edas labores como el empacado<\/s>.<\/p>\n\n\n\n<p>Adem\u00e1s, hay que recordar que estamos en la \u00e9poca de alto peligro de incendios forestales -se inici\u00f3 el 27 de junio y finalizar\u00e1 el 30 de septiembre- por lo que tambi\u00e9n est\u00e1 vigente la media que en monte y en la franja de 400 metros que lo circunda implica que se deben utilizar cosechadoras dotadas de matachispas, quedando prohibido el uso de estas m\u00e1quinas cuando se superen los 30\u00baC de temperatura y la velocidad del viento sea mayor a 30 km\/h.<\/p>\n\n\n\n<p>Adem\u00e1s de estas medidas, en estas zonas la Administraci\u00f3n auton\u00f3mica estableces unas medidas preventivas consistentes en disponer de al menos una persona que est\u00e9 atento a las pasadas de la cosechadora por si se inicia el fuego as\u00ed como disponer de los medios de extinci\u00f3n suficientes para controlar el conato que se pueda ocasionar. A\u00f1ade a esto varias recomendaciones:<\/p>\n\n\n\n<ul><li>Disponer de tractor y gradas<\/li><li>En terrenos pedregosos o con pendiente reducir la velocidad de avance y elevar la plataforma de corte<\/li><li>Realizar la cosecha del cereal avanzando en contra del viento<\/li><\/ul>\n\n\n\n<p>Por \u00faltimo, dentro del art\u00edculo destinado a hablar de las medidas preventivas, hace referencia a que la maquinaria agr\u00edcola \u00abse mantendr\u00e1 en las condiciones adecuadas de revisi\u00f3n peri\u00f3dica y mantenimiento que establezcan las propias condiciones de uso de esta maquinaria, para evitar que se origine fuego como consecuencia de un mal mantenimiento y limpieza de piezas mec\u00e1nicas y sistema el\u00e9ctrico.\u00bb<\/p>\n","protected":false},"excerpt":{"rendered":"<p>Correcci\u00f3n: El empacado se permite en las mismas horas que la cosecha y con las mismas restricciones de temperatura y viento. La resoluci\u00f3n de la Consejer\u00eda de Medio Ambiente indica que \u00abse permite utilizar la maquinaria adecuada para las labores de cosecha\u00bb y dentro de las labores de cosecha han informado de que se incluye [&hellip;]<\/p>\n","protected":false},"author":9,"featured_media":10875,"comment_status":"open","ping_status":"open","sticky":false,"template":"","format":"standard","meta":{"footnotes":""},"categories":[9,29,28],"tags":[],"yoast_head":"<!-- This site is optimized with the Yoast SEO plugin v24.5 - https:\/\/yoast.com\/wordpress\/plugins\/seo\/ -->\n<title>Var\u00edan las restricciones para cosechar del 20 al 24 de julio. Se permite cosechar a algunas horas (correcci\u00f3n actualizada) - ASAJA Palencia<\/title>\n<meta name=\"description\" content=\"Correcci\u00f3n: El empacado se permite en las mismas horas que la cosecha y con las mismas restricciones de temperatura y viento. La resoluci\u00f3n de la\" \/>\n<meta name=\"robots\" content=\"index, follow, max-snippet:-1, max-image-preview:large, max-video-preview:-1\" \/>\n<link rel=\"canonical\" href=\"https:\/\/www.asajacyl.com\/palencia\/asaja-palencia-informa\/varian-las-restricciones-para-cosechar-del-20-al-24-de-julio-se-permite-cosechar-a-algunas-horas-y-sigue-prohibiendose-empacar\" \/>\n<meta property=\"og:locale\" content=\"es_ES\" \/>\n<meta property=\"og:type\" content=\"article\" \/>\n<meta property=\"og:title\" content=\"Var\u00edan las restricciones para cosechar del 20 al 24 de julio. Se permite cosechar a algunas horas (correcci\u00f3n actualizada) - ASAJA Palencia\" \/>\n<meta property=\"og:description\" content=\"Correcci\u00f3n: El empacado se permite en las mismas horas que la cosecha y con las mismas restricciones de temperatura y viento. La resoluci\u00f3n de la\" \/>\n<meta property=\"og:url\" content=\"https:\/\/www.asajacyl.com\/palencia\/asaja-palencia-informa\/varian-las-restricciones-para-cosechar-del-20-al-24-de-julio-se-permite-cosechar-a-algunas-horas-y-sigue-prohibiendose-empacar\" \/>\n<meta property=\"og:site_name\" content=\"ASAJA Palencia\" \/>\n<meta property=\"article:published_time\" content=\"2022-07-20T15:30:00+00:00\" \/>\n<meta property=\"article:modified_time\" content=\"2022-07-21T06:46:40+00:00\" \/>\n<meta property=\"og:image\" content=\"https:\/\/www.asajacyl.com\/palencia\/wp-content\/uploads\/sites\/3\/2022\/06\/cosecha-2022-cebada-5.jpg\" \/>\n\t<meta property=\"og:image:width\" content=\"1024\" \/>\n\t<meta property=\"og:image:height\" content=\"768\" \/>\n\t<meta property=\"og:image:type\" content=\"image\/jpeg\" \/>\n<meta name=\"author\" content=\"Administrador\" \/>\n<meta name=\"twitter:card\" content=\"summary_large_image\" \/>\n<meta name=\"twitter:label1\" content=\"Escrito por\" \/>\n\t<meta name=\"twitter:data1\" content=\"Administrador\" \/>\n\t<meta name=\"twitter:label2\" content=\"Tiempo de lectura\" \/>\n\t<meta name=\"twitter:data2\" content=\"3 minutos\" \/>\n<script type=\"application\/ld+json\" class=\"yoast-schema-graph\">{\"@context\":\"https:\/\/schema.org\",\"@graph\":[{\"@type\":\"WebPage\",\"@id\":\"https:\/\/www.asajacyl.com\/palencia\/asaja-palencia-informa\/varian-las-restricciones-para-cosechar-del-20-al-24-de-julio-se-permite-cosechar-a-algunas-horas-y-sigue-prohibiendose-empacar\",\"url\":\"https:\/\/www.asajacyl.com\/palencia\/asaja-palencia-informa\/varian-las-restricciones-para-cosechar-del-20-al-24-de-julio-se-permite-cosechar-a-algunas-horas-y-sigue-prohibiendose-empacar\",\"name\":\"Var\u00edan las restricciones para cosechar del 20 al 24 de julio. Se permite cosechar a algunas horas (correcci\u00f3n actualizada) - ASAJA Palencia\",\"isPartOf\":{\"@id\":\"https:\/\/www.asajacyl.com\/palencia\/#website\"},\"primaryImageOfPage\":{\"@id\":\"https:\/\/www.asajacyl.com\/palencia\/asaja-palencia-informa\/varian-las-restricciones-para-cosechar-del-20-al-24-de-julio-se-permite-cosechar-a-algunas-horas-y-sigue-prohibiendose-empacar#primaryimage\"},\"image\":{\"@id\":\"https:\/\/www.asajacyl.com\/palencia\/asaja-palencia-informa\/varian-las-restricciones-para-cosechar-del-20-al-24-de-julio-se-permite-cosechar-a-algunas-horas-y-sigue-prohibiendose-empacar#primaryimage\"},\"thumbnailUrl\":\"https:\/\/www.asajacyl.com\/palencia\/wp-content\/uploads\/sites\/3\/2022\/06\/cosecha-2022-cebada-5.jpg\",\"datePublished\":\"2022-07-20T15:30:00+00:00\",\"dateModified\":\"2022-07-21T06:46:40+00:00\",\"author\":{\"@id\":\"https:\/\/www.asajacyl.com\/palencia\/#\/schema\/person\/3ab17aeb03527485c317557fae64aab1\"},\"description\":\"Correcci\u00f3n: El empacado se permite en las mismas horas que la cosecha y con las mismas restricciones de temperatura y viento. La resoluci\u00f3n de la\",\"breadcrumb\":{\"@id\":\"https:\/\/www.asajacyl.com\/palencia\/asaja-palencia-informa\/varian-las-restricciones-para-cosechar-del-20-al-24-de-julio-se-permite-cosechar-a-algunas-horas-y-sigue-prohibiendose-empacar#breadcrumb\"},\"inLanguage\":\"es\",\"potentialAction\":[{\"@type\":\"ReadAction\",\"target\":[\"https:\/\/www.asajacyl.com\/palencia\/asaja-palencia-informa\/varian-las-restricciones-para-cosechar-del-20-al-24-de-julio-se-permite-cosechar-a-algunas-horas-y-sigue-prohibiendose-empacar\"]}]},{\"@type\":\"ImageObject\",\"inLanguage\":\"es\",\"@id\":\"https:\/\/www.asajacyl.com\/palencia\/asaja-palencia-informa\/varian-las-restricciones-para-cosechar-del-20-al-24-de-julio-se-permite-cosechar-a-algunas-horas-y-sigue-prohibiendose-empacar#primaryimage\",\"url\":\"https:\/\/www.asajacyl.com\/palencia\/wp-content\/uploads\/sites\/3\/2022\/06\/cosecha-2022-cebada-5.jpg\",\"contentUrl\":\"https:\/\/www.asajacyl.com\/palencia\/wp-content\/uploads\/sites\/3\/2022\/06\/cosecha-2022-cebada-5.jpg\",\"width\":1024,\"height\":768},{\"@type\":\"BreadcrumbList\",\"@id\":\"https:\/\/www.asajacyl.com\/palencia\/asaja-palencia-informa\/varian-las-restricciones-para-cosechar-del-20-al-24-de-julio-se-permite-cosechar-a-algunas-horas-y-sigue-prohibiendose-empacar#breadcrumb\",\"itemListElement\":[{\"@type\":\"ListItem\",\"position\":1,\"name\":\"Portada\",\"item\":\"https:\/\/www.asajacyl.com\/palencia\/\"},{\"@type\":\"ListItem\",\"position\":2,\"name\":\"Var\u00edan las restricciones para cosechar del 20 al 24 de julio. Se permite cosechar a algunas horas (correcci\u00f3n actualizada)\"}]},{\"@type\":\"WebSite\",\"@id\":\"https:\/\/www.asajacyl.com\/palencia\/#website\",\"url\":\"https:\/\/www.asajacyl.com\/palencia\/\",\"name\":\"ASAJA Palencia\",\"description\":\"Otro sitio m\u00e1s de Provincias ASAJA Castilla y Le\u00f3n\",\"potentialAction\":[{\"@type\":\"SearchAction\",\"target\":{\"@type\":\"EntryPoint\",\"urlTemplate\":\"https:\/\/www.asajacyl.com\/palencia\/?s={search_term_string}\"},\"query-input\":{\"@type\":\"PropertyValueSpecification\",\"valueRequired\":true,\"valueName\":\"search_term_string\"}}],\"inLanguage\":\"es\"},{\"@type\":\"Person\",\"@id\":\"https:\/\/www.asajacyl.com\/palencia\/#\/schema\/person\/3ab17aeb03527485c317557fae64aab1\",\"name\":\"Administrador\",\"image\":{\"@type\":\"ImageObject\",\"inLanguage\":\"es\",\"@id\":\"https:\/\/www.asajacyl.com\/palencia\/#\/schema\/person\/image\/\",\"url\":\"https:\/\/secure.gravatar.com\/avatar\/517384810d242ca9e38c180f3c9fb973?s=96&d=mm&r=g\",\"contentUrl\":\"https:\/\/secure.gravatar.com\/avatar\/517384810d242ca9e38c180f3c9fb973?s=96&d=mm&r=g\",\"caption\":\"Administrador\"},\"url\":\"https:\/\/www.asajacyl.com\/palencia\/author\/carlosrm\"}]}<\/script>\n<!-- \/ Yoast SEO plugin. -->","yoast_head_json":{"title":"Var\u00edan las restricciones para cosechar del 20 al 24 de julio. Se permite cosechar a algunas horas (correcci\u00f3n actualizada) - ASAJA Palencia","description":"Correcci\u00f3n: El empacado se permite en las mismas horas que la cosecha y con las mismas restricciones de temperatura y viento. La resoluci\u00f3n de la","robots":{"index":"index","follow":"follow","max-snippet":"max-snippet:-1","max-image-preview":"max-image-preview:large","max-video-preview":"max-video-preview:-1"},"canonical":"https:\/\/www.asajacyl.com\/palencia\/asaja-palencia-informa\/varian-las-restricciones-para-cosechar-del-20-al-24-de-julio-se-permite-cosechar-a-algunas-horas-y-sigue-prohibiendose-empacar","og_locale":"es_ES","og_type":"article","og_title":"Var\u00edan las restricciones para cosechar del 20 al 24 de julio. Se permite cosechar a algunas horas (correcci\u00f3n actualizada) - ASAJA Palencia","og_description":"Correcci\u00f3n: El empacado se permite en las mismas horas que la cosecha y con las mismas restricciones de temperatura y viento. La resoluci\u00f3n de la","og_url":"https:\/\/www.asajacyl.com\/palencia\/asaja-palencia-informa\/varian-las-restricciones-para-cosechar-del-20-al-24-de-julio-se-permite-cosechar-a-algunas-horas-y-sigue-prohibiendose-empacar","og_site_name":"ASAJA Palencia","article_published_time":"2022-07-20T15:30:00+00:00","article_modified_time":"2022-07-21T06:46:40+00:00","og_image":[{"width":1024,"height":768,"url":"https:\/\/www.asajacyl.com\/palencia\/wp-content\/uploads\/sites\/3\/2022\/06\/cosecha-2022-cebada-5.jpg","type":"image\/jpeg"}],"author":"Administrador","twitter_card":"summary_large_image","twitter_misc":{"Escrito por":"Administrador","Tiempo de lectura":"3 minutos"},"schema":{"@context":"https:\/\/schema.org","@graph":[{"@type":"WebPage","@id":"https:\/\/www.asajacyl.com\/palencia\/asaja-palencia-informa\/varian-las-restricciones-para-cosechar-del-20-al-24-de-julio-se-permite-cosechar-a-algunas-horas-y-sigue-prohibiendose-empacar","url":"https:\/\/www.asajacyl.com\/palencia\/asaja-palencia-informa\/varian-las-restricciones-para-cosechar-del-20-al-24-de-julio-se-permite-cosechar-a-algunas-horas-y-sigue-prohibiendose-empacar","name":"Var\u00edan las restricciones para cosechar del 20 al 24 de julio. Se permite cosechar a algunas horas (correcci\u00f3n actualizada) - ASAJA Palencia","isPartOf":{"@id":"https:\/\/www.asajacyl.com\/palencia\/#website"},"primaryImageOfPage":{"@id":"https:\/\/www.asajacyl.com\/palencia\/asaja-palencia-informa\/varian-las-restricciones-para-cosechar-del-20-al-24-de-julio-se-permite-cosechar-a-algunas-horas-y-sigue-prohibiendose-empacar#primaryimage"},"image":{"@id":"https:\/\/www.asajacyl.com\/palencia\/asaja-palencia-informa\/varian-las-restricciones-para-cosechar-del-20-al-24-de-julio-se-permite-cosechar-a-algunas-horas-y-sigue-prohibiendose-empacar#primaryimage"},"thumbnailUrl":"https:\/\/www.asajacyl.com\/palencia\/wp-content\/uploads\/sites\/3\/2022\/06\/cosecha-2022-cebada-5.jpg","datePublished":"2022-07-20T15:30:00+00:00","dateModified":"2022-07-21T06:46:40+00:00","author":{"@id":"https:\/\/www.asajacyl.com\/palencia\/#\/schema\/person\/3ab17aeb03527485c317557fae64aab1"},"description":"Correcci\u00f3n: El empacado se permite en las mismas horas que la cosecha y con las mismas restricciones de temperatura y viento. La resoluci\u00f3n de la","breadcrumb":{"@id":"https:\/\/www.asajacyl.com\/palencia\/asaja-palencia-informa\/varian-las-restricciones-para-cosechar-del-20-al-24-de-julio-se-permite-cosechar-a-algunas-horas-y-sigue-prohibiendose-empacar#breadcrumb"},"inLanguage":"es","potentialAction":[{"@type":"ReadAction","target":["https:\/\/www.asajacyl.com\/palencia\/asaja-palencia-informa\/varian-las-restricciones-para-cosechar-del-20-al-24-de-julio-se-permite-cosechar-a-algunas-horas-y-sigue-prohibiendose-empacar"]}]},{"@type":"ImageObject","inLanguage":"es","@id":"https:\/\/www.asajacyl.com\/palencia\/asaja-palencia-informa\/varian-las-restricciones-para-cosechar-del-20-al-24-de-julio-se-permite-cosechar-a-algunas-horas-y-sigue-prohibiendose-empacar#primaryimage","url":"https:\/\/www.asajacyl.com\/palencia\/wp-content\/uploads\/sites\/3\/2022\/06\/cosecha-2022-cebada-5.jpg","contentUrl":"https:\/\/www.asajacyl.com\/palencia\/wp-content\/uploads\/sites\/3\/2022\/06\/cosecha-2022-cebada-5.jpg","width":1024,"height":768},{"@type":"BreadcrumbList","@id":"https:\/\/www.asajacyl.com\/palencia\/asaja-palencia-informa\/varian-las-restricciones-para-cosechar-del-20-al-24-de-julio-se-permite-cosechar-a-algunas-horas-y-sigue-prohibiendose-empacar#breadcrumb","itemListElement":[{"@type":"ListItem","position":1,"name":"Portada","item":"https:\/\/www.asajacyl.com\/palencia\/"},{"@type":"ListItem","position":2,"name":"Var\u00edan las restricciones para cosechar del 20 al 24 de julio. Se permite cosechar a algunas horas (correcci\u00f3n actualizada)"}]},{"@type":"WebSite","@id":"https:\/\/www.asajacyl.com\/palencia\/#website","url":"https:\/\/www.asajacyl.com\/palencia\/","name":"ASAJA Palencia","description":"Otro sitio m\u00e1s de Provincias ASAJA Castilla y Le\u00f3n","potentialAction":[{"@type":"SearchAction","target":{"@type":"EntryPoint","urlTemplate":"https:\/\/www.asajacyl.com\/palencia\/?s={search_term_string}"},"query-input":{"@type":"PropertyValueSpecification","valueRequired":true,"valueName":"search_term_string"}}],"inLanguage":"es"},{"@type":"Person","@id":"https:\/\/www.asajacyl.com\/palencia\/#\/schema\/person\/3ab17aeb03527485c317557fae64aab1","name":"Administrador","image":{"@type":"ImageObject","inLanguage":"es","@id":"https:\/\/www.asajacyl.com\/palencia\/#\/schema\/person\/image\/","url":"https:\/\/secure.gravatar.com\/avatar\/517384810d242ca9e38c180f3c9fb973?s=96&d=mm&r=g","contentUrl":"https:\/\/secure.gravatar.com\/avatar\/517384810d242ca9e38c180f3c9fb973?s=96&d=mm&r=g","caption":"Administrador"},"url":"https:\/\/www.asajacyl.com\/palencia\/author\/carlosrm"}]}},"_links":{"self":[{"href":"https:\/\/www.asajacyl.com\/palencia\/wp-json\/wp\/v2\/posts\/11059"}],"collection":[{"href":"https:\/\/www.asajacyl.com\/palencia\/wp-json\/wp\/v2\/posts"}],"about":[{"href":"https:\/\/www.asajacyl.com\/palencia\/wp-json\/wp\/v2\/types\/post"}],"author":[{"embeddable":true,"href":"https:\/\/www.asajacyl.com\/palencia\/wp-json\/wp\/v2\/users\/9"}],"replies":[{"embeddable":true,"href":"https:\/\/www.asajacyl.com\/palencia\/wp-json\/wp\/v2\/comments?post=11059"}],"version-history":[{"count":5,"href":"https:\/\/www.asajacyl.com\/palencia\/wp-json\/wp\/v2\/posts\/11059\/revisions"}],"predecessor-version":[{"id":11068,"href":"https:\/\/www.asajacyl.com\/palencia\/wp-json\/wp\/v2\/posts\/11059\/revisions\/11068"}],"wp:featuredmedia":[{"embeddable":true,"href":"https:\/\/www.asajacyl.com\/palencia\/wp-json\/wp\/v2\/media\/10875"}],"wp:attachment":[{"href":"https:\/\/www.asajacyl.com\/palencia\/wp-json\/wp\/v2\/media?parent=11059"}],"wp:term":[{"taxonomy":"category","embeddable":true,"href":"https:\/\/www.asajacyl.com\/palencia\/wp-json\/wp\/v2\/categories?post=11059"},{"taxonomy":"post_tag","embeddable":true,"href":"https:\/\/www.asajacyl.com\/palencia\/wp-json\/wp\/v2\/tags?post=11059"}],"curies":[{"name":"wp","href":"https:\/\/api.w.org\/{rel}","templated":true}]}}