{"id":11069,"date":"2022-07-26T10:36:00","date_gmt":"2022-07-26T08:36:00","guid":{"rendered":"https:\/\/www.asajacyl.com\/palencia\/?p=11069"},"modified":"2022-07-22T10:34:49","modified_gmt":"2022-07-22T08:34:49","slug":"interovic-y-provacuno-comprometidas-con-el-bienestar-animal","status":"publish","type":"post","link":"https:\/\/www.asajacyl.com\/palencia\/asaja-palencia-informa\/interovic-y-provacuno-comprometidas-con-el-bienestar-animal","title":{"rendered":"Interovic y Provacuno comprometidas con el bienestar animal"},"content":{"rendered":"\n<p>Las interprofesionales ganaderas espa\u00f1olas Interovic y Provacuno, junto con la h\u00fangara JTT han promovido esta iniciativa para mostrar su m\u00e1ximo compromiso en preservar y potenciar la salud y el bienestar de los rumiantes, \u00abun compromiso que nos une a todos\u00bb. Este plan para promover el compromiso europeo con el bienestar animal tendr\u00e1 una duraci\u00f3n de tres a\u00f1os y est\u00e1 cofinanciado con fondos europeos.<\/p>\n\n\n\n<p>Con este dec\u00e1logo los m\u00e1s de 400.000 ganaderos de vacuno de carne de Espa\u00f1a y de ovino y caprino de Espa\u00f1a y Hungr\u00eda se suman a la mayor\u00eda de ciudadanos europeos (un 95% seg\u00fan el Eurobar\u00f3metro) a los que les preocupa la salud y el bienestar de los animales.<\/p>\n\n\n\n<p>En el dec\u00e1logo se menciona que se trata de un compromiso realizado \u201ccon convicci\u00f3n y por decisi\u00f3n propia\u201d por parte de los ganaderos, basados en las directrices de la Organizaci\u00f3n Mundial de la Salud (OMS), la legislaci\u00f3n vigente y los avances de la ciencia. Las interprofesionales defienden en estos 10 puntos un mundo \u201cdonde los animales son respetados y se trabaja por el bienestar animal en toda la sociedad\u201d.<\/p>\n\n\n\n<p>Asimismo, dentro de su compromiso con el bienestar animal, estas organizaciones han dado un paso m\u00e1s desarrollando unas certificaciones acreditadas por una entidad nacional de acreditaci\u00f3n (ENAC) bajo las que los ganaderos pueden demostrar su buen hacer y la extensi\u00f3n y profundidad de este compromiso adquirido. Se trata de unas certificaciones que ha desarrollado la Sociedad Espa\u00f1ola de Protecci\u00f3n y Bienestar Animal (SEPROBA) junto con un grupo de t\u00e9cnicos, de expertos en certificaci\u00f3n y de cient\u00edficos. \u00c9ste es un proyecto pionero en la Uni\u00f3n Europea y que est\u00e1 a disposici\u00f3n de todos aquellos operadores de que lo soliciten.<\/p>\n\n\n\n<p>Por \u00faltimo, desde Interovic, Provacuno y JTT quieren transmitir a los ciudadanos \u201csu deseo y empe\u00f1o en mostrar su pleno compromiso con los objetivos Carbono Neutral y con la sostenibilidad, aspectos que no son posibles si no existe un pleno compromiso con el propio bienestar de los animales\u201d.<\/p>\n\n\n\n<div class=\"wp-block-image\"><figure class=\"aligncenter size-full\"><img loading=\"lazy\" decoding=\"async\" width=\"668\" height=\"986\" src=\"https:\/\/www.asajacyl.com\/palencia\/wp-content\/uploads\/sites\/3\/2022\/07\/DECALOGO-BIENESTAR-ANIMAL.jpg\" alt=\"\" class=\"wp-image-11070\" srcset=\"https:\/\/www.asajacyl.com\/palencia\/wp-content\/uploads\/sites\/3\/2022\/07\/DECALOGO-BIENESTAR-ANIMAL.jpg 668w, https:\/\/www.asajacyl.com\/palencia\/wp-content\/uploads\/sites\/3\/2022\/07\/DECALOGO-BIENESTAR-ANIMAL-203x300.jpg 203w, https:\/\/www.asajacyl.com\/palencia\/wp-content\/uploads\/sites\/3\/2022\/07\/DECALOGO-BIENESTAR-ANIMAL-285x420.jpg 285w\" sizes=\"(max-width: 668px) 100vw, 668px\" \/><\/figure><\/div>\n","protected":false},"excerpt":{"rendered":"<p>Las interprofesionales ganaderas espa\u00f1olas Interovic y Provacuno, junto con la h\u00fangara JTT han promovido esta iniciativa para mostrar su m\u00e1ximo compromiso en preservar y potenciar la salud y el bienestar de los rumiantes, \u00abun compromiso que nos une a todos\u00bb. Este plan para promover el compromiso europeo con el bienestar animal tendr\u00e1 una duraci\u00f3n de [&hellip;]<\/p>\n","protected":false},"author":9,"featured_media":11070,"comment_status":"open","ping_status":"open","sticky":false,"template":"","format":"standard","meta":{"footnotes":""},"categories":[9,29,28],"tags":[],"yoast_head":"<!-- This site is optimized with the Yoast SEO plugin v24.5 - https:\/\/yoast.com\/wordpress\/plugins\/seo\/ -->\n<title>Interovic y Provacuno comprometidas con el bienestar animal - ASAJA Palencia<\/title>\n<meta name=\"description\" content=\"Las interprofesionales ganaderas espa\u00f1olas Interovic y Provacuno, junto con la h\u00fangara JTT han promovido esta iniciativa para mostrar su m\u00e1ximo compromiso\" \/>\n<meta name=\"robots\" content=\"index, follow, max-snippet:-1, max-image-preview:large, max-video-preview:-1\" \/>\n<link rel=\"canonical\" href=\"https:\/\/www.asajacyl.com\/palencia\/asaja-palencia-informa\/interovic-y-provacuno-comprometidas-con-el-bienestar-animal\" \/>\n<meta property=\"og:locale\" content=\"es_ES\" \/>\n<meta property=\"og:type\" content=\"article\" \/>\n<meta property=\"og:title\" content=\"Interovic y Provacuno comprometidas con el bienestar animal - ASAJA Palencia\" \/>\n<meta property=\"og:description\" content=\"Las interprofesionales ganaderas espa\u00f1olas Interovic y Provacuno, junto con la h\u00fangara JTT han promovido esta iniciativa para mostrar su m\u00e1ximo compromiso\" \/>\n<meta property=\"og:url\" content=\"https:\/\/www.asajacyl.com\/palencia\/asaja-palencia-informa\/interovic-y-provacuno-comprometidas-con-el-bienestar-animal\" \/>\n<meta property=\"og:site_name\" content=\"ASAJA Palencia\" \/>\n<meta property=\"article:published_time\" content=\"2022-07-26T08:36:00+00:00\" \/>\n<meta property=\"og:image\" content=\"https:\/\/www.asajacyl.com\/palencia\/wp-content\/uploads\/sites\/3\/2022\/07\/DECALOGO-BIENESTAR-ANIMAL.jpg\" \/>\n\t<meta property=\"og:image:width\" content=\"668\" \/>\n\t<meta property=\"og:image:height\" content=\"986\" \/>\n\t<meta property=\"og:image:type\" content=\"image\/jpeg\" \/>\n<meta name=\"author\" content=\"Administrador\" \/>\n<meta name=\"twitter:card\" content=\"summary_large_image\" \/>\n<meta name=\"twitter:label1\" content=\"Escrito por\" \/>\n\t<meta name=\"twitter:data1\" content=\"Administrador\" \/>\n\t<meta name=\"twitter:label2\" content=\"Tiempo de lectura\" \/>\n\t<meta name=\"twitter:data2\" content=\"2 minutos\" \/>\n<script type=\"application\/ld+json\" class=\"yoast-schema-graph\">{\"@context\":\"https:\/\/schema.org\",\"@graph\":[{\"@type\":\"WebPage\",\"@id\":\"https:\/\/www.asajacyl.com\/palencia\/asaja-palencia-informa\/interovic-y-provacuno-comprometidas-con-el-bienestar-animal\",\"url\":\"https:\/\/www.asajacyl.com\/palencia\/asaja-palencia-informa\/interovic-y-provacuno-comprometidas-con-el-bienestar-animal\",\"name\":\"Interovic y Provacuno comprometidas con el bienestar animal - ASAJA Palencia\",\"isPartOf\":{\"@id\":\"https:\/\/www.asajacyl.com\/palencia\/#website\"},\"primaryImageOfPage\":{\"@id\":\"https:\/\/www.asajacyl.com\/palencia\/asaja-palencia-informa\/interovic-y-provacuno-comprometidas-con-el-bienestar-animal#primaryimage\"},\"image\":{\"@id\":\"https:\/\/www.asajacyl.com\/palencia\/asaja-palencia-informa\/interovic-y-provacuno-comprometidas-con-el-bienestar-animal#primaryimage\"},\"thumbnailUrl\":\"https:\/\/www.asajacyl.com\/palencia\/wp-content\/uploads\/sites\/3\/2022\/07\/DECALOGO-BIENESTAR-ANIMAL.jpg\",\"datePublished\":\"2022-07-26T08:36:00+00:00\",\"author\":{\"@id\":\"https:\/\/www.asajacyl.com\/palencia\/#\/schema\/person\/3ab17aeb03527485c317557fae64aab1\"},\"description\":\"Las interprofesionales ganaderas espa\u00f1olas Interovic y Provacuno, junto con la h\u00fangara JTT han promovido esta iniciativa para mostrar su m\u00e1ximo compromiso\",\"breadcrumb\":{\"@id\":\"https:\/\/www.asajacyl.com\/palencia\/asaja-palencia-informa\/interovic-y-provacuno-comprometidas-con-el-bienestar-animal#breadcrumb\"},\"inLanguage\":\"es\",\"potentialAction\":[{\"@type\":\"ReadAction\",\"target\":[\"https:\/\/www.asajacyl.com\/palencia\/asaja-palencia-informa\/interovic-y-provacuno-comprometidas-con-el-bienestar-animal\"]}]},{\"@type\":\"ImageObject\",\"inLanguage\":\"es\",\"@id\":\"https:\/\/www.asajacyl.com\/palencia\/asaja-palencia-informa\/interovic-y-provacuno-comprometidas-con-el-bienestar-animal#primaryimage\",\"url\":\"https:\/\/www.asajacyl.com\/palencia\/wp-content\/uploads\/sites\/3\/2022\/07\/DECALOGO-BIENESTAR-ANIMAL.jpg\",\"contentUrl\":\"https:\/\/www.asajacyl.com\/palencia\/wp-content\/uploads\/sites\/3\/2022\/07\/DECALOGO-BIENESTAR-ANIMAL.jpg\",\"width\":668,\"height\":986},{\"@type\":\"BreadcrumbList\",\"@id\":\"https:\/\/www.asajacyl.com\/palencia\/asaja-palencia-informa\/interovic-y-provacuno-comprometidas-con-el-bienestar-animal#breadcrumb\",\"itemListElement\":[{\"@type\":\"ListItem\",\"position\":1,\"name\":\"Portada\",\"item\":\"https:\/\/www.asajacyl.com\/palencia\/\"},{\"@type\":\"ListItem\",\"position\":2,\"name\":\"Interovic y Provacuno comprometidas con el bienestar animal\"}]},{\"@type\":\"WebSite\",\"@id\":\"https:\/\/www.asajacyl.com\/palencia\/#website\",\"url\":\"https:\/\/www.asajacyl.com\/palencia\/\",\"name\":\"ASAJA Palencia\",\"description\":\"Otro sitio m\u00e1s de Provincias ASAJA Castilla y Le\u00f3n\",\"potentialAction\":[{\"@type\":\"SearchAction\",\"target\":{\"@type\":\"EntryPoint\",\"urlTemplate\":\"https:\/\/www.asajacyl.com\/palencia\/?s={search_term_string}\"},\"query-input\":{\"@type\":\"PropertyValueSpecification\",\"valueRequired\":true,\"valueName\":\"search_term_string\"}}],\"inLanguage\":\"es\"},{\"@type\":\"Person\",\"@id\":\"https:\/\/www.asajacyl.com\/palencia\/#\/schema\/person\/3ab17aeb03527485c317557fae64aab1\",\"name\":\"Administrador\",\"image\":{\"@type\":\"ImageObject\",\"inLanguage\":\"es\",\"@id\":\"https:\/\/www.asajacyl.com\/palencia\/#\/schema\/person\/image\/\",\"url\":\"https:\/\/secure.gravatar.com\/avatar\/517384810d242ca9e38c180f3c9fb973?s=96&d=mm&r=g\",\"contentUrl\":\"https:\/\/secure.gravatar.com\/avatar\/517384810d242ca9e38c180f3c9fb973?s=96&d=mm&r=g\",\"caption\":\"Administrador\"},\"url\":\"https:\/\/www.asajacyl.com\/palencia\/author\/carlosrm\"}]}<\/script>\n<!-- \/ Yoast SEO plugin. -->","yoast_head_json":{"title":"Interovic y Provacuno comprometidas con el bienestar animal - ASAJA Palencia","description":"Las interprofesionales ganaderas espa\u00f1olas Interovic y Provacuno, junto con la h\u00fangara JTT han promovido esta iniciativa para mostrar su m\u00e1ximo compromiso","robots":{"index":"index","follow":"follow","max-snippet":"max-snippet:-1","max-image-preview":"max-image-preview:large","max-video-preview":"max-video-preview:-1"},"canonical":"https:\/\/www.asajacyl.com\/palencia\/asaja-palencia-informa\/interovic-y-provacuno-comprometidas-con-el-bienestar-animal","og_locale":"es_ES","og_type":"article","og_title":"Interovic y Provacuno comprometidas con el bienestar animal - ASAJA Palencia","og_description":"Las interprofesionales ganaderas espa\u00f1olas Interovic y Provacuno, junto con la h\u00fangara JTT han promovido esta iniciativa para mostrar su m\u00e1ximo compromiso","og_url":"https:\/\/www.asajacyl.com\/palencia\/asaja-palencia-informa\/interovic-y-provacuno-comprometidas-con-el-bienestar-animal","og_site_name":"ASAJA Palencia","article_published_time":"2022-07-26T08:36:00+00:00","og_image":[{"width":668,"height":986,"url":"https:\/\/www.asajacyl.com\/palencia\/wp-content\/uploads\/sites\/3\/2022\/07\/DECALOGO-BIENESTAR-ANIMAL.jpg","type":"image\/jpeg"}],"author":"Administrador","twitter_card":"summary_large_image","twitter_misc":{"Escrito por":"Administrador","Tiempo de lectura":"2 minutos"},"schema":{"@context":"https:\/\/schema.org","@graph":[{"@type":"WebPage","@id":"https:\/\/www.asajacyl.com\/palencia\/asaja-palencia-informa\/interovic-y-provacuno-comprometidas-con-el-bienestar-animal","url":"https:\/\/www.asajacyl.com\/palencia\/asaja-palencia-informa\/interovic-y-provacuno-comprometidas-con-el-bienestar-animal","name":"Interovic y Provacuno comprometidas con el bienestar animal - ASAJA Palencia","isPartOf":{"@id":"https:\/\/www.asajacyl.com\/palencia\/#website"},"primaryImageOfPage":{"@id":"https:\/\/www.asajacyl.com\/palencia\/asaja-palencia-informa\/interovic-y-provacuno-comprometidas-con-el-bienestar-animal#primaryimage"},"image":{"@id":"https:\/\/www.asajacyl.com\/palencia\/asaja-palencia-informa\/interovic-y-provacuno-comprometidas-con-el-bienestar-animal#primaryimage"},"thumbnailUrl":"https:\/\/www.asajacyl.com\/palencia\/wp-content\/uploads\/sites\/3\/2022\/07\/DECALOGO-BIENESTAR-ANIMAL.jpg","datePublished":"2022-07-26T08:36:00+00:00","author":{"@id":"https:\/\/www.asajacyl.com\/palencia\/#\/schema\/person\/3ab17aeb03527485c317557fae64aab1"},"description":"Las interprofesionales ganaderas espa\u00f1olas Interovic y Provacuno, junto con la h\u00fangara JTT han promovido esta iniciativa para mostrar su m\u00e1ximo compromiso","breadcrumb":{"@id":"https:\/\/www.asajacyl.com\/palencia\/asaja-palencia-informa\/interovic-y-provacuno-comprometidas-con-el-bienestar-animal#breadcrumb"},"inLanguage":"es","potentialAction":[{"@type":"ReadAction","target":["https:\/\/www.asajacyl.com\/palencia\/asaja-palencia-informa\/interovic-y-provacuno-comprometidas-con-el-bienestar-animal"]}]},{"@type":"ImageObject","inLanguage":"es","@id":"https:\/\/www.asajacyl.com\/palencia\/asaja-palencia-informa\/interovic-y-provacuno-comprometidas-con-el-bienestar-animal#primaryimage","url":"https:\/\/www.asajacyl.com\/palencia\/wp-content\/uploads\/sites\/3\/2022\/07\/DECALOGO-BIENESTAR-ANIMAL.jpg","contentUrl":"https:\/\/www.asajacyl.com\/palencia\/wp-content\/uploads\/sites\/3\/2022\/07\/DECALOGO-BIENESTAR-ANIMAL.jpg","width":668,"height":986},{"@type":"BreadcrumbList","@id":"https:\/\/www.asajacyl.com\/palencia\/asaja-palencia-informa\/interovic-y-provacuno-comprometidas-con-el-bienestar-animal#breadcrumb","itemListElement":[{"@type":"ListItem","position":1,"name":"Portada","item":"https:\/\/www.asajacyl.com\/palencia\/"},{"@type":"ListItem","position":2,"name":"Interovic y Provacuno comprometidas con el bienestar animal"}]},{"@type":"WebSite","@id":"https:\/\/www.asajacyl.com\/palencia\/#website","url":"https:\/\/www.asajacyl.com\/palencia\/","name":"ASAJA Palencia","description":"Otro sitio m\u00e1s de Provincias ASAJA Castilla y Le\u00f3n","potentialAction":[{"@type":"SearchAction","target":{"@type":"EntryPoint","urlTemplate":"https:\/\/www.asajacyl.com\/palencia\/?s={search_term_string}"},"query-input":{"@type":"PropertyValueSpecification","valueRequired":true,"valueName":"search_term_string"}}],"inLanguage":"es"},{"@type":"Person","@id":"https:\/\/www.asajacyl.com\/palencia\/#\/schema\/person\/3ab17aeb03527485c317557fae64aab1","name":"Administrador","image":{"@type":"ImageObject","inLanguage":"es","@id":"https:\/\/www.asajacyl.com\/palencia\/#\/schema\/person\/image\/","url":"https:\/\/secure.gravatar.com\/avatar\/517384810d242ca9e38c180f3c9fb973?s=96&d=mm&r=g","contentUrl":"https:\/\/secure.gravatar.com\/avatar\/517384810d242ca9e38c180f3c9fb973?s=96&d=mm&r=g","caption":"Administrador"},"url":"https:\/\/www.asajacyl.com\/palencia\/author\/carlosrm"}]}},"_links":{"self":[{"href":"https:\/\/www.asajacyl.com\/palencia\/wp-json\/wp\/v2\/posts\/11069"}],"collection":[{"href":"https:\/\/www.asajacyl.com\/palencia\/wp-json\/wp\/v2\/posts"}],"about":[{"href":"https:\/\/www.asajacyl.com\/palencia\/wp-json\/wp\/v2\/types\/post"}],"author":[{"embeddable":true,"href":"https:\/\/www.asajacyl.com\/palencia\/wp-json\/wp\/v2\/users\/9"}],"replies":[{"embeddable":true,"href":"https:\/\/www.asajacyl.com\/palencia\/wp-json\/wp\/v2\/comments?post=11069"}],"version-history":[{"count":1,"href":"https:\/\/www.asajacyl.com\/palencia\/wp-json\/wp\/v2\/posts\/11069\/revisions"}],"predecessor-version":[{"id":11071,"href":"https:\/\/www.asajacyl.com\/palencia\/wp-json\/wp\/v2\/posts\/11069\/revisions\/11071"}],"wp:featuredmedia":[{"embeddable":true,"href":"https:\/\/www.asajacyl.com\/palencia\/wp-json\/wp\/v2\/media\/11070"}],"wp:attachment":[{"href":"https:\/\/www.asajacyl.com\/palencia\/wp-json\/wp\/v2\/media?parent=11069"}],"wp:term":[{"taxonomy":"category","embeddable":true,"href":"https:\/\/www.asajacyl.com\/palencia\/wp-json\/wp\/v2\/categories?post=11069"},{"taxonomy":"post_tag","embeddable":true,"href":"https:\/\/www.asajacyl.com\/palencia\/wp-json\/wp\/v2\/tags?post=11069"}],"curies":[{"name":"wp","href":"https:\/\/api.w.org\/{rel}","templated":true}]}}