{"id":11072,"date":"2022-07-25T11:35:00","date_gmt":"2022-07-25T09:35:00","guid":{"rendered":"https:\/\/www.asajacyl.com\/palencia\/?p=11072"},"modified":"2022-07-22T08:46:11","modified_gmt":"2022-07-22T06:46:11","slug":"multitud-de-municipios-palentinos-se-veran-afectados-si-se-prohibe-el-uso-de-fitosanitarios-quimicos-en-zonas-de-la-red-natura-2000","status":"publish","type":"post","link":"https:\/\/www.asajacyl.com\/palencia\/asaja-palencia-informa\/multitud-de-municipios-palentinos-se-veran-afectados-si-se-prohibe-el-uso-de-fitosanitarios-quimicos-en-zonas-de-la-red-natura-2000","title":{"rendered":"Multitud de municipios palentinos se ver\u00e1n afectados si se prohibe el uso de fitosanitarios qu\u00edmicos en zonas de la Red Natura 2000"},"content":{"rendered":"\n<p>El lunes ha tenido lugar una reuni\u00f3n del Consejo de Ministros de Agricultura europeos, donde uno de los temas tratados ha sido la futura nueva directiva de uso sostenible de productos fitosanitarios. En dicha reuni\u00f3n ha participado la comisaria de Salud y Seguridad Alimentaria Stella Kyriakides, de origen chipriota.<\/p>\n\n\n\n<p>En su intervenci\u00f3n, la comisaria ha indicado que la propuesta busca \u00abproteger la salud de nuestros ciudadanos prohibiendo el uso de productos fitosanitarios qu\u00edmicos en zonas sensibles\u00bb, aludiendo a la prohibici\u00f3n de utilizar fitosanitarios en las zonas de la Red Natura 2000.<\/p>\n\n\n\n<p>Diversas zonas de la provincia de Palencia pertenecen a la <a href=\"https:\/\/rednatura.jcyl.es\/natura2000\/Mapas%20generales\/MAPApalencia2.pdf\">Red Natura 2000<\/a> y se ver\u00e1n muy afectadas por esta pretendida prohibici\u00f3n, en caso de llevarse a cabo. No poder usar fitosanitarios reducir\u00eda las producciones e incluso podr\u00eda llegarse al abandono de muchas parcelas y se est\u00e1 hablando de ello justo cuando nos acabamos de dar cuenta de que hay que producir alimentos para poder comer, una prueba m\u00e1s de la inoperancia de la Comisi\u00f3n Europea, que vive en el limbo, pero cuyos devaneos son sufridos por todos sus administrados, en este caso, una vez m\u00e1s, los miembros del sector agrario. <\/p>\n\n\n\n<p>Las principales zonas agr\u00edcolas pertenecientes a la Red Natura 2000 de Palencia son las siguientes:<\/p>\n\n\n\n<div class=\"wp-block-image\"><figure class=\"aligncenter size-full\"><img loading=\"lazy\" decoding=\"async\" width=\"866\" height=\"982\" src=\"https:\/\/www.asajacyl.com\/palencia\/wp-content\/uploads\/sites\/3\/2022\/07\/image-2.jpg\" alt=\"\" class=\"wp-image-11074\" srcset=\"https:\/\/www.asajacyl.com\/palencia\/wp-content\/uploads\/sites\/3\/2022\/07\/image-2.jpg 866w, https:\/\/www.asajacyl.com\/palencia\/wp-content\/uploads\/sites\/3\/2022\/07\/image-2-265x300.jpg 265w, https:\/\/www.asajacyl.com\/palencia\/wp-content\/uploads\/sites\/3\/2022\/07\/image-2-768x871.jpg 768w, https:\/\/www.asajacyl.com\/palencia\/wp-content\/uploads\/sites\/3\/2022\/07\/image-2-696x789.jpg 696w, https:\/\/www.asajacyl.com\/palencia\/wp-content\/uploads\/sites\/3\/2022\/07\/image-2-370x420.jpg 370w\" sizes=\"(max-width: 866px) 100vw, 866px\" \/><figcaption>ZEPA \u00abCamino de Santiago\u00bb<\/figcaption><\/figure><\/div>\n\n\n\n<div class=\"wp-block-image\"><figure class=\"aligncenter size-full\"><img loading=\"lazy\" decoding=\"async\" width=\"669\" height=\"997\" src=\"https:\/\/www.asajacyl.com\/palencia\/wp-content\/uploads\/sites\/3\/2022\/07\/image-3.jpg\" alt=\"\" class=\"wp-image-11075\" srcset=\"https:\/\/www.asajacyl.com\/palencia\/wp-content\/uploads\/sites\/3\/2022\/07\/image-3.jpg 669w, https:\/\/www.asajacyl.com\/palencia\/wp-content\/uploads\/sites\/3\/2022\/07\/image-3-201x300.jpg 201w, https:\/\/www.asajacyl.com\/palencia\/wp-content\/uploads\/sites\/3\/2022\/07\/image-3-282x420.jpg 282w\" sizes=\"(max-width: 669px) 100vw, 669px\" \/><figcaption>ZEPA \u00abLa Nava-Campos Norte\u00bb y \u00abLa Nava-Campos Sur\u00bb<\/figcaption><\/figure><\/div>\n\n\n\n<div class=\"wp-block-image\"><figure class=\"aligncenter size-full\"><img loading=\"lazy\" decoding=\"async\" width=\"958\" height=\"820\" src=\"https:\/\/www.asajacyl.com\/palencia\/wp-content\/uploads\/sites\/3\/2022\/07\/image-4.jpg\" alt=\"\" class=\"wp-image-11076\" srcset=\"https:\/\/www.asajacyl.com\/palencia\/wp-content\/uploads\/sites\/3\/2022\/07\/image-4.jpg 958w, https:\/\/www.asajacyl.com\/palencia\/wp-content\/uploads\/sites\/3\/2022\/07\/image-4-300x257.jpg 300w, https:\/\/www.asajacyl.com\/palencia\/wp-content\/uploads\/sites\/3\/2022\/07\/image-4-768x657.jpg 768w, https:\/\/www.asajacyl.com\/palencia\/wp-content\/uploads\/sites\/3\/2022\/07\/image-4-696x596.jpg 696w, https:\/\/www.asajacyl.com\/palencia\/wp-content\/uploads\/sites\/3\/2022\/07\/image-4-491x420.jpg 491w\" sizes=\"(max-width: 958px) 100vw, 958px\" \/><figcaption>LIC \u00abMontes del Cerrato\u00bb -en la imagen se puede ver parte de los municipios de Antig\u00fcedad, Castrillo de Don Juan, Cevico Navero, Villaconancio y Baltan\u00e1s-.<\/figcaption><\/figure><\/div>\n\n\n\n<div class=\"wp-block-image\"><figure class=\"aligncenter size-large\"><img loading=\"lazy\" decoding=\"async\" width=\"1024\" height=\"700\" src=\"https:\/\/www.asajacyl.com\/palencia\/wp-content\/uploads\/sites\/3\/2022\/07\/image-5-1024x700.jpg\" alt=\"\" class=\"wp-image-11077\" srcset=\"https:\/\/www.asajacyl.com\/palencia\/wp-content\/uploads\/sites\/3\/2022\/07\/image-5-1024x700.jpg 1024w, https:\/\/www.asajacyl.com\/palencia\/wp-content\/uploads\/sites\/3\/2022\/07\/image-5-300x205.jpg 300w, https:\/\/www.asajacyl.com\/palencia\/wp-content\/uploads\/sites\/3\/2022\/07\/image-5-768x525.jpg 768w, https:\/\/www.asajacyl.com\/palencia\/wp-content\/uploads\/sites\/3\/2022\/07\/image-5-218x150.jpg 218w, https:\/\/www.asajacyl.com\/palencia\/wp-content\/uploads\/sites\/3\/2022\/07\/image-5-696x475.jpg 696w, https:\/\/www.asajacyl.com\/palencia\/wp-content\/uploads\/sites\/3\/2022\/07\/image-5-1068x730.jpg 1068w, https:\/\/www.asajacyl.com\/palencia\/wp-content\/uploads\/sites\/3\/2022\/07\/image-5-615x420.jpg 615w, https:\/\/www.asajacyl.com\/palencia\/wp-content\/uploads\/sites\/3\/2022\/07\/image-5.jpg 1215w\" sizes=\"(max-width: 1024px) 100vw, 1024px\" \/><figcaption>LIC \u00abMontes Torozos y P\u00e1ramo de Torquemada-Astudillo\u00bb -en la imagen se puede ver parte de los municipios de Fuentes de Valdepero, Monz\u00f3n de Campos, Amusco, Astudillo, Villalaco, Cordovilla La Real, Torquemada, Villamediana y Valdeolmillos-.<\/figcaption><\/figure><\/div>\n\n\n\n<div class=\"wp-block-image\"><figure class=\"aligncenter size-large\"><img loading=\"lazy\" decoding=\"async\" width=\"1024\" height=\"559\" src=\"https:\/\/www.asajacyl.com\/palencia\/wp-content\/uploads\/sites\/3\/2022\/07\/image-6-1024x559.jpg\" alt=\"\" class=\"wp-image-11079\" srcset=\"https:\/\/www.asajacyl.com\/palencia\/wp-content\/uploads\/sites\/3\/2022\/07\/image-6-1024x559.jpg 1024w, https:\/\/www.asajacyl.com\/palencia\/wp-content\/uploads\/sites\/3\/2022\/07\/image-6-300x164.jpg 300w, https:\/\/www.asajacyl.com\/palencia\/wp-content\/uploads\/sites\/3\/2022\/07\/image-6-768x419.jpg 768w, https:\/\/www.asajacyl.com\/palencia\/wp-content\/uploads\/sites\/3\/2022\/07\/image-6-696x380.jpg 696w, https:\/\/www.asajacyl.com\/palencia\/wp-content\/uploads\/sites\/3\/2022\/07\/image-6-1068x583.jpg 1068w, https:\/\/www.asajacyl.com\/palencia\/wp-content\/uploads\/sites\/3\/2022\/07\/image-6-770x420.jpg 770w, https:\/\/www.asajacyl.com\/palencia\/wp-content\/uploads\/sites\/3\/2022\/07\/image-6.jpg 1160w\" sizes=\"(max-width: 1024px) 100vw, 1024px\" \/><figcaption>LIC \u00abLas Tuerces\u00bb perteneciente a los municipios de Pomar de Valdivia y Aguilar de Campoo<\/figcaption><\/figure><\/div>\n\n\n\n<div class=\"wp-block-image\"><figure class=\"aligncenter size-full\"><img loading=\"lazy\" decoding=\"async\" width=\"981\" height=\"858\" src=\"https:\/\/www.asajacyl.com\/palencia\/wp-content\/uploads\/sites\/3\/2022\/07\/image-7.jpg\" alt=\"\" class=\"wp-image-11080\" srcset=\"https:\/\/www.asajacyl.com\/palencia\/wp-content\/uploads\/sites\/3\/2022\/07\/image-7.jpg 981w, https:\/\/www.asajacyl.com\/palencia\/wp-content\/uploads\/sites\/3\/2022\/07\/image-7-300x262.jpg 300w, https:\/\/www.asajacyl.com\/palencia\/wp-content\/uploads\/sites\/3\/2022\/07\/image-7-768x672.jpg 768w, https:\/\/www.asajacyl.com\/palencia\/wp-content\/uploads\/sites\/3\/2022\/07\/image-7-696x609.jpg 696w, https:\/\/www.asajacyl.com\/palencia\/wp-content\/uploads\/sites\/3\/2022\/07\/image-7-480x420.jpg 480w\" sizes=\"(max-width: 981px) 100vw, 981px\" \/><figcaption>LIC \u00abCovalagua\u00bb, perteneciente al municipio de Pomar de Valdivia.<\/figcaption><\/figure><\/div>\n","protected":false},"excerpt":{"rendered":"<p>El lunes ha tenido lugar una reuni\u00f3n del Consejo de Ministros de Agricultura europeos, donde uno de los temas tratados ha sido la futura nueva directiva de uso sostenible de productos fitosanitarios. En dicha reuni\u00f3n ha participado la comisaria de Salud y Seguridad Alimentaria Stella Kyriakides, de origen chipriota. En su intervenci\u00f3n, la comisaria ha [&hellip;]<\/p>\n","protected":false},"author":9,"featured_media":10243,"comment_status":"open","ping_status":"open","sticky":false,"template":"","format":"standard","meta":{"footnotes":""},"categories":[9,29,28],"tags":[],"yoast_head":"<!-- This site is optimized with the Yoast SEO plugin v24.5 - https:\/\/yoast.com\/wordpress\/plugins\/seo\/ -->\n<title>Multitud de municipios palentinos se ver\u00e1n afectados si se prohibe el uso de fitosanitarios qu\u00edmicos en zonas de la Red Natura 2000 - ASAJA Palencia<\/title>\n<meta name=\"description\" content=\"El lunes ha tenido lugar una reuni\u00f3n del Consejo de Ministros de Agricultura europeos, donde uno de los temas tratados ha sido la futura nueva directiva\" \/>\n<meta name=\"robots\" content=\"index, follow, max-snippet:-1, max-image-preview:large, max-video-preview:-1\" \/>\n<link rel=\"canonical\" href=\"https:\/\/www.asajacyl.com\/palencia\/asaja-palencia-informa\/multitud-de-municipios-palentinos-se-veran-afectados-si-se-prohibe-el-uso-de-fitosanitarios-quimicos-en-zonas-de-la-red-natura-2000\" \/>\n<meta property=\"og:locale\" content=\"es_ES\" \/>\n<meta property=\"og:type\" content=\"article\" \/>\n<meta property=\"og:title\" content=\"Multitud de municipios palentinos se ver\u00e1n afectados si se prohibe el uso de fitosanitarios qu\u00edmicos en zonas de la Red Natura 2000 - ASAJA Palencia\" \/>\n<meta property=\"og:description\" content=\"El lunes ha tenido lugar una reuni\u00f3n del Consejo de Ministros de Agricultura europeos, donde uno de los temas tratados ha sido la futura nueva directiva\" \/>\n<meta property=\"og:url\" content=\"https:\/\/www.asajacyl.com\/palencia\/asaja-palencia-informa\/multitud-de-municipios-palentinos-se-veran-afectados-si-se-prohibe-el-uso-de-fitosanitarios-quimicos-en-zonas-de-la-red-natura-2000\" \/>\n<meta property=\"og:site_name\" content=\"ASAJA Palencia\" \/>\n<meta property=\"article:published_time\" content=\"2022-07-25T09:35:00+00:00\" \/>\n<meta property=\"og:image\" content=\"https:\/\/www.asajacyl.com\/palencia\/wp-content\/uploads\/sites\/3\/2022\/04\/GUISANTE-FITOSANITARIOS-HERBICIDA.jpg\" \/>\n\t<meta property=\"og:image:width\" content=\"1152\" \/>\n\t<meta property=\"og:image:height\" content=\"2048\" \/>\n\t<meta property=\"og:image:type\" content=\"image\/jpeg\" \/>\n<meta name=\"author\" content=\"Administrador\" \/>\n<meta name=\"twitter:card\" content=\"summary_large_image\" \/>\n<meta name=\"twitter:label1\" content=\"Escrito por\" \/>\n\t<meta name=\"twitter:data1\" content=\"Administrador\" \/>\n\t<meta name=\"twitter:label2\" content=\"Tiempo de lectura\" \/>\n\t<meta name=\"twitter:data2\" content=\"2 minutos\" \/>\n<script type=\"application\/ld+json\" class=\"yoast-schema-graph\">{\"@context\":\"https:\/\/schema.org\",\"@graph\":[{\"@type\":\"WebPage\",\"@id\":\"https:\/\/www.asajacyl.com\/palencia\/asaja-palencia-informa\/multitud-de-municipios-palentinos-se-veran-afectados-si-se-prohibe-el-uso-de-fitosanitarios-quimicos-en-zonas-de-la-red-natura-2000\",\"url\":\"https:\/\/www.asajacyl.com\/palencia\/asaja-palencia-informa\/multitud-de-municipios-palentinos-se-veran-afectados-si-se-prohibe-el-uso-de-fitosanitarios-quimicos-en-zonas-de-la-red-natura-2000\",\"name\":\"Multitud de municipios palentinos se ver\u00e1n afectados si se prohibe el uso de fitosanitarios qu\u00edmicos en zonas de la Red Natura 2000 - ASAJA Palencia\",\"isPartOf\":{\"@id\":\"https:\/\/www.asajacyl.com\/palencia\/#website\"},\"primaryImageOfPage\":{\"@id\":\"https:\/\/www.asajacyl.com\/palencia\/asaja-palencia-informa\/multitud-de-municipios-palentinos-se-veran-afectados-si-se-prohibe-el-uso-de-fitosanitarios-quimicos-en-zonas-de-la-red-natura-2000#primaryimage\"},\"image\":{\"@id\":\"https:\/\/www.asajacyl.com\/palencia\/asaja-palencia-informa\/multitud-de-municipios-palentinos-se-veran-afectados-si-se-prohibe-el-uso-de-fitosanitarios-quimicos-en-zonas-de-la-red-natura-2000#primaryimage\"},\"thumbnailUrl\":\"https:\/\/www.asajacyl.com\/palencia\/wp-content\/uploads\/sites\/3\/2022\/04\/GUISANTE-FITOSANITARIOS-HERBICIDA.jpg\",\"datePublished\":\"2022-07-25T09:35:00+00:00\",\"author\":{\"@id\":\"https:\/\/www.asajacyl.com\/palencia\/#\/schema\/person\/3ab17aeb03527485c317557fae64aab1\"},\"description\":\"El lunes ha tenido lugar una reuni\u00f3n del Consejo de Ministros de Agricultura europeos, donde uno de los temas tratados ha sido la futura nueva directiva\",\"breadcrumb\":{\"@id\":\"https:\/\/www.asajacyl.com\/palencia\/asaja-palencia-informa\/multitud-de-municipios-palentinos-se-veran-afectados-si-se-prohibe-el-uso-de-fitosanitarios-quimicos-en-zonas-de-la-red-natura-2000#breadcrumb\"},\"inLanguage\":\"es\",\"potentialAction\":[{\"@type\":\"ReadAction\",\"target\":[\"https:\/\/www.asajacyl.com\/palencia\/asaja-palencia-informa\/multitud-de-municipios-palentinos-se-veran-afectados-si-se-prohibe-el-uso-de-fitosanitarios-quimicos-en-zonas-de-la-red-natura-2000\"]}]},{\"@type\":\"ImageObject\",\"inLanguage\":\"es\",\"@id\":\"https:\/\/www.asajacyl.com\/palencia\/asaja-palencia-informa\/multitud-de-municipios-palentinos-se-veran-afectados-si-se-prohibe-el-uso-de-fitosanitarios-quimicos-en-zonas-de-la-red-natura-2000#primaryimage\",\"url\":\"https:\/\/www.asajacyl.com\/palencia\/wp-content\/uploads\/sites\/3\/2022\/04\/GUISANTE-FITOSANITARIOS-HERBICIDA.jpg\",\"contentUrl\":\"https:\/\/www.asajacyl.com\/palencia\/wp-content\/uploads\/sites\/3\/2022\/04\/GUISANTE-FITOSANITARIOS-HERBICIDA.jpg\",\"width\":1152,\"height\":2048},{\"@type\":\"BreadcrumbList\",\"@id\":\"https:\/\/www.asajacyl.com\/palencia\/asaja-palencia-informa\/multitud-de-municipios-palentinos-se-veran-afectados-si-se-prohibe-el-uso-de-fitosanitarios-quimicos-en-zonas-de-la-red-natura-2000#breadcrumb\",\"itemListElement\":[{\"@type\":\"ListItem\",\"position\":1,\"name\":\"Portada\",\"item\":\"https:\/\/www.asajacyl.com\/palencia\/\"},{\"@type\":\"ListItem\",\"position\":2,\"name\":\"Multitud de municipios palentinos se ver\u00e1n afectados si se prohibe el uso de fitosanitarios qu\u00edmicos en zonas de la Red Natura 2000\"}]},{\"@type\":\"WebSite\",\"@id\":\"https:\/\/www.asajacyl.com\/palencia\/#website\",\"url\":\"https:\/\/www.asajacyl.com\/palencia\/\",\"name\":\"ASAJA Palencia\",\"description\":\"Otro sitio m\u00e1s de Provincias ASAJA Castilla y Le\u00f3n\",\"potentialAction\":[{\"@type\":\"SearchAction\",\"target\":{\"@type\":\"EntryPoint\",\"urlTemplate\":\"https:\/\/www.asajacyl.com\/palencia\/?s={search_term_string}\"},\"query-input\":{\"@type\":\"PropertyValueSpecification\",\"valueRequired\":true,\"valueName\":\"search_term_string\"}}],\"inLanguage\":\"es\"},{\"@type\":\"Person\",\"@id\":\"https:\/\/www.asajacyl.com\/palencia\/#\/schema\/person\/3ab17aeb03527485c317557fae64aab1\",\"name\":\"Administrador\",\"image\":{\"@type\":\"ImageObject\",\"inLanguage\":\"es\",\"@id\":\"https:\/\/www.asajacyl.com\/palencia\/#\/schema\/person\/image\/\",\"url\":\"https:\/\/secure.gravatar.com\/avatar\/517384810d242ca9e38c180f3c9fb973?s=96&d=mm&r=g\",\"contentUrl\":\"https:\/\/secure.gravatar.com\/avatar\/517384810d242ca9e38c180f3c9fb973?s=96&d=mm&r=g\",\"caption\":\"Administrador\"},\"url\":\"https:\/\/www.asajacyl.com\/palencia\/author\/carlosrm\"}]}<\/script>\n<!-- \/ Yoast SEO plugin. -->","yoast_head_json":{"title":"Multitud de municipios palentinos se ver\u00e1n afectados si se prohibe el uso de fitosanitarios qu\u00edmicos en zonas de la Red Natura 2000 - ASAJA Palencia","description":"El lunes ha tenido lugar una reuni\u00f3n del Consejo de Ministros de Agricultura europeos, donde uno de los temas tratados ha sido la futura nueva directiva","robots":{"index":"index","follow":"follow","max-snippet":"max-snippet:-1","max-image-preview":"max-image-preview:large","max-video-preview":"max-video-preview:-1"},"canonical":"https:\/\/www.asajacyl.com\/palencia\/asaja-palencia-informa\/multitud-de-municipios-palentinos-se-veran-afectados-si-se-prohibe-el-uso-de-fitosanitarios-quimicos-en-zonas-de-la-red-natura-2000","og_locale":"es_ES","og_type":"article","og_title":"Multitud de municipios palentinos se ver\u00e1n afectados si se prohibe el uso de fitosanitarios qu\u00edmicos en zonas de la Red Natura 2000 - ASAJA Palencia","og_description":"El lunes ha tenido lugar una reuni\u00f3n del Consejo de Ministros de Agricultura europeos, donde uno de los temas tratados ha sido la futura nueva directiva","og_url":"https:\/\/www.asajacyl.com\/palencia\/asaja-palencia-informa\/multitud-de-municipios-palentinos-se-veran-afectados-si-se-prohibe-el-uso-de-fitosanitarios-quimicos-en-zonas-de-la-red-natura-2000","og_site_name":"ASAJA Palencia","article_published_time":"2022-07-25T09:35:00+00:00","og_image":[{"width":1152,"height":2048,"url":"https:\/\/www.asajacyl.com\/palencia\/wp-content\/uploads\/sites\/3\/2022\/04\/GUISANTE-FITOSANITARIOS-HERBICIDA.jpg","type":"image\/jpeg"}],"author":"Administrador","twitter_card":"summary_large_image","twitter_misc":{"Escrito por":"Administrador","Tiempo de lectura":"2 minutos"},"schema":{"@context":"https:\/\/schema.org","@graph":[{"@type":"WebPage","@id":"https:\/\/www.asajacyl.com\/palencia\/asaja-palencia-informa\/multitud-de-municipios-palentinos-se-veran-afectados-si-se-prohibe-el-uso-de-fitosanitarios-quimicos-en-zonas-de-la-red-natura-2000","url":"https:\/\/www.asajacyl.com\/palencia\/asaja-palencia-informa\/multitud-de-municipios-palentinos-se-veran-afectados-si-se-prohibe-el-uso-de-fitosanitarios-quimicos-en-zonas-de-la-red-natura-2000","name":"Multitud de municipios palentinos se ver\u00e1n afectados si se prohibe el uso de fitosanitarios qu\u00edmicos en zonas de la Red Natura 2000 - ASAJA Palencia","isPartOf":{"@id":"https:\/\/www.asajacyl.com\/palencia\/#website"},"primaryImageOfPage":{"@id":"https:\/\/www.asajacyl.com\/palencia\/asaja-palencia-informa\/multitud-de-municipios-palentinos-se-veran-afectados-si-se-prohibe-el-uso-de-fitosanitarios-quimicos-en-zonas-de-la-red-natura-2000#primaryimage"},"image":{"@id":"https:\/\/www.asajacyl.com\/palencia\/asaja-palencia-informa\/multitud-de-municipios-palentinos-se-veran-afectados-si-se-prohibe-el-uso-de-fitosanitarios-quimicos-en-zonas-de-la-red-natura-2000#primaryimage"},"thumbnailUrl":"https:\/\/www.asajacyl.com\/palencia\/wp-content\/uploads\/sites\/3\/2022\/04\/GUISANTE-FITOSANITARIOS-HERBICIDA.jpg","datePublished":"2022-07-25T09:35:00+00:00","author":{"@id":"https:\/\/www.asajacyl.com\/palencia\/#\/schema\/person\/3ab17aeb03527485c317557fae64aab1"},"description":"El lunes ha tenido lugar una reuni\u00f3n del Consejo de Ministros de Agricultura europeos, donde uno de los temas tratados ha sido la futura nueva directiva","breadcrumb":{"@id":"https:\/\/www.asajacyl.com\/palencia\/asaja-palencia-informa\/multitud-de-municipios-palentinos-se-veran-afectados-si-se-prohibe-el-uso-de-fitosanitarios-quimicos-en-zonas-de-la-red-natura-2000#breadcrumb"},"inLanguage":"es","potentialAction":[{"@type":"ReadAction","target":["https:\/\/www.asajacyl.com\/palencia\/asaja-palencia-informa\/multitud-de-municipios-palentinos-se-veran-afectados-si-se-prohibe-el-uso-de-fitosanitarios-quimicos-en-zonas-de-la-red-natura-2000"]}]},{"@type":"ImageObject","inLanguage":"es","@id":"https:\/\/www.asajacyl.com\/palencia\/asaja-palencia-informa\/multitud-de-municipios-palentinos-se-veran-afectados-si-se-prohibe-el-uso-de-fitosanitarios-quimicos-en-zonas-de-la-red-natura-2000#primaryimage","url":"https:\/\/www.asajacyl.com\/palencia\/wp-content\/uploads\/sites\/3\/2022\/04\/GUISANTE-FITOSANITARIOS-HERBICIDA.jpg","contentUrl":"https:\/\/www.asajacyl.com\/palencia\/wp-content\/uploads\/sites\/3\/2022\/04\/GUISANTE-FITOSANITARIOS-HERBICIDA.jpg","width":1152,"height":2048},{"@type":"BreadcrumbList","@id":"https:\/\/www.asajacyl.com\/palencia\/asaja-palencia-informa\/multitud-de-municipios-palentinos-se-veran-afectados-si-se-prohibe-el-uso-de-fitosanitarios-quimicos-en-zonas-de-la-red-natura-2000#breadcrumb","itemListElement":[{"@type":"ListItem","position":1,"name":"Portada","item":"https:\/\/www.asajacyl.com\/palencia\/"},{"@type":"ListItem","position":2,"name":"Multitud de municipios palentinos se ver\u00e1n afectados si se prohibe el uso de fitosanitarios qu\u00edmicos en zonas de la Red Natura 2000"}]},{"@type":"WebSite","@id":"https:\/\/www.asajacyl.com\/palencia\/#website","url":"https:\/\/www.asajacyl.com\/palencia\/","name":"ASAJA Palencia","description":"Otro sitio m\u00e1s de Provincias ASAJA Castilla y Le\u00f3n","potentialAction":[{"@type":"SearchAction","target":{"@type":"EntryPoint","urlTemplate":"https:\/\/www.asajacyl.com\/palencia\/?s={search_term_string}"},"query-input":{"@type":"PropertyValueSpecification","valueRequired":true,"valueName":"search_term_string"}}],"inLanguage":"es"},{"@type":"Person","@id":"https:\/\/www.asajacyl.com\/palencia\/#\/schema\/person\/3ab17aeb03527485c317557fae64aab1","name":"Administrador","image":{"@type":"ImageObject","inLanguage":"es","@id":"https:\/\/www.asajacyl.com\/palencia\/#\/schema\/person\/image\/","url":"https:\/\/secure.gravatar.com\/avatar\/517384810d242ca9e38c180f3c9fb973?s=96&d=mm&r=g","contentUrl":"https:\/\/secure.gravatar.com\/avatar\/517384810d242ca9e38c180f3c9fb973?s=96&d=mm&r=g","caption":"Administrador"},"url":"https:\/\/www.asajacyl.com\/palencia\/author\/carlosrm"}]}},"_links":{"self":[{"href":"https:\/\/www.asajacyl.com\/palencia\/wp-json\/wp\/v2\/posts\/11072"}],"collection":[{"href":"https:\/\/www.asajacyl.com\/palencia\/wp-json\/wp\/v2\/posts"}],"about":[{"href":"https:\/\/www.asajacyl.com\/palencia\/wp-json\/wp\/v2\/types\/post"}],"author":[{"embeddable":true,"href":"https:\/\/www.asajacyl.com\/palencia\/wp-json\/wp\/v2\/users\/9"}],"replies":[{"embeddable":true,"href":"https:\/\/www.asajacyl.com\/palencia\/wp-json\/wp\/v2\/comments?post=11072"}],"version-history":[{"count":2,"href":"https:\/\/www.asajacyl.com\/palencia\/wp-json\/wp\/v2\/posts\/11072\/revisions"}],"predecessor-version":[{"id":11081,"href":"https:\/\/www.asajacyl.com\/palencia\/wp-json\/wp\/v2\/posts\/11072\/revisions\/11081"}],"wp:featuredmedia":[{"embeddable":true,"href":"https:\/\/www.asajacyl.com\/palencia\/wp-json\/wp\/v2\/media\/10243"}],"wp:attachment":[{"href":"https:\/\/www.asajacyl.com\/palencia\/wp-json\/wp\/v2\/media?parent=11072"}],"wp:term":[{"taxonomy":"category","embeddable":true,"href":"https:\/\/www.asajacyl.com\/palencia\/wp-json\/wp\/v2\/categories?post=11072"},{"taxonomy":"post_tag","embeddable":true,"href":"https:\/\/www.asajacyl.com\/palencia\/wp-json\/wp\/v2\/tags?post=11072"}],"curies":[{"name":"wp","href":"https:\/\/api.w.org\/{rel}","templated":true}]}}