{"id":11087,"date":"2022-07-24T10:39:08","date_gmt":"2022-07-24T08:39:08","guid":{"rendered":"https:\/\/www.asajacyl.com\/palencia\/?p=11087"},"modified":"2022-07-24T10:40:33","modified_gmt":"2022-07-24T08:40:33","slug":"el-lunes-ya-se-puede-cosechar-y-empacar-aunque-continua-la-alerta-por-incendios-del-25-al-29-de-julio","status":"publish","type":"post","link":"https:\/\/www.asajacyl.com\/palencia\/asaja-palencia-informa\/el-lunes-ya-se-puede-cosechar-y-empacar-aunque-continua-la-alerta-por-incendios-del-25-al-29-de-julio","title":{"rendered":"El lunes ya se puede cosechar y empacar aunque contin\u00faa la \u00abalerta\u00bb por incendios forestales del 25 al 29 de julio"},"content":{"rendered":"\n<p>La Consejer\u00eda de Medio Ambiente ha emitido una resoluci\u00f3n en la que se prolonga el estado de \u00abalarma\u00bb en lo referente al riesgo de incendios forestales en montes y los 400 metros que los circundan. Previamente han existido resoluciones similares que conllevaron la prohibici\u00f3n total de cosechar y empacar, en el caso de la primera resoluci\u00f3n, y parcial en el caso de la segunda resoluci\u00f3n cuyo plazo finaliza hoy.<\/p>\n\n\n\n<p>En esta tercera resoluci\u00f3n por fin se levanta la prohibici\u00f3n de cosechar y empacar de manera que se pueda recoger el fruto del trabajo de todo un a\u00f1o que ha estado expuesto a riesgos, como el de pedrisco, durante demasiados d\u00edas. Sin embargo la resoluci\u00f3n indica que se proh\u00edbe \u00abel uso en el monte de aperos arrastrados o suspendidos que se introduzcan en el suelo o que eliminen vegetaci\u00f3n por roce, golpe o machaqueo, como gradeos, cultivadores o desbrozadoras de cadenas o martillos.\u00bb<\/p>\n\n\n\n<p>Estas medidas se han demostrado exageradas. La diversidad de Castilla y Le\u00f3n es amplia y se ha metido a todas las zonas en el mismo saco y adem\u00e1s se ha jugado con una previsi\u00f3n meteorol\u00f3gica que como su propio nombre indica es una previsi\u00f3n, y no tiene por qu\u00e9 cumplirse. Adem\u00e1s, el concepto de monte es demasiado amplio y no se puede considerar a todo este tipo de superficies por igual dada su diferente entidad e importancia. A esto hay que a\u00f1adir el desconcierto de los agricultores, incapaces de saber si sus parcelas est\u00e1n a menos de 400 metros de monte ya que no es f\u00e1cil saber qu\u00e9 es monte legalmente y qu\u00e9 no lo es.<\/p>\n\n\n\n<p>Durante estos cinco d\u00edas -25 al 29 de julio- las restricciones ser\u00e1n las mismas que hay en el resto del per\u00edodo de alto riesgo de incendios forestales, que va del 27 de junio al 30 de septiembre:<\/p>\n\n\n\n<figure class=\"wp-block-table is-style-stripes\"><table><tbody><tr><td><em><strong>A m\u00e1s de 400 metros de monte<\/strong><\/em><\/td><td><strong><em>Sin restricciones<\/em><\/strong><\/td><\/tr><tr><td><strong><em>Monte y hasta 400 metros de monte<\/em><\/strong><\/td><td><strong><em>Prohibido con m\u00e1s de 30\u00baC y m\u00e1s de 30 km\/h de viento<\/em><\/strong><\/td><\/tr><\/tbody><\/table><\/figure>\n","protected":false},"excerpt":{"rendered":"<p>La Consejer\u00eda de Medio Ambiente ha emitido una resoluci\u00f3n en la que se prolonga el estado de \u00abalarma\u00bb en lo referente al riesgo de incendios forestales en montes y los 400 metros que los circundan. Previamente han existido resoluciones similares que conllevaron la prohibici\u00f3n total de cosechar y empacar, en el caso de la primera [&hellip;]<\/p>\n","protected":false},"author":9,"featured_media":10881,"comment_status":"open","ping_status":"open","sticky":false,"template":"","format":"standard","meta":{"footnotes":""},"categories":[9,29,28],"tags":[],"yoast_head":"<!-- This site is optimized with the Yoast SEO plugin v24.5 - https:\/\/yoast.com\/wordpress\/plugins\/seo\/ -->\n<title>El lunes ya se puede cosechar y empacar aunque contin\u00faa la &quot;alerta&quot; por incendios forestales del 25 al 29 de julio - ASAJA Palencia<\/title>\n<meta name=\"description\" content=\"La Consejer\u00eda de Medio Ambiente ha emitido una resoluci\u00f3n en la que se prolonga el estado de &quot;alarma&quot; en lo referente al riesgo de incendios forestales en\" \/>\n<meta name=\"robots\" content=\"index, follow, max-snippet:-1, max-image-preview:large, max-video-preview:-1\" \/>\n<link rel=\"canonical\" href=\"https:\/\/www.asajacyl.com\/palencia\/asaja-palencia-informa\/el-lunes-ya-se-puede-cosechar-y-empacar-aunque-continua-la-alerta-por-incendios-del-25-al-29-de-julio\" \/>\n<meta property=\"og:locale\" content=\"es_ES\" \/>\n<meta property=\"og:type\" content=\"article\" \/>\n<meta property=\"og:title\" content=\"El lunes ya se puede cosechar y empacar aunque contin\u00faa la &quot;alerta&quot; por incendios forestales del 25 al 29 de julio - ASAJA Palencia\" \/>\n<meta property=\"og:description\" content=\"La Consejer\u00eda de Medio Ambiente ha emitido una resoluci\u00f3n en la que se prolonga el estado de &quot;alarma&quot; en lo referente al riesgo de incendios forestales en\" \/>\n<meta property=\"og:url\" content=\"https:\/\/www.asajacyl.com\/palencia\/asaja-palencia-informa\/el-lunes-ya-se-puede-cosechar-y-empacar-aunque-continua-la-alerta-por-incendios-del-25-al-29-de-julio\" \/>\n<meta property=\"og:site_name\" content=\"ASAJA Palencia\" \/>\n<meta property=\"article:published_time\" content=\"2022-07-24T08:39:08+00:00\" \/>\n<meta property=\"article:modified_time\" content=\"2022-07-24T08:40:33+00:00\" \/>\n<meta property=\"og:image\" content=\"https:\/\/www.asajacyl.com\/palencia\/wp-content\/uploads\/sites\/3\/2022\/06\/COSECHA-CEBADA-5.jpg\" \/>\n\t<meta property=\"og:image:width\" content=\"2048\" \/>\n\t<meta property=\"og:image:height\" content=\"1536\" \/>\n\t<meta property=\"og:image:type\" content=\"image\/jpeg\" \/>\n<meta name=\"author\" content=\"Administrador\" \/>\n<meta name=\"twitter:card\" content=\"summary_large_image\" \/>\n<meta name=\"twitter:label1\" content=\"Escrito por\" \/>\n\t<meta name=\"twitter:data1\" content=\"Administrador\" \/>\n\t<meta name=\"twitter:label2\" content=\"Tiempo de lectura\" \/>\n\t<meta name=\"twitter:data2\" content=\"2 minutos\" \/>\n<script type=\"application\/ld+json\" class=\"yoast-schema-graph\">{\"@context\":\"https:\/\/schema.org\",\"@graph\":[{\"@type\":\"WebPage\",\"@id\":\"https:\/\/www.asajacyl.com\/palencia\/asaja-palencia-informa\/el-lunes-ya-se-puede-cosechar-y-empacar-aunque-continua-la-alerta-por-incendios-del-25-al-29-de-julio\",\"url\":\"https:\/\/www.asajacyl.com\/palencia\/asaja-palencia-informa\/el-lunes-ya-se-puede-cosechar-y-empacar-aunque-continua-la-alerta-por-incendios-del-25-al-29-de-julio\",\"name\":\"El lunes ya se puede cosechar y empacar aunque contin\u00faa la \\\"alerta\\\" por incendios forestales del 25 al 29 de julio - ASAJA Palencia\",\"isPartOf\":{\"@id\":\"https:\/\/www.asajacyl.com\/palencia\/#website\"},\"primaryImageOfPage\":{\"@id\":\"https:\/\/www.asajacyl.com\/palencia\/asaja-palencia-informa\/el-lunes-ya-se-puede-cosechar-y-empacar-aunque-continua-la-alerta-por-incendios-del-25-al-29-de-julio#primaryimage\"},\"image\":{\"@id\":\"https:\/\/www.asajacyl.com\/palencia\/asaja-palencia-informa\/el-lunes-ya-se-puede-cosechar-y-empacar-aunque-continua-la-alerta-por-incendios-del-25-al-29-de-julio#primaryimage\"},\"thumbnailUrl\":\"https:\/\/www.asajacyl.com\/palencia\/wp-content\/uploads\/sites\/3\/2022\/06\/COSECHA-CEBADA-5.jpg\",\"datePublished\":\"2022-07-24T08:39:08+00:00\",\"dateModified\":\"2022-07-24T08:40:33+00:00\",\"author\":{\"@id\":\"https:\/\/www.asajacyl.com\/palencia\/#\/schema\/person\/3ab17aeb03527485c317557fae64aab1\"},\"description\":\"La Consejer\u00eda de Medio Ambiente ha emitido una resoluci\u00f3n en la que se prolonga el estado de \\\"alarma\\\" en lo referente al riesgo de incendios forestales en\",\"breadcrumb\":{\"@id\":\"https:\/\/www.asajacyl.com\/palencia\/asaja-palencia-informa\/el-lunes-ya-se-puede-cosechar-y-empacar-aunque-continua-la-alerta-por-incendios-del-25-al-29-de-julio#breadcrumb\"},\"inLanguage\":\"es\",\"potentialAction\":[{\"@type\":\"ReadAction\",\"target\":[\"https:\/\/www.asajacyl.com\/palencia\/asaja-palencia-informa\/el-lunes-ya-se-puede-cosechar-y-empacar-aunque-continua-la-alerta-por-incendios-del-25-al-29-de-julio\"]}]},{\"@type\":\"ImageObject\",\"inLanguage\":\"es\",\"@id\":\"https:\/\/www.asajacyl.com\/palencia\/asaja-palencia-informa\/el-lunes-ya-se-puede-cosechar-y-empacar-aunque-continua-la-alerta-por-incendios-del-25-al-29-de-julio#primaryimage\",\"url\":\"https:\/\/www.asajacyl.com\/palencia\/wp-content\/uploads\/sites\/3\/2022\/06\/COSECHA-CEBADA-5.jpg\",\"contentUrl\":\"https:\/\/www.asajacyl.com\/palencia\/wp-content\/uploads\/sites\/3\/2022\/06\/COSECHA-CEBADA-5.jpg\",\"width\":2048,\"height\":1536},{\"@type\":\"BreadcrumbList\",\"@id\":\"https:\/\/www.asajacyl.com\/palencia\/asaja-palencia-informa\/el-lunes-ya-se-puede-cosechar-y-empacar-aunque-continua-la-alerta-por-incendios-del-25-al-29-de-julio#breadcrumb\",\"itemListElement\":[{\"@type\":\"ListItem\",\"position\":1,\"name\":\"Portada\",\"item\":\"https:\/\/www.asajacyl.com\/palencia\/\"},{\"@type\":\"ListItem\",\"position\":2,\"name\":\"El lunes ya se puede cosechar y empacar aunque contin\u00faa la \u00abalerta\u00bb por incendios forestales del 25 al 29 de julio\"}]},{\"@type\":\"WebSite\",\"@id\":\"https:\/\/www.asajacyl.com\/palencia\/#website\",\"url\":\"https:\/\/www.asajacyl.com\/palencia\/\",\"name\":\"ASAJA Palencia\",\"description\":\"Otro sitio m\u00e1s de Provincias ASAJA Castilla y Le\u00f3n\",\"potentialAction\":[{\"@type\":\"SearchAction\",\"target\":{\"@type\":\"EntryPoint\",\"urlTemplate\":\"https:\/\/www.asajacyl.com\/palencia\/?s={search_term_string}\"},\"query-input\":{\"@type\":\"PropertyValueSpecification\",\"valueRequired\":true,\"valueName\":\"search_term_string\"}}],\"inLanguage\":\"es\"},{\"@type\":\"Person\",\"@id\":\"https:\/\/www.asajacyl.com\/palencia\/#\/schema\/person\/3ab17aeb03527485c317557fae64aab1\",\"name\":\"Administrador\",\"image\":{\"@type\":\"ImageObject\",\"inLanguage\":\"es\",\"@id\":\"https:\/\/www.asajacyl.com\/palencia\/#\/schema\/person\/image\/\",\"url\":\"https:\/\/secure.gravatar.com\/avatar\/517384810d242ca9e38c180f3c9fb973?s=96&d=mm&r=g\",\"contentUrl\":\"https:\/\/secure.gravatar.com\/avatar\/517384810d242ca9e38c180f3c9fb973?s=96&d=mm&r=g\",\"caption\":\"Administrador\"},\"url\":\"https:\/\/www.asajacyl.com\/palencia\/author\/carlosrm\"}]}<\/script>\n<!-- \/ Yoast SEO plugin. -->","yoast_head_json":{"title":"El lunes ya se puede cosechar y empacar aunque contin\u00faa la \"alerta\" por incendios forestales del 25 al 29 de julio - ASAJA Palencia","description":"La Consejer\u00eda de Medio Ambiente ha emitido una resoluci\u00f3n en la que se prolonga el estado de \"alarma\" en lo referente al riesgo de incendios forestales en","robots":{"index":"index","follow":"follow","max-snippet":"max-snippet:-1","max-image-preview":"max-image-preview:large","max-video-preview":"max-video-preview:-1"},"canonical":"https:\/\/www.asajacyl.com\/palencia\/asaja-palencia-informa\/el-lunes-ya-se-puede-cosechar-y-empacar-aunque-continua-la-alerta-por-incendios-del-25-al-29-de-julio","og_locale":"es_ES","og_type":"article","og_title":"El lunes ya se puede cosechar y empacar aunque contin\u00faa la \"alerta\" por incendios forestales del 25 al 29 de julio - ASAJA Palencia","og_description":"La Consejer\u00eda de Medio Ambiente ha emitido una resoluci\u00f3n en la que se prolonga el estado de \"alarma\" en lo referente al riesgo de incendios forestales en","og_url":"https:\/\/www.asajacyl.com\/palencia\/asaja-palencia-informa\/el-lunes-ya-se-puede-cosechar-y-empacar-aunque-continua-la-alerta-por-incendios-del-25-al-29-de-julio","og_site_name":"ASAJA Palencia","article_published_time":"2022-07-24T08:39:08+00:00","article_modified_time":"2022-07-24T08:40:33+00:00","og_image":[{"width":2048,"height":1536,"url":"https:\/\/www.asajacyl.com\/palencia\/wp-content\/uploads\/sites\/3\/2022\/06\/COSECHA-CEBADA-5.jpg","type":"image\/jpeg"}],"author":"Administrador","twitter_card":"summary_large_image","twitter_misc":{"Escrito por":"Administrador","Tiempo de lectura":"2 minutos"},"schema":{"@context":"https:\/\/schema.org","@graph":[{"@type":"WebPage","@id":"https:\/\/www.asajacyl.com\/palencia\/asaja-palencia-informa\/el-lunes-ya-se-puede-cosechar-y-empacar-aunque-continua-la-alerta-por-incendios-del-25-al-29-de-julio","url":"https:\/\/www.asajacyl.com\/palencia\/asaja-palencia-informa\/el-lunes-ya-se-puede-cosechar-y-empacar-aunque-continua-la-alerta-por-incendios-del-25-al-29-de-julio","name":"El lunes ya se puede cosechar y empacar aunque contin\u00faa la \"alerta\" por incendios forestales del 25 al 29 de julio - ASAJA Palencia","isPartOf":{"@id":"https:\/\/www.asajacyl.com\/palencia\/#website"},"primaryImageOfPage":{"@id":"https:\/\/www.asajacyl.com\/palencia\/asaja-palencia-informa\/el-lunes-ya-se-puede-cosechar-y-empacar-aunque-continua-la-alerta-por-incendios-del-25-al-29-de-julio#primaryimage"},"image":{"@id":"https:\/\/www.asajacyl.com\/palencia\/asaja-palencia-informa\/el-lunes-ya-se-puede-cosechar-y-empacar-aunque-continua-la-alerta-por-incendios-del-25-al-29-de-julio#primaryimage"},"thumbnailUrl":"https:\/\/www.asajacyl.com\/palencia\/wp-content\/uploads\/sites\/3\/2022\/06\/COSECHA-CEBADA-5.jpg","datePublished":"2022-07-24T08:39:08+00:00","dateModified":"2022-07-24T08:40:33+00:00","author":{"@id":"https:\/\/www.asajacyl.com\/palencia\/#\/schema\/person\/3ab17aeb03527485c317557fae64aab1"},"description":"La Consejer\u00eda de Medio Ambiente ha emitido una resoluci\u00f3n en la que se prolonga el estado de \"alarma\" en lo referente al riesgo de incendios forestales en","breadcrumb":{"@id":"https:\/\/www.asajacyl.com\/palencia\/asaja-palencia-informa\/el-lunes-ya-se-puede-cosechar-y-empacar-aunque-continua-la-alerta-por-incendios-del-25-al-29-de-julio#breadcrumb"},"inLanguage":"es","potentialAction":[{"@type":"ReadAction","target":["https:\/\/www.asajacyl.com\/palencia\/asaja-palencia-informa\/el-lunes-ya-se-puede-cosechar-y-empacar-aunque-continua-la-alerta-por-incendios-del-25-al-29-de-julio"]}]},{"@type":"ImageObject","inLanguage":"es","@id":"https:\/\/www.asajacyl.com\/palencia\/asaja-palencia-informa\/el-lunes-ya-se-puede-cosechar-y-empacar-aunque-continua-la-alerta-por-incendios-del-25-al-29-de-julio#primaryimage","url":"https:\/\/www.asajacyl.com\/palencia\/wp-content\/uploads\/sites\/3\/2022\/06\/COSECHA-CEBADA-5.jpg","contentUrl":"https:\/\/www.asajacyl.com\/palencia\/wp-content\/uploads\/sites\/3\/2022\/06\/COSECHA-CEBADA-5.jpg","width":2048,"height":1536},{"@type":"BreadcrumbList","@id":"https:\/\/www.asajacyl.com\/palencia\/asaja-palencia-informa\/el-lunes-ya-se-puede-cosechar-y-empacar-aunque-continua-la-alerta-por-incendios-del-25-al-29-de-julio#breadcrumb","itemListElement":[{"@type":"ListItem","position":1,"name":"Portada","item":"https:\/\/www.asajacyl.com\/palencia\/"},{"@type":"ListItem","position":2,"name":"El lunes ya se puede cosechar y empacar aunque contin\u00faa la \u00abalerta\u00bb por incendios forestales del 25 al 29 de julio"}]},{"@type":"WebSite","@id":"https:\/\/www.asajacyl.com\/palencia\/#website","url":"https:\/\/www.asajacyl.com\/palencia\/","name":"ASAJA Palencia","description":"Otro sitio m\u00e1s de Provincias ASAJA Castilla y Le\u00f3n","potentialAction":[{"@type":"SearchAction","target":{"@type":"EntryPoint","urlTemplate":"https:\/\/www.asajacyl.com\/palencia\/?s={search_term_string}"},"query-input":{"@type":"PropertyValueSpecification","valueRequired":true,"valueName":"search_term_string"}}],"inLanguage":"es"},{"@type":"Person","@id":"https:\/\/www.asajacyl.com\/palencia\/#\/schema\/person\/3ab17aeb03527485c317557fae64aab1","name":"Administrador","image":{"@type":"ImageObject","inLanguage":"es","@id":"https:\/\/www.asajacyl.com\/palencia\/#\/schema\/person\/image\/","url":"https:\/\/secure.gravatar.com\/avatar\/517384810d242ca9e38c180f3c9fb973?s=96&d=mm&r=g","contentUrl":"https:\/\/secure.gravatar.com\/avatar\/517384810d242ca9e38c180f3c9fb973?s=96&d=mm&r=g","caption":"Administrador"},"url":"https:\/\/www.asajacyl.com\/palencia\/author\/carlosrm"}]}},"_links":{"self":[{"href":"https:\/\/www.asajacyl.com\/palencia\/wp-json\/wp\/v2\/posts\/11087"}],"collection":[{"href":"https:\/\/www.asajacyl.com\/palencia\/wp-json\/wp\/v2\/posts"}],"about":[{"href":"https:\/\/www.asajacyl.com\/palencia\/wp-json\/wp\/v2\/types\/post"}],"author":[{"embeddable":true,"href":"https:\/\/www.asajacyl.com\/palencia\/wp-json\/wp\/v2\/users\/9"}],"replies":[{"embeddable":true,"href":"https:\/\/www.asajacyl.com\/palencia\/wp-json\/wp\/v2\/comments?post=11087"}],"version-history":[{"count":3,"href":"https:\/\/www.asajacyl.com\/palencia\/wp-json\/wp\/v2\/posts\/11087\/revisions"}],"predecessor-version":[{"id":11090,"href":"https:\/\/www.asajacyl.com\/palencia\/wp-json\/wp\/v2\/posts\/11087\/revisions\/11090"}],"wp:featuredmedia":[{"embeddable":true,"href":"https:\/\/www.asajacyl.com\/palencia\/wp-json\/wp\/v2\/media\/10881"}],"wp:attachment":[{"href":"https:\/\/www.asajacyl.com\/palencia\/wp-json\/wp\/v2\/media?parent=11087"}],"wp:term":[{"taxonomy":"category","embeddable":true,"href":"https:\/\/www.asajacyl.com\/palencia\/wp-json\/wp\/v2\/categories?post=11087"},{"taxonomy":"post_tag","embeddable":true,"href":"https:\/\/www.asajacyl.com\/palencia\/wp-json\/wp\/v2\/tags?post=11087"}],"curies":[{"name":"wp","href":"https:\/\/api.w.org\/{rel}","templated":true}]}}