{"id":11094,"date":"2022-07-25T08:43:00","date_gmt":"2022-07-25T06:43:00","guid":{"rendered":"https:\/\/www.asajacyl.com\/palencia\/?p=11094"},"modified":"2022-07-25T08:52:49","modified_gmt":"2022-07-25T06:52:49","slug":"suspension-temporal-de-las-tarifas-de-los-fertilizantes-la-decision-de-la-comision-va-en-la-direccion-correcta-pero-sigue-incompleta","status":"publish","type":"post","link":"https:\/\/www.asajacyl.com\/palencia\/asaja-palencia-informa\/suspension-temporal-de-las-tarifas-de-los-fertilizantes-la-decision-de-la-comision-va-en-la-direccion-correcta-pero-sigue-incompleta","title":{"rendered":"Suspensi\u00f3n temporal de las tarifas de los fertilizantes: la decisi\u00f3n de la Comisi\u00f3n va en la direcci\u00f3n correcta pero sigue incompleta"},"content":{"rendered":"\n<p>Ante una situaci\u00f3n tensa en los mercados de fertilizantes, la Comisi\u00f3n Europea (DG Comercio) ha tomado una decisi\u00f3n largamente esperada por la comunidad agr\u00edcola: la suspensi\u00f3n de los aranceles convencionales para ciertos fertilizantes (urea y amon\u00edaco anhidro). El Copa y la Cogeca acogen con satisfacci\u00f3n un paso en la direcci\u00f3n correcta y piden a la Comisi\u00f3n que siga su l\u00f3gica hasta el final suspendiendo tambi\u00e9n los derechos convencionales sobre los fertilizantes clave utilizados directamente por los agricultores (UAN -urea nitrato de amonio-, DAP -fosfato diam\u00f3nico-, MAP -fosfato monoam\u00f3nico- y NPK -nitr\u00f3geno, f\u00f3sforo, potasio-) y las medidas antidumping sobre las importaciones de UAN de Trinidad y Tobago y EE.UU. S\u00f3lo una medida tan ambiciosa podr\u00eda dinamizar esos mercados y reducir los precios que pagan los agricultores a largo plazo.<\/p>\n\n\n\n<p>A lo largo de 2021, los agricultores europeos experimentaron un aumento sin precedentes en los precios de los fertilizantes nitrogenados debido al desequilibrio entre la oferta y la demanda en el mercado mundial de fertilizantes. La guerra de Rusia en Ucrania ha generado m\u00e1s tensiones en esos mercados, ya que Rusia, Bielorrusia y Ucrania son los principales exportadores mundiales de fertilizantes minerales y representan el 43% de las importaciones de fertilizantes minerales de la UE.<\/p>\n\n\n\n<p>Como resultado, los agricultores europeos se enfrentan ahora al doble riesgo de que los precios de los fertilizantes minerales se disparen y la escasez afecte gravemente no solo a sus ingresos, sino tambi\u00e9n a la producci\u00f3n de alimentos de la UE y a la seguridad alimentaria mundial. Los socios del Copa y la Cogeca ya est\u00e1n preocupados por el retraso experimentado en la nueva campa\u00f1a de compra de fertilizantes.<\/p>\n\n\n\n<p>Copa y Cogeca toman nota de la decisi\u00f3n de la Comisi\u00f3n de suspender las tarifas convencionales de urea y amon\u00edaco anhidro. Sin embargo, notamos que el alcance de la decisi\u00f3n de la Comisi\u00f3n no incluye los productos fertilizantes utilizados directamente por los agricultores. Este enfoque sigue protegiendo a los productores europeos de fertilizantes en beneficio propio y no ser\u00e1 una soluci\u00f3n f\u00e1cil para los agricultores. El Copa y la Cogeca han pedido a la Comisi\u00f3n que suspenda las medidas antidumping sobre las importaciones de UAN de Trinidad y Tobago y EE. UU. y los aranceles convencionales sobre los productos fertilizantes utilizados por los agricultores europeos.<\/p>\n\n\n\n<p>Esto es especialmente cierto dado que la decisi\u00f3n europea llega poco despu\u00e9s de una decisi\u00f3n estadounidense sobre el mismo asunto. Por su parte, la Comisi\u00f3n de Comercio Internacional de EE. UU. reconoci\u00f3 el argumento de los productores de granos de EE. UU. de que los aranceles conducen a precios de fertilizantes m\u00e1s altos y revoc\u00f3 los aranceles antidumping y antisubsidios sobre los fertilizantes de nitrato de amonio y urea de Trinidad y Tobago el 18 de julio, concluyendo que esas importaciones no perjudican a la industria estadounidense de fertilizantes. En este contexto, los agricultores europeos se encuentran en desventaja comparativa con sus colegas estadounidenses.<\/p>\n\n\n\n<p>Por todas estas razones, \u00a1es esencial que la Comisi\u00f3n Europea act\u00fae r\u00e1pidamente sobre este tema!<\/p>\n","protected":false},"excerpt":{"rendered":"<p>Ante una situaci\u00f3n tensa en los mercados de fertilizantes, la Comisi\u00f3n Europea (DG Comercio) ha tomado una decisi\u00f3n largamente esperada por la comunidad agr\u00edcola: la suspensi\u00f3n de los aranceles convencionales para ciertos fertilizantes (urea y amon\u00edaco anhidro). El Copa y la Cogeca acogen con satisfacci\u00f3n un paso en la direcci\u00f3n correcta y piden a la [&hellip;]<\/p>\n","protected":false},"author":9,"featured_media":8194,"comment_status":"open","ping_status":"open","sticky":false,"template":"","format":"standard","meta":{"footnotes":""},"categories":[9,29,28],"tags":[],"yoast_head":"<!-- This site is optimized with the Yoast SEO plugin v24.5 - https:\/\/yoast.com\/wordpress\/plugins\/seo\/ -->\n<title>Suspensi\u00f3n temporal de las tarifas de los fertilizantes: la decisi\u00f3n de la Comisi\u00f3n va en la direcci\u00f3n correcta pero sigue incompleta - ASAJA Palencia<\/title>\n<meta name=\"description\" content=\"Ante una situaci\u00f3n tensa en los mercados de fertilizantes, la Comisi\u00f3n Europea (DG Comercio) ha tomado una decisi\u00f3n largamente esperada por la comunidad\" \/>\n<meta name=\"robots\" content=\"index, follow, max-snippet:-1, max-image-preview:large, max-video-preview:-1\" \/>\n<link rel=\"canonical\" href=\"https:\/\/www.asajacyl.com\/palencia\/asaja-palencia-informa\/suspension-temporal-de-las-tarifas-de-los-fertilizantes-la-decision-de-la-comision-va-en-la-direccion-correcta-pero-sigue-incompleta\" \/>\n<meta property=\"og:locale\" content=\"es_ES\" \/>\n<meta property=\"og:type\" content=\"article\" \/>\n<meta property=\"og:title\" content=\"Suspensi\u00f3n temporal de las tarifas de los fertilizantes: la decisi\u00f3n de la Comisi\u00f3n va en la direcci\u00f3n correcta pero sigue incompleta - ASAJA Palencia\" \/>\n<meta property=\"og:description\" content=\"Ante una situaci\u00f3n tensa en los mercados de fertilizantes, la Comisi\u00f3n Europea (DG Comercio) ha tomado una decisi\u00f3n largamente esperada por la comunidad\" \/>\n<meta property=\"og:url\" content=\"https:\/\/www.asajacyl.com\/palencia\/asaja-palencia-informa\/suspension-temporal-de-las-tarifas-de-los-fertilizantes-la-decision-de-la-comision-va-en-la-direccion-correcta-pero-sigue-incompleta\" \/>\n<meta property=\"og:site_name\" content=\"ASAJA Palencia\" \/>\n<meta property=\"article:published_time\" content=\"2022-07-25T06:43:00+00:00\" \/>\n<meta property=\"article:modified_time\" content=\"2022-07-25T06:52:49+00:00\" \/>\n<meta property=\"og:image\" content=\"https:\/\/www.asajacyl.com\/palencia\/wp-content\/uploads\/sites\/3\/2021\/04\/COPACOGECA.jpg\" \/>\n\t<meta property=\"og:image:width\" content=\"1280\" \/>\n\t<meta property=\"og:image:height\" content=\"693\" \/>\n\t<meta property=\"og:image:type\" content=\"image\/jpeg\" \/>\n<meta name=\"author\" content=\"Administrador\" \/>\n<meta name=\"twitter:card\" content=\"summary_large_image\" \/>\n<meta name=\"twitter:label1\" content=\"Escrito por\" \/>\n\t<meta name=\"twitter:data1\" content=\"Administrador\" \/>\n\t<meta name=\"twitter:label2\" content=\"Tiempo de lectura\" \/>\n\t<meta name=\"twitter:data2\" content=\"3 minutos\" \/>\n<script type=\"application\/ld+json\" class=\"yoast-schema-graph\">{\"@context\":\"https:\/\/schema.org\",\"@graph\":[{\"@type\":\"WebPage\",\"@id\":\"https:\/\/www.asajacyl.com\/palencia\/asaja-palencia-informa\/suspension-temporal-de-las-tarifas-de-los-fertilizantes-la-decision-de-la-comision-va-en-la-direccion-correcta-pero-sigue-incompleta\",\"url\":\"https:\/\/www.asajacyl.com\/palencia\/asaja-palencia-informa\/suspension-temporal-de-las-tarifas-de-los-fertilizantes-la-decision-de-la-comision-va-en-la-direccion-correcta-pero-sigue-incompleta\",\"name\":\"Suspensi\u00f3n temporal de las tarifas de los fertilizantes: la decisi\u00f3n de la Comisi\u00f3n va en la direcci\u00f3n correcta pero sigue incompleta - ASAJA Palencia\",\"isPartOf\":{\"@id\":\"https:\/\/www.asajacyl.com\/palencia\/#website\"},\"primaryImageOfPage\":{\"@id\":\"https:\/\/www.asajacyl.com\/palencia\/asaja-palencia-informa\/suspension-temporal-de-las-tarifas-de-los-fertilizantes-la-decision-de-la-comision-va-en-la-direccion-correcta-pero-sigue-incompleta#primaryimage\"},\"image\":{\"@id\":\"https:\/\/www.asajacyl.com\/palencia\/asaja-palencia-informa\/suspension-temporal-de-las-tarifas-de-los-fertilizantes-la-decision-de-la-comision-va-en-la-direccion-correcta-pero-sigue-incompleta#primaryimage\"},\"thumbnailUrl\":\"https:\/\/www.asajacyl.com\/palencia\/wp-content\/uploads\/sites\/3\/2021\/04\/COPACOGECA.jpg\",\"datePublished\":\"2022-07-25T06:43:00+00:00\",\"dateModified\":\"2022-07-25T06:52:49+00:00\",\"author\":{\"@id\":\"https:\/\/www.asajacyl.com\/palencia\/#\/schema\/person\/3ab17aeb03527485c317557fae64aab1\"},\"description\":\"Ante una situaci\u00f3n tensa en los mercados de fertilizantes, la Comisi\u00f3n Europea (DG Comercio) ha tomado una decisi\u00f3n largamente esperada por la comunidad\",\"breadcrumb\":{\"@id\":\"https:\/\/www.asajacyl.com\/palencia\/asaja-palencia-informa\/suspension-temporal-de-las-tarifas-de-los-fertilizantes-la-decision-de-la-comision-va-en-la-direccion-correcta-pero-sigue-incompleta#breadcrumb\"},\"inLanguage\":\"es\",\"potentialAction\":[{\"@type\":\"ReadAction\",\"target\":[\"https:\/\/www.asajacyl.com\/palencia\/asaja-palencia-informa\/suspension-temporal-de-las-tarifas-de-los-fertilizantes-la-decision-de-la-comision-va-en-la-direccion-correcta-pero-sigue-incompleta\"]}]},{\"@type\":\"ImageObject\",\"inLanguage\":\"es\",\"@id\":\"https:\/\/www.asajacyl.com\/palencia\/asaja-palencia-informa\/suspension-temporal-de-las-tarifas-de-los-fertilizantes-la-decision-de-la-comision-va-en-la-direccion-correcta-pero-sigue-incompleta#primaryimage\",\"url\":\"https:\/\/www.asajacyl.com\/palencia\/wp-content\/uploads\/sites\/3\/2021\/04\/COPACOGECA.jpg\",\"contentUrl\":\"https:\/\/www.asajacyl.com\/palencia\/wp-content\/uploads\/sites\/3\/2021\/04\/COPACOGECA.jpg\",\"width\":1280,\"height\":693},{\"@type\":\"BreadcrumbList\",\"@id\":\"https:\/\/www.asajacyl.com\/palencia\/asaja-palencia-informa\/suspension-temporal-de-las-tarifas-de-los-fertilizantes-la-decision-de-la-comision-va-en-la-direccion-correcta-pero-sigue-incompleta#breadcrumb\",\"itemListElement\":[{\"@type\":\"ListItem\",\"position\":1,\"name\":\"Portada\",\"item\":\"https:\/\/www.asajacyl.com\/palencia\/\"},{\"@type\":\"ListItem\",\"position\":2,\"name\":\"Suspensi\u00f3n temporal de las tarifas de los fertilizantes: la decisi\u00f3n de la Comisi\u00f3n va en la direcci\u00f3n correcta pero sigue incompleta\"}]},{\"@type\":\"WebSite\",\"@id\":\"https:\/\/www.asajacyl.com\/palencia\/#website\",\"url\":\"https:\/\/www.asajacyl.com\/palencia\/\",\"name\":\"ASAJA Palencia\",\"description\":\"Otro sitio m\u00e1s de Provincias ASAJA Castilla y Le\u00f3n\",\"potentialAction\":[{\"@type\":\"SearchAction\",\"target\":{\"@type\":\"EntryPoint\",\"urlTemplate\":\"https:\/\/www.asajacyl.com\/palencia\/?s={search_term_string}\"},\"query-input\":{\"@type\":\"PropertyValueSpecification\",\"valueRequired\":true,\"valueName\":\"search_term_string\"}}],\"inLanguage\":\"es\"},{\"@type\":\"Person\",\"@id\":\"https:\/\/www.asajacyl.com\/palencia\/#\/schema\/person\/3ab17aeb03527485c317557fae64aab1\",\"name\":\"Administrador\",\"image\":{\"@type\":\"ImageObject\",\"inLanguage\":\"es\",\"@id\":\"https:\/\/www.asajacyl.com\/palencia\/#\/schema\/person\/image\/\",\"url\":\"https:\/\/secure.gravatar.com\/avatar\/517384810d242ca9e38c180f3c9fb973?s=96&d=mm&r=g\",\"contentUrl\":\"https:\/\/secure.gravatar.com\/avatar\/517384810d242ca9e38c180f3c9fb973?s=96&d=mm&r=g\",\"caption\":\"Administrador\"},\"url\":\"https:\/\/www.asajacyl.com\/palencia\/author\/carlosrm\"}]}<\/script>\n<!-- \/ Yoast SEO plugin. -->","yoast_head_json":{"title":"Suspensi\u00f3n temporal de las tarifas de los fertilizantes: la decisi\u00f3n de la Comisi\u00f3n va en la direcci\u00f3n correcta pero sigue incompleta - ASAJA Palencia","description":"Ante una situaci\u00f3n tensa en los mercados de fertilizantes, la Comisi\u00f3n Europea (DG Comercio) ha tomado una decisi\u00f3n largamente esperada por la comunidad","robots":{"index":"index","follow":"follow","max-snippet":"max-snippet:-1","max-image-preview":"max-image-preview:large","max-video-preview":"max-video-preview:-1"},"canonical":"https:\/\/www.asajacyl.com\/palencia\/asaja-palencia-informa\/suspension-temporal-de-las-tarifas-de-los-fertilizantes-la-decision-de-la-comision-va-en-la-direccion-correcta-pero-sigue-incompleta","og_locale":"es_ES","og_type":"article","og_title":"Suspensi\u00f3n temporal de las tarifas de los fertilizantes: la decisi\u00f3n de la Comisi\u00f3n va en la direcci\u00f3n correcta pero sigue incompleta - ASAJA Palencia","og_description":"Ante una situaci\u00f3n tensa en los mercados de fertilizantes, la Comisi\u00f3n Europea (DG Comercio) ha tomado una decisi\u00f3n largamente esperada por la comunidad","og_url":"https:\/\/www.asajacyl.com\/palencia\/asaja-palencia-informa\/suspension-temporal-de-las-tarifas-de-los-fertilizantes-la-decision-de-la-comision-va-en-la-direccion-correcta-pero-sigue-incompleta","og_site_name":"ASAJA Palencia","article_published_time":"2022-07-25T06:43:00+00:00","article_modified_time":"2022-07-25T06:52:49+00:00","og_image":[{"width":1280,"height":693,"url":"https:\/\/www.asajacyl.com\/palencia\/wp-content\/uploads\/sites\/3\/2021\/04\/COPACOGECA.jpg","type":"image\/jpeg"}],"author":"Administrador","twitter_card":"summary_large_image","twitter_misc":{"Escrito por":"Administrador","Tiempo de lectura":"3 minutos"},"schema":{"@context":"https:\/\/schema.org","@graph":[{"@type":"WebPage","@id":"https:\/\/www.asajacyl.com\/palencia\/asaja-palencia-informa\/suspension-temporal-de-las-tarifas-de-los-fertilizantes-la-decision-de-la-comision-va-en-la-direccion-correcta-pero-sigue-incompleta","url":"https:\/\/www.asajacyl.com\/palencia\/asaja-palencia-informa\/suspension-temporal-de-las-tarifas-de-los-fertilizantes-la-decision-de-la-comision-va-en-la-direccion-correcta-pero-sigue-incompleta","name":"Suspensi\u00f3n temporal de las tarifas de los fertilizantes: la decisi\u00f3n de la Comisi\u00f3n va en la direcci\u00f3n correcta pero sigue incompleta - ASAJA Palencia","isPartOf":{"@id":"https:\/\/www.asajacyl.com\/palencia\/#website"},"primaryImageOfPage":{"@id":"https:\/\/www.asajacyl.com\/palencia\/asaja-palencia-informa\/suspension-temporal-de-las-tarifas-de-los-fertilizantes-la-decision-de-la-comision-va-en-la-direccion-correcta-pero-sigue-incompleta#primaryimage"},"image":{"@id":"https:\/\/www.asajacyl.com\/palencia\/asaja-palencia-informa\/suspension-temporal-de-las-tarifas-de-los-fertilizantes-la-decision-de-la-comision-va-en-la-direccion-correcta-pero-sigue-incompleta#primaryimage"},"thumbnailUrl":"https:\/\/www.asajacyl.com\/palencia\/wp-content\/uploads\/sites\/3\/2021\/04\/COPACOGECA.jpg","datePublished":"2022-07-25T06:43:00+00:00","dateModified":"2022-07-25T06:52:49+00:00","author":{"@id":"https:\/\/www.asajacyl.com\/palencia\/#\/schema\/person\/3ab17aeb03527485c317557fae64aab1"},"description":"Ante una situaci\u00f3n tensa en los mercados de fertilizantes, la Comisi\u00f3n Europea (DG Comercio) ha tomado una decisi\u00f3n largamente esperada por la comunidad","breadcrumb":{"@id":"https:\/\/www.asajacyl.com\/palencia\/asaja-palencia-informa\/suspension-temporal-de-las-tarifas-de-los-fertilizantes-la-decision-de-la-comision-va-en-la-direccion-correcta-pero-sigue-incompleta#breadcrumb"},"inLanguage":"es","potentialAction":[{"@type":"ReadAction","target":["https:\/\/www.asajacyl.com\/palencia\/asaja-palencia-informa\/suspension-temporal-de-las-tarifas-de-los-fertilizantes-la-decision-de-la-comision-va-en-la-direccion-correcta-pero-sigue-incompleta"]}]},{"@type":"ImageObject","inLanguage":"es","@id":"https:\/\/www.asajacyl.com\/palencia\/asaja-palencia-informa\/suspension-temporal-de-las-tarifas-de-los-fertilizantes-la-decision-de-la-comision-va-en-la-direccion-correcta-pero-sigue-incompleta#primaryimage","url":"https:\/\/www.asajacyl.com\/palencia\/wp-content\/uploads\/sites\/3\/2021\/04\/COPACOGECA.jpg","contentUrl":"https:\/\/www.asajacyl.com\/palencia\/wp-content\/uploads\/sites\/3\/2021\/04\/COPACOGECA.jpg","width":1280,"height":693},{"@type":"BreadcrumbList","@id":"https:\/\/www.asajacyl.com\/palencia\/asaja-palencia-informa\/suspension-temporal-de-las-tarifas-de-los-fertilizantes-la-decision-de-la-comision-va-en-la-direccion-correcta-pero-sigue-incompleta#breadcrumb","itemListElement":[{"@type":"ListItem","position":1,"name":"Portada","item":"https:\/\/www.asajacyl.com\/palencia\/"},{"@type":"ListItem","position":2,"name":"Suspensi\u00f3n temporal de las tarifas de los fertilizantes: la decisi\u00f3n de la Comisi\u00f3n va en la direcci\u00f3n correcta pero sigue incompleta"}]},{"@type":"WebSite","@id":"https:\/\/www.asajacyl.com\/palencia\/#website","url":"https:\/\/www.asajacyl.com\/palencia\/","name":"ASAJA Palencia","description":"Otro sitio m\u00e1s de Provincias ASAJA Castilla y Le\u00f3n","potentialAction":[{"@type":"SearchAction","target":{"@type":"EntryPoint","urlTemplate":"https:\/\/www.asajacyl.com\/palencia\/?s={search_term_string}"},"query-input":{"@type":"PropertyValueSpecification","valueRequired":true,"valueName":"search_term_string"}}],"inLanguage":"es"},{"@type":"Person","@id":"https:\/\/www.asajacyl.com\/palencia\/#\/schema\/person\/3ab17aeb03527485c317557fae64aab1","name":"Administrador","image":{"@type":"ImageObject","inLanguage":"es","@id":"https:\/\/www.asajacyl.com\/palencia\/#\/schema\/person\/image\/","url":"https:\/\/secure.gravatar.com\/avatar\/517384810d242ca9e38c180f3c9fb973?s=96&d=mm&r=g","contentUrl":"https:\/\/secure.gravatar.com\/avatar\/517384810d242ca9e38c180f3c9fb973?s=96&d=mm&r=g","caption":"Administrador"},"url":"https:\/\/www.asajacyl.com\/palencia\/author\/carlosrm"}]}},"_links":{"self":[{"href":"https:\/\/www.asajacyl.com\/palencia\/wp-json\/wp\/v2\/posts\/11094"}],"collection":[{"href":"https:\/\/www.asajacyl.com\/palencia\/wp-json\/wp\/v2\/posts"}],"about":[{"href":"https:\/\/www.asajacyl.com\/palencia\/wp-json\/wp\/v2\/types\/post"}],"author":[{"embeddable":true,"href":"https:\/\/www.asajacyl.com\/palencia\/wp-json\/wp\/v2\/users\/9"}],"replies":[{"embeddable":true,"href":"https:\/\/www.asajacyl.com\/palencia\/wp-json\/wp\/v2\/comments?post=11094"}],"version-history":[{"count":1,"href":"https:\/\/www.asajacyl.com\/palencia\/wp-json\/wp\/v2\/posts\/11094\/revisions"}],"predecessor-version":[{"id":11095,"href":"https:\/\/www.asajacyl.com\/palencia\/wp-json\/wp\/v2\/posts\/11094\/revisions\/11095"}],"wp:featuredmedia":[{"embeddable":true,"href":"https:\/\/www.asajacyl.com\/palencia\/wp-json\/wp\/v2\/media\/8194"}],"wp:attachment":[{"href":"https:\/\/www.asajacyl.com\/palencia\/wp-json\/wp\/v2\/media?parent=11094"}],"wp:term":[{"taxonomy":"category","embeddable":true,"href":"https:\/\/www.asajacyl.com\/palencia\/wp-json\/wp\/v2\/categories?post=11094"},{"taxonomy":"post_tag","embeddable":true,"href":"https:\/\/www.asajacyl.com\/palencia\/wp-json\/wp\/v2\/tags?post=11094"}],"curies":[{"name":"wp","href":"https:\/\/api.w.org\/{rel}","templated":true}]}}