{"id":11096,"date":"2022-07-25T10:07:28","date_gmt":"2022-07-25T08:07:28","guid":{"rendered":"https:\/\/www.asajacyl.com\/palencia\/?p=11096"},"modified":"2022-07-25T10:07:30","modified_gmt":"2022-07-25T08:07:30","slug":"la-comision-propone-rebajar-las-exigencias-de-la-nueva-pac-en-2023-para-incrementar-la-produccion-agraria","status":"publish","type":"post","link":"https:\/\/www.asajacyl.com\/palencia\/asaja-palencia-informa\/la-comision-propone-rebajar-las-exigencias-de-la-nueva-pac-en-2023-para-incrementar-la-produccion-agraria","title":{"rendered":"La Comisi\u00f3n propone rebajar las exigencias de la nueva PAC en 2023 para incrementar la producci\u00f3n agraria"},"content":{"rendered":"\n<p>La Comisi\u00f3n prolongar\u00e1 a 2023 la excepcionalidad a las normas de condicionalidad sobre diversificaci\u00f3n y rotaci\u00f3n de cultivos y a las tierras de barbecho de la PAC, con el objetivo de incrementar la producci\u00f3n agr\u00edcola.<\/p>\n\n\n\n<p>En concreto se propone derogar las pr\u00e1cticas de diversificaci\u00f3n y rotaci\u00f3n de cultivos, de forma que no ser\u00eda obligatorio, en el a\u00f1o 2023, realizar dichas pr\u00e1cticas para poder percibir los pagos directos y determinadas ayudas de desarrollo rural de la PAC.<\/p>\n\n\n\n<p>As\u00ed mismo, respecto a la norma que obligar\u00e1 a dedicar al menos el 4% de la tierra de cultivo a superficies y elementos no productivos, incluido el barbecho, la Comisi\u00f3n propone que el barbecho pueda ser cultivado siempre que no sea de ma\u00edz o soja.<\/p>\n\n\n\n<p>Estas normativas ser\u00e1n de aplicaci\u00f3n voluntaria por parte de los Estados miembros pero el MAPA ha indicado que tiene previsto que en nuestro pa\u00eds se apliquen ambas excepciones. Habr\u00e1 que esperar al contenido de la futura normativa, de la que informaremos cuando sea publicada, para conocer exactamente los detalles.<\/p>\n","protected":false},"excerpt":{"rendered":"<p>La Comisi\u00f3n prolongar\u00e1 a 2023 la excepcionalidad a las normas de condicionalidad sobre diversificaci\u00f3n y rotaci\u00f3n de cultivos y a las tierras de barbecho de la PAC, con el objetivo de incrementar la producci\u00f3n agr\u00edcola. En concreto se propone derogar las pr\u00e1cticas de diversificaci\u00f3n y rotaci\u00f3n de cultivos, de forma que no ser\u00eda obligatorio, en [&hellip;]<\/p>\n","protected":false},"author":9,"featured_media":8267,"comment_status":"open","ping_status":"open","sticky":false,"template":"","format":"standard","meta":{"footnotes":""},"categories":[9,29,28],"tags":[],"yoast_head":"<!-- This site is optimized with the Yoast SEO plugin v24.5 - https:\/\/yoast.com\/wordpress\/plugins\/seo\/ -->\n<title>La Comisi\u00f3n propone rebajar las exigencias de la nueva PAC en 2023 para incrementar la producci\u00f3n agraria - ASAJA Palencia<\/title>\n<meta name=\"description\" content=\"La Comisi\u00f3n prolongar\u00e1 a 2023 la excepcionalidad a las normas de condicionalidad sobre diversificaci\u00f3n y rotaci\u00f3n de cultivos y a las tierras de barbecho\" \/>\n<meta name=\"robots\" content=\"index, follow, max-snippet:-1, max-image-preview:large, max-video-preview:-1\" \/>\n<link rel=\"canonical\" href=\"https:\/\/www.asajacyl.com\/palencia\/asaja-palencia-informa\/la-comision-propone-rebajar-las-exigencias-de-la-nueva-pac-en-2023-para-incrementar-la-produccion-agraria\" \/>\n<meta property=\"og:locale\" content=\"es_ES\" \/>\n<meta property=\"og:type\" content=\"article\" \/>\n<meta property=\"og:title\" content=\"La Comisi\u00f3n propone rebajar las exigencias de la nueva PAC en 2023 para incrementar la producci\u00f3n agraria - ASAJA Palencia\" \/>\n<meta property=\"og:description\" content=\"La Comisi\u00f3n prolongar\u00e1 a 2023 la excepcionalidad a las normas de condicionalidad sobre diversificaci\u00f3n y rotaci\u00f3n de cultivos y a las tierras de barbecho\" \/>\n<meta property=\"og:url\" content=\"https:\/\/www.asajacyl.com\/palencia\/asaja-palencia-informa\/la-comision-propone-rebajar-las-exigencias-de-la-nueva-pac-en-2023-para-incrementar-la-produccion-agraria\" \/>\n<meta property=\"og:site_name\" content=\"ASAJA Palencia\" \/>\n<meta property=\"article:published_time\" content=\"2022-07-25T08:07:28+00:00\" \/>\n<meta property=\"article:modified_time\" content=\"2022-07-25T08:07:30+00:00\" \/>\n<meta property=\"og:image\" content=\"https:\/\/www.asajacyl.com\/palencia\/wp-content\/uploads\/sites\/3\/2021\/05\/COMISION-EUROPEA.jpg\" \/>\n\t<meta property=\"og:image:width\" content=\"1600\" \/>\n\t<meta property=\"og:image:height\" content=\"900\" \/>\n\t<meta property=\"og:image:type\" content=\"image\/jpeg\" \/>\n<meta name=\"author\" content=\"Administrador\" \/>\n<meta name=\"twitter:card\" content=\"summary_large_image\" \/>\n<meta name=\"twitter:label1\" content=\"Escrito por\" \/>\n\t<meta name=\"twitter:data1\" content=\"Administrador\" \/>\n\t<meta name=\"twitter:label2\" content=\"Tiempo de lectura\" \/>\n\t<meta name=\"twitter:data2\" content=\"1 minuto\" \/>\n<script type=\"application\/ld+json\" class=\"yoast-schema-graph\">{\"@context\":\"https:\/\/schema.org\",\"@graph\":[{\"@type\":\"WebPage\",\"@id\":\"https:\/\/www.asajacyl.com\/palencia\/asaja-palencia-informa\/la-comision-propone-rebajar-las-exigencias-de-la-nueva-pac-en-2023-para-incrementar-la-produccion-agraria\",\"url\":\"https:\/\/www.asajacyl.com\/palencia\/asaja-palencia-informa\/la-comision-propone-rebajar-las-exigencias-de-la-nueva-pac-en-2023-para-incrementar-la-produccion-agraria\",\"name\":\"La Comisi\u00f3n propone rebajar las exigencias de la nueva PAC en 2023 para incrementar la producci\u00f3n agraria - ASAJA Palencia\",\"isPartOf\":{\"@id\":\"https:\/\/www.asajacyl.com\/palencia\/#website\"},\"primaryImageOfPage\":{\"@id\":\"https:\/\/www.asajacyl.com\/palencia\/asaja-palencia-informa\/la-comision-propone-rebajar-las-exigencias-de-la-nueva-pac-en-2023-para-incrementar-la-produccion-agraria#primaryimage\"},\"image\":{\"@id\":\"https:\/\/www.asajacyl.com\/palencia\/asaja-palencia-informa\/la-comision-propone-rebajar-las-exigencias-de-la-nueva-pac-en-2023-para-incrementar-la-produccion-agraria#primaryimage\"},\"thumbnailUrl\":\"https:\/\/www.asajacyl.com\/palencia\/wp-content\/uploads\/sites\/3\/2021\/05\/COMISION-EUROPEA.jpg\",\"datePublished\":\"2022-07-25T08:07:28+00:00\",\"dateModified\":\"2022-07-25T08:07:30+00:00\",\"author\":{\"@id\":\"https:\/\/www.asajacyl.com\/palencia\/#\/schema\/person\/3ab17aeb03527485c317557fae64aab1\"},\"description\":\"La Comisi\u00f3n prolongar\u00e1 a 2023 la excepcionalidad a las normas de condicionalidad sobre diversificaci\u00f3n y rotaci\u00f3n de cultivos y a las tierras de barbecho\",\"breadcrumb\":{\"@id\":\"https:\/\/www.asajacyl.com\/palencia\/asaja-palencia-informa\/la-comision-propone-rebajar-las-exigencias-de-la-nueva-pac-en-2023-para-incrementar-la-produccion-agraria#breadcrumb\"},\"inLanguage\":\"es\",\"potentialAction\":[{\"@type\":\"ReadAction\",\"target\":[\"https:\/\/www.asajacyl.com\/palencia\/asaja-palencia-informa\/la-comision-propone-rebajar-las-exigencias-de-la-nueva-pac-en-2023-para-incrementar-la-produccion-agraria\"]}]},{\"@type\":\"ImageObject\",\"inLanguage\":\"es\",\"@id\":\"https:\/\/www.asajacyl.com\/palencia\/asaja-palencia-informa\/la-comision-propone-rebajar-las-exigencias-de-la-nueva-pac-en-2023-para-incrementar-la-produccion-agraria#primaryimage\",\"url\":\"https:\/\/www.asajacyl.com\/palencia\/wp-content\/uploads\/sites\/3\/2021\/05\/COMISION-EUROPEA.jpg\",\"contentUrl\":\"https:\/\/www.asajacyl.com\/palencia\/wp-content\/uploads\/sites\/3\/2021\/05\/COMISION-EUROPEA.jpg\",\"width\":1600,\"height\":900},{\"@type\":\"BreadcrumbList\",\"@id\":\"https:\/\/www.asajacyl.com\/palencia\/asaja-palencia-informa\/la-comision-propone-rebajar-las-exigencias-de-la-nueva-pac-en-2023-para-incrementar-la-produccion-agraria#breadcrumb\",\"itemListElement\":[{\"@type\":\"ListItem\",\"position\":1,\"name\":\"Portada\",\"item\":\"https:\/\/www.asajacyl.com\/palencia\/\"},{\"@type\":\"ListItem\",\"position\":2,\"name\":\"La Comisi\u00f3n propone rebajar las exigencias de la nueva PAC en 2023 para incrementar la producci\u00f3n agraria\"}]},{\"@type\":\"WebSite\",\"@id\":\"https:\/\/www.asajacyl.com\/palencia\/#website\",\"url\":\"https:\/\/www.asajacyl.com\/palencia\/\",\"name\":\"ASAJA Palencia\",\"description\":\"Otro sitio m\u00e1s de Provincias ASAJA Castilla y Le\u00f3n\",\"potentialAction\":[{\"@type\":\"SearchAction\",\"target\":{\"@type\":\"EntryPoint\",\"urlTemplate\":\"https:\/\/www.asajacyl.com\/palencia\/?s={search_term_string}\"},\"query-input\":{\"@type\":\"PropertyValueSpecification\",\"valueRequired\":true,\"valueName\":\"search_term_string\"}}],\"inLanguage\":\"es\"},{\"@type\":\"Person\",\"@id\":\"https:\/\/www.asajacyl.com\/palencia\/#\/schema\/person\/3ab17aeb03527485c317557fae64aab1\",\"name\":\"Administrador\",\"image\":{\"@type\":\"ImageObject\",\"inLanguage\":\"es\",\"@id\":\"https:\/\/www.asajacyl.com\/palencia\/#\/schema\/person\/image\/\",\"url\":\"https:\/\/secure.gravatar.com\/avatar\/517384810d242ca9e38c180f3c9fb973?s=96&d=mm&r=g\",\"contentUrl\":\"https:\/\/secure.gravatar.com\/avatar\/517384810d242ca9e38c180f3c9fb973?s=96&d=mm&r=g\",\"caption\":\"Administrador\"},\"url\":\"https:\/\/www.asajacyl.com\/palencia\/author\/carlosrm\"}]}<\/script>\n<!-- \/ Yoast SEO plugin. -->","yoast_head_json":{"title":"La Comisi\u00f3n propone rebajar las exigencias de la nueva PAC en 2023 para incrementar la producci\u00f3n agraria - ASAJA Palencia","description":"La Comisi\u00f3n prolongar\u00e1 a 2023 la excepcionalidad a las normas de condicionalidad sobre diversificaci\u00f3n y rotaci\u00f3n de cultivos y a las tierras de barbecho","robots":{"index":"index","follow":"follow","max-snippet":"max-snippet:-1","max-image-preview":"max-image-preview:large","max-video-preview":"max-video-preview:-1"},"canonical":"https:\/\/www.asajacyl.com\/palencia\/asaja-palencia-informa\/la-comision-propone-rebajar-las-exigencias-de-la-nueva-pac-en-2023-para-incrementar-la-produccion-agraria","og_locale":"es_ES","og_type":"article","og_title":"La Comisi\u00f3n propone rebajar las exigencias de la nueva PAC en 2023 para incrementar la producci\u00f3n agraria - ASAJA Palencia","og_description":"La Comisi\u00f3n prolongar\u00e1 a 2023 la excepcionalidad a las normas de condicionalidad sobre diversificaci\u00f3n y rotaci\u00f3n de cultivos y a las tierras de barbecho","og_url":"https:\/\/www.asajacyl.com\/palencia\/asaja-palencia-informa\/la-comision-propone-rebajar-las-exigencias-de-la-nueva-pac-en-2023-para-incrementar-la-produccion-agraria","og_site_name":"ASAJA Palencia","article_published_time":"2022-07-25T08:07:28+00:00","article_modified_time":"2022-07-25T08:07:30+00:00","og_image":[{"width":1600,"height":900,"url":"https:\/\/www.asajacyl.com\/palencia\/wp-content\/uploads\/sites\/3\/2021\/05\/COMISION-EUROPEA.jpg","type":"image\/jpeg"}],"author":"Administrador","twitter_card":"summary_large_image","twitter_misc":{"Escrito por":"Administrador","Tiempo de lectura":"1 minuto"},"schema":{"@context":"https:\/\/schema.org","@graph":[{"@type":"WebPage","@id":"https:\/\/www.asajacyl.com\/palencia\/asaja-palencia-informa\/la-comision-propone-rebajar-las-exigencias-de-la-nueva-pac-en-2023-para-incrementar-la-produccion-agraria","url":"https:\/\/www.asajacyl.com\/palencia\/asaja-palencia-informa\/la-comision-propone-rebajar-las-exigencias-de-la-nueva-pac-en-2023-para-incrementar-la-produccion-agraria","name":"La Comisi\u00f3n propone rebajar las exigencias de la nueva PAC en 2023 para incrementar la producci\u00f3n agraria - ASAJA Palencia","isPartOf":{"@id":"https:\/\/www.asajacyl.com\/palencia\/#website"},"primaryImageOfPage":{"@id":"https:\/\/www.asajacyl.com\/palencia\/asaja-palencia-informa\/la-comision-propone-rebajar-las-exigencias-de-la-nueva-pac-en-2023-para-incrementar-la-produccion-agraria#primaryimage"},"image":{"@id":"https:\/\/www.asajacyl.com\/palencia\/asaja-palencia-informa\/la-comision-propone-rebajar-las-exigencias-de-la-nueva-pac-en-2023-para-incrementar-la-produccion-agraria#primaryimage"},"thumbnailUrl":"https:\/\/www.asajacyl.com\/palencia\/wp-content\/uploads\/sites\/3\/2021\/05\/COMISION-EUROPEA.jpg","datePublished":"2022-07-25T08:07:28+00:00","dateModified":"2022-07-25T08:07:30+00:00","author":{"@id":"https:\/\/www.asajacyl.com\/palencia\/#\/schema\/person\/3ab17aeb03527485c317557fae64aab1"},"description":"La Comisi\u00f3n prolongar\u00e1 a 2023 la excepcionalidad a las normas de condicionalidad sobre diversificaci\u00f3n y rotaci\u00f3n de cultivos y a las tierras de barbecho","breadcrumb":{"@id":"https:\/\/www.asajacyl.com\/palencia\/asaja-palencia-informa\/la-comision-propone-rebajar-las-exigencias-de-la-nueva-pac-en-2023-para-incrementar-la-produccion-agraria#breadcrumb"},"inLanguage":"es","potentialAction":[{"@type":"ReadAction","target":["https:\/\/www.asajacyl.com\/palencia\/asaja-palencia-informa\/la-comision-propone-rebajar-las-exigencias-de-la-nueva-pac-en-2023-para-incrementar-la-produccion-agraria"]}]},{"@type":"ImageObject","inLanguage":"es","@id":"https:\/\/www.asajacyl.com\/palencia\/asaja-palencia-informa\/la-comision-propone-rebajar-las-exigencias-de-la-nueva-pac-en-2023-para-incrementar-la-produccion-agraria#primaryimage","url":"https:\/\/www.asajacyl.com\/palencia\/wp-content\/uploads\/sites\/3\/2021\/05\/COMISION-EUROPEA.jpg","contentUrl":"https:\/\/www.asajacyl.com\/palencia\/wp-content\/uploads\/sites\/3\/2021\/05\/COMISION-EUROPEA.jpg","width":1600,"height":900},{"@type":"BreadcrumbList","@id":"https:\/\/www.asajacyl.com\/palencia\/asaja-palencia-informa\/la-comision-propone-rebajar-las-exigencias-de-la-nueva-pac-en-2023-para-incrementar-la-produccion-agraria#breadcrumb","itemListElement":[{"@type":"ListItem","position":1,"name":"Portada","item":"https:\/\/www.asajacyl.com\/palencia\/"},{"@type":"ListItem","position":2,"name":"La Comisi\u00f3n propone rebajar las exigencias de la nueva PAC en 2023 para incrementar la producci\u00f3n agraria"}]},{"@type":"WebSite","@id":"https:\/\/www.asajacyl.com\/palencia\/#website","url":"https:\/\/www.asajacyl.com\/palencia\/","name":"ASAJA Palencia","description":"Otro sitio m\u00e1s de Provincias ASAJA Castilla y Le\u00f3n","potentialAction":[{"@type":"SearchAction","target":{"@type":"EntryPoint","urlTemplate":"https:\/\/www.asajacyl.com\/palencia\/?s={search_term_string}"},"query-input":{"@type":"PropertyValueSpecification","valueRequired":true,"valueName":"search_term_string"}}],"inLanguage":"es"},{"@type":"Person","@id":"https:\/\/www.asajacyl.com\/palencia\/#\/schema\/person\/3ab17aeb03527485c317557fae64aab1","name":"Administrador","image":{"@type":"ImageObject","inLanguage":"es","@id":"https:\/\/www.asajacyl.com\/palencia\/#\/schema\/person\/image\/","url":"https:\/\/secure.gravatar.com\/avatar\/517384810d242ca9e38c180f3c9fb973?s=96&d=mm&r=g","contentUrl":"https:\/\/secure.gravatar.com\/avatar\/517384810d242ca9e38c180f3c9fb973?s=96&d=mm&r=g","caption":"Administrador"},"url":"https:\/\/www.asajacyl.com\/palencia\/author\/carlosrm"}]}},"_links":{"self":[{"href":"https:\/\/www.asajacyl.com\/palencia\/wp-json\/wp\/v2\/posts\/11096"}],"collection":[{"href":"https:\/\/www.asajacyl.com\/palencia\/wp-json\/wp\/v2\/posts"}],"about":[{"href":"https:\/\/www.asajacyl.com\/palencia\/wp-json\/wp\/v2\/types\/post"}],"author":[{"embeddable":true,"href":"https:\/\/www.asajacyl.com\/palencia\/wp-json\/wp\/v2\/users\/9"}],"replies":[{"embeddable":true,"href":"https:\/\/www.asajacyl.com\/palencia\/wp-json\/wp\/v2\/comments?post=11096"}],"version-history":[{"count":1,"href":"https:\/\/www.asajacyl.com\/palencia\/wp-json\/wp\/v2\/posts\/11096\/revisions"}],"predecessor-version":[{"id":11097,"href":"https:\/\/www.asajacyl.com\/palencia\/wp-json\/wp\/v2\/posts\/11096\/revisions\/11097"}],"wp:featuredmedia":[{"embeddable":true,"href":"https:\/\/www.asajacyl.com\/palencia\/wp-json\/wp\/v2\/media\/8267"}],"wp:attachment":[{"href":"https:\/\/www.asajacyl.com\/palencia\/wp-json\/wp\/v2\/media?parent=11096"}],"wp:term":[{"taxonomy":"category","embeddable":true,"href":"https:\/\/www.asajacyl.com\/palencia\/wp-json\/wp\/v2\/categories?post=11096"},{"taxonomy":"post_tag","embeddable":true,"href":"https:\/\/www.asajacyl.com\/palencia\/wp-json\/wp\/v2\/tags?post=11096"}],"curies":[{"name":"wp","href":"https:\/\/api.w.org\/{rel}","templated":true}]}}