{"id":11100,"date":"2022-07-29T13:49:00","date_gmt":"2022-07-29T11:49:00","guid":{"rendered":"https:\/\/www.asajacyl.com\/palencia\/?p=11100"},"modified":"2022-07-26T11:43:53","modified_gmt":"2022-07-26T09:43:53","slug":"inlac-aprueba-la-nueva-extension-de-norma-para-el-sector-lacteo-hasta-2026","status":"publish","type":"post","link":"https:\/\/www.asajacyl.com\/palencia\/asaja-palencia-informa\/inlac-aprueba-la-nueva-extension-de-norma-para-el-sector-lacteo-hasta-2026","title":{"rendered":"La Junta Directiva de INLAC aprueba la nueva extensi\u00f3n de norma para el sector l\u00e1cteo hasta 2026"},"content":{"rendered":"\n<p>InLac es la organizaci\u00f3n interprofesional que engloba a todo el sector l\u00e1cteo de Espa\u00f1a y sus miembros representan a la rama de producci\u00f3n y a la rama transformadora (o industria). Su principal funci\u00f3n es velar por la sostenibilidad de la cadena de valor del sector l\u00e1cteo.<\/p>\n\n\n\n<p>La Extensi\u00f3n de Norma es un acuerdo tomado en el seno de la Interprofesional que se hace extensible y obligatorio a todos los productores y operadores del sector en cuesti\u00f3n. La Extensi\u00f3n de Norma aprobada actualmente es la cuarta: la primera estuvo vigente desde septiembre de 2012 a septiembre de 2015, la segunda desde octubre de 2015 hasta diciembre de 2018, la tercera desde enero de 2019 hasta el 31 de diciembre de 2022 y la reci\u00e9n aprobada tendr\u00e1 vigencia desde enero de 2023 hasta diciembre de 2026.<\/p>\n\n\n\n<p>Mediante una cuota anual, de cada una de las ramas profesionales (producci\u00f3n y transformadora a partes iguales), se llevan a cabo labores de comunicaci\u00f3n en los medios as\u00ed como promoci\u00f3n de los productos l\u00e1cteos y de la ganader\u00eda. El 80% de la aportaci\u00f3n econ\u00f3mica se destina a estos fines aunque tambi\u00e9n otra parte se destina a la transparencia de la cadena de valor y a I+D+i (investigaci\u00f3n, desarrollo e innovaci\u00f3n).<\/p>\n\n\n\n<p>La Junta Directiva ha acordado, y ahora tendr\u00e1 que ratificarlo la asamblea y posteriormente el MAPA para que se lleve a efecto, establecer para esta nueva extensi\u00f3n una cuota de 0,35 \u20ac\/1000 litros de leche (-12,5%), que se divide en dos subcuotas de 0,175 \u20ac\/1000 litros que ser\u00e1n abonadas, por un lado, por el productor de la leche y, por otro, por el transformador de la leche cruda. Como novedad, en la nueva extensi\u00f3n de norma se tendr\u00e1n en cuenta las declaraciones complementarias de los primeros compradores. As\u00ed la Interprofesional facturar\u00e1 directamente al segundo comprador y no al primer comprador. De este modo, muchas cooperativas ya no tendr\u00e1n que asumir el coste que estaba suponiendo esta cuota cuando la industria no lo asum\u00eda y la Interprofesional podr\u00e1 actuar en caso de impagos.<\/p>\n\n\n\n<p>El censo de ganado de Palencia es de unas 17.000 vacas, 124.000 ovejas y 1.500 cabras. Estos animales producen unos 208 millones de litros de leche. Con estos datos, es f\u00e1cil calcular que los ganaderos de la provincia de Palencia aportar\u00e1n a la extensi\u00f3n de norma  algo m\u00e1s de 36.000 euros al a\u00f1o, que se destinar\u00e1n a los fines de INLAC.<\/p>\n\n\n\n<p>Recaudaciones de las anteriores extensiones de norma en c\u00e9ntimos\/litro:<\/p>\n\n\n\n<figure class=\"wp-block-table is-style-stripes\"><table><tbody><tr><td>&nbsp;<\/td><td class=\"has-text-align-center\" data-align=\"center\"><strong>2012\/13<\/strong><\/td><td class=\"has-text-align-center\" data-align=\"center\"><strong>2013\/14<\/strong><\/td><td class=\"has-text-align-center\" data-align=\"center\"><strong>2014\/15<\/strong><\/td><td class=\"has-text-align-center\" data-align=\"center\"><strong>2015\/16<\/strong><\/td><td class=\"has-text-align-center\" data-align=\"center\"><strong>2017<\/strong><\/td><td class=\"has-text-align-center\" data-align=\"center\"><strong>2018<\/strong><\/td><td class=\"has-text-align-center\" data-align=\"center\"><strong>2019<\/strong><\/td><td class=\"has-text-align-center\" data-align=\"center\"><strong>2020<\/strong><\/td><td class=\"has-text-align-center\" data-align=\"center\"><strong>2021<\/strong><\/td><td class=\"has-text-align-center\" data-align=\"center\"><strong>2022<\/strong><\/td><td class=\"has-text-align-center\" data-align=\"center\"><strong>2023\/26<\/strong><\/td><\/tr><tr><td><strong>Productor<\/strong><\/td><td class=\"has-text-align-center\" data-align=\"center\">0,00006<\/td><td class=\"has-text-align-center\" data-align=\"center\">0,000065<\/td><td class=\"has-text-align-center\" data-align=\"center\">0,000075<\/td><td class=\"has-text-align-center\" data-align=\"center\">0,000075<\/td><td class=\"has-text-align-center\" data-align=\"center\">0,000075<\/td><td class=\"has-text-align-center\" data-align=\"center\">0,00009<\/td><td class=\"has-text-align-center\" data-align=\"center\">0,00015<\/td><td class=\"has-text-align-center\" data-align=\"center\">0,00017<\/td><td class=\"has-text-align-center\" data-align=\"center\">0,00018<\/td><td class=\"has-text-align-center\" data-align=\"center\">0,0002<\/td><td class=\"has-text-align-center\" data-align=\"center\">0,000175<\/td><\/tr><tr><td><strong>Transformador<\/strong><\/td><td class=\"has-text-align-center\" data-align=\"center\">0,00006<\/td><td class=\"has-text-align-center\" data-align=\"center\">0,000065<\/td><td class=\"has-text-align-center\" data-align=\"center\">0,000075<\/td><td class=\"has-text-align-center\" data-align=\"center\">0,000075<\/td><td class=\"has-text-align-center\" data-align=\"center\">0,000075<\/td><td class=\"has-text-align-center\" data-align=\"center\">0,00009<\/td><td class=\"has-text-align-center\" data-align=\"center\">0,00015<\/td><td class=\"has-text-align-center\" data-align=\"center\">0,00017<\/td><td class=\"has-text-align-center\" data-align=\"center\">0,00018<\/td><td class=\"has-text-align-center\" data-align=\"center\">0,0002<\/td><td class=\"has-text-align-center\" data-align=\"center\">0,000175<\/td><\/tr><tr><td><strong>Total<\/strong><\/td><td class=\"has-text-align-center\" data-align=\"center\">0,00012<\/td><td class=\"has-text-align-center\" data-align=\"center\">0,00013<\/td><td class=\"has-text-align-center\" data-align=\"center\">0,00015<\/td><td class=\"has-text-align-center\" data-align=\"center\">0,00015<\/td><td class=\"has-text-align-center\" data-align=\"center\">0,00015<\/td><td class=\"has-text-align-center\" data-align=\"center\">0,00018<\/td><td class=\"has-text-align-center\" data-align=\"center\">0,0003<\/td><td class=\"has-text-align-center\" data-align=\"center\">0,00034<\/td><td class=\"has-text-align-center\" data-align=\"center\">0,00036<\/td><td class=\"has-text-align-center\" data-align=\"center\">0,0004<\/td><td class=\"has-text-align-center\" data-align=\"center\">0,00035<\/td><\/tr><\/tbody><\/table><\/figure>\n","protected":false},"excerpt":{"rendered":"<p>InLac es la organizaci\u00f3n interprofesional que engloba a todo el sector l\u00e1cteo de Espa\u00f1a y sus miembros representan a la rama de producci\u00f3n y a la rama transformadora (o industria). Su principal funci\u00f3n es velar por la sostenibilidad de la cadena de valor del sector l\u00e1cteo. La Extensi\u00f3n de Norma es un acuerdo tomado en [&hellip;]<\/p>\n","protected":false},"author":9,"featured_media":10971,"comment_status":"open","ping_status":"open","sticky":false,"template":"","format":"standard","meta":{"footnotes":""},"categories":[9,29,28],"tags":[],"yoast_head":"<!-- This site is optimized with the Yoast SEO plugin v24.5 - https:\/\/yoast.com\/wordpress\/plugins\/seo\/ -->\n<title>La Junta Directiva de INLAC aprueba la nueva extensi\u00f3n de norma para el sector l\u00e1cteo hasta 2026 - ASAJA Palencia<\/title>\n<meta name=\"description\" content=\"InLac es la organizaci\u00f3n interprofesional que engloba a todo el sector l\u00e1cteo de Espa\u00f1a y sus miembros representan a la rama de producci\u00f3n y a la rama\" \/>\n<meta name=\"robots\" content=\"index, follow, max-snippet:-1, max-image-preview:large, max-video-preview:-1\" \/>\n<link rel=\"canonical\" href=\"https:\/\/www.asajacyl.com\/palencia\/asaja-palencia-informa\/inlac-aprueba-la-nueva-extension-de-norma-para-el-sector-lacteo-hasta-2026\" \/>\n<meta property=\"og:locale\" content=\"es_ES\" \/>\n<meta property=\"og:type\" content=\"article\" \/>\n<meta property=\"og:title\" content=\"La Junta Directiva de INLAC aprueba la nueva extensi\u00f3n de norma para el sector l\u00e1cteo hasta 2026 - ASAJA Palencia\" \/>\n<meta property=\"og:description\" content=\"InLac es la organizaci\u00f3n interprofesional que engloba a todo el sector l\u00e1cteo de Espa\u00f1a y sus miembros representan a la rama de producci\u00f3n y a la rama\" \/>\n<meta property=\"og:url\" content=\"https:\/\/www.asajacyl.com\/palencia\/asaja-palencia-informa\/inlac-aprueba-la-nueva-extension-de-norma-para-el-sector-lacteo-hasta-2026\" \/>\n<meta property=\"og:site_name\" content=\"ASAJA Palencia\" \/>\n<meta property=\"article:published_time\" content=\"2022-07-29T11:49:00+00:00\" \/>\n<meta property=\"og:image\" content=\"https:\/\/www.asajacyl.com\/palencia\/wp-content\/uploads\/sites\/3\/2022\/06\/VACAS-LECHE-1.jpg\" \/>\n\t<meta property=\"og:image:width\" content=\"1600\" \/>\n\t<meta property=\"og:image:height\" content=\"720\" \/>\n\t<meta property=\"og:image:type\" content=\"image\/jpeg\" \/>\n<meta name=\"author\" content=\"Administrador\" \/>\n<meta name=\"twitter:card\" content=\"summary_large_image\" \/>\n<meta name=\"twitter:label1\" content=\"Escrito por\" \/>\n\t<meta name=\"twitter:data1\" content=\"Administrador\" \/>\n\t<meta name=\"twitter:label2\" content=\"Tiempo de lectura\" \/>\n\t<meta name=\"twitter:data2\" content=\"3 minutos\" \/>\n<script type=\"application\/ld+json\" class=\"yoast-schema-graph\">{\"@context\":\"https:\/\/schema.org\",\"@graph\":[{\"@type\":\"WebPage\",\"@id\":\"https:\/\/www.asajacyl.com\/palencia\/asaja-palencia-informa\/inlac-aprueba-la-nueva-extension-de-norma-para-el-sector-lacteo-hasta-2026\",\"url\":\"https:\/\/www.asajacyl.com\/palencia\/asaja-palencia-informa\/inlac-aprueba-la-nueva-extension-de-norma-para-el-sector-lacteo-hasta-2026\",\"name\":\"La Junta Directiva de INLAC aprueba la nueva extensi\u00f3n de norma para el sector l\u00e1cteo hasta 2026 - ASAJA Palencia\",\"isPartOf\":{\"@id\":\"https:\/\/www.asajacyl.com\/palencia\/#website\"},\"primaryImageOfPage\":{\"@id\":\"https:\/\/www.asajacyl.com\/palencia\/asaja-palencia-informa\/inlac-aprueba-la-nueva-extension-de-norma-para-el-sector-lacteo-hasta-2026#primaryimage\"},\"image\":{\"@id\":\"https:\/\/www.asajacyl.com\/palencia\/asaja-palencia-informa\/inlac-aprueba-la-nueva-extension-de-norma-para-el-sector-lacteo-hasta-2026#primaryimage\"},\"thumbnailUrl\":\"https:\/\/www.asajacyl.com\/palencia\/wp-content\/uploads\/sites\/3\/2022\/06\/VACAS-LECHE-1.jpg\",\"datePublished\":\"2022-07-29T11:49:00+00:00\",\"author\":{\"@id\":\"https:\/\/www.asajacyl.com\/palencia\/#\/schema\/person\/3ab17aeb03527485c317557fae64aab1\"},\"description\":\"InLac es la organizaci\u00f3n interprofesional que engloba a todo el sector l\u00e1cteo de Espa\u00f1a y sus miembros representan a la rama de producci\u00f3n y a la rama\",\"breadcrumb\":{\"@id\":\"https:\/\/www.asajacyl.com\/palencia\/asaja-palencia-informa\/inlac-aprueba-la-nueva-extension-de-norma-para-el-sector-lacteo-hasta-2026#breadcrumb\"},\"inLanguage\":\"es\",\"potentialAction\":[{\"@type\":\"ReadAction\",\"target\":[\"https:\/\/www.asajacyl.com\/palencia\/asaja-palencia-informa\/inlac-aprueba-la-nueva-extension-de-norma-para-el-sector-lacteo-hasta-2026\"]}]},{\"@type\":\"ImageObject\",\"inLanguage\":\"es\",\"@id\":\"https:\/\/www.asajacyl.com\/palencia\/asaja-palencia-informa\/inlac-aprueba-la-nueva-extension-de-norma-para-el-sector-lacteo-hasta-2026#primaryimage\",\"url\":\"https:\/\/www.asajacyl.com\/palencia\/wp-content\/uploads\/sites\/3\/2022\/06\/VACAS-LECHE-1.jpg\",\"contentUrl\":\"https:\/\/www.asajacyl.com\/palencia\/wp-content\/uploads\/sites\/3\/2022\/06\/VACAS-LECHE-1.jpg\",\"width\":1600,\"height\":720},{\"@type\":\"BreadcrumbList\",\"@id\":\"https:\/\/www.asajacyl.com\/palencia\/asaja-palencia-informa\/inlac-aprueba-la-nueva-extension-de-norma-para-el-sector-lacteo-hasta-2026#breadcrumb\",\"itemListElement\":[{\"@type\":\"ListItem\",\"position\":1,\"name\":\"Portada\",\"item\":\"https:\/\/www.asajacyl.com\/palencia\/\"},{\"@type\":\"ListItem\",\"position\":2,\"name\":\"La Junta Directiva de INLAC aprueba la nueva extensi\u00f3n de norma para el sector l\u00e1cteo hasta 2026\"}]},{\"@type\":\"WebSite\",\"@id\":\"https:\/\/www.asajacyl.com\/palencia\/#website\",\"url\":\"https:\/\/www.asajacyl.com\/palencia\/\",\"name\":\"ASAJA Palencia\",\"description\":\"Otro sitio m\u00e1s de Provincias ASAJA Castilla y Le\u00f3n\",\"potentialAction\":[{\"@type\":\"SearchAction\",\"target\":{\"@type\":\"EntryPoint\",\"urlTemplate\":\"https:\/\/www.asajacyl.com\/palencia\/?s={search_term_string}\"},\"query-input\":{\"@type\":\"PropertyValueSpecification\",\"valueRequired\":true,\"valueName\":\"search_term_string\"}}],\"inLanguage\":\"es\"},{\"@type\":\"Person\",\"@id\":\"https:\/\/www.asajacyl.com\/palencia\/#\/schema\/person\/3ab17aeb03527485c317557fae64aab1\",\"name\":\"Administrador\",\"image\":{\"@type\":\"ImageObject\",\"inLanguage\":\"es\",\"@id\":\"https:\/\/www.asajacyl.com\/palencia\/#\/schema\/person\/image\/\",\"url\":\"https:\/\/secure.gravatar.com\/avatar\/517384810d242ca9e38c180f3c9fb973?s=96&d=mm&r=g\",\"contentUrl\":\"https:\/\/secure.gravatar.com\/avatar\/517384810d242ca9e38c180f3c9fb973?s=96&d=mm&r=g\",\"caption\":\"Administrador\"},\"url\":\"https:\/\/www.asajacyl.com\/palencia\/author\/carlosrm\"}]}<\/script>\n<!-- \/ Yoast SEO plugin. -->","yoast_head_json":{"title":"La Junta Directiva de INLAC aprueba la nueva extensi\u00f3n de norma para el sector l\u00e1cteo hasta 2026 - ASAJA Palencia","description":"InLac es la organizaci\u00f3n interprofesional que engloba a todo el sector l\u00e1cteo de Espa\u00f1a y sus miembros representan a la rama de producci\u00f3n y a la rama","robots":{"index":"index","follow":"follow","max-snippet":"max-snippet:-1","max-image-preview":"max-image-preview:large","max-video-preview":"max-video-preview:-1"},"canonical":"https:\/\/www.asajacyl.com\/palencia\/asaja-palencia-informa\/inlac-aprueba-la-nueva-extension-de-norma-para-el-sector-lacteo-hasta-2026","og_locale":"es_ES","og_type":"article","og_title":"La Junta Directiva de INLAC aprueba la nueva extensi\u00f3n de norma para el sector l\u00e1cteo hasta 2026 - ASAJA Palencia","og_description":"InLac es la organizaci\u00f3n interprofesional que engloba a todo el sector l\u00e1cteo de Espa\u00f1a y sus miembros representan a la rama de producci\u00f3n y a la rama","og_url":"https:\/\/www.asajacyl.com\/palencia\/asaja-palencia-informa\/inlac-aprueba-la-nueva-extension-de-norma-para-el-sector-lacteo-hasta-2026","og_site_name":"ASAJA Palencia","article_published_time":"2022-07-29T11:49:00+00:00","og_image":[{"width":1600,"height":720,"url":"https:\/\/www.asajacyl.com\/palencia\/wp-content\/uploads\/sites\/3\/2022\/06\/VACAS-LECHE-1.jpg","type":"image\/jpeg"}],"author":"Administrador","twitter_card":"summary_large_image","twitter_misc":{"Escrito por":"Administrador","Tiempo de lectura":"3 minutos"},"schema":{"@context":"https:\/\/schema.org","@graph":[{"@type":"WebPage","@id":"https:\/\/www.asajacyl.com\/palencia\/asaja-palencia-informa\/inlac-aprueba-la-nueva-extension-de-norma-para-el-sector-lacteo-hasta-2026","url":"https:\/\/www.asajacyl.com\/palencia\/asaja-palencia-informa\/inlac-aprueba-la-nueva-extension-de-norma-para-el-sector-lacteo-hasta-2026","name":"La Junta Directiva de INLAC aprueba la nueva extensi\u00f3n de norma para el sector l\u00e1cteo hasta 2026 - ASAJA Palencia","isPartOf":{"@id":"https:\/\/www.asajacyl.com\/palencia\/#website"},"primaryImageOfPage":{"@id":"https:\/\/www.asajacyl.com\/palencia\/asaja-palencia-informa\/inlac-aprueba-la-nueva-extension-de-norma-para-el-sector-lacteo-hasta-2026#primaryimage"},"image":{"@id":"https:\/\/www.asajacyl.com\/palencia\/asaja-palencia-informa\/inlac-aprueba-la-nueva-extension-de-norma-para-el-sector-lacteo-hasta-2026#primaryimage"},"thumbnailUrl":"https:\/\/www.asajacyl.com\/palencia\/wp-content\/uploads\/sites\/3\/2022\/06\/VACAS-LECHE-1.jpg","datePublished":"2022-07-29T11:49:00+00:00","author":{"@id":"https:\/\/www.asajacyl.com\/palencia\/#\/schema\/person\/3ab17aeb03527485c317557fae64aab1"},"description":"InLac es la organizaci\u00f3n interprofesional que engloba a todo el sector l\u00e1cteo de Espa\u00f1a y sus miembros representan a la rama de producci\u00f3n y a la rama","breadcrumb":{"@id":"https:\/\/www.asajacyl.com\/palencia\/asaja-palencia-informa\/inlac-aprueba-la-nueva-extension-de-norma-para-el-sector-lacteo-hasta-2026#breadcrumb"},"inLanguage":"es","potentialAction":[{"@type":"ReadAction","target":["https:\/\/www.asajacyl.com\/palencia\/asaja-palencia-informa\/inlac-aprueba-la-nueva-extension-de-norma-para-el-sector-lacteo-hasta-2026"]}]},{"@type":"ImageObject","inLanguage":"es","@id":"https:\/\/www.asajacyl.com\/palencia\/asaja-palencia-informa\/inlac-aprueba-la-nueva-extension-de-norma-para-el-sector-lacteo-hasta-2026#primaryimage","url":"https:\/\/www.asajacyl.com\/palencia\/wp-content\/uploads\/sites\/3\/2022\/06\/VACAS-LECHE-1.jpg","contentUrl":"https:\/\/www.asajacyl.com\/palencia\/wp-content\/uploads\/sites\/3\/2022\/06\/VACAS-LECHE-1.jpg","width":1600,"height":720},{"@type":"BreadcrumbList","@id":"https:\/\/www.asajacyl.com\/palencia\/asaja-palencia-informa\/inlac-aprueba-la-nueva-extension-de-norma-para-el-sector-lacteo-hasta-2026#breadcrumb","itemListElement":[{"@type":"ListItem","position":1,"name":"Portada","item":"https:\/\/www.asajacyl.com\/palencia\/"},{"@type":"ListItem","position":2,"name":"La Junta Directiva de INLAC aprueba la nueva extensi\u00f3n de norma para el sector l\u00e1cteo hasta 2026"}]},{"@type":"WebSite","@id":"https:\/\/www.asajacyl.com\/palencia\/#website","url":"https:\/\/www.asajacyl.com\/palencia\/","name":"ASAJA Palencia","description":"Otro sitio m\u00e1s de Provincias ASAJA Castilla y Le\u00f3n","potentialAction":[{"@type":"SearchAction","target":{"@type":"EntryPoint","urlTemplate":"https:\/\/www.asajacyl.com\/palencia\/?s={search_term_string}"},"query-input":{"@type":"PropertyValueSpecification","valueRequired":true,"valueName":"search_term_string"}}],"inLanguage":"es"},{"@type":"Person","@id":"https:\/\/www.asajacyl.com\/palencia\/#\/schema\/person\/3ab17aeb03527485c317557fae64aab1","name":"Administrador","image":{"@type":"ImageObject","inLanguage":"es","@id":"https:\/\/www.asajacyl.com\/palencia\/#\/schema\/person\/image\/","url":"https:\/\/secure.gravatar.com\/avatar\/517384810d242ca9e38c180f3c9fb973?s=96&d=mm&r=g","contentUrl":"https:\/\/secure.gravatar.com\/avatar\/517384810d242ca9e38c180f3c9fb973?s=96&d=mm&r=g","caption":"Administrador"},"url":"https:\/\/www.asajacyl.com\/palencia\/author\/carlosrm"}]}},"_links":{"self":[{"href":"https:\/\/www.asajacyl.com\/palencia\/wp-json\/wp\/v2\/posts\/11100"}],"collection":[{"href":"https:\/\/www.asajacyl.com\/palencia\/wp-json\/wp\/v2\/posts"}],"about":[{"href":"https:\/\/www.asajacyl.com\/palencia\/wp-json\/wp\/v2\/types\/post"}],"author":[{"embeddable":true,"href":"https:\/\/www.asajacyl.com\/palencia\/wp-json\/wp\/v2\/users\/9"}],"replies":[{"embeddable":true,"href":"https:\/\/www.asajacyl.com\/palencia\/wp-json\/wp\/v2\/comments?post=11100"}],"version-history":[{"count":4,"href":"https:\/\/www.asajacyl.com\/palencia\/wp-json\/wp\/v2\/posts\/11100\/revisions"}],"predecessor-version":[{"id":11129,"href":"https:\/\/www.asajacyl.com\/palencia\/wp-json\/wp\/v2\/posts\/11100\/revisions\/11129"}],"wp:featuredmedia":[{"embeddable":true,"href":"https:\/\/www.asajacyl.com\/palencia\/wp-json\/wp\/v2\/media\/10971"}],"wp:attachment":[{"href":"https:\/\/www.asajacyl.com\/palencia\/wp-json\/wp\/v2\/media?parent=11100"}],"wp:term":[{"taxonomy":"category","embeddable":true,"href":"https:\/\/www.asajacyl.com\/palencia\/wp-json\/wp\/v2\/categories?post=11100"},{"taxonomy":"post_tag","embeddable":true,"href":"https:\/\/www.asajacyl.com\/palencia\/wp-json\/wp\/v2\/tags?post=11100"}],"curies":[{"name":"wp","href":"https:\/\/api.w.org\/{rel}","templated":true}]}}