{"id":11111,"date":"2022-08-01T10:53:00","date_gmt":"2022-08-01T08:53:00","guid":{"rendered":"https:\/\/www.asajacyl.com\/palencia\/?p=11111"},"modified":"2022-07-29T15:01:55","modified_gmt":"2022-07-29T13:01:55","slug":"ampliacion-de-la-tarifa-plana-para-autonomos-en-castilla-y-leon","status":"publish","type":"post","link":"https:\/\/www.asajacyl.com\/palencia\/asaja-palencia-informa\/ampliacion-de-la-tarifa-plana-para-autonomos-en-castilla-y-leon","title":{"rendered":"Ampliaci\u00f3n de la \u201cTarifa Plana para aut\u00f3nomos\u201d en Castilla y Le\u00f3n"},"content":{"rendered":"\n<p>El objetivo de la \u201cTarifa Plana Plus\u201d es subvencionar parcialmente el pago de las cuotas, tanto por contingencias comunes como por contingencias profesionales (para trabajadores aut\u00f3nomos de alta en el RETA). En principio estaba en vigor durante un a\u00f1o, pero la Consejer\u00eda de Industria, Comercio y Empleo ha anunciado que ampliar\u00e1 la ayuda para reducir el pago de la cuota durante seis meses m\u00e1s, lo que supondr\u00e1 360 euros en total:<\/p>\n\n\n\n<p>El plazo de presentaci\u00f3n de solicitudes es:<\/p>\n\n\n\n<ul><li>Del 26 de julio al 31 de agosto de 2022:<ul><li>Para las altas producidas del 2 de junio de 2020 al 31 de enero de 2021, con disfrute de la reducci\u00f3n durante 12 meses.<\/li><li>Para las altas producidas del 2 de junio de 2019 al 31 de enero de 2020, con disfrute de la reducci\u00f3n durante 24 meses.<\/li><\/ul><\/li><li>Del d\u00eda 3 al 30 de octubre de 2022:<ul><li>Para las altas producidas del 1 de febrero de 2021 al 31 de marzo de 2021, con disfrute de la reducci\u00f3n durante 12 meses.<\/li><li>Para las altas producidas del 1 de febrero de 2020 al 31 de marzo de 2020, con disfrute de la reducci\u00f3n durante 24 meses.<\/li><\/ul><\/li><\/ul>\n","protected":false},"excerpt":{"rendered":"<p>El objetivo de la \u201cTarifa Plana Plus\u201d es subvencionar parcialmente el pago de las cuotas, tanto por contingencias comunes como por contingencias profesionales (para trabajadores aut\u00f3nomos de alta en el RETA). En principio estaba en vigor durante un a\u00f1o, pero la Consejer\u00eda de Industria, Comercio y Empleo ha anunciado que ampliar\u00e1 la ayuda para reducir [&hellip;]<\/p>\n","protected":false},"author":9,"featured_media":11117,"comment_status":"open","ping_status":"open","sticky":false,"template":"","format":"standard","meta":{"footnotes":""},"categories":[9,28],"tags":[],"yoast_head":"<!-- This site is optimized with the Yoast SEO plugin v24.5 - https:\/\/yoast.com\/wordpress\/plugins\/seo\/ -->\n<title>Ampliaci\u00f3n de la \u201cTarifa Plana para aut\u00f3nomos\u201d en Castilla y Le\u00f3n - ASAJA Palencia<\/title>\n<meta name=\"description\" content=\"El objetivo de la \u201cTarifa Plana Plus\u201d es subvencionar parcialmente el pago de las cuotas, tanto por contingencias comunes como por contingencias\" \/>\n<meta name=\"robots\" content=\"index, follow, max-snippet:-1, max-image-preview:large, max-video-preview:-1\" \/>\n<link rel=\"canonical\" href=\"https:\/\/www.asajacyl.com\/palencia\/asaja-palencia-informa\/ampliacion-de-la-tarifa-plana-para-autonomos-en-castilla-y-leon\" \/>\n<meta property=\"og:locale\" content=\"es_ES\" \/>\n<meta property=\"og:type\" content=\"article\" \/>\n<meta property=\"og:title\" content=\"Ampliaci\u00f3n de la \u201cTarifa Plana para aut\u00f3nomos\u201d en Castilla y Le\u00f3n - ASAJA Palencia\" \/>\n<meta property=\"og:description\" content=\"El objetivo de la \u201cTarifa Plana Plus\u201d es subvencionar parcialmente el pago de las cuotas, tanto por contingencias comunes como por contingencias\" \/>\n<meta property=\"og:url\" content=\"https:\/\/www.asajacyl.com\/palencia\/asaja-palencia-informa\/ampliacion-de-la-tarifa-plana-para-autonomos-en-castilla-y-leon\" \/>\n<meta property=\"og:site_name\" content=\"ASAJA Palencia\" \/>\n<meta property=\"article:published_time\" content=\"2022-08-01T08:53:00+00:00\" \/>\n<meta property=\"og:image\" content=\"https:\/\/www.asajacyl.com\/palencia\/wp-content\/uploads\/sites\/3\/2022\/07\/CARRO-FORRAJE-PAJA-ATARDECER-2-1024x768.jpeg\" \/>\n\t<meta property=\"og:image:width\" content=\"1024\" \/>\n\t<meta property=\"og:image:height\" content=\"768\" \/>\n\t<meta property=\"og:image:type\" content=\"image\/jpeg\" \/>\n<meta name=\"author\" content=\"Administrador\" \/>\n<meta name=\"twitter:card\" content=\"summary_large_image\" \/>\n<meta name=\"twitter:label1\" content=\"Escrito por\" \/>\n\t<meta name=\"twitter:data1\" content=\"Administrador\" \/>\n\t<meta name=\"twitter:label2\" content=\"Tiempo de lectura\" \/>\n\t<meta name=\"twitter:data2\" content=\"1 minuto\" \/>\n<script type=\"application\/ld+json\" class=\"yoast-schema-graph\">{\"@context\":\"https:\/\/schema.org\",\"@graph\":[{\"@type\":\"WebPage\",\"@id\":\"https:\/\/www.asajacyl.com\/palencia\/asaja-palencia-informa\/ampliacion-de-la-tarifa-plana-para-autonomos-en-castilla-y-leon\",\"url\":\"https:\/\/www.asajacyl.com\/palencia\/asaja-palencia-informa\/ampliacion-de-la-tarifa-plana-para-autonomos-en-castilla-y-leon\",\"name\":\"Ampliaci\u00f3n de la \u201cTarifa Plana para aut\u00f3nomos\u201d en Castilla y Le\u00f3n - ASAJA Palencia\",\"isPartOf\":{\"@id\":\"https:\/\/www.asajacyl.com\/palencia\/#website\"},\"primaryImageOfPage\":{\"@id\":\"https:\/\/www.asajacyl.com\/palencia\/asaja-palencia-informa\/ampliacion-de-la-tarifa-plana-para-autonomos-en-castilla-y-leon#primaryimage\"},\"image\":{\"@id\":\"https:\/\/www.asajacyl.com\/palencia\/asaja-palencia-informa\/ampliacion-de-la-tarifa-plana-para-autonomos-en-castilla-y-leon#primaryimage\"},\"thumbnailUrl\":\"https:\/\/www.asajacyl.com\/palencia\/wp-content\/uploads\/sites\/3\/2022\/07\/CARRO-FORRAJE-PAJA-ATARDECER-2.jpeg\",\"datePublished\":\"2022-08-01T08:53:00+00:00\",\"author\":{\"@id\":\"https:\/\/www.asajacyl.com\/palencia\/#\/schema\/person\/3ab17aeb03527485c317557fae64aab1\"},\"description\":\"El objetivo de la \u201cTarifa Plana Plus\u201d es subvencionar parcialmente el pago de las cuotas, tanto por contingencias comunes como por contingencias\",\"breadcrumb\":{\"@id\":\"https:\/\/www.asajacyl.com\/palencia\/asaja-palencia-informa\/ampliacion-de-la-tarifa-plana-para-autonomos-en-castilla-y-leon#breadcrumb\"},\"inLanguage\":\"es\",\"potentialAction\":[{\"@type\":\"ReadAction\",\"target\":[\"https:\/\/www.asajacyl.com\/palencia\/asaja-palencia-informa\/ampliacion-de-la-tarifa-plana-para-autonomos-en-castilla-y-leon\"]}]},{\"@type\":\"ImageObject\",\"inLanguage\":\"es\",\"@id\":\"https:\/\/www.asajacyl.com\/palencia\/asaja-palencia-informa\/ampliacion-de-la-tarifa-plana-para-autonomos-en-castilla-y-leon#primaryimage\",\"url\":\"https:\/\/www.asajacyl.com\/palencia\/wp-content\/uploads\/sites\/3\/2022\/07\/CARRO-FORRAJE-PAJA-ATARDECER-2.jpeg\",\"contentUrl\":\"https:\/\/www.asajacyl.com\/palencia\/wp-content\/uploads\/sites\/3\/2022\/07\/CARRO-FORRAJE-PAJA-ATARDECER-2.jpeg\",\"width\":2420,\"height\":1816},{\"@type\":\"BreadcrumbList\",\"@id\":\"https:\/\/www.asajacyl.com\/palencia\/asaja-palencia-informa\/ampliacion-de-la-tarifa-plana-para-autonomos-en-castilla-y-leon#breadcrumb\",\"itemListElement\":[{\"@type\":\"ListItem\",\"position\":1,\"name\":\"Portada\",\"item\":\"https:\/\/www.asajacyl.com\/palencia\/\"},{\"@type\":\"ListItem\",\"position\":2,\"name\":\"Ampliaci\u00f3n de la \u201cTarifa Plana para aut\u00f3nomos\u201d en Castilla y Le\u00f3n\"}]},{\"@type\":\"WebSite\",\"@id\":\"https:\/\/www.asajacyl.com\/palencia\/#website\",\"url\":\"https:\/\/www.asajacyl.com\/palencia\/\",\"name\":\"ASAJA Palencia\",\"description\":\"Otro sitio m\u00e1s de Provincias ASAJA Castilla y Le\u00f3n\",\"potentialAction\":[{\"@type\":\"SearchAction\",\"target\":{\"@type\":\"EntryPoint\",\"urlTemplate\":\"https:\/\/www.asajacyl.com\/palencia\/?s={search_term_string}\"},\"query-input\":{\"@type\":\"PropertyValueSpecification\",\"valueRequired\":true,\"valueName\":\"search_term_string\"}}],\"inLanguage\":\"es\"},{\"@type\":\"Person\",\"@id\":\"https:\/\/www.asajacyl.com\/palencia\/#\/schema\/person\/3ab17aeb03527485c317557fae64aab1\",\"name\":\"Administrador\",\"image\":{\"@type\":\"ImageObject\",\"inLanguage\":\"es\",\"@id\":\"https:\/\/www.asajacyl.com\/palencia\/#\/schema\/person\/image\/\",\"url\":\"https:\/\/secure.gravatar.com\/avatar\/517384810d242ca9e38c180f3c9fb973?s=96&d=mm&r=g\",\"contentUrl\":\"https:\/\/secure.gravatar.com\/avatar\/517384810d242ca9e38c180f3c9fb973?s=96&d=mm&r=g\",\"caption\":\"Administrador\"},\"url\":\"https:\/\/www.asajacyl.com\/palencia\/author\/carlosrm\"}]}<\/script>\n<!-- \/ Yoast SEO plugin. -->","yoast_head_json":{"title":"Ampliaci\u00f3n de la \u201cTarifa Plana para aut\u00f3nomos\u201d en Castilla y Le\u00f3n - ASAJA Palencia","description":"El objetivo de la \u201cTarifa Plana Plus\u201d es subvencionar parcialmente el pago de las cuotas, tanto por contingencias comunes como por contingencias","robots":{"index":"index","follow":"follow","max-snippet":"max-snippet:-1","max-image-preview":"max-image-preview:large","max-video-preview":"max-video-preview:-1"},"canonical":"https:\/\/www.asajacyl.com\/palencia\/asaja-palencia-informa\/ampliacion-de-la-tarifa-plana-para-autonomos-en-castilla-y-leon","og_locale":"es_ES","og_type":"article","og_title":"Ampliaci\u00f3n de la \u201cTarifa Plana para aut\u00f3nomos\u201d en Castilla y Le\u00f3n - ASAJA Palencia","og_description":"El objetivo de la \u201cTarifa Plana Plus\u201d es subvencionar parcialmente el pago de las cuotas, tanto por contingencias comunes como por contingencias","og_url":"https:\/\/www.asajacyl.com\/palencia\/asaja-palencia-informa\/ampliacion-de-la-tarifa-plana-para-autonomos-en-castilla-y-leon","og_site_name":"ASAJA Palencia","article_published_time":"2022-08-01T08:53:00+00:00","og_image":[{"width":1024,"height":768,"url":"https:\/\/www.asajacyl.com\/palencia\/wp-content\/uploads\/sites\/3\/2022\/07\/CARRO-FORRAJE-PAJA-ATARDECER-2-1024x768.jpeg","type":"image\/jpeg"}],"author":"Administrador","twitter_card":"summary_large_image","twitter_misc":{"Escrito por":"Administrador","Tiempo de lectura":"1 minuto"},"schema":{"@context":"https:\/\/schema.org","@graph":[{"@type":"WebPage","@id":"https:\/\/www.asajacyl.com\/palencia\/asaja-palencia-informa\/ampliacion-de-la-tarifa-plana-para-autonomos-en-castilla-y-leon","url":"https:\/\/www.asajacyl.com\/palencia\/asaja-palencia-informa\/ampliacion-de-la-tarifa-plana-para-autonomos-en-castilla-y-leon","name":"Ampliaci\u00f3n de la \u201cTarifa Plana para aut\u00f3nomos\u201d en Castilla y Le\u00f3n - ASAJA Palencia","isPartOf":{"@id":"https:\/\/www.asajacyl.com\/palencia\/#website"},"primaryImageOfPage":{"@id":"https:\/\/www.asajacyl.com\/palencia\/asaja-palencia-informa\/ampliacion-de-la-tarifa-plana-para-autonomos-en-castilla-y-leon#primaryimage"},"image":{"@id":"https:\/\/www.asajacyl.com\/palencia\/asaja-palencia-informa\/ampliacion-de-la-tarifa-plana-para-autonomos-en-castilla-y-leon#primaryimage"},"thumbnailUrl":"https:\/\/www.asajacyl.com\/palencia\/wp-content\/uploads\/sites\/3\/2022\/07\/CARRO-FORRAJE-PAJA-ATARDECER-2.jpeg","datePublished":"2022-08-01T08:53:00+00:00","author":{"@id":"https:\/\/www.asajacyl.com\/palencia\/#\/schema\/person\/3ab17aeb03527485c317557fae64aab1"},"description":"El objetivo de la \u201cTarifa Plana Plus\u201d es subvencionar parcialmente el pago de las cuotas, tanto por contingencias comunes como por contingencias","breadcrumb":{"@id":"https:\/\/www.asajacyl.com\/palencia\/asaja-palencia-informa\/ampliacion-de-la-tarifa-plana-para-autonomos-en-castilla-y-leon#breadcrumb"},"inLanguage":"es","potentialAction":[{"@type":"ReadAction","target":["https:\/\/www.asajacyl.com\/palencia\/asaja-palencia-informa\/ampliacion-de-la-tarifa-plana-para-autonomos-en-castilla-y-leon"]}]},{"@type":"ImageObject","inLanguage":"es","@id":"https:\/\/www.asajacyl.com\/palencia\/asaja-palencia-informa\/ampliacion-de-la-tarifa-plana-para-autonomos-en-castilla-y-leon#primaryimage","url":"https:\/\/www.asajacyl.com\/palencia\/wp-content\/uploads\/sites\/3\/2022\/07\/CARRO-FORRAJE-PAJA-ATARDECER-2.jpeg","contentUrl":"https:\/\/www.asajacyl.com\/palencia\/wp-content\/uploads\/sites\/3\/2022\/07\/CARRO-FORRAJE-PAJA-ATARDECER-2.jpeg","width":2420,"height":1816},{"@type":"BreadcrumbList","@id":"https:\/\/www.asajacyl.com\/palencia\/asaja-palencia-informa\/ampliacion-de-la-tarifa-plana-para-autonomos-en-castilla-y-leon#breadcrumb","itemListElement":[{"@type":"ListItem","position":1,"name":"Portada","item":"https:\/\/www.asajacyl.com\/palencia\/"},{"@type":"ListItem","position":2,"name":"Ampliaci\u00f3n de la \u201cTarifa Plana para aut\u00f3nomos\u201d en Castilla y Le\u00f3n"}]},{"@type":"WebSite","@id":"https:\/\/www.asajacyl.com\/palencia\/#website","url":"https:\/\/www.asajacyl.com\/palencia\/","name":"ASAJA Palencia","description":"Otro sitio m\u00e1s de Provincias ASAJA Castilla y Le\u00f3n","potentialAction":[{"@type":"SearchAction","target":{"@type":"EntryPoint","urlTemplate":"https:\/\/www.asajacyl.com\/palencia\/?s={search_term_string}"},"query-input":{"@type":"PropertyValueSpecification","valueRequired":true,"valueName":"search_term_string"}}],"inLanguage":"es"},{"@type":"Person","@id":"https:\/\/www.asajacyl.com\/palencia\/#\/schema\/person\/3ab17aeb03527485c317557fae64aab1","name":"Administrador","image":{"@type":"ImageObject","inLanguage":"es","@id":"https:\/\/www.asajacyl.com\/palencia\/#\/schema\/person\/image\/","url":"https:\/\/secure.gravatar.com\/avatar\/517384810d242ca9e38c180f3c9fb973?s=96&d=mm&r=g","contentUrl":"https:\/\/secure.gravatar.com\/avatar\/517384810d242ca9e38c180f3c9fb973?s=96&d=mm&r=g","caption":"Administrador"},"url":"https:\/\/www.asajacyl.com\/palencia\/author\/carlosrm"}]}},"_links":{"self":[{"href":"https:\/\/www.asajacyl.com\/palencia\/wp-json\/wp\/v2\/posts\/11111"}],"collection":[{"href":"https:\/\/www.asajacyl.com\/palencia\/wp-json\/wp\/v2\/posts"}],"about":[{"href":"https:\/\/www.asajacyl.com\/palencia\/wp-json\/wp\/v2\/types\/post"}],"author":[{"embeddable":true,"href":"https:\/\/www.asajacyl.com\/palencia\/wp-json\/wp\/v2\/users\/9"}],"replies":[{"embeddable":true,"href":"https:\/\/www.asajacyl.com\/palencia\/wp-json\/wp\/v2\/comments?post=11111"}],"version-history":[{"count":4,"href":"https:\/\/www.asajacyl.com\/palencia\/wp-json\/wp\/v2\/posts\/11111\/revisions"}],"predecessor-version":[{"id":11171,"href":"https:\/\/www.asajacyl.com\/palencia\/wp-json\/wp\/v2\/posts\/11111\/revisions\/11171"}],"wp:featuredmedia":[{"embeddable":true,"href":"https:\/\/www.asajacyl.com\/palencia\/wp-json\/wp\/v2\/media\/11117"}],"wp:attachment":[{"href":"https:\/\/www.asajacyl.com\/palencia\/wp-json\/wp\/v2\/media?parent=11111"}],"wp:term":[{"taxonomy":"category","embeddable":true,"href":"https:\/\/www.asajacyl.com\/palencia\/wp-json\/wp\/v2\/categories?post=11111"},{"taxonomy":"post_tag","embeddable":true,"href":"https:\/\/www.asajacyl.com\/palencia\/wp-json\/wp\/v2\/tags?post=11111"}],"curies":[{"name":"wp","href":"https:\/\/api.w.org\/{rel}","templated":true}]}}