{"id":11131,"date":"2022-07-31T13:26:00","date_gmt":"2022-07-31T11:26:00","guid":{"rendered":"https:\/\/www.asajacyl.com\/palencia\/?p=11131"},"modified":"2022-07-27T07:53:36","modified_gmt":"2022-07-27T05:53:36","slug":"aumentan-las-hectareas-aseguradas-en-palencia","status":"publish","type":"post","link":"https:\/\/www.asajacyl.com\/palencia\/asaja-palencia-informa\/aumentan-las-hectareas-aseguradas-en-palencia","title":{"rendered":"Aumentan las hect\u00e1reas aseguradas en Palencia"},"content":{"rendered":"\n<p>Un a\u00f1o m\u00e1s, la l\u00ednea de seguro agrario m\u00e1s importante de nuestra provincia es la que permite cubrir a los agricultores una parte de sus cosechas de cultivos herb\u00e1ceos extensivos. Esta importancia se entiende por la agronom\u00eda propia de Palencia, donde predominan los cultivos extensivos destinados a la producci\u00f3n de grano sobre otras importantes producciones, destacando los cultivos forrajeros.<\/p>\n\n\n\n<p>Palencia cuenta con unas 470.000 hect\u00e1reas de tierra arable y este a\u00f1o hemos visto un aumento de las hect\u00e1reas que se han asegurado, pasando de las 326.655 hect\u00e1reas del pasado 2021 a las 331.072 hect\u00e1reas de esta campa\u00f1a, cifra r\u00e9cord en la historia del seguro agrario en Palencia.<\/p>\n\n\n\n<p>Por su parte, tambi\u00e9n han aumentado las superficies asegurables, es decir, cultivadas con producciones destinadas a grano. Este aumento tiene su origen, al menos en parte, en la reducci\u00f3n de cultivos de primavera en los regad\u00edos (-40% sobre un a\u00f1o medio), motivada por la falta de agua que estamos padeciendo en los sistemas Carri\u00f3n y Pisuerga, a la posibilidad de sembrar los barbechos, debido a la guerra acaecida en Ucrania y a la reducci\u00f3n de la superficie de alfalfa, que lleg\u00f3 a su m\u00e1ximo esplendor en 2016 y ha ido decayendo desde entonces. En esta campa\u00f1a la superficie asegurable ha ascendido a 378.067 hect\u00e1reas, cuando en los \u00faltimos diez a\u00f1os se manten\u00eda cercana a las 360.000 hect\u00e1reas.<\/p>\n\n\n\n<p>Estas cifras nos hacen ver c\u00f3mo el seguro agrario es la herramienta m\u00e1s importante con que cuentan los profesionales del campo para garantizar una parte de su renta. En 2022 ha estado asegurada un 87,57% de la producci\u00f3n destinada a grano, cifra similar a la asegurada en los a\u00f1os posteriores a la gran cat\u00e1strofe agr\u00edcola de 2017, cuando la sequ\u00eda asol\u00f3 nuestra provincia y una gran parte de Espa\u00f1a, y el nivel de aseguramiento era cercano al 73,5%. Este grado actual de implantaci\u00f3n es muy elevado, por encima de la media regional (86%) y nacional (68%).<\/p>\n\n\n\n<p>Dentro del aseguramiento tambi\u00e9n hay que diferenciar el tipo de cobertura ya que hay dos grandes bloques a tener en cuenta dependiendo de si se cuenta con cobertura de sequ\u00eda o no. De las 322.779 hect\u00e1reas asegurables a sequ\u00eda, los agricultores palentinos han contratado el seguro de 256.013 hect\u00e1reas, lo que eleva la cobertura de sequ\u00eda al 79,3% de la superficie de secano asegurable y a un 67,7% sobre la superficie total asegurable.<\/p>\n\n\n\n<p>Finalmente, cabe destacar el important\u00edsimo volumen de producci\u00f3n asegurada que casi alcalza los 1.127 millones de euros, cifra que ha ayudado a impulsar en gran medida el PIB de la provincia de Palencia. <\/p>\n\n\n\n<p> <\/p>\n\n\n\n<div class=\"wp-block-image\"><figure class=\"aligncenter size-large\"><img loading=\"lazy\" decoding=\"async\" width=\"1024\" height=\"517\" src=\"https:\/\/www.asajacyl.com\/palencia\/wp-content\/uploads\/sites\/3\/2022\/07\/image-4-1024x517.png\" alt=\"\" class=\"wp-image-11134\" srcset=\"https:\/\/www.asajacyl.com\/palencia\/wp-content\/uploads\/sites\/3\/2022\/07\/image-4-1024x517.png 1024w, https:\/\/www.asajacyl.com\/palencia\/wp-content\/uploads\/sites\/3\/2022\/07\/image-4-300x151.png 300w, https:\/\/www.asajacyl.com\/palencia\/wp-content\/uploads\/sites\/3\/2022\/07\/image-4-768x388.png 768w, https:\/\/www.asajacyl.com\/palencia\/wp-content\/uploads\/sites\/3\/2022\/07\/image-4-696x351.png 696w, https:\/\/www.asajacyl.com\/palencia\/wp-content\/uploads\/sites\/3\/2022\/07\/image-4-1068x539.png 1068w, https:\/\/www.asajacyl.com\/palencia\/wp-content\/uploads\/sites\/3\/2022\/07\/image-4-832x420.png 832w, https:\/\/www.asajacyl.com\/palencia\/wp-content\/uploads\/sites\/3\/2022\/07\/image-4.png 1478w\" sizes=\"(max-width: 1024px) 100vw, 1024px\" \/><\/figure><\/div>\n\n\n\n<div class=\"wp-block-image\"><figure class=\"aligncenter size-large\"><img loading=\"lazy\" decoding=\"async\" width=\"1024\" height=\"489\" src=\"https:\/\/www.asajacyl.com\/palencia\/wp-content\/uploads\/sites\/3\/2022\/07\/image-6-1024x489.png\" alt=\"\" class=\"wp-image-11137\" srcset=\"https:\/\/www.asajacyl.com\/palencia\/wp-content\/uploads\/sites\/3\/2022\/07\/image-6-1024x489.png 1024w, https:\/\/www.asajacyl.com\/palencia\/wp-content\/uploads\/sites\/3\/2022\/07\/image-6-300x143.png 300w, https:\/\/www.asajacyl.com\/palencia\/wp-content\/uploads\/sites\/3\/2022\/07\/image-6-768x367.png 768w, https:\/\/www.asajacyl.com\/palencia\/wp-content\/uploads\/sites\/3\/2022\/07\/image-6-696x332.png 696w, https:\/\/www.asajacyl.com\/palencia\/wp-content\/uploads\/sites\/3\/2022\/07\/image-6-1068x510.png 1068w, https:\/\/www.asajacyl.com\/palencia\/wp-content\/uploads\/sites\/3\/2022\/07\/image-6-879x420.png 879w, https:\/\/www.asajacyl.com\/palencia\/wp-content\/uploads\/sites\/3\/2022\/07\/image-6.png 1480w\" sizes=\"(max-width: 1024px) 100vw, 1024px\" \/><\/figure><\/div>\n","protected":false},"excerpt":{"rendered":"<p>Un a\u00f1o m\u00e1s, la l\u00ednea de seguro agrario m\u00e1s importante de nuestra provincia es la que permite cubrir a los agricultores una parte de sus cosechas de cultivos herb\u00e1ceos extensivos. Esta importancia se entiende por la agronom\u00eda propia de Palencia, donde predominan los cultivos extensivos destinados a la producci\u00f3n de grano sobre otras importantes producciones, [&hellip;]<\/p>\n","protected":false},"author":9,"featured_media":11119,"comment_status":"open","ping_status":"open","sticky":false,"template":"","format":"standard","meta":{"footnotes":""},"categories":[9,29,28],"tags":[],"yoast_head":"<!-- This site is optimized with the Yoast SEO plugin v24.5 - https:\/\/yoast.com\/wordpress\/plugins\/seo\/ -->\n<title>Aumentan las hect\u00e1reas aseguradas en Palencia - ASAJA Palencia<\/title>\n<meta name=\"description\" content=\"Un a\u00f1o m\u00e1s, la l\u00ednea de seguro agrario m\u00e1s importante de nuestra provincia es la que permite cubrir a los agricultores una parte de sus cosechas de\" \/>\n<meta name=\"robots\" content=\"index, follow, max-snippet:-1, max-image-preview:large, max-video-preview:-1\" \/>\n<link rel=\"canonical\" href=\"https:\/\/www.asajacyl.com\/palencia\/asaja-palencia-informa\/aumentan-las-hectareas-aseguradas-en-palencia\" \/>\n<meta property=\"og:locale\" content=\"es_ES\" \/>\n<meta property=\"og:type\" content=\"article\" \/>\n<meta property=\"og:title\" content=\"Aumentan las hect\u00e1reas aseguradas en Palencia - ASAJA Palencia\" \/>\n<meta property=\"og:description\" content=\"Un a\u00f1o m\u00e1s, la l\u00ednea de seguro agrario m\u00e1s importante de nuestra provincia es la que permite cubrir a los agricultores una parte de sus cosechas de\" \/>\n<meta property=\"og:url\" content=\"https:\/\/www.asajacyl.com\/palencia\/asaja-palencia-informa\/aumentan-las-hectareas-aseguradas-en-palencia\" \/>\n<meta property=\"og:site_name\" content=\"ASAJA Palencia\" \/>\n<meta property=\"article:published_time\" content=\"2022-07-31T11:26:00+00:00\" \/>\n<meta property=\"og:image\" content=\"https:\/\/www.asajacyl.com\/palencia\/wp-content\/uploads\/sites\/3\/2022\/07\/GIRASOL.jpg\" \/>\n\t<meta property=\"og:image:width\" content=\"1600\" \/>\n\t<meta property=\"og:image:height\" content=\"1200\" \/>\n\t<meta property=\"og:image:type\" content=\"image\/jpeg\" \/>\n<meta name=\"author\" content=\"Administrador\" \/>\n<meta name=\"twitter:card\" content=\"summary_large_image\" \/>\n<meta name=\"twitter:label1\" content=\"Escrito por\" \/>\n\t<meta name=\"twitter:data1\" content=\"Administrador\" \/>\n\t<meta name=\"twitter:label2\" content=\"Tiempo de lectura\" \/>\n\t<meta name=\"twitter:data2\" content=\"3 minutos\" \/>\n<script type=\"application\/ld+json\" class=\"yoast-schema-graph\">{\"@context\":\"https:\/\/schema.org\",\"@graph\":[{\"@type\":\"WebPage\",\"@id\":\"https:\/\/www.asajacyl.com\/palencia\/asaja-palencia-informa\/aumentan-las-hectareas-aseguradas-en-palencia\",\"url\":\"https:\/\/www.asajacyl.com\/palencia\/asaja-palencia-informa\/aumentan-las-hectareas-aseguradas-en-palencia\",\"name\":\"Aumentan las hect\u00e1reas aseguradas en Palencia - ASAJA Palencia\",\"isPartOf\":{\"@id\":\"https:\/\/www.asajacyl.com\/palencia\/#website\"},\"primaryImageOfPage\":{\"@id\":\"https:\/\/www.asajacyl.com\/palencia\/asaja-palencia-informa\/aumentan-las-hectareas-aseguradas-en-palencia#primaryimage\"},\"image\":{\"@id\":\"https:\/\/www.asajacyl.com\/palencia\/asaja-palencia-informa\/aumentan-las-hectareas-aseguradas-en-palencia#primaryimage\"},\"thumbnailUrl\":\"https:\/\/www.asajacyl.com\/palencia\/wp-content\/uploads\/sites\/3\/2022\/07\/GIRASOL.jpg\",\"datePublished\":\"2022-07-31T11:26:00+00:00\",\"author\":{\"@id\":\"https:\/\/www.asajacyl.com\/palencia\/#\/schema\/person\/3ab17aeb03527485c317557fae64aab1\"},\"description\":\"Un a\u00f1o m\u00e1s, la l\u00ednea de seguro agrario m\u00e1s importante de nuestra provincia es la que permite cubrir a los agricultores una parte de sus cosechas de\",\"breadcrumb\":{\"@id\":\"https:\/\/www.asajacyl.com\/palencia\/asaja-palencia-informa\/aumentan-las-hectareas-aseguradas-en-palencia#breadcrumb\"},\"inLanguage\":\"es\",\"potentialAction\":[{\"@type\":\"ReadAction\",\"target\":[\"https:\/\/www.asajacyl.com\/palencia\/asaja-palencia-informa\/aumentan-las-hectareas-aseguradas-en-palencia\"]}]},{\"@type\":\"ImageObject\",\"inLanguage\":\"es\",\"@id\":\"https:\/\/www.asajacyl.com\/palencia\/asaja-palencia-informa\/aumentan-las-hectareas-aseguradas-en-palencia#primaryimage\",\"url\":\"https:\/\/www.asajacyl.com\/palencia\/wp-content\/uploads\/sites\/3\/2022\/07\/GIRASOL.jpg\",\"contentUrl\":\"https:\/\/www.asajacyl.com\/palencia\/wp-content\/uploads\/sites\/3\/2022\/07\/GIRASOL.jpg\",\"width\":1600,\"height\":1200},{\"@type\":\"BreadcrumbList\",\"@id\":\"https:\/\/www.asajacyl.com\/palencia\/asaja-palencia-informa\/aumentan-las-hectareas-aseguradas-en-palencia#breadcrumb\",\"itemListElement\":[{\"@type\":\"ListItem\",\"position\":1,\"name\":\"Portada\",\"item\":\"https:\/\/www.asajacyl.com\/palencia\/\"},{\"@type\":\"ListItem\",\"position\":2,\"name\":\"Aumentan las hect\u00e1reas aseguradas en Palencia\"}]},{\"@type\":\"WebSite\",\"@id\":\"https:\/\/www.asajacyl.com\/palencia\/#website\",\"url\":\"https:\/\/www.asajacyl.com\/palencia\/\",\"name\":\"ASAJA Palencia\",\"description\":\"Otro sitio m\u00e1s de Provincias ASAJA Castilla y Le\u00f3n\",\"potentialAction\":[{\"@type\":\"SearchAction\",\"target\":{\"@type\":\"EntryPoint\",\"urlTemplate\":\"https:\/\/www.asajacyl.com\/palencia\/?s={search_term_string}\"},\"query-input\":{\"@type\":\"PropertyValueSpecification\",\"valueRequired\":true,\"valueName\":\"search_term_string\"}}],\"inLanguage\":\"es\"},{\"@type\":\"Person\",\"@id\":\"https:\/\/www.asajacyl.com\/palencia\/#\/schema\/person\/3ab17aeb03527485c317557fae64aab1\",\"name\":\"Administrador\",\"image\":{\"@type\":\"ImageObject\",\"inLanguage\":\"es\",\"@id\":\"https:\/\/www.asajacyl.com\/palencia\/#\/schema\/person\/image\/\",\"url\":\"https:\/\/secure.gravatar.com\/avatar\/517384810d242ca9e38c180f3c9fb973?s=96&d=mm&r=g\",\"contentUrl\":\"https:\/\/secure.gravatar.com\/avatar\/517384810d242ca9e38c180f3c9fb973?s=96&d=mm&r=g\",\"caption\":\"Administrador\"},\"url\":\"https:\/\/www.asajacyl.com\/palencia\/author\/carlosrm\"}]}<\/script>\n<!-- \/ Yoast SEO plugin. -->","yoast_head_json":{"title":"Aumentan las hect\u00e1reas aseguradas en Palencia - ASAJA Palencia","description":"Un a\u00f1o m\u00e1s, la l\u00ednea de seguro agrario m\u00e1s importante de nuestra provincia es la que permite cubrir a los agricultores una parte de sus cosechas de","robots":{"index":"index","follow":"follow","max-snippet":"max-snippet:-1","max-image-preview":"max-image-preview:large","max-video-preview":"max-video-preview:-1"},"canonical":"https:\/\/www.asajacyl.com\/palencia\/asaja-palencia-informa\/aumentan-las-hectareas-aseguradas-en-palencia","og_locale":"es_ES","og_type":"article","og_title":"Aumentan las hect\u00e1reas aseguradas en Palencia - ASAJA Palencia","og_description":"Un a\u00f1o m\u00e1s, la l\u00ednea de seguro agrario m\u00e1s importante de nuestra provincia es la que permite cubrir a los agricultores una parte de sus cosechas de","og_url":"https:\/\/www.asajacyl.com\/palencia\/asaja-palencia-informa\/aumentan-las-hectareas-aseguradas-en-palencia","og_site_name":"ASAJA Palencia","article_published_time":"2022-07-31T11:26:00+00:00","og_image":[{"width":1600,"height":1200,"url":"https:\/\/www.asajacyl.com\/palencia\/wp-content\/uploads\/sites\/3\/2022\/07\/GIRASOL.jpg","type":"image\/jpeg"}],"author":"Administrador","twitter_card":"summary_large_image","twitter_misc":{"Escrito por":"Administrador","Tiempo de lectura":"3 minutos"},"schema":{"@context":"https:\/\/schema.org","@graph":[{"@type":"WebPage","@id":"https:\/\/www.asajacyl.com\/palencia\/asaja-palencia-informa\/aumentan-las-hectareas-aseguradas-en-palencia","url":"https:\/\/www.asajacyl.com\/palencia\/asaja-palencia-informa\/aumentan-las-hectareas-aseguradas-en-palencia","name":"Aumentan las hect\u00e1reas aseguradas en Palencia - ASAJA Palencia","isPartOf":{"@id":"https:\/\/www.asajacyl.com\/palencia\/#website"},"primaryImageOfPage":{"@id":"https:\/\/www.asajacyl.com\/palencia\/asaja-palencia-informa\/aumentan-las-hectareas-aseguradas-en-palencia#primaryimage"},"image":{"@id":"https:\/\/www.asajacyl.com\/palencia\/asaja-palencia-informa\/aumentan-las-hectareas-aseguradas-en-palencia#primaryimage"},"thumbnailUrl":"https:\/\/www.asajacyl.com\/palencia\/wp-content\/uploads\/sites\/3\/2022\/07\/GIRASOL.jpg","datePublished":"2022-07-31T11:26:00+00:00","author":{"@id":"https:\/\/www.asajacyl.com\/palencia\/#\/schema\/person\/3ab17aeb03527485c317557fae64aab1"},"description":"Un a\u00f1o m\u00e1s, la l\u00ednea de seguro agrario m\u00e1s importante de nuestra provincia es la que permite cubrir a los agricultores una parte de sus cosechas de","breadcrumb":{"@id":"https:\/\/www.asajacyl.com\/palencia\/asaja-palencia-informa\/aumentan-las-hectareas-aseguradas-en-palencia#breadcrumb"},"inLanguage":"es","potentialAction":[{"@type":"ReadAction","target":["https:\/\/www.asajacyl.com\/palencia\/asaja-palencia-informa\/aumentan-las-hectareas-aseguradas-en-palencia"]}]},{"@type":"ImageObject","inLanguage":"es","@id":"https:\/\/www.asajacyl.com\/palencia\/asaja-palencia-informa\/aumentan-las-hectareas-aseguradas-en-palencia#primaryimage","url":"https:\/\/www.asajacyl.com\/palencia\/wp-content\/uploads\/sites\/3\/2022\/07\/GIRASOL.jpg","contentUrl":"https:\/\/www.asajacyl.com\/palencia\/wp-content\/uploads\/sites\/3\/2022\/07\/GIRASOL.jpg","width":1600,"height":1200},{"@type":"BreadcrumbList","@id":"https:\/\/www.asajacyl.com\/palencia\/asaja-palencia-informa\/aumentan-las-hectareas-aseguradas-en-palencia#breadcrumb","itemListElement":[{"@type":"ListItem","position":1,"name":"Portada","item":"https:\/\/www.asajacyl.com\/palencia\/"},{"@type":"ListItem","position":2,"name":"Aumentan las hect\u00e1reas aseguradas en Palencia"}]},{"@type":"WebSite","@id":"https:\/\/www.asajacyl.com\/palencia\/#website","url":"https:\/\/www.asajacyl.com\/palencia\/","name":"ASAJA Palencia","description":"Otro sitio m\u00e1s de Provincias ASAJA Castilla y Le\u00f3n","potentialAction":[{"@type":"SearchAction","target":{"@type":"EntryPoint","urlTemplate":"https:\/\/www.asajacyl.com\/palencia\/?s={search_term_string}"},"query-input":{"@type":"PropertyValueSpecification","valueRequired":true,"valueName":"search_term_string"}}],"inLanguage":"es"},{"@type":"Person","@id":"https:\/\/www.asajacyl.com\/palencia\/#\/schema\/person\/3ab17aeb03527485c317557fae64aab1","name":"Administrador","image":{"@type":"ImageObject","inLanguage":"es","@id":"https:\/\/www.asajacyl.com\/palencia\/#\/schema\/person\/image\/","url":"https:\/\/secure.gravatar.com\/avatar\/517384810d242ca9e38c180f3c9fb973?s=96&d=mm&r=g","contentUrl":"https:\/\/secure.gravatar.com\/avatar\/517384810d242ca9e38c180f3c9fb973?s=96&d=mm&r=g","caption":"Administrador"},"url":"https:\/\/www.asajacyl.com\/palencia\/author\/carlosrm"}]}},"_links":{"self":[{"href":"https:\/\/www.asajacyl.com\/palencia\/wp-json\/wp\/v2\/posts\/11131"}],"collection":[{"href":"https:\/\/www.asajacyl.com\/palencia\/wp-json\/wp\/v2\/posts"}],"about":[{"href":"https:\/\/www.asajacyl.com\/palencia\/wp-json\/wp\/v2\/types\/post"}],"author":[{"embeddable":true,"href":"https:\/\/www.asajacyl.com\/palencia\/wp-json\/wp\/v2\/users\/9"}],"replies":[{"embeddable":true,"href":"https:\/\/www.asajacyl.com\/palencia\/wp-json\/wp\/v2\/comments?post=11131"}],"version-history":[{"count":2,"href":"https:\/\/www.asajacyl.com\/palencia\/wp-json\/wp\/v2\/posts\/11131\/revisions"}],"predecessor-version":[{"id":11138,"href":"https:\/\/www.asajacyl.com\/palencia\/wp-json\/wp\/v2\/posts\/11131\/revisions\/11138"}],"wp:featuredmedia":[{"embeddable":true,"href":"https:\/\/www.asajacyl.com\/palencia\/wp-json\/wp\/v2\/media\/11119"}],"wp:attachment":[{"href":"https:\/\/www.asajacyl.com\/palencia\/wp-json\/wp\/v2\/media?parent=11131"}],"wp:term":[{"taxonomy":"category","embeddable":true,"href":"https:\/\/www.asajacyl.com\/palencia\/wp-json\/wp\/v2\/categories?post=11131"},{"taxonomy":"post_tag","embeddable":true,"href":"https:\/\/www.asajacyl.com\/palencia\/wp-json\/wp\/v2\/tags?post=11131"}],"curies":[{"name":"wp","href":"https:\/\/api.w.org\/{rel}","templated":true}]}}