{"id":11141,"date":"2022-07-27T15:09:00","date_gmt":"2022-07-27T13:09:00","guid":{"rendered":"https:\/\/www.asajacyl.com\/palencia\/?p=11141"},"modified":"2022-07-28T08:12:18","modified_gmt":"2022-07-28T06:12:18","slug":"asaja-palencia-en-contra-de-la-forma-de-tramitar-el-plan-renove","status":"publish","type":"post","link":"https:\/\/www.asajacyl.com\/palencia\/asaja-palencia-informa\/asaja-palencia-en-contra-de-la-forma-de-tramitar-el-plan-renove","title":{"rendered":"ASAJA-Palencia en contra de la forma de tramitar el Plan Renove"},"content":{"rendered":"\n<p>El d\u00eda 15 de julio se inici\u00f3 la tramitaci\u00f3n del Plan Renove agrario y en pocos minutos reales el dinero del presupuesto habilitado para tal fin por el Ministerio de Agricultura, Pesca y Alimentaci\u00f3n se agot\u00f3, algo totalmente previsible dado que en 2021 se hab\u00edan solicitado m\u00e1s de cuatro millones de euros de inversiones en m\u00e1quinas de siembra directa y este a\u00f1o el MAPA hab\u00eda limitado a dos millones el dinero destinado a este tipo de m\u00e1quinas, tan extendidas y demandadas en la provincia de Palencia.<\/p>\n\n\n\n<p>Nuestra provincia hasta ahora ha sido una de las grandes peticionarias de estas ayudas y el ministerio ha obrado contra los intereses de nuestra provincia directamente mediante la imposici\u00f3n de este l\u00edmite. En otras ocasiones se hab\u00eda destinado un presupuesto para m\u00e1quinas concretas, como las cisternas de pur\u00edn y los accesorios que algunas de \u00e9stas portan, pero con el fin contrario, se buscaba que ese tipo de m\u00e1quinas no se quedara fuera de las ayudas. Ahora el fin es que las m\u00e1quinas de siembra directa se queden fuera, al menos en gran medida.<\/p>\n\n\n\n<p>La tramitaci\u00f3n se realiz\u00f3 una vez m\u00e1s con todos los problemas inform\u00e1ticos del mundo dada la poca previsi\u00f3n del ministerio y se produjo la carrera al sprint, plagada de obst\u00e1culos, de todos los a\u00f1os donde hubo expedientes que entraron en las ayudas y otros se quedaron fuera, todo ello sin motivo l\u00f3gico alguno.<\/p>\n\n\n\n<p>Desde ASAJA-Palencia enviamos una carta al Secretario General del MAPA, Fernando Miranda, para explicar lo injusto de esta forma de tramitaci\u00f3n y la necesidad de un sistema claro donde el agricultor no tenga que adquirir la m\u00e1quina en la que est\u00e1 interesado hasta que \u00e9sta no tenga adjudicada la ayuda.<\/p>\n\n\n\n<p>Mientras hay destinados 6,55 millones de euros para esta medida el dinero se est\u00e1 derrochando por toda Espa\u00f1a en cuestiones varias, muy frecuentemente superfluas. Los dos millones de euros destinados a sembradoras de siembra directa se han quedado m\u00e1s que cortos y ya se han solicitado m\u00e1s de 4,6 millones por parte de los agricultores, por lo que m\u00e1s de la mitad de las sembradoras estar\u00e1n fuera de las ayudas si no sobra dinero en la otra parte del presupuesto, donde de un total de 4,55 millones ya se han consumido m\u00e1s de dos millones.<\/p>\n\n\n\n<p>Ahora mismo el plazo sigue abierto hasta el 15 de septiembre y los peticionarios que quedaron fuera del corte con su m\u00e1quina de siembra directa s\u00f3lo pueden esperar que sobre dinero de esos 4,55 millones y les lleguen las ayudas que el MAPA ha intentado que no tengan.<\/p>\n","protected":false},"excerpt":{"rendered":"<p>El d\u00eda 15 de julio se inici\u00f3 la tramitaci\u00f3n del Plan Renove agrario y en pocos minutos reales el dinero del presupuesto habilitado para tal fin por el Ministerio de Agricultura, Pesca y Alimentaci\u00f3n se agot\u00f3, algo totalmente previsible dado que en 2021 se hab\u00edan solicitado m\u00e1s de cuatro millones de euros de inversiones en [&hellip;]<\/p>\n","protected":false},"author":9,"featured_media":9268,"comment_status":"open","ping_status":"open","sticky":false,"template":"","format":"standard","meta":{"footnotes":""},"categories":[9,29,28],"tags":[],"yoast_head":"<!-- This site is optimized with the Yoast SEO plugin v24.5 - https:\/\/yoast.com\/wordpress\/plugins\/seo\/ -->\n<title>ASAJA-Palencia en contra de la forma de tramitar el Plan Renove - ASAJA Palencia<\/title>\n<meta name=\"description\" content=\"El d\u00eda 15 de julio se inici\u00f3 la tramitaci\u00f3n del Plan Renove agrario y en pocos minutos reales el dinero del presupuesto habilitado para tal fin por el\" \/>\n<meta name=\"robots\" content=\"index, follow, max-snippet:-1, max-image-preview:large, max-video-preview:-1\" \/>\n<link rel=\"canonical\" href=\"https:\/\/www.asajacyl.com\/palencia\/asaja-palencia-informa\/asaja-palencia-en-contra-de-la-forma-de-tramitar-el-plan-renove\" \/>\n<meta property=\"og:locale\" content=\"es_ES\" \/>\n<meta property=\"og:type\" content=\"article\" \/>\n<meta property=\"og:title\" content=\"ASAJA-Palencia en contra de la forma de tramitar el Plan Renove - ASAJA Palencia\" \/>\n<meta property=\"og:description\" content=\"El d\u00eda 15 de julio se inici\u00f3 la tramitaci\u00f3n del Plan Renove agrario y en pocos minutos reales el dinero del presupuesto habilitado para tal fin por el\" \/>\n<meta property=\"og:url\" content=\"https:\/\/www.asajacyl.com\/palencia\/asaja-palencia-informa\/asaja-palencia-en-contra-de-la-forma-de-tramitar-el-plan-renove\" \/>\n<meta property=\"og:site_name\" content=\"ASAJA Palencia\" \/>\n<meta property=\"article:published_time\" content=\"2022-07-27T13:09:00+00:00\" \/>\n<meta property=\"article:modified_time\" content=\"2022-07-28T06:12:18+00:00\" \/>\n<meta property=\"og:image\" content=\"https:\/\/www.asajacyl.com\/palencia\/wp-content\/uploads\/sites\/3\/2021\/11\/TRACTOR-NOCTURNA-SIEMBRA.jpg\" \/>\n\t<meta property=\"og:image:width\" content=\"2000\" \/>\n\t<meta property=\"og:image:height\" content=\"1500\" \/>\n\t<meta property=\"og:image:type\" content=\"image\/jpeg\" \/>\n<meta name=\"author\" content=\"Administrador\" \/>\n<meta name=\"twitter:card\" content=\"summary_large_image\" \/>\n<meta name=\"twitter:label1\" content=\"Escrito por\" \/>\n\t<meta name=\"twitter:data1\" content=\"Administrador\" \/>\n\t<meta name=\"twitter:label2\" content=\"Tiempo de lectura\" \/>\n\t<meta name=\"twitter:data2\" content=\"2 minutos\" \/>\n<script type=\"application\/ld+json\" class=\"yoast-schema-graph\">{\"@context\":\"https:\/\/schema.org\",\"@graph\":[{\"@type\":\"WebPage\",\"@id\":\"https:\/\/www.asajacyl.com\/palencia\/asaja-palencia-informa\/asaja-palencia-en-contra-de-la-forma-de-tramitar-el-plan-renove\",\"url\":\"https:\/\/www.asajacyl.com\/palencia\/asaja-palencia-informa\/asaja-palencia-en-contra-de-la-forma-de-tramitar-el-plan-renove\",\"name\":\"ASAJA-Palencia en contra de la forma de tramitar el Plan Renove - ASAJA Palencia\",\"isPartOf\":{\"@id\":\"https:\/\/www.asajacyl.com\/palencia\/#website\"},\"primaryImageOfPage\":{\"@id\":\"https:\/\/www.asajacyl.com\/palencia\/asaja-palencia-informa\/asaja-palencia-en-contra-de-la-forma-de-tramitar-el-plan-renove#primaryimage\"},\"image\":{\"@id\":\"https:\/\/www.asajacyl.com\/palencia\/asaja-palencia-informa\/asaja-palencia-en-contra-de-la-forma-de-tramitar-el-plan-renove#primaryimage\"},\"thumbnailUrl\":\"https:\/\/www.asajacyl.com\/palencia\/wp-content\/uploads\/sites\/3\/2021\/11\/TRACTOR-NOCTURNA-SIEMBRA.jpg\",\"datePublished\":\"2022-07-27T13:09:00+00:00\",\"dateModified\":\"2022-07-28T06:12:18+00:00\",\"author\":{\"@id\":\"https:\/\/www.asajacyl.com\/palencia\/#\/schema\/person\/3ab17aeb03527485c317557fae64aab1\"},\"description\":\"El d\u00eda 15 de julio se inici\u00f3 la tramitaci\u00f3n del Plan Renove agrario y en pocos minutos reales el dinero del presupuesto habilitado para tal fin por el\",\"breadcrumb\":{\"@id\":\"https:\/\/www.asajacyl.com\/palencia\/asaja-palencia-informa\/asaja-palencia-en-contra-de-la-forma-de-tramitar-el-plan-renove#breadcrumb\"},\"inLanguage\":\"es\",\"potentialAction\":[{\"@type\":\"ReadAction\",\"target\":[\"https:\/\/www.asajacyl.com\/palencia\/asaja-palencia-informa\/asaja-palencia-en-contra-de-la-forma-de-tramitar-el-plan-renove\"]}]},{\"@type\":\"ImageObject\",\"inLanguage\":\"es\",\"@id\":\"https:\/\/www.asajacyl.com\/palencia\/asaja-palencia-informa\/asaja-palencia-en-contra-de-la-forma-de-tramitar-el-plan-renove#primaryimage\",\"url\":\"https:\/\/www.asajacyl.com\/palencia\/wp-content\/uploads\/sites\/3\/2021\/11\/TRACTOR-NOCTURNA-SIEMBRA.jpg\",\"contentUrl\":\"https:\/\/www.asajacyl.com\/palencia\/wp-content\/uploads\/sites\/3\/2021\/11\/TRACTOR-NOCTURNA-SIEMBRA.jpg\",\"width\":2000,\"height\":1500},{\"@type\":\"BreadcrumbList\",\"@id\":\"https:\/\/www.asajacyl.com\/palencia\/asaja-palencia-informa\/asaja-palencia-en-contra-de-la-forma-de-tramitar-el-plan-renove#breadcrumb\",\"itemListElement\":[{\"@type\":\"ListItem\",\"position\":1,\"name\":\"Portada\",\"item\":\"https:\/\/www.asajacyl.com\/palencia\/\"},{\"@type\":\"ListItem\",\"position\":2,\"name\":\"ASAJA-Palencia en contra de la forma de tramitar el Plan Renove\"}]},{\"@type\":\"WebSite\",\"@id\":\"https:\/\/www.asajacyl.com\/palencia\/#website\",\"url\":\"https:\/\/www.asajacyl.com\/palencia\/\",\"name\":\"ASAJA Palencia\",\"description\":\"Otro sitio m\u00e1s de Provincias ASAJA Castilla y Le\u00f3n\",\"potentialAction\":[{\"@type\":\"SearchAction\",\"target\":{\"@type\":\"EntryPoint\",\"urlTemplate\":\"https:\/\/www.asajacyl.com\/palencia\/?s={search_term_string}\"},\"query-input\":{\"@type\":\"PropertyValueSpecification\",\"valueRequired\":true,\"valueName\":\"search_term_string\"}}],\"inLanguage\":\"es\"},{\"@type\":\"Person\",\"@id\":\"https:\/\/www.asajacyl.com\/palencia\/#\/schema\/person\/3ab17aeb03527485c317557fae64aab1\",\"name\":\"Administrador\",\"image\":{\"@type\":\"ImageObject\",\"inLanguage\":\"es\",\"@id\":\"https:\/\/www.asajacyl.com\/palencia\/#\/schema\/person\/image\/\",\"url\":\"https:\/\/secure.gravatar.com\/avatar\/517384810d242ca9e38c180f3c9fb973?s=96&d=mm&r=g\",\"contentUrl\":\"https:\/\/secure.gravatar.com\/avatar\/517384810d242ca9e38c180f3c9fb973?s=96&d=mm&r=g\",\"caption\":\"Administrador\"},\"url\":\"https:\/\/www.asajacyl.com\/palencia\/author\/carlosrm\"}]}<\/script>\n<!-- \/ Yoast SEO plugin. -->","yoast_head_json":{"title":"ASAJA-Palencia en contra de la forma de tramitar el Plan Renove - ASAJA Palencia","description":"El d\u00eda 15 de julio se inici\u00f3 la tramitaci\u00f3n del Plan Renove agrario y en pocos minutos reales el dinero del presupuesto habilitado para tal fin por el","robots":{"index":"index","follow":"follow","max-snippet":"max-snippet:-1","max-image-preview":"max-image-preview:large","max-video-preview":"max-video-preview:-1"},"canonical":"https:\/\/www.asajacyl.com\/palencia\/asaja-palencia-informa\/asaja-palencia-en-contra-de-la-forma-de-tramitar-el-plan-renove","og_locale":"es_ES","og_type":"article","og_title":"ASAJA-Palencia en contra de la forma de tramitar el Plan Renove - ASAJA Palencia","og_description":"El d\u00eda 15 de julio se inici\u00f3 la tramitaci\u00f3n del Plan Renove agrario y en pocos minutos reales el dinero del presupuesto habilitado para tal fin por el","og_url":"https:\/\/www.asajacyl.com\/palencia\/asaja-palencia-informa\/asaja-palencia-en-contra-de-la-forma-de-tramitar-el-plan-renove","og_site_name":"ASAJA Palencia","article_published_time":"2022-07-27T13:09:00+00:00","article_modified_time":"2022-07-28T06:12:18+00:00","og_image":[{"width":2000,"height":1500,"url":"https:\/\/www.asajacyl.com\/palencia\/wp-content\/uploads\/sites\/3\/2021\/11\/TRACTOR-NOCTURNA-SIEMBRA.jpg","type":"image\/jpeg"}],"author":"Administrador","twitter_card":"summary_large_image","twitter_misc":{"Escrito por":"Administrador","Tiempo de lectura":"2 minutos"},"schema":{"@context":"https:\/\/schema.org","@graph":[{"@type":"WebPage","@id":"https:\/\/www.asajacyl.com\/palencia\/asaja-palencia-informa\/asaja-palencia-en-contra-de-la-forma-de-tramitar-el-plan-renove","url":"https:\/\/www.asajacyl.com\/palencia\/asaja-palencia-informa\/asaja-palencia-en-contra-de-la-forma-de-tramitar-el-plan-renove","name":"ASAJA-Palencia en contra de la forma de tramitar el Plan Renove - ASAJA Palencia","isPartOf":{"@id":"https:\/\/www.asajacyl.com\/palencia\/#website"},"primaryImageOfPage":{"@id":"https:\/\/www.asajacyl.com\/palencia\/asaja-palencia-informa\/asaja-palencia-en-contra-de-la-forma-de-tramitar-el-plan-renove#primaryimage"},"image":{"@id":"https:\/\/www.asajacyl.com\/palencia\/asaja-palencia-informa\/asaja-palencia-en-contra-de-la-forma-de-tramitar-el-plan-renove#primaryimage"},"thumbnailUrl":"https:\/\/www.asajacyl.com\/palencia\/wp-content\/uploads\/sites\/3\/2021\/11\/TRACTOR-NOCTURNA-SIEMBRA.jpg","datePublished":"2022-07-27T13:09:00+00:00","dateModified":"2022-07-28T06:12:18+00:00","author":{"@id":"https:\/\/www.asajacyl.com\/palencia\/#\/schema\/person\/3ab17aeb03527485c317557fae64aab1"},"description":"El d\u00eda 15 de julio se inici\u00f3 la tramitaci\u00f3n del Plan Renove agrario y en pocos minutos reales el dinero del presupuesto habilitado para tal fin por el","breadcrumb":{"@id":"https:\/\/www.asajacyl.com\/palencia\/asaja-palencia-informa\/asaja-palencia-en-contra-de-la-forma-de-tramitar-el-plan-renove#breadcrumb"},"inLanguage":"es","potentialAction":[{"@type":"ReadAction","target":["https:\/\/www.asajacyl.com\/palencia\/asaja-palencia-informa\/asaja-palencia-en-contra-de-la-forma-de-tramitar-el-plan-renove"]}]},{"@type":"ImageObject","inLanguage":"es","@id":"https:\/\/www.asajacyl.com\/palencia\/asaja-palencia-informa\/asaja-palencia-en-contra-de-la-forma-de-tramitar-el-plan-renove#primaryimage","url":"https:\/\/www.asajacyl.com\/palencia\/wp-content\/uploads\/sites\/3\/2021\/11\/TRACTOR-NOCTURNA-SIEMBRA.jpg","contentUrl":"https:\/\/www.asajacyl.com\/palencia\/wp-content\/uploads\/sites\/3\/2021\/11\/TRACTOR-NOCTURNA-SIEMBRA.jpg","width":2000,"height":1500},{"@type":"BreadcrumbList","@id":"https:\/\/www.asajacyl.com\/palencia\/asaja-palencia-informa\/asaja-palencia-en-contra-de-la-forma-de-tramitar-el-plan-renove#breadcrumb","itemListElement":[{"@type":"ListItem","position":1,"name":"Portada","item":"https:\/\/www.asajacyl.com\/palencia\/"},{"@type":"ListItem","position":2,"name":"ASAJA-Palencia en contra de la forma de tramitar el Plan Renove"}]},{"@type":"WebSite","@id":"https:\/\/www.asajacyl.com\/palencia\/#website","url":"https:\/\/www.asajacyl.com\/palencia\/","name":"ASAJA Palencia","description":"Otro sitio m\u00e1s de Provincias ASAJA Castilla y Le\u00f3n","potentialAction":[{"@type":"SearchAction","target":{"@type":"EntryPoint","urlTemplate":"https:\/\/www.asajacyl.com\/palencia\/?s={search_term_string}"},"query-input":{"@type":"PropertyValueSpecification","valueRequired":true,"valueName":"search_term_string"}}],"inLanguage":"es"},{"@type":"Person","@id":"https:\/\/www.asajacyl.com\/palencia\/#\/schema\/person\/3ab17aeb03527485c317557fae64aab1","name":"Administrador","image":{"@type":"ImageObject","inLanguage":"es","@id":"https:\/\/www.asajacyl.com\/palencia\/#\/schema\/person\/image\/","url":"https:\/\/secure.gravatar.com\/avatar\/517384810d242ca9e38c180f3c9fb973?s=96&d=mm&r=g","contentUrl":"https:\/\/secure.gravatar.com\/avatar\/517384810d242ca9e38c180f3c9fb973?s=96&d=mm&r=g","caption":"Administrador"},"url":"https:\/\/www.asajacyl.com\/palencia\/author\/carlosrm"}]}},"_links":{"self":[{"href":"https:\/\/www.asajacyl.com\/palencia\/wp-json\/wp\/v2\/posts\/11141"}],"collection":[{"href":"https:\/\/www.asajacyl.com\/palencia\/wp-json\/wp\/v2\/posts"}],"about":[{"href":"https:\/\/www.asajacyl.com\/palencia\/wp-json\/wp\/v2\/types\/post"}],"author":[{"embeddable":true,"href":"https:\/\/www.asajacyl.com\/palencia\/wp-json\/wp\/v2\/users\/9"}],"replies":[{"embeddable":true,"href":"https:\/\/www.asajacyl.com\/palencia\/wp-json\/wp\/v2\/comments?post=11141"}],"version-history":[{"count":3,"href":"https:\/\/www.asajacyl.com\/palencia\/wp-json\/wp\/v2\/posts\/11141\/revisions"}],"predecessor-version":[{"id":11150,"href":"https:\/\/www.asajacyl.com\/palencia\/wp-json\/wp\/v2\/posts\/11141\/revisions\/11150"}],"wp:featuredmedia":[{"embeddable":true,"href":"https:\/\/www.asajacyl.com\/palencia\/wp-json\/wp\/v2\/media\/9268"}],"wp:attachment":[{"href":"https:\/\/www.asajacyl.com\/palencia\/wp-json\/wp\/v2\/media?parent=11141"}],"wp:term":[{"taxonomy":"category","embeddable":true,"href":"https:\/\/www.asajacyl.com\/palencia\/wp-json\/wp\/v2\/categories?post=11141"},{"taxonomy":"post_tag","embeddable":true,"href":"https:\/\/www.asajacyl.com\/palencia\/wp-json\/wp\/v2\/tags?post=11141"}],"curies":[{"name":"wp","href":"https:\/\/api.w.org\/{rel}","templated":true}]}}