{"id":11158,"date":"2022-07-28T12:32:06","date_gmt":"2022-07-28T10:32:06","guid":{"rendered":"https:\/\/www.asajacyl.com\/palencia\/?p=11158"},"modified":"2022-07-28T12:55:53","modified_gmt":"2022-07-28T10:55:53","slug":"desbloqueo-de-cereales-ucranianos-tras-el-acuerdo-con-rusia","status":"publish","type":"post","link":"https:\/\/www.asajacyl.com\/palencia\/asaja-palencia-informa\/desbloqueo-de-cereales-ucranianos-tras-el-acuerdo-con-rusia","title":{"rendered":"Desbloqueo de cereales ucranianos tras el acuerdo con Rusia"},"content":{"rendered":"\n<p>El d\u00eda 22 de julio se anunciaba que Rusia y Ucrania hab\u00edan llegado a un acuerdo, en presencia de Antonio Guterres, Secretario General de la Organizaci\u00f3n de las Naciones Unidas, y el presidente turco, Recep Tayyip Erdo\u011fan, para exportar los cereales que Ucrania tiene almacenados en los puertos localizados en el Mar Negro. Este acuerdo aspira a frenar la crisis alimentaria mundial motivada por la carencia de cereales en el mercado tras el asedio ruso a los puertos ucranianos que hist\u00f3ricamente utilizan para la exportaci\u00f3n de sus productos agr\u00edcolas. Adem\u00e1s, el acuerdo tambi\u00e9n flexibilizar\u00e1 los obst\u00e1culos que ven\u00edan existiendo para la exportaci\u00f3n de grano y fertilizante ruso.<\/p>\n\n\n\n<p>Lo que podr\u00eda ser una buena noticia, a priori, puede no serlo tanto cuando lo que media es una guerra donde la propaganda abunda por lo general, algo que se he demostrado en los d\u00edas posteriores a la firma del acuerdo, ya que las noticias son contradictorias y por parte de Ucrania se han denunciado diversos ataques en las zonas portuarias, concretamente en el puerto de Odesa y el de Mykolaiv.<\/p>\n\n\n\n<p>Ucrania ha indicado que ser\u00e1 capaz de exportar unos tres millones de toneladas de cereales -el triple de la producci\u00f3n anual de Palencia y la mitad de lo que se suele producir en Castilla y Le\u00f3n- desde los puertos de Chornomorsk, Odesa y Pivdenny, hasta llegar a unos 22 millones de toneladas que tienen almacenados en la zona. <\/p>\n\n\n\n<p>Inicialmente se habl\u00f3 de trasladar el grano por v\u00eda terrestre pero es algo realmente complejo por los da\u00f1os existentes en las v\u00edas f\u00e9rreas ucranianas, por no haber transportistas, por la falta de camiones, que est\u00e1n en el frente, y la escasez de combustible.<\/p>\n\n\n\n<p>Habr\u00e1 que esperar e ir viendo si el acuerdo se cumple, aunque mejor a\u00fan ser\u00eda que terminara la guerra, algo que nunca es positivo y siempre trae desolaci\u00f3n y un desastre material y humano que el mundo no se puede permitir.<\/p>\n","protected":false},"excerpt":{"rendered":"<p>El d\u00eda 22 de julio se anunciaba que Rusia y Ucrania hab\u00edan llegado a un acuerdo, en presencia de Antonio Guterres, Secretario General de la Organizaci\u00f3n de las Naciones Unidas, y el presidente turco, Recep Tayyip Erdo\u011fan, para exportar los cereales que Ucrania tiene almacenados en los puertos localizados en el Mar Negro. Este acuerdo [&hellip;]<\/p>\n","protected":false},"author":9,"featured_media":10306,"comment_status":"open","ping_status":"open","sticky":false,"template":"","format":"standard","meta":{"footnotes":""},"categories":[9,29,28],"tags":[],"yoast_head":"<!-- This site is optimized with the Yoast SEO plugin v24.5 - https:\/\/yoast.com\/wordpress\/plugins\/seo\/ -->\n<title>Desbloqueo de cereales ucranianos tras el acuerdo con Rusia - ASAJA Palencia<\/title>\n<meta name=\"description\" content=\"El d\u00eda 22 de julio se anunciaba que Rusia y Ucrania hab\u00edan llegado a un acuerdo, en presencia de Antonio Guterres, Secretario General de la Organizaci\u00f3n\" \/>\n<meta name=\"robots\" content=\"index, follow, max-snippet:-1, max-image-preview:large, max-video-preview:-1\" \/>\n<link rel=\"canonical\" href=\"https:\/\/www.asajacyl.com\/palencia\/asaja-palencia-informa\/desbloqueo-de-cereales-ucranianos-tras-el-acuerdo-con-rusia\" \/>\n<meta property=\"og:locale\" content=\"es_ES\" \/>\n<meta property=\"og:type\" content=\"article\" \/>\n<meta property=\"og:title\" content=\"Desbloqueo de cereales ucranianos tras el acuerdo con Rusia - ASAJA Palencia\" \/>\n<meta property=\"og:description\" content=\"El d\u00eda 22 de julio se anunciaba que Rusia y Ucrania hab\u00edan llegado a un acuerdo, en presencia de Antonio Guterres, Secretario General de la Organizaci\u00f3n\" \/>\n<meta property=\"og:url\" content=\"https:\/\/www.asajacyl.com\/palencia\/asaja-palencia-informa\/desbloqueo-de-cereales-ucranianos-tras-el-acuerdo-con-rusia\" \/>\n<meta property=\"og:site_name\" content=\"ASAJA Palencia\" \/>\n<meta property=\"article:published_time\" content=\"2022-07-28T10:32:06+00:00\" \/>\n<meta property=\"article:modified_time\" content=\"2022-07-28T10:55:53+00:00\" \/>\n<meta property=\"og:image\" content=\"https:\/\/www.asajacyl.com\/palencia\/wp-content\/uploads\/sites\/3\/2022\/04\/UCRANIA.jpg\" \/>\n\t<meta property=\"og:image:width\" content=\"1920\" \/>\n\t<meta property=\"og:image:height\" content=\"1200\" \/>\n\t<meta property=\"og:image:type\" content=\"image\/jpeg\" \/>\n<meta name=\"author\" content=\"Administrador\" \/>\n<meta name=\"twitter:card\" content=\"summary_large_image\" \/>\n<meta name=\"twitter:label1\" content=\"Escrito por\" \/>\n\t<meta name=\"twitter:data1\" content=\"Administrador\" \/>\n\t<meta name=\"twitter:label2\" content=\"Tiempo de lectura\" \/>\n\t<meta name=\"twitter:data2\" content=\"2 minutos\" \/>\n<script type=\"application\/ld+json\" class=\"yoast-schema-graph\">{\"@context\":\"https:\/\/schema.org\",\"@graph\":[{\"@type\":\"WebPage\",\"@id\":\"https:\/\/www.asajacyl.com\/palencia\/asaja-palencia-informa\/desbloqueo-de-cereales-ucranianos-tras-el-acuerdo-con-rusia\",\"url\":\"https:\/\/www.asajacyl.com\/palencia\/asaja-palencia-informa\/desbloqueo-de-cereales-ucranianos-tras-el-acuerdo-con-rusia\",\"name\":\"Desbloqueo de cereales ucranianos tras el acuerdo con Rusia - ASAJA Palencia\",\"isPartOf\":{\"@id\":\"https:\/\/www.asajacyl.com\/palencia\/#website\"},\"primaryImageOfPage\":{\"@id\":\"https:\/\/www.asajacyl.com\/palencia\/asaja-palencia-informa\/desbloqueo-de-cereales-ucranianos-tras-el-acuerdo-con-rusia#primaryimage\"},\"image\":{\"@id\":\"https:\/\/www.asajacyl.com\/palencia\/asaja-palencia-informa\/desbloqueo-de-cereales-ucranianos-tras-el-acuerdo-con-rusia#primaryimage\"},\"thumbnailUrl\":\"https:\/\/www.asajacyl.com\/palencia\/wp-content\/uploads\/sites\/3\/2022\/04\/UCRANIA.jpg\",\"datePublished\":\"2022-07-28T10:32:06+00:00\",\"dateModified\":\"2022-07-28T10:55:53+00:00\",\"author\":{\"@id\":\"https:\/\/www.asajacyl.com\/palencia\/#\/schema\/person\/3ab17aeb03527485c317557fae64aab1\"},\"description\":\"El d\u00eda 22 de julio se anunciaba que Rusia y Ucrania hab\u00edan llegado a un acuerdo, en presencia de Antonio Guterres, Secretario General de la Organizaci\u00f3n\",\"breadcrumb\":{\"@id\":\"https:\/\/www.asajacyl.com\/palencia\/asaja-palencia-informa\/desbloqueo-de-cereales-ucranianos-tras-el-acuerdo-con-rusia#breadcrumb\"},\"inLanguage\":\"es\",\"potentialAction\":[{\"@type\":\"ReadAction\",\"target\":[\"https:\/\/www.asajacyl.com\/palencia\/asaja-palencia-informa\/desbloqueo-de-cereales-ucranianos-tras-el-acuerdo-con-rusia\"]}]},{\"@type\":\"ImageObject\",\"inLanguage\":\"es\",\"@id\":\"https:\/\/www.asajacyl.com\/palencia\/asaja-palencia-informa\/desbloqueo-de-cereales-ucranianos-tras-el-acuerdo-con-rusia#primaryimage\",\"url\":\"https:\/\/www.asajacyl.com\/palencia\/wp-content\/uploads\/sites\/3\/2022\/04\/UCRANIA.jpg\",\"contentUrl\":\"https:\/\/www.asajacyl.com\/palencia\/wp-content\/uploads\/sites\/3\/2022\/04\/UCRANIA.jpg\",\"width\":1920,\"height\":1200},{\"@type\":\"BreadcrumbList\",\"@id\":\"https:\/\/www.asajacyl.com\/palencia\/asaja-palencia-informa\/desbloqueo-de-cereales-ucranianos-tras-el-acuerdo-con-rusia#breadcrumb\",\"itemListElement\":[{\"@type\":\"ListItem\",\"position\":1,\"name\":\"Portada\",\"item\":\"https:\/\/www.asajacyl.com\/palencia\/\"},{\"@type\":\"ListItem\",\"position\":2,\"name\":\"Desbloqueo de cereales ucranianos tras el acuerdo con Rusia\"}]},{\"@type\":\"WebSite\",\"@id\":\"https:\/\/www.asajacyl.com\/palencia\/#website\",\"url\":\"https:\/\/www.asajacyl.com\/palencia\/\",\"name\":\"ASAJA Palencia\",\"description\":\"Otro sitio m\u00e1s de Provincias ASAJA Castilla y Le\u00f3n\",\"potentialAction\":[{\"@type\":\"SearchAction\",\"target\":{\"@type\":\"EntryPoint\",\"urlTemplate\":\"https:\/\/www.asajacyl.com\/palencia\/?s={search_term_string}\"},\"query-input\":{\"@type\":\"PropertyValueSpecification\",\"valueRequired\":true,\"valueName\":\"search_term_string\"}}],\"inLanguage\":\"es\"},{\"@type\":\"Person\",\"@id\":\"https:\/\/www.asajacyl.com\/palencia\/#\/schema\/person\/3ab17aeb03527485c317557fae64aab1\",\"name\":\"Administrador\",\"image\":{\"@type\":\"ImageObject\",\"inLanguage\":\"es\",\"@id\":\"https:\/\/www.asajacyl.com\/palencia\/#\/schema\/person\/image\/\",\"url\":\"https:\/\/secure.gravatar.com\/avatar\/517384810d242ca9e38c180f3c9fb973?s=96&d=mm&r=g\",\"contentUrl\":\"https:\/\/secure.gravatar.com\/avatar\/517384810d242ca9e38c180f3c9fb973?s=96&d=mm&r=g\",\"caption\":\"Administrador\"},\"url\":\"https:\/\/www.asajacyl.com\/palencia\/author\/carlosrm\"}]}<\/script>\n<!-- \/ Yoast SEO plugin. -->","yoast_head_json":{"title":"Desbloqueo de cereales ucranianos tras el acuerdo con Rusia - ASAJA Palencia","description":"El d\u00eda 22 de julio se anunciaba que Rusia y Ucrania hab\u00edan llegado a un acuerdo, en presencia de Antonio Guterres, Secretario General de la Organizaci\u00f3n","robots":{"index":"index","follow":"follow","max-snippet":"max-snippet:-1","max-image-preview":"max-image-preview:large","max-video-preview":"max-video-preview:-1"},"canonical":"https:\/\/www.asajacyl.com\/palencia\/asaja-palencia-informa\/desbloqueo-de-cereales-ucranianos-tras-el-acuerdo-con-rusia","og_locale":"es_ES","og_type":"article","og_title":"Desbloqueo de cereales ucranianos tras el acuerdo con Rusia - ASAJA Palencia","og_description":"El d\u00eda 22 de julio se anunciaba que Rusia y Ucrania hab\u00edan llegado a un acuerdo, en presencia de Antonio Guterres, Secretario General de la Organizaci\u00f3n","og_url":"https:\/\/www.asajacyl.com\/palencia\/asaja-palencia-informa\/desbloqueo-de-cereales-ucranianos-tras-el-acuerdo-con-rusia","og_site_name":"ASAJA Palencia","article_published_time":"2022-07-28T10:32:06+00:00","article_modified_time":"2022-07-28T10:55:53+00:00","og_image":[{"width":1920,"height":1200,"url":"https:\/\/www.asajacyl.com\/palencia\/wp-content\/uploads\/sites\/3\/2022\/04\/UCRANIA.jpg","type":"image\/jpeg"}],"author":"Administrador","twitter_card":"summary_large_image","twitter_misc":{"Escrito por":"Administrador","Tiempo de lectura":"2 minutos"},"schema":{"@context":"https:\/\/schema.org","@graph":[{"@type":"WebPage","@id":"https:\/\/www.asajacyl.com\/palencia\/asaja-palencia-informa\/desbloqueo-de-cereales-ucranianos-tras-el-acuerdo-con-rusia","url":"https:\/\/www.asajacyl.com\/palencia\/asaja-palencia-informa\/desbloqueo-de-cereales-ucranianos-tras-el-acuerdo-con-rusia","name":"Desbloqueo de cereales ucranianos tras el acuerdo con Rusia - ASAJA Palencia","isPartOf":{"@id":"https:\/\/www.asajacyl.com\/palencia\/#website"},"primaryImageOfPage":{"@id":"https:\/\/www.asajacyl.com\/palencia\/asaja-palencia-informa\/desbloqueo-de-cereales-ucranianos-tras-el-acuerdo-con-rusia#primaryimage"},"image":{"@id":"https:\/\/www.asajacyl.com\/palencia\/asaja-palencia-informa\/desbloqueo-de-cereales-ucranianos-tras-el-acuerdo-con-rusia#primaryimage"},"thumbnailUrl":"https:\/\/www.asajacyl.com\/palencia\/wp-content\/uploads\/sites\/3\/2022\/04\/UCRANIA.jpg","datePublished":"2022-07-28T10:32:06+00:00","dateModified":"2022-07-28T10:55:53+00:00","author":{"@id":"https:\/\/www.asajacyl.com\/palencia\/#\/schema\/person\/3ab17aeb03527485c317557fae64aab1"},"description":"El d\u00eda 22 de julio se anunciaba que Rusia y Ucrania hab\u00edan llegado a un acuerdo, en presencia de Antonio Guterres, Secretario General de la Organizaci\u00f3n","breadcrumb":{"@id":"https:\/\/www.asajacyl.com\/palencia\/asaja-palencia-informa\/desbloqueo-de-cereales-ucranianos-tras-el-acuerdo-con-rusia#breadcrumb"},"inLanguage":"es","potentialAction":[{"@type":"ReadAction","target":["https:\/\/www.asajacyl.com\/palencia\/asaja-palencia-informa\/desbloqueo-de-cereales-ucranianos-tras-el-acuerdo-con-rusia"]}]},{"@type":"ImageObject","inLanguage":"es","@id":"https:\/\/www.asajacyl.com\/palencia\/asaja-palencia-informa\/desbloqueo-de-cereales-ucranianos-tras-el-acuerdo-con-rusia#primaryimage","url":"https:\/\/www.asajacyl.com\/palencia\/wp-content\/uploads\/sites\/3\/2022\/04\/UCRANIA.jpg","contentUrl":"https:\/\/www.asajacyl.com\/palencia\/wp-content\/uploads\/sites\/3\/2022\/04\/UCRANIA.jpg","width":1920,"height":1200},{"@type":"BreadcrumbList","@id":"https:\/\/www.asajacyl.com\/palencia\/asaja-palencia-informa\/desbloqueo-de-cereales-ucranianos-tras-el-acuerdo-con-rusia#breadcrumb","itemListElement":[{"@type":"ListItem","position":1,"name":"Portada","item":"https:\/\/www.asajacyl.com\/palencia\/"},{"@type":"ListItem","position":2,"name":"Desbloqueo de cereales ucranianos tras el acuerdo con Rusia"}]},{"@type":"WebSite","@id":"https:\/\/www.asajacyl.com\/palencia\/#website","url":"https:\/\/www.asajacyl.com\/palencia\/","name":"ASAJA Palencia","description":"Otro sitio m\u00e1s de Provincias ASAJA Castilla y Le\u00f3n","potentialAction":[{"@type":"SearchAction","target":{"@type":"EntryPoint","urlTemplate":"https:\/\/www.asajacyl.com\/palencia\/?s={search_term_string}"},"query-input":{"@type":"PropertyValueSpecification","valueRequired":true,"valueName":"search_term_string"}}],"inLanguage":"es"},{"@type":"Person","@id":"https:\/\/www.asajacyl.com\/palencia\/#\/schema\/person\/3ab17aeb03527485c317557fae64aab1","name":"Administrador","image":{"@type":"ImageObject","inLanguage":"es","@id":"https:\/\/www.asajacyl.com\/palencia\/#\/schema\/person\/image\/","url":"https:\/\/secure.gravatar.com\/avatar\/517384810d242ca9e38c180f3c9fb973?s=96&d=mm&r=g","contentUrl":"https:\/\/secure.gravatar.com\/avatar\/517384810d242ca9e38c180f3c9fb973?s=96&d=mm&r=g","caption":"Administrador"},"url":"https:\/\/www.asajacyl.com\/palencia\/author\/carlosrm"}]}},"_links":{"self":[{"href":"https:\/\/www.asajacyl.com\/palencia\/wp-json\/wp\/v2\/posts\/11158"}],"collection":[{"href":"https:\/\/www.asajacyl.com\/palencia\/wp-json\/wp\/v2\/posts"}],"about":[{"href":"https:\/\/www.asajacyl.com\/palencia\/wp-json\/wp\/v2\/types\/post"}],"author":[{"embeddable":true,"href":"https:\/\/www.asajacyl.com\/palencia\/wp-json\/wp\/v2\/users\/9"}],"replies":[{"embeddable":true,"href":"https:\/\/www.asajacyl.com\/palencia\/wp-json\/wp\/v2\/comments?post=11158"}],"version-history":[{"count":3,"href":"https:\/\/www.asajacyl.com\/palencia\/wp-json\/wp\/v2\/posts\/11158\/revisions"}],"predecessor-version":[{"id":11163,"href":"https:\/\/www.asajacyl.com\/palencia\/wp-json\/wp\/v2\/posts\/11158\/revisions\/11163"}],"wp:featuredmedia":[{"embeddable":true,"href":"https:\/\/www.asajacyl.com\/palencia\/wp-json\/wp\/v2\/media\/10306"}],"wp:attachment":[{"href":"https:\/\/www.asajacyl.com\/palencia\/wp-json\/wp\/v2\/media?parent=11158"}],"wp:term":[{"taxonomy":"category","embeddable":true,"href":"https:\/\/www.asajacyl.com\/palencia\/wp-json\/wp\/v2\/categories?post=11158"},{"taxonomy":"post_tag","embeddable":true,"href":"https:\/\/www.asajacyl.com\/palencia\/wp-json\/wp\/v2\/tags?post=11158"}],"curies":[{"name":"wp","href":"https:\/\/api.w.org\/{rel}","templated":true}]}}