{"id":11180,"date":"2022-08-02T10:04:29","date_gmt":"2022-08-02T08:04:29","guid":{"rendered":"https:\/\/www.asajacyl.com\/palencia\/?p=11180"},"modified":"2022-08-02T10:04:31","modified_gmt":"2022-08-02T08:04:31","slug":"se-mejoraran-los-canales-del-pisuerga-de-villalaco-y-de-palencia","status":"publish","type":"post","link":"https:\/\/www.asajacyl.com\/palencia\/asaja-palencia-informa\/se-mejoraran-los-canales-del-pisuerga-de-villalaco-y-de-palencia","title":{"rendered":"Se mejorar\u00e1n los canales del Pisuerga, de Villalaco y de Palencia"},"content":{"rendered":"\n<p>El Consejo de Ministros ha aprobado celebrar un contrato anual, renovable por otro a\u00f1o, de servicios para la mejora del estado de diversos canales del Estado en la demarcaci\u00f3n de la CHD por un importe superior a 18 millones de euros, los cuales se destinar\u00e1n a nueve infraestructuras hidr\u00e1ulicas del Estado cuya explotaci\u00f3n tiene asignada la CHD, entre las que se encuentran el Canal del Pisuerga, el Canal de Palencia (sistema Carri\u00f3n) y el Canal de Villalaco (sistema Pisuerga).<\/p>\n\n\n\n<p>En el caso del Canal del Pisuerga se llevar\u00e1n a cabo actuaciones de mayor entidad (como renovaci\u00f3n de cajeros y solera, demolici\u00f3n de obras inhabilitadas, restauraci\u00f3n de estructuras, sellado de juntas, mejora del drenaje, limpieza de desag\u00fces o impermeabilizaciones) mientras que en los canales de Palencia y de Villalaco las actuaciones consistir\u00e1n en entubaciones de acequias, revestimiento de pa\u00f1os, sellado de juntas o limpieza de desag\u00fces.<\/p>\n\n\n\n<p>Estas infraestructuras acumulan d\u00e9cadas de explotaci\u00f3n y requieren de actuaciones de conservaci\u00f3n que mejoren sus condiciones. Los trabajos comprenden tanto operaciones habituales de mantenimiento preventivo, ejecutadas tras finalizar la campa\u00f1a de riego, as\u00ed como otras labores extraordinarias de mantenimiento y conservaci\u00f3n.<\/p>\n","protected":false},"excerpt":{"rendered":"<p>El Consejo de Ministros ha aprobado celebrar un contrato anual, renovable por otro a\u00f1o, de servicios para la mejora del estado de diversos canales del Estado en la demarcaci\u00f3n de la CHD por un importe superior a 18 millones de euros, los cuales se destinar\u00e1n a nueve infraestructuras hidr\u00e1ulicas del Estado cuya explotaci\u00f3n tiene asignada [&hellip;]<\/p>\n","protected":false},"author":9,"featured_media":11184,"comment_status":"open","ping_status":"open","sticky":false,"template":"","format":"standard","meta":{"footnotes":""},"categories":[9,29,28],"tags":[],"yoast_head":"<!-- This site is optimized with the Yoast SEO plugin v24.5 - https:\/\/yoast.com\/wordpress\/plugins\/seo\/ -->\n<title>Se mejorar\u00e1n los canales del Pisuerga, de Villalaco y de Palencia - ASAJA Palencia<\/title>\n<meta name=\"description\" content=\"El Consejo de Ministros ha aprobado celebrar un contrato anual, renovable por otro a\u00f1o, de servicios para la mejora del estado de diversos canales del\" \/>\n<meta name=\"robots\" content=\"index, follow, max-snippet:-1, max-image-preview:large, max-video-preview:-1\" \/>\n<link rel=\"canonical\" href=\"https:\/\/www.asajacyl.com\/palencia\/asaja-palencia-informa\/se-mejoraran-los-canales-del-pisuerga-de-villalaco-y-de-palencia\" \/>\n<meta property=\"og:locale\" content=\"es_ES\" \/>\n<meta property=\"og:type\" content=\"article\" \/>\n<meta property=\"og:title\" content=\"Se mejorar\u00e1n los canales del Pisuerga, de Villalaco y de Palencia - ASAJA Palencia\" \/>\n<meta property=\"og:description\" content=\"El Consejo de Ministros ha aprobado celebrar un contrato anual, renovable por otro a\u00f1o, de servicios para la mejora del estado de diversos canales del\" \/>\n<meta property=\"og:url\" content=\"https:\/\/www.asajacyl.com\/palencia\/asaja-palencia-informa\/se-mejoraran-los-canales-del-pisuerga-de-villalaco-y-de-palencia\" \/>\n<meta property=\"og:site_name\" content=\"ASAJA Palencia\" \/>\n<meta property=\"article:published_time\" content=\"2022-08-02T08:04:29+00:00\" \/>\n<meta property=\"article:modified_time\" content=\"2022-08-02T08:04:31+00:00\" \/>\n<meta property=\"og:image\" content=\"https:\/\/www.asajacyl.com\/palencia\/wp-content\/uploads\/sites\/3\/2022\/08\/CANAL-VILLALACO.jpg\" \/>\n\t<meta property=\"og:image:width\" content=\"1024\" \/>\n\t<meta property=\"og:image:height\" content=\"768\" \/>\n\t<meta property=\"og:image:type\" content=\"image\/jpeg\" \/>\n<meta name=\"author\" content=\"Administrador\" \/>\n<meta name=\"twitter:card\" content=\"summary_large_image\" \/>\n<meta name=\"twitter:label1\" content=\"Escrito por\" \/>\n\t<meta name=\"twitter:data1\" content=\"Administrador\" \/>\n\t<meta name=\"twitter:label2\" content=\"Tiempo de lectura\" \/>\n\t<meta name=\"twitter:data2\" content=\"1 minuto\" \/>\n<script type=\"application\/ld+json\" class=\"yoast-schema-graph\">{\"@context\":\"https:\/\/schema.org\",\"@graph\":[{\"@type\":\"WebPage\",\"@id\":\"https:\/\/www.asajacyl.com\/palencia\/asaja-palencia-informa\/se-mejoraran-los-canales-del-pisuerga-de-villalaco-y-de-palencia\",\"url\":\"https:\/\/www.asajacyl.com\/palencia\/asaja-palencia-informa\/se-mejoraran-los-canales-del-pisuerga-de-villalaco-y-de-palencia\",\"name\":\"Se mejorar\u00e1n los canales del Pisuerga, de Villalaco y de Palencia - ASAJA Palencia\",\"isPartOf\":{\"@id\":\"https:\/\/www.asajacyl.com\/palencia\/#website\"},\"primaryImageOfPage\":{\"@id\":\"https:\/\/www.asajacyl.com\/palencia\/asaja-palencia-informa\/se-mejoraran-los-canales-del-pisuerga-de-villalaco-y-de-palencia#primaryimage\"},\"image\":{\"@id\":\"https:\/\/www.asajacyl.com\/palencia\/asaja-palencia-informa\/se-mejoraran-los-canales-del-pisuerga-de-villalaco-y-de-palencia#primaryimage\"},\"thumbnailUrl\":\"https:\/\/www.asajacyl.com\/palencia\/wp-content\/uploads\/sites\/3\/2022\/08\/CANAL-VILLALACO.jpg\",\"datePublished\":\"2022-08-02T08:04:29+00:00\",\"dateModified\":\"2022-08-02T08:04:31+00:00\",\"author\":{\"@id\":\"https:\/\/www.asajacyl.com\/palencia\/#\/schema\/person\/3ab17aeb03527485c317557fae64aab1\"},\"description\":\"El Consejo de Ministros ha aprobado celebrar un contrato anual, renovable por otro a\u00f1o, de servicios para la mejora del estado de diversos canales del\",\"breadcrumb\":{\"@id\":\"https:\/\/www.asajacyl.com\/palencia\/asaja-palencia-informa\/se-mejoraran-los-canales-del-pisuerga-de-villalaco-y-de-palencia#breadcrumb\"},\"inLanguage\":\"es\",\"potentialAction\":[{\"@type\":\"ReadAction\",\"target\":[\"https:\/\/www.asajacyl.com\/palencia\/asaja-palencia-informa\/se-mejoraran-los-canales-del-pisuerga-de-villalaco-y-de-palencia\"]}]},{\"@type\":\"ImageObject\",\"inLanguage\":\"es\",\"@id\":\"https:\/\/www.asajacyl.com\/palencia\/asaja-palencia-informa\/se-mejoraran-los-canales-del-pisuerga-de-villalaco-y-de-palencia#primaryimage\",\"url\":\"https:\/\/www.asajacyl.com\/palencia\/wp-content\/uploads\/sites\/3\/2022\/08\/CANAL-VILLALACO.jpg\",\"contentUrl\":\"https:\/\/www.asajacyl.com\/palencia\/wp-content\/uploads\/sites\/3\/2022\/08\/CANAL-VILLALACO.jpg\",\"width\":1024,\"height\":768},{\"@type\":\"BreadcrumbList\",\"@id\":\"https:\/\/www.asajacyl.com\/palencia\/asaja-palencia-informa\/se-mejoraran-los-canales-del-pisuerga-de-villalaco-y-de-palencia#breadcrumb\",\"itemListElement\":[{\"@type\":\"ListItem\",\"position\":1,\"name\":\"Portada\",\"item\":\"https:\/\/www.asajacyl.com\/palencia\/\"},{\"@type\":\"ListItem\",\"position\":2,\"name\":\"Se mejorar\u00e1n los canales del Pisuerga, de Villalaco y de Palencia\"}]},{\"@type\":\"WebSite\",\"@id\":\"https:\/\/www.asajacyl.com\/palencia\/#website\",\"url\":\"https:\/\/www.asajacyl.com\/palencia\/\",\"name\":\"ASAJA Palencia\",\"description\":\"Otro sitio m\u00e1s de Provincias ASAJA Castilla y Le\u00f3n\",\"potentialAction\":[{\"@type\":\"SearchAction\",\"target\":{\"@type\":\"EntryPoint\",\"urlTemplate\":\"https:\/\/www.asajacyl.com\/palencia\/?s={search_term_string}\"},\"query-input\":{\"@type\":\"PropertyValueSpecification\",\"valueRequired\":true,\"valueName\":\"search_term_string\"}}],\"inLanguage\":\"es\"},{\"@type\":\"Person\",\"@id\":\"https:\/\/www.asajacyl.com\/palencia\/#\/schema\/person\/3ab17aeb03527485c317557fae64aab1\",\"name\":\"Administrador\",\"image\":{\"@type\":\"ImageObject\",\"inLanguage\":\"es\",\"@id\":\"https:\/\/www.asajacyl.com\/palencia\/#\/schema\/person\/image\/\",\"url\":\"https:\/\/secure.gravatar.com\/avatar\/517384810d242ca9e38c180f3c9fb973?s=96&d=mm&r=g\",\"contentUrl\":\"https:\/\/secure.gravatar.com\/avatar\/517384810d242ca9e38c180f3c9fb973?s=96&d=mm&r=g\",\"caption\":\"Administrador\"},\"url\":\"https:\/\/www.asajacyl.com\/palencia\/author\/carlosrm\"}]}<\/script>\n<!-- \/ Yoast SEO plugin. -->","yoast_head_json":{"title":"Se mejorar\u00e1n los canales del Pisuerga, de Villalaco y de Palencia - ASAJA Palencia","description":"El Consejo de Ministros ha aprobado celebrar un contrato anual, renovable por otro a\u00f1o, de servicios para la mejora del estado de diversos canales del","robots":{"index":"index","follow":"follow","max-snippet":"max-snippet:-1","max-image-preview":"max-image-preview:large","max-video-preview":"max-video-preview:-1"},"canonical":"https:\/\/www.asajacyl.com\/palencia\/asaja-palencia-informa\/se-mejoraran-los-canales-del-pisuerga-de-villalaco-y-de-palencia","og_locale":"es_ES","og_type":"article","og_title":"Se mejorar\u00e1n los canales del Pisuerga, de Villalaco y de Palencia - ASAJA Palencia","og_description":"El Consejo de Ministros ha aprobado celebrar un contrato anual, renovable por otro a\u00f1o, de servicios para la mejora del estado de diversos canales del","og_url":"https:\/\/www.asajacyl.com\/palencia\/asaja-palencia-informa\/se-mejoraran-los-canales-del-pisuerga-de-villalaco-y-de-palencia","og_site_name":"ASAJA Palencia","article_published_time":"2022-08-02T08:04:29+00:00","article_modified_time":"2022-08-02T08:04:31+00:00","og_image":[{"width":1024,"height":768,"url":"https:\/\/www.asajacyl.com\/palencia\/wp-content\/uploads\/sites\/3\/2022\/08\/CANAL-VILLALACO.jpg","type":"image\/jpeg"}],"author":"Administrador","twitter_card":"summary_large_image","twitter_misc":{"Escrito por":"Administrador","Tiempo de lectura":"1 minuto"},"schema":{"@context":"https:\/\/schema.org","@graph":[{"@type":"WebPage","@id":"https:\/\/www.asajacyl.com\/palencia\/asaja-palencia-informa\/se-mejoraran-los-canales-del-pisuerga-de-villalaco-y-de-palencia","url":"https:\/\/www.asajacyl.com\/palencia\/asaja-palencia-informa\/se-mejoraran-los-canales-del-pisuerga-de-villalaco-y-de-palencia","name":"Se mejorar\u00e1n los canales del Pisuerga, de Villalaco y de Palencia - ASAJA Palencia","isPartOf":{"@id":"https:\/\/www.asajacyl.com\/palencia\/#website"},"primaryImageOfPage":{"@id":"https:\/\/www.asajacyl.com\/palencia\/asaja-palencia-informa\/se-mejoraran-los-canales-del-pisuerga-de-villalaco-y-de-palencia#primaryimage"},"image":{"@id":"https:\/\/www.asajacyl.com\/palencia\/asaja-palencia-informa\/se-mejoraran-los-canales-del-pisuerga-de-villalaco-y-de-palencia#primaryimage"},"thumbnailUrl":"https:\/\/www.asajacyl.com\/palencia\/wp-content\/uploads\/sites\/3\/2022\/08\/CANAL-VILLALACO.jpg","datePublished":"2022-08-02T08:04:29+00:00","dateModified":"2022-08-02T08:04:31+00:00","author":{"@id":"https:\/\/www.asajacyl.com\/palencia\/#\/schema\/person\/3ab17aeb03527485c317557fae64aab1"},"description":"El Consejo de Ministros ha aprobado celebrar un contrato anual, renovable por otro a\u00f1o, de servicios para la mejora del estado de diversos canales del","breadcrumb":{"@id":"https:\/\/www.asajacyl.com\/palencia\/asaja-palencia-informa\/se-mejoraran-los-canales-del-pisuerga-de-villalaco-y-de-palencia#breadcrumb"},"inLanguage":"es","potentialAction":[{"@type":"ReadAction","target":["https:\/\/www.asajacyl.com\/palencia\/asaja-palencia-informa\/se-mejoraran-los-canales-del-pisuerga-de-villalaco-y-de-palencia"]}]},{"@type":"ImageObject","inLanguage":"es","@id":"https:\/\/www.asajacyl.com\/palencia\/asaja-palencia-informa\/se-mejoraran-los-canales-del-pisuerga-de-villalaco-y-de-palencia#primaryimage","url":"https:\/\/www.asajacyl.com\/palencia\/wp-content\/uploads\/sites\/3\/2022\/08\/CANAL-VILLALACO.jpg","contentUrl":"https:\/\/www.asajacyl.com\/palencia\/wp-content\/uploads\/sites\/3\/2022\/08\/CANAL-VILLALACO.jpg","width":1024,"height":768},{"@type":"BreadcrumbList","@id":"https:\/\/www.asajacyl.com\/palencia\/asaja-palencia-informa\/se-mejoraran-los-canales-del-pisuerga-de-villalaco-y-de-palencia#breadcrumb","itemListElement":[{"@type":"ListItem","position":1,"name":"Portada","item":"https:\/\/www.asajacyl.com\/palencia\/"},{"@type":"ListItem","position":2,"name":"Se mejorar\u00e1n los canales del Pisuerga, de Villalaco y de Palencia"}]},{"@type":"WebSite","@id":"https:\/\/www.asajacyl.com\/palencia\/#website","url":"https:\/\/www.asajacyl.com\/palencia\/","name":"ASAJA Palencia","description":"Otro sitio m\u00e1s de Provincias ASAJA Castilla y Le\u00f3n","potentialAction":[{"@type":"SearchAction","target":{"@type":"EntryPoint","urlTemplate":"https:\/\/www.asajacyl.com\/palencia\/?s={search_term_string}"},"query-input":{"@type":"PropertyValueSpecification","valueRequired":true,"valueName":"search_term_string"}}],"inLanguage":"es"},{"@type":"Person","@id":"https:\/\/www.asajacyl.com\/palencia\/#\/schema\/person\/3ab17aeb03527485c317557fae64aab1","name":"Administrador","image":{"@type":"ImageObject","inLanguage":"es","@id":"https:\/\/www.asajacyl.com\/palencia\/#\/schema\/person\/image\/","url":"https:\/\/secure.gravatar.com\/avatar\/517384810d242ca9e38c180f3c9fb973?s=96&d=mm&r=g","contentUrl":"https:\/\/secure.gravatar.com\/avatar\/517384810d242ca9e38c180f3c9fb973?s=96&d=mm&r=g","caption":"Administrador"},"url":"https:\/\/www.asajacyl.com\/palencia\/author\/carlosrm"}]}},"_links":{"self":[{"href":"https:\/\/www.asajacyl.com\/palencia\/wp-json\/wp\/v2\/posts\/11180"}],"collection":[{"href":"https:\/\/www.asajacyl.com\/palencia\/wp-json\/wp\/v2\/posts"}],"about":[{"href":"https:\/\/www.asajacyl.com\/palencia\/wp-json\/wp\/v2\/types\/post"}],"author":[{"embeddable":true,"href":"https:\/\/www.asajacyl.com\/palencia\/wp-json\/wp\/v2\/users\/9"}],"replies":[{"embeddable":true,"href":"https:\/\/www.asajacyl.com\/palencia\/wp-json\/wp\/v2\/comments?post=11180"}],"version-history":[{"count":1,"href":"https:\/\/www.asajacyl.com\/palencia\/wp-json\/wp\/v2\/posts\/11180\/revisions"}],"predecessor-version":[{"id":11181,"href":"https:\/\/www.asajacyl.com\/palencia\/wp-json\/wp\/v2\/posts\/11180\/revisions\/11181"}],"wp:featuredmedia":[{"embeddable":true,"href":"https:\/\/www.asajacyl.com\/palencia\/wp-json\/wp\/v2\/media\/11184"}],"wp:attachment":[{"href":"https:\/\/www.asajacyl.com\/palencia\/wp-json\/wp\/v2\/media?parent=11180"}],"wp:term":[{"taxonomy":"category","embeddable":true,"href":"https:\/\/www.asajacyl.com\/palencia\/wp-json\/wp\/v2\/categories?post=11180"},{"taxonomy":"post_tag","embeddable":true,"href":"https:\/\/www.asajacyl.com\/palencia\/wp-json\/wp\/v2\/tags?post=11180"}],"curies":[{"name":"wp","href":"https:\/\/api.w.org\/{rel}","templated":true}]}}