{"id":11182,"date":"2022-08-03T09:58:00","date_gmt":"2022-08-03T07:58:00","guid":{"rendered":"https:\/\/www.asajacyl.com\/palencia\/?p=11182"},"modified":"2022-08-02T09:59:36","modified_gmt":"2022-08-02T07:59:36","slug":"un-millon-de-toneladas-de-cereales-de-invierno-convierten-la-cosecha-en-media-y-superan-las-negativas-perspectivas-iniciales","status":"publish","type":"post","link":"https:\/\/www.asajacyl.com\/palencia\/asaja-palencia-informa\/un-millon-de-toneladas-de-cereales-de-invierno-convierten-la-cosecha-en-media-y-superan-las-negativas-perspectivas-iniciales","title":{"rendered":"Un mill\u00f3n de toneladas de cereales de invierno convierten la cosecha en media y superan las negativas perspectivas iniciales"},"content":{"rendered":"\n<p>El 16 de junio ASAJA-Palencia, tras realizar un sondeo entre sus socios, cifr\u00f3 las perspectivas de la cosecha provincial de cereales de invierno en 800.000 toneladas.<\/p>\n\n\n\n<p>Salimos de los meses de invierno con una perspectiva inmejorable, que hac\u00eda que muchos hablaran del mejor a\u00f1o que hab\u00edan visto, pero las lluvias no acompa\u00f1aron y pasamos a hablar de sequ\u00eda, tal es as\u00ed que se tramitaron numerosos partes de siniestro con esa causa, y una gran parte se han anulado posteriormente.<\/p>\n\n\n\n<p>Contra todo pron\u00f3stico, de forma general la cebada consigui\u00f3 unos buenos rendimientos y el trigo gran\u00f3 mucho mejor de lo esperado. Esto ha llevado la cosecha a 1.001.175 toneladas, lo que la convierte en un a\u00f1o medio ya que la media de los \u00faltimos 20 a\u00f1os es de 991.451 toneladas, de los \u00faltimos 10 a\u00f1os es 1.008.991 toneladas y la de 5 a\u00f1os es 1.017.927 toneladas.<\/p>\n\n\n\n<p>En cuanto a superficies, se han sembrado de trigo 137.209 hect\u00e1reas, dato similar al del a\u00f1o pasado.\u2008En cambio la cebada ha ocupado 113.114 hect\u00e1reas, 11.594 hect\u00e1reas menos que el a\u00f1o pasado, una cantidad importante y que es la m\u00e1s baja en los \u00faltimos veinte a\u00f1os. Avena y centeno se mantienen y el triticale aumenta 1.743 hect\u00e1reas, aumento muy destacado, ya que se han sembrado 5.923 hect\u00e1reas, dentro de la baja representatividad que tiene este cultivo en nuestra provincia.<\/p>\n\n\n\n<p>Por tanto, \u00e9ste ser\u00e1 un a\u00f1o que pasar\u00e1 a la historia como lo que pudo ser y no fue, pero que al menos mantuvo el tipo consiguiendo igualar la cosecha media.<\/p>\n\n\n\n<p>El dato oficial de la cosecha regional asciende a 5.036.866 de toneladas, un 20% inferior a la media de los \u00faltimos cinco a\u00f1os (6,3 millones de toneladas), siendo nuestra provincia la segunda que m\u00e1s aporta a la regi\u00f3n tras Burgos y por delante de Valladolid.<\/p>\n\n\n\n<p>La producci\u00f3n nacional ha sido estimada por el MAPA en 15.048.600 toneladas, representando Castilla y Le\u00f3n un tercio de esta cantidad.<\/p>\n","protected":false},"excerpt":{"rendered":"<p>El 16 de junio ASAJA-Palencia, tras realizar un sondeo entre sus socios, cifr\u00f3 las perspectivas de la cosecha provincial de cereales de invierno en 800.000 toneladas. Salimos de los meses de invierno con una perspectiva inmejorable, que hac\u00eda que muchos hablaran del mejor a\u00f1o que hab\u00edan visto, pero las lluvias no acompa\u00f1aron y pasamos a [&hellip;]<\/p>\n","protected":false},"author":9,"featured_media":10885,"comment_status":"open","ping_status":"open","sticky":false,"template":"","format":"standard","meta":{"footnotes":""},"categories":[9,29,28],"tags":[],"yoast_head":"<!-- This site is optimized with the Yoast SEO plugin v24.5 - https:\/\/yoast.com\/wordpress\/plugins\/seo\/ -->\n<title>Un mill\u00f3n de toneladas de cereales de invierno convierten la cosecha en media y superan las negativas perspectivas iniciales - ASAJA Palencia<\/title>\n<meta name=\"description\" content=\"El 16 de junio ASAJA-Palencia, tras realizar un sondeo entre sus socios, cifr\u00f3 las perspectivas de la cosecha provincial de cereales de invierno en\" \/>\n<meta name=\"robots\" content=\"index, follow, max-snippet:-1, max-image-preview:large, max-video-preview:-1\" \/>\n<link rel=\"canonical\" href=\"https:\/\/www.asajacyl.com\/palencia\/asaja-palencia-informa\/un-millon-de-toneladas-de-cereales-de-invierno-convierten-la-cosecha-en-media-y-superan-las-negativas-perspectivas-iniciales\" \/>\n<meta property=\"og:locale\" content=\"es_ES\" \/>\n<meta property=\"og:type\" content=\"article\" \/>\n<meta property=\"og:title\" content=\"Un mill\u00f3n de toneladas de cereales de invierno convierten la cosecha en media y superan las negativas perspectivas iniciales - ASAJA Palencia\" \/>\n<meta property=\"og:description\" content=\"El 16 de junio ASAJA-Palencia, tras realizar un sondeo entre sus socios, cifr\u00f3 las perspectivas de la cosecha provincial de cereales de invierno en\" \/>\n<meta property=\"og:url\" content=\"https:\/\/www.asajacyl.com\/palencia\/asaja-palencia-informa\/un-millon-de-toneladas-de-cereales-de-invierno-convierten-la-cosecha-en-media-y-superan-las-negativas-perspectivas-iniciales\" \/>\n<meta property=\"og:site_name\" content=\"ASAJA Palencia\" \/>\n<meta property=\"article:published_time\" content=\"2022-08-03T07:58:00+00:00\" \/>\n<meta property=\"og:image\" content=\"https:\/\/www.asajacyl.com\/palencia\/wp-content\/uploads\/sites\/3\/2022\/06\/COSECHA-CEBADA-9.jpg\" \/>\n\t<meta property=\"og:image:width\" content=\"2500\" \/>\n\t<meta property=\"og:image:height\" content=\"1875\" \/>\n\t<meta property=\"og:image:type\" content=\"image\/jpeg\" \/>\n<meta name=\"author\" content=\"Administrador\" \/>\n<meta name=\"twitter:card\" content=\"summary_large_image\" \/>\n<meta name=\"twitter:label1\" content=\"Escrito por\" \/>\n\t<meta name=\"twitter:data1\" content=\"Administrador\" \/>\n\t<meta name=\"twitter:label2\" content=\"Tiempo de lectura\" \/>\n\t<meta name=\"twitter:data2\" content=\"2 minutos\" \/>\n<script type=\"application\/ld+json\" class=\"yoast-schema-graph\">{\"@context\":\"https:\/\/schema.org\",\"@graph\":[{\"@type\":\"WebPage\",\"@id\":\"https:\/\/www.asajacyl.com\/palencia\/asaja-palencia-informa\/un-millon-de-toneladas-de-cereales-de-invierno-convierten-la-cosecha-en-media-y-superan-las-negativas-perspectivas-iniciales\",\"url\":\"https:\/\/www.asajacyl.com\/palencia\/asaja-palencia-informa\/un-millon-de-toneladas-de-cereales-de-invierno-convierten-la-cosecha-en-media-y-superan-las-negativas-perspectivas-iniciales\",\"name\":\"Un mill\u00f3n de toneladas de cereales de invierno convierten la cosecha en media y superan las negativas perspectivas iniciales - ASAJA Palencia\",\"isPartOf\":{\"@id\":\"https:\/\/www.asajacyl.com\/palencia\/#website\"},\"primaryImageOfPage\":{\"@id\":\"https:\/\/www.asajacyl.com\/palencia\/asaja-palencia-informa\/un-millon-de-toneladas-de-cereales-de-invierno-convierten-la-cosecha-en-media-y-superan-las-negativas-perspectivas-iniciales#primaryimage\"},\"image\":{\"@id\":\"https:\/\/www.asajacyl.com\/palencia\/asaja-palencia-informa\/un-millon-de-toneladas-de-cereales-de-invierno-convierten-la-cosecha-en-media-y-superan-las-negativas-perspectivas-iniciales#primaryimage\"},\"thumbnailUrl\":\"https:\/\/www.asajacyl.com\/palencia\/wp-content\/uploads\/sites\/3\/2022\/06\/COSECHA-CEBADA-9.jpg\",\"datePublished\":\"2022-08-03T07:58:00+00:00\",\"author\":{\"@id\":\"https:\/\/www.asajacyl.com\/palencia\/#\/schema\/person\/3ab17aeb03527485c317557fae64aab1\"},\"description\":\"El 16 de junio ASAJA-Palencia, tras realizar un sondeo entre sus socios, cifr\u00f3 las perspectivas de la cosecha provincial de cereales de invierno en\",\"breadcrumb\":{\"@id\":\"https:\/\/www.asajacyl.com\/palencia\/asaja-palencia-informa\/un-millon-de-toneladas-de-cereales-de-invierno-convierten-la-cosecha-en-media-y-superan-las-negativas-perspectivas-iniciales#breadcrumb\"},\"inLanguage\":\"es\",\"potentialAction\":[{\"@type\":\"ReadAction\",\"target\":[\"https:\/\/www.asajacyl.com\/palencia\/asaja-palencia-informa\/un-millon-de-toneladas-de-cereales-de-invierno-convierten-la-cosecha-en-media-y-superan-las-negativas-perspectivas-iniciales\"]}]},{\"@type\":\"ImageObject\",\"inLanguage\":\"es\",\"@id\":\"https:\/\/www.asajacyl.com\/palencia\/asaja-palencia-informa\/un-millon-de-toneladas-de-cereales-de-invierno-convierten-la-cosecha-en-media-y-superan-las-negativas-perspectivas-iniciales#primaryimage\",\"url\":\"https:\/\/www.asajacyl.com\/palencia\/wp-content\/uploads\/sites\/3\/2022\/06\/COSECHA-CEBADA-9.jpg\",\"contentUrl\":\"https:\/\/www.asajacyl.com\/palencia\/wp-content\/uploads\/sites\/3\/2022\/06\/COSECHA-CEBADA-9.jpg\",\"width\":2500,\"height\":1875},{\"@type\":\"BreadcrumbList\",\"@id\":\"https:\/\/www.asajacyl.com\/palencia\/asaja-palencia-informa\/un-millon-de-toneladas-de-cereales-de-invierno-convierten-la-cosecha-en-media-y-superan-las-negativas-perspectivas-iniciales#breadcrumb\",\"itemListElement\":[{\"@type\":\"ListItem\",\"position\":1,\"name\":\"Portada\",\"item\":\"https:\/\/www.asajacyl.com\/palencia\/\"},{\"@type\":\"ListItem\",\"position\":2,\"name\":\"Un mill\u00f3n de toneladas de cereales de invierno convierten la cosecha en media y superan las negativas perspectivas iniciales\"}]},{\"@type\":\"WebSite\",\"@id\":\"https:\/\/www.asajacyl.com\/palencia\/#website\",\"url\":\"https:\/\/www.asajacyl.com\/palencia\/\",\"name\":\"ASAJA Palencia\",\"description\":\"Otro sitio m\u00e1s de Provincias ASAJA Castilla y Le\u00f3n\",\"potentialAction\":[{\"@type\":\"SearchAction\",\"target\":{\"@type\":\"EntryPoint\",\"urlTemplate\":\"https:\/\/www.asajacyl.com\/palencia\/?s={search_term_string}\"},\"query-input\":{\"@type\":\"PropertyValueSpecification\",\"valueRequired\":true,\"valueName\":\"search_term_string\"}}],\"inLanguage\":\"es\"},{\"@type\":\"Person\",\"@id\":\"https:\/\/www.asajacyl.com\/palencia\/#\/schema\/person\/3ab17aeb03527485c317557fae64aab1\",\"name\":\"Administrador\",\"image\":{\"@type\":\"ImageObject\",\"inLanguage\":\"es\",\"@id\":\"https:\/\/www.asajacyl.com\/palencia\/#\/schema\/person\/image\/\",\"url\":\"https:\/\/secure.gravatar.com\/avatar\/517384810d242ca9e38c180f3c9fb973?s=96&d=mm&r=g\",\"contentUrl\":\"https:\/\/secure.gravatar.com\/avatar\/517384810d242ca9e38c180f3c9fb973?s=96&d=mm&r=g\",\"caption\":\"Administrador\"},\"url\":\"https:\/\/www.asajacyl.com\/palencia\/author\/carlosrm\"}]}<\/script>\n<!-- \/ Yoast SEO plugin. -->","yoast_head_json":{"title":"Un mill\u00f3n de toneladas de cereales de invierno convierten la cosecha en media y superan las negativas perspectivas iniciales - ASAJA Palencia","description":"El 16 de junio ASAJA-Palencia, tras realizar un sondeo entre sus socios, cifr\u00f3 las perspectivas de la cosecha provincial de cereales de invierno en","robots":{"index":"index","follow":"follow","max-snippet":"max-snippet:-1","max-image-preview":"max-image-preview:large","max-video-preview":"max-video-preview:-1"},"canonical":"https:\/\/www.asajacyl.com\/palencia\/asaja-palencia-informa\/un-millon-de-toneladas-de-cereales-de-invierno-convierten-la-cosecha-en-media-y-superan-las-negativas-perspectivas-iniciales","og_locale":"es_ES","og_type":"article","og_title":"Un mill\u00f3n de toneladas de cereales de invierno convierten la cosecha en media y superan las negativas perspectivas iniciales - ASAJA Palencia","og_description":"El 16 de junio ASAJA-Palencia, tras realizar un sondeo entre sus socios, cifr\u00f3 las perspectivas de la cosecha provincial de cereales de invierno en","og_url":"https:\/\/www.asajacyl.com\/palencia\/asaja-palencia-informa\/un-millon-de-toneladas-de-cereales-de-invierno-convierten-la-cosecha-en-media-y-superan-las-negativas-perspectivas-iniciales","og_site_name":"ASAJA Palencia","article_published_time":"2022-08-03T07:58:00+00:00","og_image":[{"width":2500,"height":1875,"url":"https:\/\/www.asajacyl.com\/palencia\/wp-content\/uploads\/sites\/3\/2022\/06\/COSECHA-CEBADA-9.jpg","type":"image\/jpeg"}],"author":"Administrador","twitter_card":"summary_large_image","twitter_misc":{"Escrito por":"Administrador","Tiempo de lectura":"2 minutos"},"schema":{"@context":"https:\/\/schema.org","@graph":[{"@type":"WebPage","@id":"https:\/\/www.asajacyl.com\/palencia\/asaja-palencia-informa\/un-millon-de-toneladas-de-cereales-de-invierno-convierten-la-cosecha-en-media-y-superan-las-negativas-perspectivas-iniciales","url":"https:\/\/www.asajacyl.com\/palencia\/asaja-palencia-informa\/un-millon-de-toneladas-de-cereales-de-invierno-convierten-la-cosecha-en-media-y-superan-las-negativas-perspectivas-iniciales","name":"Un mill\u00f3n de toneladas de cereales de invierno convierten la cosecha en media y superan las negativas perspectivas iniciales - ASAJA Palencia","isPartOf":{"@id":"https:\/\/www.asajacyl.com\/palencia\/#website"},"primaryImageOfPage":{"@id":"https:\/\/www.asajacyl.com\/palencia\/asaja-palencia-informa\/un-millon-de-toneladas-de-cereales-de-invierno-convierten-la-cosecha-en-media-y-superan-las-negativas-perspectivas-iniciales#primaryimage"},"image":{"@id":"https:\/\/www.asajacyl.com\/palencia\/asaja-palencia-informa\/un-millon-de-toneladas-de-cereales-de-invierno-convierten-la-cosecha-en-media-y-superan-las-negativas-perspectivas-iniciales#primaryimage"},"thumbnailUrl":"https:\/\/www.asajacyl.com\/palencia\/wp-content\/uploads\/sites\/3\/2022\/06\/COSECHA-CEBADA-9.jpg","datePublished":"2022-08-03T07:58:00+00:00","author":{"@id":"https:\/\/www.asajacyl.com\/palencia\/#\/schema\/person\/3ab17aeb03527485c317557fae64aab1"},"description":"El 16 de junio ASAJA-Palencia, tras realizar un sondeo entre sus socios, cifr\u00f3 las perspectivas de la cosecha provincial de cereales de invierno en","breadcrumb":{"@id":"https:\/\/www.asajacyl.com\/palencia\/asaja-palencia-informa\/un-millon-de-toneladas-de-cereales-de-invierno-convierten-la-cosecha-en-media-y-superan-las-negativas-perspectivas-iniciales#breadcrumb"},"inLanguage":"es","potentialAction":[{"@type":"ReadAction","target":["https:\/\/www.asajacyl.com\/palencia\/asaja-palencia-informa\/un-millon-de-toneladas-de-cereales-de-invierno-convierten-la-cosecha-en-media-y-superan-las-negativas-perspectivas-iniciales"]}]},{"@type":"ImageObject","inLanguage":"es","@id":"https:\/\/www.asajacyl.com\/palencia\/asaja-palencia-informa\/un-millon-de-toneladas-de-cereales-de-invierno-convierten-la-cosecha-en-media-y-superan-las-negativas-perspectivas-iniciales#primaryimage","url":"https:\/\/www.asajacyl.com\/palencia\/wp-content\/uploads\/sites\/3\/2022\/06\/COSECHA-CEBADA-9.jpg","contentUrl":"https:\/\/www.asajacyl.com\/palencia\/wp-content\/uploads\/sites\/3\/2022\/06\/COSECHA-CEBADA-9.jpg","width":2500,"height":1875},{"@type":"BreadcrumbList","@id":"https:\/\/www.asajacyl.com\/palencia\/asaja-palencia-informa\/un-millon-de-toneladas-de-cereales-de-invierno-convierten-la-cosecha-en-media-y-superan-las-negativas-perspectivas-iniciales#breadcrumb","itemListElement":[{"@type":"ListItem","position":1,"name":"Portada","item":"https:\/\/www.asajacyl.com\/palencia\/"},{"@type":"ListItem","position":2,"name":"Un mill\u00f3n de toneladas de cereales de invierno convierten la cosecha en media y superan las negativas perspectivas iniciales"}]},{"@type":"WebSite","@id":"https:\/\/www.asajacyl.com\/palencia\/#website","url":"https:\/\/www.asajacyl.com\/palencia\/","name":"ASAJA Palencia","description":"Otro sitio m\u00e1s de Provincias ASAJA Castilla y Le\u00f3n","potentialAction":[{"@type":"SearchAction","target":{"@type":"EntryPoint","urlTemplate":"https:\/\/www.asajacyl.com\/palencia\/?s={search_term_string}"},"query-input":{"@type":"PropertyValueSpecification","valueRequired":true,"valueName":"search_term_string"}}],"inLanguage":"es"},{"@type":"Person","@id":"https:\/\/www.asajacyl.com\/palencia\/#\/schema\/person\/3ab17aeb03527485c317557fae64aab1","name":"Administrador","image":{"@type":"ImageObject","inLanguage":"es","@id":"https:\/\/www.asajacyl.com\/palencia\/#\/schema\/person\/image\/","url":"https:\/\/secure.gravatar.com\/avatar\/517384810d242ca9e38c180f3c9fb973?s=96&d=mm&r=g","contentUrl":"https:\/\/secure.gravatar.com\/avatar\/517384810d242ca9e38c180f3c9fb973?s=96&d=mm&r=g","caption":"Administrador"},"url":"https:\/\/www.asajacyl.com\/palencia\/author\/carlosrm"}]}},"_links":{"self":[{"href":"https:\/\/www.asajacyl.com\/palencia\/wp-json\/wp\/v2\/posts\/11182"}],"collection":[{"href":"https:\/\/www.asajacyl.com\/palencia\/wp-json\/wp\/v2\/posts"}],"about":[{"href":"https:\/\/www.asajacyl.com\/palencia\/wp-json\/wp\/v2\/types\/post"}],"author":[{"embeddable":true,"href":"https:\/\/www.asajacyl.com\/palencia\/wp-json\/wp\/v2\/users\/9"}],"replies":[{"embeddable":true,"href":"https:\/\/www.asajacyl.com\/palencia\/wp-json\/wp\/v2\/comments?post=11182"}],"version-history":[{"count":1,"href":"https:\/\/www.asajacyl.com\/palencia\/wp-json\/wp\/v2\/posts\/11182\/revisions"}],"predecessor-version":[{"id":11183,"href":"https:\/\/www.asajacyl.com\/palencia\/wp-json\/wp\/v2\/posts\/11182\/revisions\/11183"}],"wp:featuredmedia":[{"embeddable":true,"href":"https:\/\/www.asajacyl.com\/palencia\/wp-json\/wp\/v2\/media\/10885"}],"wp:attachment":[{"href":"https:\/\/www.asajacyl.com\/palencia\/wp-json\/wp\/v2\/media?parent=11182"}],"wp:term":[{"taxonomy":"category","embeddable":true,"href":"https:\/\/www.asajacyl.com\/palencia\/wp-json\/wp\/v2\/categories?post=11182"},{"taxonomy":"post_tag","embeddable":true,"href":"https:\/\/www.asajacyl.com\/palencia\/wp-json\/wp\/v2\/tags?post=11182"}],"curies":[{"name":"wp","href":"https:\/\/api.w.org\/{rel}","templated":true}]}}