{"id":11197,"date":"2022-08-12T08:56:00","date_gmt":"2022-08-12T06:56:00","guid":{"rendered":"https:\/\/www.asajacyl.com\/palencia\/?p=11197"},"modified":"2022-08-09T09:18:43","modified_gmt":"2022-08-09T07:18:43","slug":"cosechar-o-no-cosechar","status":"publish","type":"post","link":"https:\/\/www.asajacyl.com\/palencia\/asaja-palencia-informa\/opinion-asaja\/cosechar-o-no-cosechar","title":{"rendered":"Cosechar o no cosechar"},"content":{"rendered":"\n<p><strong><em>Jos\u00e9 Luis Marcos, presidente de ASAJA-Palencia<\/em><\/strong><\/p>\n\n\n\n<p>\u00c9sta est\u00e1 siendo una campa\u00f1a de recolecci\u00f3n para olvidar, al final las producciones obtenidas, que en Palencia se asemejan a un a\u00f1o medio, van a ser lo de menos pero s\u00ed calar\u00e1 en todo el sector lo sucedido en lo referente a las diversas prohibiciones de cosechar que est\u00e1n amedrentando a todo el sector desde el d\u00eda 16 de julio.<\/p>\n\n\n\n<p>Desde ASAJA-Palencia estamos en total desacuerdo con las medidas tomadas por la Consejer\u00eda de Medio Ambiente, Vivienda y Ordenaci\u00f3n del Territorio, comandada por el consejero Juan Carlos Su\u00e1rez-Qui\u00f1ones. Un a\u00f1o \u201cnormal\u201d, en monte y en la superficie situada hasta 400 del monte se permite la cosecha si no se alcanzan los 30 \u00baC y los 30 km\/h de viento y los agricultores se sienten indefensos porque la definici\u00f3n de monte es tan amplia que \u201ctodo\u201d es monte, o al menos as\u00ed lo podr\u00eda entender la autoridad competente.<\/p>\n\n\n\n<p>Para darnos una vuelta de tuerca m\u00e1s, este a\u00f1o se ha optado por el camino m\u00e1s f\u00e1cil, la prohibici\u00f3n, los primeros d\u00edas, total, y los siguientes, parcial, y con ella se ha criminalizado al sector, algo que se est\u00e1 notando en la sociedad en las \u00faltimas semanas, donde se trata a los agricultores como pir\u00f3manos. Si la norma ya existe no tiene sentido realizar una prohibici\u00f3n extra bas\u00e1ndose en unas previsiones meteorol\u00f3gicas que posteriormente se pueden cumplir o no, y metiendo en el mismo saco a toda Castilla y Le\u00f3n, cuando en cada zona hay unas condiciones clim\u00e1ticas. As\u00ed no se evitan los incendios, simplemente se demoran las tareas de recolecci\u00f3n.<\/p>\n\n\n\n<p>Hemos llegado a un punto en que el sector tiene miedo de cosechar, no es justo. El agricultor realiza su trabajo, y una parte de \u00e9l es la recolecci\u00f3n. Cada d\u00eda en que los cultivos est\u00e1n en su momento \u00f3ptimo de cosecha, y \u00e9sta no se realiza, hay p\u00e9rdidas de granos que caen al suelo. Adem\u00e1s el cultivo est\u00e1 expuesto a riesgos climatol\u00f3gicos, como el pedrisco, y al disfrute por parte de la fauna salvaje.<\/p>\n\n\n\n<p>Si se quiere que los agricultores se queden en casa de brazos cruzados cuando deben estar recogiendo la cosecha se debe habilitar una partida presupuestaria para pagar los da\u00f1os acaecidos por la no realizaci\u00f3n de la cosecha a tiempo y adem\u00e1s por los da\u00f1os concretos que sucedan durante esos d\u00edas. Porque aunque pueda parecer que prohibiendo s\u00f3lo en una franja horaria la cosecha se puede realizar f\u00e1cilmente esto no es as\u00ed. Hay que recordar que el campo no es una f\u00e1brica y las condiciones climatol\u00f3gicas son las que son. Hay zonas donde es m\u00e1s que frecuente el roc\u00edo, algo que impide realizar la cosecha, y si a todas las horas en que hay esa humedad, a\u00f1adimos las prohibidas, nos encontramos en que se puede cosechar muy poco tiempo al d\u00eda.<\/p>\n\n\n\n<p>El incendio es un riesgo que es inherente a una labor como la cosecha, y puede haber incendios teniendo menor temperatura y viento que la designada para hacer parar las m\u00e1quinas por ley, de ah\u00ed lo absurdo de las prohibiciones que nos han impuesto. Aunque pueda parecer un t\u00f3pico, las Administraciones deben apagar los fuegos en invierno y permitir el trabajo del campo en verano. Cuando los agricultores ven que las condiciones son peligrosas para cosechar, la cosecha se para. A nadie le gusta jugarse la vida y la cosechadora por un incendio, no hace falta que venga el pol\u00edtico de turno a imponernos lo que tenemos que hacer.<\/p>\n","protected":false},"excerpt":{"rendered":"<p>Jos\u00e9 Luis Marcos, presidente de ASAJA-Palencia \u00c9sta est\u00e1 siendo una campa\u00f1a de recolecci\u00f3n para olvidar, al final las producciones obtenidas, que en Palencia se asemejan a un a\u00f1o medio, van a ser lo de menos pero s\u00ed calar\u00e1 en todo el sector lo sucedido en lo referente a las diversas prohibiciones de cosechar que est\u00e1n [&hellip;]<\/p>\n","protected":false},"author":9,"featured_media":8911,"comment_status":"open","ping_status":"open","sticky":false,"template":"","format":"standard","meta":{"footnotes":""},"categories":[30],"tags":[],"yoast_head":"<!-- This site is optimized with the Yoast SEO plugin v24.5 - https:\/\/yoast.com\/wordpress\/plugins\/seo\/ -->\n<title>Cosechar o no cosechar - ASAJA Palencia<\/title>\n<meta name=\"description\" content=\"Jos\u00e9 Luis Marcos, presidente de ASAJA-Palencia \u00c9sta est\u00e1 siendo una campa\u00f1a de recolecci\u00f3n para olvidar, al final las producciones obtenidas, que en\" \/>\n<meta name=\"robots\" content=\"index, follow, max-snippet:-1, max-image-preview:large, max-video-preview:-1\" \/>\n<link rel=\"canonical\" href=\"https:\/\/www.asajacyl.com\/palencia\/asaja-palencia-informa\/opinion-asaja\/cosechar-o-no-cosechar\" \/>\n<meta property=\"og:locale\" content=\"es_ES\" \/>\n<meta property=\"og:type\" content=\"article\" \/>\n<meta property=\"og:title\" content=\"Cosechar o no cosechar - ASAJA Palencia\" \/>\n<meta property=\"og:description\" content=\"Jos\u00e9 Luis Marcos, presidente de ASAJA-Palencia \u00c9sta est\u00e1 siendo una campa\u00f1a de recolecci\u00f3n para olvidar, al final las producciones obtenidas, que en\" \/>\n<meta property=\"og:url\" content=\"https:\/\/www.asajacyl.com\/palencia\/asaja-palencia-informa\/opinion-asaja\/cosechar-o-no-cosechar\" \/>\n<meta property=\"og:site_name\" content=\"ASAJA Palencia\" \/>\n<meta property=\"article:published_time\" content=\"2022-08-12T06:56:00+00:00\" \/>\n<meta property=\"og:image\" content=\"https:\/\/www.asajacyl.com\/palencia\/wp-content\/uploads\/sites\/3\/2021\/09\/JOSE-LUIS-MARCOS.jpg\" \/>\n\t<meta property=\"og:image:width\" content=\"2016\" \/>\n\t<meta property=\"og:image:height\" content=\"1512\" \/>\n\t<meta property=\"og:image:type\" content=\"image\/jpeg\" \/>\n<meta name=\"author\" content=\"Administrador\" \/>\n<meta name=\"twitter:card\" content=\"summary_large_image\" \/>\n<meta name=\"twitter:label1\" content=\"Escrito por\" \/>\n\t<meta name=\"twitter:data1\" content=\"Administrador\" \/>\n\t<meta name=\"twitter:label2\" content=\"Tiempo de lectura\" \/>\n\t<meta name=\"twitter:data2\" content=\"3 minutos\" \/>\n<script type=\"application\/ld+json\" class=\"yoast-schema-graph\">{\"@context\":\"https:\/\/schema.org\",\"@graph\":[{\"@type\":\"WebPage\",\"@id\":\"https:\/\/www.asajacyl.com\/palencia\/asaja-palencia-informa\/opinion-asaja\/cosechar-o-no-cosechar\",\"url\":\"https:\/\/www.asajacyl.com\/palencia\/asaja-palencia-informa\/opinion-asaja\/cosechar-o-no-cosechar\",\"name\":\"Cosechar o no cosechar - ASAJA Palencia\",\"isPartOf\":{\"@id\":\"https:\/\/www.asajacyl.com\/palencia\/#website\"},\"primaryImageOfPage\":{\"@id\":\"https:\/\/www.asajacyl.com\/palencia\/asaja-palencia-informa\/opinion-asaja\/cosechar-o-no-cosechar#primaryimage\"},\"image\":{\"@id\":\"https:\/\/www.asajacyl.com\/palencia\/asaja-palencia-informa\/opinion-asaja\/cosechar-o-no-cosechar#primaryimage\"},\"thumbnailUrl\":\"https:\/\/www.asajacyl.com\/palencia\/wp-content\/uploads\/sites\/3\/2021\/09\/JOSE-LUIS-MARCOS.jpg\",\"datePublished\":\"2022-08-12T06:56:00+00:00\",\"author\":{\"@id\":\"https:\/\/www.asajacyl.com\/palencia\/#\/schema\/person\/3ab17aeb03527485c317557fae64aab1\"},\"description\":\"Jos\u00e9 Luis Marcos, presidente de ASAJA-Palencia \u00c9sta est\u00e1 siendo una campa\u00f1a de recolecci\u00f3n para olvidar, al final las producciones obtenidas, que en\",\"breadcrumb\":{\"@id\":\"https:\/\/www.asajacyl.com\/palencia\/asaja-palencia-informa\/opinion-asaja\/cosechar-o-no-cosechar#breadcrumb\"},\"inLanguage\":\"es\",\"potentialAction\":[{\"@type\":\"ReadAction\",\"target\":[\"https:\/\/www.asajacyl.com\/palencia\/asaja-palencia-informa\/opinion-asaja\/cosechar-o-no-cosechar\"]}]},{\"@type\":\"ImageObject\",\"inLanguage\":\"es\",\"@id\":\"https:\/\/www.asajacyl.com\/palencia\/asaja-palencia-informa\/opinion-asaja\/cosechar-o-no-cosechar#primaryimage\",\"url\":\"https:\/\/www.asajacyl.com\/palencia\/wp-content\/uploads\/sites\/3\/2021\/09\/JOSE-LUIS-MARCOS.jpg\",\"contentUrl\":\"https:\/\/www.asajacyl.com\/palencia\/wp-content\/uploads\/sites\/3\/2021\/09\/JOSE-LUIS-MARCOS.jpg\",\"width\":2016,\"height\":1512},{\"@type\":\"BreadcrumbList\",\"@id\":\"https:\/\/www.asajacyl.com\/palencia\/asaja-palencia-informa\/opinion-asaja\/cosechar-o-no-cosechar#breadcrumb\",\"itemListElement\":[{\"@type\":\"ListItem\",\"position\":1,\"name\":\"Portada\",\"item\":\"https:\/\/www.asajacyl.com\/palencia\/\"},{\"@type\":\"ListItem\",\"position\":2,\"name\":\"Cosechar o no cosechar\"}]},{\"@type\":\"WebSite\",\"@id\":\"https:\/\/www.asajacyl.com\/palencia\/#website\",\"url\":\"https:\/\/www.asajacyl.com\/palencia\/\",\"name\":\"ASAJA Palencia\",\"description\":\"Otro sitio m\u00e1s de Provincias ASAJA Castilla y Le\u00f3n\",\"potentialAction\":[{\"@type\":\"SearchAction\",\"target\":{\"@type\":\"EntryPoint\",\"urlTemplate\":\"https:\/\/www.asajacyl.com\/palencia\/?s={search_term_string}\"},\"query-input\":{\"@type\":\"PropertyValueSpecification\",\"valueRequired\":true,\"valueName\":\"search_term_string\"}}],\"inLanguage\":\"es\"},{\"@type\":\"Person\",\"@id\":\"https:\/\/www.asajacyl.com\/palencia\/#\/schema\/person\/3ab17aeb03527485c317557fae64aab1\",\"name\":\"Administrador\",\"image\":{\"@type\":\"ImageObject\",\"inLanguage\":\"es\",\"@id\":\"https:\/\/www.asajacyl.com\/palencia\/#\/schema\/person\/image\/\",\"url\":\"https:\/\/secure.gravatar.com\/avatar\/517384810d242ca9e38c180f3c9fb973?s=96&d=mm&r=g\",\"contentUrl\":\"https:\/\/secure.gravatar.com\/avatar\/517384810d242ca9e38c180f3c9fb973?s=96&d=mm&r=g\",\"caption\":\"Administrador\"},\"url\":\"https:\/\/www.asajacyl.com\/palencia\/author\/carlosrm\"}]}<\/script>\n<!-- \/ Yoast SEO plugin. -->","yoast_head_json":{"title":"Cosechar o no cosechar - ASAJA Palencia","description":"Jos\u00e9 Luis Marcos, presidente de ASAJA-Palencia \u00c9sta est\u00e1 siendo una campa\u00f1a de recolecci\u00f3n para olvidar, al final las producciones obtenidas, que en","robots":{"index":"index","follow":"follow","max-snippet":"max-snippet:-1","max-image-preview":"max-image-preview:large","max-video-preview":"max-video-preview:-1"},"canonical":"https:\/\/www.asajacyl.com\/palencia\/asaja-palencia-informa\/opinion-asaja\/cosechar-o-no-cosechar","og_locale":"es_ES","og_type":"article","og_title":"Cosechar o no cosechar - ASAJA Palencia","og_description":"Jos\u00e9 Luis Marcos, presidente de ASAJA-Palencia \u00c9sta est\u00e1 siendo una campa\u00f1a de recolecci\u00f3n para olvidar, al final las producciones obtenidas, que en","og_url":"https:\/\/www.asajacyl.com\/palencia\/asaja-palencia-informa\/opinion-asaja\/cosechar-o-no-cosechar","og_site_name":"ASAJA Palencia","article_published_time":"2022-08-12T06:56:00+00:00","og_image":[{"width":2016,"height":1512,"url":"https:\/\/www.asajacyl.com\/palencia\/wp-content\/uploads\/sites\/3\/2021\/09\/JOSE-LUIS-MARCOS.jpg","type":"image\/jpeg"}],"author":"Administrador","twitter_card":"summary_large_image","twitter_misc":{"Escrito por":"Administrador","Tiempo de lectura":"3 minutos"},"schema":{"@context":"https:\/\/schema.org","@graph":[{"@type":"WebPage","@id":"https:\/\/www.asajacyl.com\/palencia\/asaja-palencia-informa\/opinion-asaja\/cosechar-o-no-cosechar","url":"https:\/\/www.asajacyl.com\/palencia\/asaja-palencia-informa\/opinion-asaja\/cosechar-o-no-cosechar","name":"Cosechar o no cosechar - ASAJA Palencia","isPartOf":{"@id":"https:\/\/www.asajacyl.com\/palencia\/#website"},"primaryImageOfPage":{"@id":"https:\/\/www.asajacyl.com\/palencia\/asaja-palencia-informa\/opinion-asaja\/cosechar-o-no-cosechar#primaryimage"},"image":{"@id":"https:\/\/www.asajacyl.com\/palencia\/asaja-palencia-informa\/opinion-asaja\/cosechar-o-no-cosechar#primaryimage"},"thumbnailUrl":"https:\/\/www.asajacyl.com\/palencia\/wp-content\/uploads\/sites\/3\/2021\/09\/JOSE-LUIS-MARCOS.jpg","datePublished":"2022-08-12T06:56:00+00:00","author":{"@id":"https:\/\/www.asajacyl.com\/palencia\/#\/schema\/person\/3ab17aeb03527485c317557fae64aab1"},"description":"Jos\u00e9 Luis Marcos, presidente de ASAJA-Palencia \u00c9sta est\u00e1 siendo una campa\u00f1a de recolecci\u00f3n para olvidar, al final las producciones obtenidas, que en","breadcrumb":{"@id":"https:\/\/www.asajacyl.com\/palencia\/asaja-palencia-informa\/opinion-asaja\/cosechar-o-no-cosechar#breadcrumb"},"inLanguage":"es","potentialAction":[{"@type":"ReadAction","target":["https:\/\/www.asajacyl.com\/palencia\/asaja-palencia-informa\/opinion-asaja\/cosechar-o-no-cosechar"]}]},{"@type":"ImageObject","inLanguage":"es","@id":"https:\/\/www.asajacyl.com\/palencia\/asaja-palencia-informa\/opinion-asaja\/cosechar-o-no-cosechar#primaryimage","url":"https:\/\/www.asajacyl.com\/palencia\/wp-content\/uploads\/sites\/3\/2021\/09\/JOSE-LUIS-MARCOS.jpg","contentUrl":"https:\/\/www.asajacyl.com\/palencia\/wp-content\/uploads\/sites\/3\/2021\/09\/JOSE-LUIS-MARCOS.jpg","width":2016,"height":1512},{"@type":"BreadcrumbList","@id":"https:\/\/www.asajacyl.com\/palencia\/asaja-palencia-informa\/opinion-asaja\/cosechar-o-no-cosechar#breadcrumb","itemListElement":[{"@type":"ListItem","position":1,"name":"Portada","item":"https:\/\/www.asajacyl.com\/palencia\/"},{"@type":"ListItem","position":2,"name":"Cosechar o no cosechar"}]},{"@type":"WebSite","@id":"https:\/\/www.asajacyl.com\/palencia\/#website","url":"https:\/\/www.asajacyl.com\/palencia\/","name":"ASAJA Palencia","description":"Otro sitio m\u00e1s de Provincias ASAJA Castilla y Le\u00f3n","potentialAction":[{"@type":"SearchAction","target":{"@type":"EntryPoint","urlTemplate":"https:\/\/www.asajacyl.com\/palencia\/?s={search_term_string}"},"query-input":{"@type":"PropertyValueSpecification","valueRequired":true,"valueName":"search_term_string"}}],"inLanguage":"es"},{"@type":"Person","@id":"https:\/\/www.asajacyl.com\/palencia\/#\/schema\/person\/3ab17aeb03527485c317557fae64aab1","name":"Administrador","image":{"@type":"ImageObject","inLanguage":"es","@id":"https:\/\/www.asajacyl.com\/palencia\/#\/schema\/person\/image\/","url":"https:\/\/secure.gravatar.com\/avatar\/517384810d242ca9e38c180f3c9fb973?s=96&d=mm&r=g","contentUrl":"https:\/\/secure.gravatar.com\/avatar\/517384810d242ca9e38c180f3c9fb973?s=96&d=mm&r=g","caption":"Administrador"},"url":"https:\/\/www.asajacyl.com\/palencia\/author\/carlosrm"}]}},"_links":{"self":[{"href":"https:\/\/www.asajacyl.com\/palencia\/wp-json\/wp\/v2\/posts\/11197"}],"collection":[{"href":"https:\/\/www.asajacyl.com\/palencia\/wp-json\/wp\/v2\/posts"}],"about":[{"href":"https:\/\/www.asajacyl.com\/palencia\/wp-json\/wp\/v2\/types\/post"}],"author":[{"embeddable":true,"href":"https:\/\/www.asajacyl.com\/palencia\/wp-json\/wp\/v2\/users\/9"}],"replies":[{"embeddable":true,"href":"https:\/\/www.asajacyl.com\/palencia\/wp-json\/wp\/v2\/comments?post=11197"}],"version-history":[{"count":4,"href":"https:\/\/www.asajacyl.com\/palencia\/wp-json\/wp\/v2\/posts\/11197\/revisions"}],"predecessor-version":[{"id":11250,"href":"https:\/\/www.asajacyl.com\/palencia\/wp-json\/wp\/v2\/posts\/11197\/revisions\/11250"}],"wp:featuredmedia":[{"embeddable":true,"href":"https:\/\/www.asajacyl.com\/palencia\/wp-json\/wp\/v2\/media\/8911"}],"wp:attachment":[{"href":"https:\/\/www.asajacyl.com\/palencia\/wp-json\/wp\/v2\/media?parent=11197"}],"wp:term":[{"taxonomy":"category","embeddable":true,"href":"https:\/\/www.asajacyl.com\/palencia\/wp-json\/wp\/v2\/categories?post=11197"},{"taxonomy":"post_tag","embeddable":true,"href":"https:\/\/www.asajacyl.com\/palencia\/wp-json\/wp\/v2\/tags?post=11197"}],"curies":[{"name":"wp","href":"https:\/\/api.w.org\/{rel}","templated":true}]}}