{"id":11217,"date":"2022-08-06T11:34:00","date_gmt":"2022-08-06T09:34:00","guid":{"rendered":"https:\/\/www.asajacyl.com\/palencia\/?p=11217"},"modified":"2022-08-05T11:59:00","modified_gmt":"2022-08-05T09:59:00","slug":"se-fija-el-coeficiente-definitivo-del-pago-verde-de-la-pac-2021","status":"publish","type":"post","link":"https:\/\/www.asajacyl.com\/palencia\/asaja-palencia-informa\/se-fija-el-coeficiente-definitivo-del-pago-verde-de-la-pac-2021","title":{"rendered":"Se fija el coeficiente definitivo del pago verde de la PAC 2021"},"content":{"rendered":"\n<p>El pago verde o \u00abgreening\u00bb se calcula como un porcentaje del valor total de los derechos de pago b\u00e1sico que utiliza cada agricultor en su solicitud \u00fanica de la PAC. Siendo fijo el presupuesto destinado al pago verde, el porcentaje a calcular depende del n\u00famero de derechos de pago b\u00e1sico utilizados a nivel nacional.<\/p>\n\n\n\n<p>El FEGA realiza un c\u00e1lculo estimado por el que se publica un porcentaje provisional que despu\u00e9s debe concretarse con un porcentaje definitivo. El coeficiente provisional que fij\u00f3 el FEGA fue del 51,593432% pero ahora se ha conocido que el porcentaje definitivo ser\u00e1 el 52,243174%.<\/p>\n\n\n\n<p>Por tanto ahora agricultores y ganaderos deber\u00e1n recibir la diferencia del 0,649742% que les corresponde y a\u00fan no se les ha abonado, lo que motivar\u00e1 que se reciban ingresos de peque\u00f1a entidad pr\u00f3ximamente por este motivo.<\/p>\n\n\n\n<p> <\/p>\n","protected":false},"excerpt":{"rendered":"<p>El pago verde o \u00abgreening\u00bb se calcula como un porcentaje del valor total de los derechos de pago b\u00e1sico que utiliza cada agricultor en su solicitud \u00fanica de la PAC. Siendo fijo el presupuesto destinado al pago verde, el porcentaje a calcular depende del n\u00famero de derechos de pago b\u00e1sico utilizados a nivel nacional. El [&hellip;]<\/p>\n","protected":false},"author":9,"featured_media":11121,"comment_status":"open","ping_status":"open","sticky":false,"template":"","format":"standard","meta":{"footnotes":""},"categories":[9,29,28],"tags":[],"yoast_head":"<!-- This site is optimized with the Yoast SEO plugin v24.5 - https:\/\/yoast.com\/wordpress\/plugins\/seo\/ -->\n<title>Se fija el coeficiente definitivo del pago verde de la PAC 2021 - ASAJA Palencia<\/title>\n<meta name=\"description\" content=\"El pago verde o &quot;greening&quot; se calcula como un porcentaje del valor total de los derechos de pago b\u00e1sico que utiliza cada agricultor en su solicitud \u00fanica\" \/>\n<meta name=\"robots\" content=\"index, follow, max-snippet:-1, max-image-preview:large, max-video-preview:-1\" \/>\n<link rel=\"canonical\" href=\"https:\/\/www.asajacyl.com\/palencia\/asaja-palencia-informa\/se-fija-el-coeficiente-definitivo-del-pago-verde-de-la-pac-2021\" \/>\n<meta property=\"og:locale\" content=\"es_ES\" \/>\n<meta property=\"og:type\" content=\"article\" \/>\n<meta property=\"og:title\" content=\"Se fija el coeficiente definitivo del pago verde de la PAC 2021 - ASAJA Palencia\" \/>\n<meta property=\"og:description\" content=\"El pago verde o &quot;greening&quot; se calcula como un porcentaje del valor total de los derechos de pago b\u00e1sico que utiliza cada agricultor en su solicitud \u00fanica\" \/>\n<meta property=\"og:url\" content=\"https:\/\/www.asajacyl.com\/palencia\/asaja-palencia-informa\/se-fija-el-coeficiente-definitivo-del-pago-verde-de-la-pac-2021\" \/>\n<meta property=\"og:site_name\" content=\"ASAJA Palencia\" \/>\n<meta property=\"article:published_time\" content=\"2022-08-06T09:34:00+00:00\" \/>\n<meta property=\"og:image\" content=\"https:\/\/www.asajacyl.com\/palencia\/wp-content\/uploads\/sites\/3\/2022\/07\/LAVANDA-ABEJA.jpg\" \/>\n\t<meta property=\"og:image:width\" content=\"2500\" \/>\n\t<meta property=\"og:image:height\" content=\"1875\" \/>\n\t<meta property=\"og:image:type\" content=\"image\/jpeg\" \/>\n<meta name=\"author\" content=\"Administrador\" \/>\n<meta name=\"twitter:card\" content=\"summary_large_image\" \/>\n<meta name=\"twitter:label1\" content=\"Escrito por\" \/>\n\t<meta name=\"twitter:data1\" content=\"Administrador\" \/>\n\t<meta name=\"twitter:label2\" content=\"Tiempo de lectura\" \/>\n\t<meta name=\"twitter:data2\" content=\"1 minuto\" \/>\n<script type=\"application\/ld+json\" class=\"yoast-schema-graph\">{\"@context\":\"https:\/\/schema.org\",\"@graph\":[{\"@type\":\"WebPage\",\"@id\":\"https:\/\/www.asajacyl.com\/palencia\/asaja-palencia-informa\/se-fija-el-coeficiente-definitivo-del-pago-verde-de-la-pac-2021\",\"url\":\"https:\/\/www.asajacyl.com\/palencia\/asaja-palencia-informa\/se-fija-el-coeficiente-definitivo-del-pago-verde-de-la-pac-2021\",\"name\":\"Se fija el coeficiente definitivo del pago verde de la PAC 2021 - ASAJA Palencia\",\"isPartOf\":{\"@id\":\"https:\/\/www.asajacyl.com\/palencia\/#website\"},\"primaryImageOfPage\":{\"@id\":\"https:\/\/www.asajacyl.com\/palencia\/asaja-palencia-informa\/se-fija-el-coeficiente-definitivo-del-pago-verde-de-la-pac-2021#primaryimage\"},\"image\":{\"@id\":\"https:\/\/www.asajacyl.com\/palencia\/asaja-palencia-informa\/se-fija-el-coeficiente-definitivo-del-pago-verde-de-la-pac-2021#primaryimage\"},\"thumbnailUrl\":\"https:\/\/www.asajacyl.com\/palencia\/wp-content\/uploads\/sites\/3\/2022\/07\/LAVANDA-ABEJA.jpg\",\"datePublished\":\"2022-08-06T09:34:00+00:00\",\"author\":{\"@id\":\"https:\/\/www.asajacyl.com\/palencia\/#\/schema\/person\/3ab17aeb03527485c317557fae64aab1\"},\"description\":\"El pago verde o \\\"greening\\\" se calcula como un porcentaje del valor total de los derechos de pago b\u00e1sico que utiliza cada agricultor en su solicitud \u00fanica\",\"breadcrumb\":{\"@id\":\"https:\/\/www.asajacyl.com\/palencia\/asaja-palencia-informa\/se-fija-el-coeficiente-definitivo-del-pago-verde-de-la-pac-2021#breadcrumb\"},\"inLanguage\":\"es\",\"potentialAction\":[{\"@type\":\"ReadAction\",\"target\":[\"https:\/\/www.asajacyl.com\/palencia\/asaja-palencia-informa\/se-fija-el-coeficiente-definitivo-del-pago-verde-de-la-pac-2021\"]}]},{\"@type\":\"ImageObject\",\"inLanguage\":\"es\",\"@id\":\"https:\/\/www.asajacyl.com\/palencia\/asaja-palencia-informa\/se-fija-el-coeficiente-definitivo-del-pago-verde-de-la-pac-2021#primaryimage\",\"url\":\"https:\/\/www.asajacyl.com\/palencia\/wp-content\/uploads\/sites\/3\/2022\/07\/LAVANDA-ABEJA.jpg\",\"contentUrl\":\"https:\/\/www.asajacyl.com\/palencia\/wp-content\/uploads\/sites\/3\/2022\/07\/LAVANDA-ABEJA.jpg\",\"width\":2500,\"height\":1875},{\"@type\":\"BreadcrumbList\",\"@id\":\"https:\/\/www.asajacyl.com\/palencia\/asaja-palencia-informa\/se-fija-el-coeficiente-definitivo-del-pago-verde-de-la-pac-2021#breadcrumb\",\"itemListElement\":[{\"@type\":\"ListItem\",\"position\":1,\"name\":\"Portada\",\"item\":\"https:\/\/www.asajacyl.com\/palencia\/\"},{\"@type\":\"ListItem\",\"position\":2,\"name\":\"Se fija el coeficiente definitivo del pago verde de la PAC 2021\"}]},{\"@type\":\"WebSite\",\"@id\":\"https:\/\/www.asajacyl.com\/palencia\/#website\",\"url\":\"https:\/\/www.asajacyl.com\/palencia\/\",\"name\":\"ASAJA Palencia\",\"description\":\"Otro sitio m\u00e1s de Provincias ASAJA Castilla y Le\u00f3n\",\"potentialAction\":[{\"@type\":\"SearchAction\",\"target\":{\"@type\":\"EntryPoint\",\"urlTemplate\":\"https:\/\/www.asajacyl.com\/palencia\/?s={search_term_string}\"},\"query-input\":{\"@type\":\"PropertyValueSpecification\",\"valueRequired\":true,\"valueName\":\"search_term_string\"}}],\"inLanguage\":\"es\"},{\"@type\":\"Person\",\"@id\":\"https:\/\/www.asajacyl.com\/palencia\/#\/schema\/person\/3ab17aeb03527485c317557fae64aab1\",\"name\":\"Administrador\",\"image\":{\"@type\":\"ImageObject\",\"inLanguage\":\"es\",\"@id\":\"https:\/\/www.asajacyl.com\/palencia\/#\/schema\/person\/image\/\",\"url\":\"https:\/\/secure.gravatar.com\/avatar\/517384810d242ca9e38c180f3c9fb973?s=96&d=mm&r=g\",\"contentUrl\":\"https:\/\/secure.gravatar.com\/avatar\/517384810d242ca9e38c180f3c9fb973?s=96&d=mm&r=g\",\"caption\":\"Administrador\"},\"url\":\"https:\/\/www.asajacyl.com\/palencia\/author\/carlosrm\"}]}<\/script>\n<!-- \/ Yoast SEO plugin. -->","yoast_head_json":{"title":"Se fija el coeficiente definitivo del pago verde de la PAC 2021 - ASAJA Palencia","description":"El pago verde o \"greening\" se calcula como un porcentaje del valor total de los derechos de pago b\u00e1sico que utiliza cada agricultor en su solicitud \u00fanica","robots":{"index":"index","follow":"follow","max-snippet":"max-snippet:-1","max-image-preview":"max-image-preview:large","max-video-preview":"max-video-preview:-1"},"canonical":"https:\/\/www.asajacyl.com\/palencia\/asaja-palencia-informa\/se-fija-el-coeficiente-definitivo-del-pago-verde-de-la-pac-2021","og_locale":"es_ES","og_type":"article","og_title":"Se fija el coeficiente definitivo del pago verde de la PAC 2021 - ASAJA Palencia","og_description":"El pago verde o \"greening\" se calcula como un porcentaje del valor total de los derechos de pago b\u00e1sico que utiliza cada agricultor en su solicitud \u00fanica","og_url":"https:\/\/www.asajacyl.com\/palencia\/asaja-palencia-informa\/se-fija-el-coeficiente-definitivo-del-pago-verde-de-la-pac-2021","og_site_name":"ASAJA Palencia","article_published_time":"2022-08-06T09:34:00+00:00","og_image":[{"width":2500,"height":1875,"url":"https:\/\/www.asajacyl.com\/palencia\/wp-content\/uploads\/sites\/3\/2022\/07\/LAVANDA-ABEJA.jpg","type":"image\/jpeg"}],"author":"Administrador","twitter_card":"summary_large_image","twitter_misc":{"Escrito por":"Administrador","Tiempo de lectura":"1 minuto"},"schema":{"@context":"https:\/\/schema.org","@graph":[{"@type":"WebPage","@id":"https:\/\/www.asajacyl.com\/palencia\/asaja-palencia-informa\/se-fija-el-coeficiente-definitivo-del-pago-verde-de-la-pac-2021","url":"https:\/\/www.asajacyl.com\/palencia\/asaja-palencia-informa\/se-fija-el-coeficiente-definitivo-del-pago-verde-de-la-pac-2021","name":"Se fija el coeficiente definitivo del pago verde de la PAC 2021 - ASAJA Palencia","isPartOf":{"@id":"https:\/\/www.asajacyl.com\/palencia\/#website"},"primaryImageOfPage":{"@id":"https:\/\/www.asajacyl.com\/palencia\/asaja-palencia-informa\/se-fija-el-coeficiente-definitivo-del-pago-verde-de-la-pac-2021#primaryimage"},"image":{"@id":"https:\/\/www.asajacyl.com\/palencia\/asaja-palencia-informa\/se-fija-el-coeficiente-definitivo-del-pago-verde-de-la-pac-2021#primaryimage"},"thumbnailUrl":"https:\/\/www.asajacyl.com\/palencia\/wp-content\/uploads\/sites\/3\/2022\/07\/LAVANDA-ABEJA.jpg","datePublished":"2022-08-06T09:34:00+00:00","author":{"@id":"https:\/\/www.asajacyl.com\/palencia\/#\/schema\/person\/3ab17aeb03527485c317557fae64aab1"},"description":"El pago verde o \"greening\" se calcula como un porcentaje del valor total de los derechos de pago b\u00e1sico que utiliza cada agricultor en su solicitud \u00fanica","breadcrumb":{"@id":"https:\/\/www.asajacyl.com\/palencia\/asaja-palencia-informa\/se-fija-el-coeficiente-definitivo-del-pago-verde-de-la-pac-2021#breadcrumb"},"inLanguage":"es","potentialAction":[{"@type":"ReadAction","target":["https:\/\/www.asajacyl.com\/palencia\/asaja-palencia-informa\/se-fija-el-coeficiente-definitivo-del-pago-verde-de-la-pac-2021"]}]},{"@type":"ImageObject","inLanguage":"es","@id":"https:\/\/www.asajacyl.com\/palencia\/asaja-palencia-informa\/se-fija-el-coeficiente-definitivo-del-pago-verde-de-la-pac-2021#primaryimage","url":"https:\/\/www.asajacyl.com\/palencia\/wp-content\/uploads\/sites\/3\/2022\/07\/LAVANDA-ABEJA.jpg","contentUrl":"https:\/\/www.asajacyl.com\/palencia\/wp-content\/uploads\/sites\/3\/2022\/07\/LAVANDA-ABEJA.jpg","width":2500,"height":1875},{"@type":"BreadcrumbList","@id":"https:\/\/www.asajacyl.com\/palencia\/asaja-palencia-informa\/se-fija-el-coeficiente-definitivo-del-pago-verde-de-la-pac-2021#breadcrumb","itemListElement":[{"@type":"ListItem","position":1,"name":"Portada","item":"https:\/\/www.asajacyl.com\/palencia\/"},{"@type":"ListItem","position":2,"name":"Se fija el coeficiente definitivo del pago verde de la PAC 2021"}]},{"@type":"WebSite","@id":"https:\/\/www.asajacyl.com\/palencia\/#website","url":"https:\/\/www.asajacyl.com\/palencia\/","name":"ASAJA Palencia","description":"Otro sitio m\u00e1s de Provincias ASAJA Castilla y Le\u00f3n","potentialAction":[{"@type":"SearchAction","target":{"@type":"EntryPoint","urlTemplate":"https:\/\/www.asajacyl.com\/palencia\/?s={search_term_string}"},"query-input":{"@type":"PropertyValueSpecification","valueRequired":true,"valueName":"search_term_string"}}],"inLanguage":"es"},{"@type":"Person","@id":"https:\/\/www.asajacyl.com\/palencia\/#\/schema\/person\/3ab17aeb03527485c317557fae64aab1","name":"Administrador","image":{"@type":"ImageObject","inLanguage":"es","@id":"https:\/\/www.asajacyl.com\/palencia\/#\/schema\/person\/image\/","url":"https:\/\/secure.gravatar.com\/avatar\/517384810d242ca9e38c180f3c9fb973?s=96&d=mm&r=g","contentUrl":"https:\/\/secure.gravatar.com\/avatar\/517384810d242ca9e38c180f3c9fb973?s=96&d=mm&r=g","caption":"Administrador"},"url":"https:\/\/www.asajacyl.com\/palencia\/author\/carlosrm"}]}},"_links":{"self":[{"href":"https:\/\/www.asajacyl.com\/palencia\/wp-json\/wp\/v2\/posts\/11217"}],"collection":[{"href":"https:\/\/www.asajacyl.com\/palencia\/wp-json\/wp\/v2\/posts"}],"about":[{"href":"https:\/\/www.asajacyl.com\/palencia\/wp-json\/wp\/v2\/types\/post"}],"author":[{"embeddable":true,"href":"https:\/\/www.asajacyl.com\/palencia\/wp-json\/wp\/v2\/users\/9"}],"replies":[{"embeddable":true,"href":"https:\/\/www.asajacyl.com\/palencia\/wp-json\/wp\/v2\/comments?post=11217"}],"version-history":[{"count":1,"href":"https:\/\/www.asajacyl.com\/palencia\/wp-json\/wp\/v2\/posts\/11217\/revisions"}],"predecessor-version":[{"id":11219,"href":"https:\/\/www.asajacyl.com\/palencia\/wp-json\/wp\/v2\/posts\/11217\/revisions\/11219"}],"wp:featuredmedia":[{"embeddable":true,"href":"https:\/\/www.asajacyl.com\/palencia\/wp-json\/wp\/v2\/media\/11121"}],"wp:attachment":[{"href":"https:\/\/www.asajacyl.com\/palencia\/wp-json\/wp\/v2\/media?parent=11217"}],"wp:term":[{"taxonomy":"category","embeddable":true,"href":"https:\/\/www.asajacyl.com\/palencia\/wp-json\/wp\/v2\/categories?post=11217"},{"taxonomy":"post_tag","embeddable":true,"href":"https:\/\/www.asajacyl.com\/palencia\/wp-json\/wp\/v2\/tags?post=11217"}],"curies":[{"name":"wp","href":"https:\/\/api.w.org\/{rel}","templated":true}]}}