{"id":11220,"date":"2022-08-05T12:52:04","date_gmt":"2022-08-05T10:52:04","guid":{"rendered":"https:\/\/www.asajacyl.com\/palencia\/?p=11220"},"modified":"2022-08-08T09:05:17","modified_gmt":"2022-08-08T07:05:17","slug":"la-junta-directiva-de-asaja-nacional-estudiara-extender-las-movilizaciones-a-partir-de-septiembre","status":"publish","type":"post","link":"https:\/\/www.asajacyl.com\/palencia\/asaja-palencia-informa\/la-junta-directiva-de-asaja-nacional-estudiara-extender-las-movilizaciones-a-partir-de-septiembre","title":{"rendered":"La Junta Directiva de ASAJA Nacional estudiar\u00e1 extender las movilizaciones a partir de septiembre"},"content":{"rendered":"\n<p><strong><em>ASAJA AUGURA UN OTO\u00d1O CALIENTE ANTE LA INSOSTENIBLE SITUACI\u00d3N QUE VIVE EL SECTOR AGRARIO<\/em><\/strong><\/p>\n\n\n\n<p><em><strong>Se suceden ya las protestas desde Valladolid a Extremadura pasando por C\u00f3rdoba, Ja\u00e9n y Granada<\/strong><\/em><\/p>\n\n\n\n<p>Ante la insostenible situaci\u00f3n que vive el campo y la clamorosa falta de respuesta por parte del Gobierno de Pedro S\u00e1nchez, el presidente de ASAJA propondr\u00e1 a la Junta Directiva de la Organizaci\u00f3n comenzar una nueva fase de movilizaciones en todo el territorio nacional de cara al pr\u00f3ximo oto\u00f1o. El desbocado aumento de los costes de producci\u00f3n, unos precios en origen que no permiten alcanzar una m\u00ednima rentabilidad, unas mermas de producci\u00f3n generalizadas como consecuencia de la sequ\u00eda y un oto\u00f1o plagado de incertidumbres y malos augurios, hacen que situaci\u00f3n sea inviable para el sector agrario.<\/p>\n\n\n\n<p>Las protestas se vienen sucediendo ya en distintos puntos de Espa\u00f1a desde que comenzara el verano. En Valladolid, a finales de junio frente a la Compa\u00f1\u00eda Log\u00edstica de Hidrocarburos (CLH) por las continuas subidas de los precios del gas\u00f3leo B que sigue batiendo todos los records hist\u00f3ricos; en M\u00e9rida, el pasado 21 de julio, ante la sede de la Presidencia de la Junta de Extremadura por la falta de respuestas a la sequ\u00eda que ha provocado restricciones de riegos y por tanto de siembras y las \u00faltimas en Granada, C\u00f3rdoba y Ja\u00e9n donde se han llevado a cabo tractoradas en capitales y municipios, ante \u201cla situaci\u00f3n ruinosa\u201d que afecta a todos los sectores productivos.<\/p>\n\n\n\n<p>Las perspectivas para la siguiente campa\u00f1a de siembra son de todo punto pesimistas. Con una inflaci\u00f3n disparada, la econom\u00eda en retroceso, la grave crisis energ\u00e9tica que amenaza con racionamiento, un endurecimiento de las condiciones financieras y nuevos incrementos de los factores de producci\u00f3n (incluidos los salariales con una nueva subida del SMI) que no se pueden trasladar a las producciones que salen al mercado, los agricultores y ganaderos, dudan seriamente si podr\u00e1n acometer una nueva campa\u00f1a de siembra que les traer\u00e1 m\u00e1s gastos extraordinarios.<\/p>\n\n\n\n<p>La sequ\u00eda ha mermado pr\u00e1cticamente todas las producciones y por tanto las cuentas de resultados de las explotaciones se van a resentir, a\u00fan m\u00e1s si cabe, en \u00e9sta dif\u00edcil campa\u00f1a. Mientras tanto el Gobierno sigue ignorando al sector primario. Ni los fondos europeos de recuperaci\u00f3n llegan directamente a los productores; ni se acometen las obras hidr\u00e1ulicas necesarias para evitar situaciones como la que vivimos; ni la Ley de la Cadena est\u00e1 dando los resultados esperados y tampoco se ponen en marcha medidas econ\u00f3micas y fiscales que permitan a los agricultores y ganaderos reflotar sus econom\u00edas.<\/p>\n\n\n\n<p>Perece ser que este Gobierno olvida la labor esencial que el sector primario desempe\u00f1a proporcionando alimentos de primera necesidad a la sociedad. Si esta tarea se interrumpe, o no llegan las producciones en las cantidades necesarias al mercado, se estar\u00e1 poniendo en riesgo no solo el futuro del sector agrario, si no tambi\u00e9n nuestra soberan\u00eda alimentaria.<\/p>\n","protected":false},"excerpt":{"rendered":"<p>ASAJA AUGURA UN OTO\u00d1O CALIENTE ANTE LA INSOSTENIBLE SITUACI\u00d3N QUE VIVE EL SECTOR AGRARIO Se suceden ya las protestas desde Valladolid a Extremadura pasando por C\u00f3rdoba, Ja\u00e9n y Granada Ante la insostenible situaci\u00f3n que vive el campo y la clamorosa falta de respuesta por parte del Gobierno de Pedro S\u00e1nchez, el presidente de ASAJA propondr\u00e1 [&hellip;]<\/p>\n","protected":false},"author":9,"featured_media":10913,"comment_status":"open","ping_status":"open","sticky":false,"template":"","format":"standard","meta":{"footnotes":""},"categories":[9,29,28],"tags":[],"yoast_head":"<!-- This site is optimized with the Yoast SEO plugin v24.5 - https:\/\/yoast.com\/wordpress\/plugins\/seo\/ -->\n<title>La Junta Directiva de ASAJA Nacional estudiar\u00e1 extender las movilizaciones a partir de septiembre - ASAJA Palencia<\/title>\n<meta name=\"description\" content=\"ASAJA AUGURA UN OTO\u00d1O CALIENTE ANTE LA INSOSTENIBLE SITUACI\u00d3N QUE VIVE EL SECTOR AGRARIO Se suceden ya las protestas desde Valladolid a Extremadura\" \/>\n<meta name=\"robots\" content=\"index, follow, max-snippet:-1, max-image-preview:large, max-video-preview:-1\" \/>\n<link rel=\"canonical\" href=\"https:\/\/www.asajacyl.com\/palencia\/asaja-palencia-informa\/la-junta-directiva-de-asaja-nacional-estudiara-extender-las-movilizaciones-a-partir-de-septiembre\" \/>\n<meta property=\"og:locale\" content=\"es_ES\" \/>\n<meta property=\"og:type\" content=\"article\" \/>\n<meta property=\"og:title\" content=\"La Junta Directiva de ASAJA Nacional estudiar\u00e1 extender las movilizaciones a partir de septiembre - ASAJA Palencia\" \/>\n<meta property=\"og:description\" content=\"ASAJA AUGURA UN OTO\u00d1O CALIENTE ANTE LA INSOSTENIBLE SITUACI\u00d3N QUE VIVE EL SECTOR AGRARIO Se suceden ya las protestas desde Valladolid a Extremadura\" \/>\n<meta property=\"og:url\" content=\"https:\/\/www.asajacyl.com\/palencia\/asaja-palencia-informa\/la-junta-directiva-de-asaja-nacional-estudiara-extender-las-movilizaciones-a-partir-de-septiembre\" \/>\n<meta property=\"og:site_name\" content=\"ASAJA Palencia\" \/>\n<meta property=\"article:published_time\" content=\"2022-08-05T10:52:04+00:00\" \/>\n<meta property=\"article:modified_time\" content=\"2022-08-08T07:05:17+00:00\" \/>\n<meta property=\"og:image\" content=\"https:\/\/www.asajacyl.com\/palencia\/wp-content\/uploads\/sites\/3\/2022\/06\/MANIFESTACION-SANTOVENIA-GASOLEO-3.jpg\" \/>\n\t<meta property=\"og:image:width\" content=\"2500\" \/>\n\t<meta property=\"og:image:height\" content=\"1875\" \/>\n\t<meta property=\"og:image:type\" content=\"image\/jpeg\" \/>\n<meta name=\"author\" content=\"Administrador\" \/>\n<meta name=\"twitter:card\" content=\"summary_large_image\" \/>\n<meta name=\"twitter:label1\" content=\"Escrito por\" \/>\n\t<meta name=\"twitter:data1\" content=\"Administrador\" \/>\n\t<meta name=\"twitter:label2\" content=\"Tiempo de lectura\" \/>\n\t<meta name=\"twitter:data2\" content=\"3 minutos\" \/>\n<script type=\"application\/ld+json\" class=\"yoast-schema-graph\">{\"@context\":\"https:\/\/schema.org\",\"@graph\":[{\"@type\":\"WebPage\",\"@id\":\"https:\/\/www.asajacyl.com\/palencia\/asaja-palencia-informa\/la-junta-directiva-de-asaja-nacional-estudiara-extender-las-movilizaciones-a-partir-de-septiembre\",\"url\":\"https:\/\/www.asajacyl.com\/palencia\/asaja-palencia-informa\/la-junta-directiva-de-asaja-nacional-estudiara-extender-las-movilizaciones-a-partir-de-septiembre\",\"name\":\"La Junta Directiva de ASAJA Nacional estudiar\u00e1 extender las movilizaciones a partir de septiembre - ASAJA Palencia\",\"isPartOf\":{\"@id\":\"https:\/\/www.asajacyl.com\/palencia\/#website\"},\"primaryImageOfPage\":{\"@id\":\"https:\/\/www.asajacyl.com\/palencia\/asaja-palencia-informa\/la-junta-directiva-de-asaja-nacional-estudiara-extender-las-movilizaciones-a-partir-de-septiembre#primaryimage\"},\"image\":{\"@id\":\"https:\/\/www.asajacyl.com\/palencia\/asaja-palencia-informa\/la-junta-directiva-de-asaja-nacional-estudiara-extender-las-movilizaciones-a-partir-de-septiembre#primaryimage\"},\"thumbnailUrl\":\"https:\/\/www.asajacyl.com\/palencia\/wp-content\/uploads\/sites\/3\/2022\/06\/MANIFESTACION-SANTOVENIA-GASOLEO-3.jpg\",\"datePublished\":\"2022-08-05T10:52:04+00:00\",\"dateModified\":\"2022-08-08T07:05:17+00:00\",\"author\":{\"@id\":\"https:\/\/www.asajacyl.com\/palencia\/#\/schema\/person\/3ab17aeb03527485c317557fae64aab1\"},\"description\":\"ASAJA AUGURA UN OTO\u00d1O CALIENTE ANTE LA INSOSTENIBLE SITUACI\u00d3N QUE VIVE EL SECTOR AGRARIO Se suceden ya las protestas desde Valladolid a Extremadura\",\"breadcrumb\":{\"@id\":\"https:\/\/www.asajacyl.com\/palencia\/asaja-palencia-informa\/la-junta-directiva-de-asaja-nacional-estudiara-extender-las-movilizaciones-a-partir-de-septiembre#breadcrumb\"},\"inLanguage\":\"es\",\"potentialAction\":[{\"@type\":\"ReadAction\",\"target\":[\"https:\/\/www.asajacyl.com\/palencia\/asaja-palencia-informa\/la-junta-directiva-de-asaja-nacional-estudiara-extender-las-movilizaciones-a-partir-de-septiembre\"]}]},{\"@type\":\"ImageObject\",\"inLanguage\":\"es\",\"@id\":\"https:\/\/www.asajacyl.com\/palencia\/asaja-palencia-informa\/la-junta-directiva-de-asaja-nacional-estudiara-extender-las-movilizaciones-a-partir-de-septiembre#primaryimage\",\"url\":\"https:\/\/www.asajacyl.com\/palencia\/wp-content\/uploads\/sites\/3\/2022\/06\/MANIFESTACION-SANTOVENIA-GASOLEO-3.jpg\",\"contentUrl\":\"https:\/\/www.asajacyl.com\/palencia\/wp-content\/uploads\/sites\/3\/2022\/06\/MANIFESTACION-SANTOVENIA-GASOLEO-3.jpg\",\"width\":2500,\"height\":1875},{\"@type\":\"BreadcrumbList\",\"@id\":\"https:\/\/www.asajacyl.com\/palencia\/asaja-palencia-informa\/la-junta-directiva-de-asaja-nacional-estudiara-extender-las-movilizaciones-a-partir-de-septiembre#breadcrumb\",\"itemListElement\":[{\"@type\":\"ListItem\",\"position\":1,\"name\":\"Portada\",\"item\":\"https:\/\/www.asajacyl.com\/palencia\/\"},{\"@type\":\"ListItem\",\"position\":2,\"name\":\"La Junta Directiva de ASAJA Nacional estudiar\u00e1 extender las movilizaciones a partir de septiembre\"}]},{\"@type\":\"WebSite\",\"@id\":\"https:\/\/www.asajacyl.com\/palencia\/#website\",\"url\":\"https:\/\/www.asajacyl.com\/palencia\/\",\"name\":\"ASAJA Palencia\",\"description\":\"Otro sitio m\u00e1s de Provincias ASAJA Castilla y Le\u00f3n\",\"potentialAction\":[{\"@type\":\"SearchAction\",\"target\":{\"@type\":\"EntryPoint\",\"urlTemplate\":\"https:\/\/www.asajacyl.com\/palencia\/?s={search_term_string}\"},\"query-input\":{\"@type\":\"PropertyValueSpecification\",\"valueRequired\":true,\"valueName\":\"search_term_string\"}}],\"inLanguage\":\"es\"},{\"@type\":\"Person\",\"@id\":\"https:\/\/www.asajacyl.com\/palencia\/#\/schema\/person\/3ab17aeb03527485c317557fae64aab1\",\"name\":\"Administrador\",\"image\":{\"@type\":\"ImageObject\",\"inLanguage\":\"es\",\"@id\":\"https:\/\/www.asajacyl.com\/palencia\/#\/schema\/person\/image\/\",\"url\":\"https:\/\/secure.gravatar.com\/avatar\/517384810d242ca9e38c180f3c9fb973?s=96&d=mm&r=g\",\"contentUrl\":\"https:\/\/secure.gravatar.com\/avatar\/517384810d242ca9e38c180f3c9fb973?s=96&d=mm&r=g\",\"caption\":\"Administrador\"},\"url\":\"https:\/\/www.asajacyl.com\/palencia\/author\/carlosrm\"}]}<\/script>\n<!-- \/ Yoast SEO plugin. -->","yoast_head_json":{"title":"La Junta Directiva de ASAJA Nacional estudiar\u00e1 extender las movilizaciones a partir de septiembre - ASAJA Palencia","description":"ASAJA AUGURA UN OTO\u00d1O CALIENTE ANTE LA INSOSTENIBLE SITUACI\u00d3N QUE VIVE EL SECTOR AGRARIO Se suceden ya las protestas desde Valladolid a Extremadura","robots":{"index":"index","follow":"follow","max-snippet":"max-snippet:-1","max-image-preview":"max-image-preview:large","max-video-preview":"max-video-preview:-1"},"canonical":"https:\/\/www.asajacyl.com\/palencia\/asaja-palencia-informa\/la-junta-directiva-de-asaja-nacional-estudiara-extender-las-movilizaciones-a-partir-de-septiembre","og_locale":"es_ES","og_type":"article","og_title":"La Junta Directiva de ASAJA Nacional estudiar\u00e1 extender las movilizaciones a partir de septiembre - ASAJA Palencia","og_description":"ASAJA AUGURA UN OTO\u00d1O CALIENTE ANTE LA INSOSTENIBLE SITUACI\u00d3N QUE VIVE EL SECTOR AGRARIO Se suceden ya las protestas desde Valladolid a Extremadura","og_url":"https:\/\/www.asajacyl.com\/palencia\/asaja-palencia-informa\/la-junta-directiva-de-asaja-nacional-estudiara-extender-las-movilizaciones-a-partir-de-septiembre","og_site_name":"ASAJA Palencia","article_published_time":"2022-08-05T10:52:04+00:00","article_modified_time":"2022-08-08T07:05:17+00:00","og_image":[{"width":2500,"height":1875,"url":"https:\/\/www.asajacyl.com\/palencia\/wp-content\/uploads\/sites\/3\/2022\/06\/MANIFESTACION-SANTOVENIA-GASOLEO-3.jpg","type":"image\/jpeg"}],"author":"Administrador","twitter_card":"summary_large_image","twitter_misc":{"Escrito por":"Administrador","Tiempo de lectura":"3 minutos"},"schema":{"@context":"https:\/\/schema.org","@graph":[{"@type":"WebPage","@id":"https:\/\/www.asajacyl.com\/palencia\/asaja-palencia-informa\/la-junta-directiva-de-asaja-nacional-estudiara-extender-las-movilizaciones-a-partir-de-septiembre","url":"https:\/\/www.asajacyl.com\/palencia\/asaja-palencia-informa\/la-junta-directiva-de-asaja-nacional-estudiara-extender-las-movilizaciones-a-partir-de-septiembre","name":"La Junta Directiva de ASAJA Nacional estudiar\u00e1 extender las movilizaciones a partir de septiembre - ASAJA Palencia","isPartOf":{"@id":"https:\/\/www.asajacyl.com\/palencia\/#website"},"primaryImageOfPage":{"@id":"https:\/\/www.asajacyl.com\/palencia\/asaja-palencia-informa\/la-junta-directiva-de-asaja-nacional-estudiara-extender-las-movilizaciones-a-partir-de-septiembre#primaryimage"},"image":{"@id":"https:\/\/www.asajacyl.com\/palencia\/asaja-palencia-informa\/la-junta-directiva-de-asaja-nacional-estudiara-extender-las-movilizaciones-a-partir-de-septiembre#primaryimage"},"thumbnailUrl":"https:\/\/www.asajacyl.com\/palencia\/wp-content\/uploads\/sites\/3\/2022\/06\/MANIFESTACION-SANTOVENIA-GASOLEO-3.jpg","datePublished":"2022-08-05T10:52:04+00:00","dateModified":"2022-08-08T07:05:17+00:00","author":{"@id":"https:\/\/www.asajacyl.com\/palencia\/#\/schema\/person\/3ab17aeb03527485c317557fae64aab1"},"description":"ASAJA AUGURA UN OTO\u00d1O CALIENTE ANTE LA INSOSTENIBLE SITUACI\u00d3N QUE VIVE EL SECTOR AGRARIO Se suceden ya las protestas desde Valladolid a Extremadura","breadcrumb":{"@id":"https:\/\/www.asajacyl.com\/palencia\/asaja-palencia-informa\/la-junta-directiva-de-asaja-nacional-estudiara-extender-las-movilizaciones-a-partir-de-septiembre#breadcrumb"},"inLanguage":"es","potentialAction":[{"@type":"ReadAction","target":["https:\/\/www.asajacyl.com\/palencia\/asaja-palencia-informa\/la-junta-directiva-de-asaja-nacional-estudiara-extender-las-movilizaciones-a-partir-de-septiembre"]}]},{"@type":"ImageObject","inLanguage":"es","@id":"https:\/\/www.asajacyl.com\/palencia\/asaja-palencia-informa\/la-junta-directiva-de-asaja-nacional-estudiara-extender-las-movilizaciones-a-partir-de-septiembre#primaryimage","url":"https:\/\/www.asajacyl.com\/palencia\/wp-content\/uploads\/sites\/3\/2022\/06\/MANIFESTACION-SANTOVENIA-GASOLEO-3.jpg","contentUrl":"https:\/\/www.asajacyl.com\/palencia\/wp-content\/uploads\/sites\/3\/2022\/06\/MANIFESTACION-SANTOVENIA-GASOLEO-3.jpg","width":2500,"height":1875},{"@type":"BreadcrumbList","@id":"https:\/\/www.asajacyl.com\/palencia\/asaja-palencia-informa\/la-junta-directiva-de-asaja-nacional-estudiara-extender-las-movilizaciones-a-partir-de-septiembre#breadcrumb","itemListElement":[{"@type":"ListItem","position":1,"name":"Portada","item":"https:\/\/www.asajacyl.com\/palencia\/"},{"@type":"ListItem","position":2,"name":"La Junta Directiva de ASAJA Nacional estudiar\u00e1 extender las movilizaciones a partir de septiembre"}]},{"@type":"WebSite","@id":"https:\/\/www.asajacyl.com\/palencia\/#website","url":"https:\/\/www.asajacyl.com\/palencia\/","name":"ASAJA Palencia","description":"Otro sitio m\u00e1s de Provincias ASAJA Castilla y Le\u00f3n","potentialAction":[{"@type":"SearchAction","target":{"@type":"EntryPoint","urlTemplate":"https:\/\/www.asajacyl.com\/palencia\/?s={search_term_string}"},"query-input":{"@type":"PropertyValueSpecification","valueRequired":true,"valueName":"search_term_string"}}],"inLanguage":"es"},{"@type":"Person","@id":"https:\/\/www.asajacyl.com\/palencia\/#\/schema\/person\/3ab17aeb03527485c317557fae64aab1","name":"Administrador","image":{"@type":"ImageObject","inLanguage":"es","@id":"https:\/\/www.asajacyl.com\/palencia\/#\/schema\/person\/image\/","url":"https:\/\/secure.gravatar.com\/avatar\/517384810d242ca9e38c180f3c9fb973?s=96&d=mm&r=g","contentUrl":"https:\/\/secure.gravatar.com\/avatar\/517384810d242ca9e38c180f3c9fb973?s=96&d=mm&r=g","caption":"Administrador"},"url":"https:\/\/www.asajacyl.com\/palencia\/author\/carlosrm"}]}},"_links":{"self":[{"href":"https:\/\/www.asajacyl.com\/palencia\/wp-json\/wp\/v2\/posts\/11220"}],"collection":[{"href":"https:\/\/www.asajacyl.com\/palencia\/wp-json\/wp\/v2\/posts"}],"about":[{"href":"https:\/\/www.asajacyl.com\/palencia\/wp-json\/wp\/v2\/types\/post"}],"author":[{"embeddable":true,"href":"https:\/\/www.asajacyl.com\/palencia\/wp-json\/wp\/v2\/users\/9"}],"replies":[{"embeddable":true,"href":"https:\/\/www.asajacyl.com\/palencia\/wp-json\/wp\/v2\/comments?post=11220"}],"version-history":[{"count":2,"href":"https:\/\/www.asajacyl.com\/palencia\/wp-json\/wp\/v2\/posts\/11220\/revisions"}],"predecessor-version":[{"id":11242,"href":"https:\/\/www.asajacyl.com\/palencia\/wp-json\/wp\/v2\/posts\/11220\/revisions\/11242"}],"wp:featuredmedia":[{"embeddable":true,"href":"https:\/\/www.asajacyl.com\/palencia\/wp-json\/wp\/v2\/media\/10913"}],"wp:attachment":[{"href":"https:\/\/www.asajacyl.com\/palencia\/wp-json\/wp\/v2\/media?parent=11220"}],"wp:term":[{"taxonomy":"category","embeddable":true,"href":"https:\/\/www.asajacyl.com\/palencia\/wp-json\/wp\/v2\/categories?post=11220"},{"taxonomy":"post_tag","embeddable":true,"href":"https:\/\/www.asajacyl.com\/palencia\/wp-json\/wp\/v2\/tags?post=11220"}],"curies":[{"name":"wp","href":"https:\/\/api.w.org\/{rel}","templated":true}]}}