{"id":11237,"date":"2022-08-14T14:19:00","date_gmt":"2022-08-14T12:19:00","guid":{"rendered":"https:\/\/www.asajacyl.com\/palencia\/?p=11237"},"modified":"2022-08-05T14:28:41","modified_gmt":"2022-08-05T12:28:41","slug":"las-excepciones-a-la-nueva-condicionalidad-de-la-pac-una-decision-oportuna-que-si-bien-brinda-a-los-agricultores-la-claridad-necesaria-no-cuenta-con-herramientas-ni-incentivos-adecuados","status":"publish","type":"post","link":"https:\/\/www.asajacyl.com\/palencia\/asaja-palencia-informa\/las-excepciones-a-la-nueva-condicionalidad-de-la-pac-una-decision-oportuna-que-si-bien-brinda-a-los-agricultores-la-claridad-necesaria-no-cuenta-con-herramientas-ni-incentivos-adecuados","title":{"rendered":"Las excepciones a la [nueva] condicionalidad de la PAC: una decisi\u00f3n oportuna que si bien brinda a los agricultores la claridad necesaria, no cuenta con herramientas ni incentivos adecuados"},"content":{"rendered":"\n<p>El Copa y la Cogeca acogen con agrado la propuesta de la Comisi\u00f3n por la que se establecen algunas excepciones a las normas de nueva condicionalidad de la PAC, pero no pueden sino poner en tela de juicio su contribuci\u00f3n efectiva a la hora de paliar la escasez y las perturbaciones ocasionadas por la guerra en Ucrania y su compleja aplicaci\u00f3n.<\/p>\n\n\n\n<p>La decisi\u00f3n llega indudablemente en el momento oportuno, lo cual es muy positivo, ya que para los agricultores y sus cooperativas agrarias ya era una necesidad apremiante contar con una mayor seguridad jur\u00eddica respecto a las normas que se aplicar\u00e1n a partir del pr\u00f3ximo a\u00f1o. El Copa y la Cogeca esperan que los Estados miembros informen r\u00e1pidamente a los servicios de la Comisi\u00f3n de sus opciones en relaci\u00f3n con esta decisi\u00f3n, pero tambi\u00e9n que la Comisi\u00f3n apruebe, sin mayor dilaci\u00f3n, los planes estrat\u00e9gicos nacionales de la PAC para que todo el entramado de la futura PAC se complete a tiempo para que en el sector se puedan llevar a cabo los preparativos necesarios.<\/p>\n\n\n\n<p>\u00abEs fundamental que los agricultores europeos puedan contribuir a paliar la tensi\u00f3n en torno a la seguridad alimentaria que se viene generando a ra\u00edz de la guerra en Ucrania y poder as\u00ed producir m\u00e1s\u00bb declar\u00f3 la presidenta del Copa, Christiane Lambert, en relaci\u00f3n con la decisi\u00f3n, a lo que a\u00f1adi\u00f3: \u00abNo obstante, no tienen ning\u00fan sentido las restricciones en tierras en barbecho para el cultivo del ma\u00edz, de la soja y de los \u00e1rboles forestales de cultivo corto. Por otro lado, me preocupa que la aplicaci\u00f3n de estas excepciones acabe siendo demasiado compleja y no incentive a los agricultores a hacer uso de ellas.\u00bb<\/p>\n\n\n\n<p>Por su parte, el presidente de la Cogeca, Ram\u00f3n Armengol, al reflexionar sobre la situaci\u00f3n actual del mercado, afirm\u00f3 lo siguiente: \u00abSi bien apreciamos la voluntad de la Comisi\u00f3n de conceder ciertas excepciones, es lamentable que estas no tengan en cuenta la situaci\u00f3n actual del mercado y que no ofrezcan incentivos adecuados para que los agricultores produzcan m\u00e1s cereales y oleaginosas de cara a poder paliar la escasez causada por la guerra en Ucrania.\u00bb<\/p>\n","protected":false},"excerpt":{"rendered":"<p>El Copa y la Cogeca acogen con agrado la propuesta de la Comisi\u00f3n por la que se establecen algunas excepciones a las normas de nueva condicionalidad de la PAC, pero no pueden sino poner en tela de juicio su contribuci\u00f3n efectiva a la hora de paliar la escasez y las perturbaciones ocasionadas por la guerra [&hellip;]<\/p>\n","protected":false},"author":9,"featured_media":8194,"comment_status":"open","ping_status":"open","sticky":false,"template":"","format":"standard","meta":{"footnotes":""},"categories":[9,29,28],"tags":[],"yoast_head":"<!-- This site is optimized with the Yoast SEO plugin v24.5 - https:\/\/yoast.com\/wordpress\/plugins\/seo\/ -->\n<title>Las excepciones a la [nueva] condicionalidad de la PAC: una decisi\u00f3n oportuna que si bien brinda a los agricultores la claridad necesaria, no cuenta con herramientas ni incentivos adecuados - ASAJA Palencia<\/title>\n<meta name=\"description\" content=\"El Copa y la Cogeca acogen con agrado la propuesta de la Comisi\u00f3n por la que se establecen algunas excepciones a las normas de nueva condicionalidad de la\" \/>\n<meta name=\"robots\" content=\"index, follow, max-snippet:-1, max-image-preview:large, max-video-preview:-1\" \/>\n<link rel=\"canonical\" href=\"https:\/\/www.asajacyl.com\/palencia\/asaja-palencia-informa\/las-excepciones-a-la-nueva-condicionalidad-de-la-pac-una-decision-oportuna-que-si-bien-brinda-a-los-agricultores-la-claridad-necesaria-no-cuenta-con-herramientas-ni-incentivos-adecuados\" \/>\n<meta property=\"og:locale\" content=\"es_ES\" \/>\n<meta property=\"og:type\" content=\"article\" \/>\n<meta property=\"og:title\" content=\"Las excepciones a la [nueva] condicionalidad de la PAC: una decisi\u00f3n oportuna que si bien brinda a los agricultores la claridad necesaria, no cuenta con herramientas ni incentivos adecuados - ASAJA Palencia\" \/>\n<meta property=\"og:description\" content=\"El Copa y la Cogeca acogen con agrado la propuesta de la Comisi\u00f3n por la que se establecen algunas excepciones a las normas de nueva condicionalidad de la\" \/>\n<meta property=\"og:url\" content=\"https:\/\/www.asajacyl.com\/palencia\/asaja-palencia-informa\/las-excepciones-a-la-nueva-condicionalidad-de-la-pac-una-decision-oportuna-que-si-bien-brinda-a-los-agricultores-la-claridad-necesaria-no-cuenta-con-herramientas-ni-incentivos-adecuados\" \/>\n<meta property=\"og:site_name\" content=\"ASAJA Palencia\" \/>\n<meta property=\"article:published_time\" content=\"2022-08-14T12:19:00+00:00\" \/>\n<meta property=\"og:image\" content=\"https:\/\/www.asajacyl.com\/palencia\/wp-content\/uploads\/sites\/3\/2021\/04\/COPACOGECA.jpg\" \/>\n\t<meta property=\"og:image:width\" content=\"1280\" \/>\n\t<meta property=\"og:image:height\" content=\"693\" \/>\n\t<meta property=\"og:image:type\" content=\"image\/jpeg\" \/>\n<meta name=\"author\" content=\"Administrador\" \/>\n<meta name=\"twitter:card\" content=\"summary_large_image\" \/>\n<meta name=\"twitter:label1\" content=\"Escrito por\" \/>\n\t<meta name=\"twitter:data1\" content=\"Administrador\" \/>\n\t<meta name=\"twitter:label2\" content=\"Tiempo de lectura\" \/>\n\t<meta name=\"twitter:data2\" content=\"2 minutos\" \/>\n<script type=\"application\/ld+json\" class=\"yoast-schema-graph\">{\"@context\":\"https:\/\/schema.org\",\"@graph\":[{\"@type\":\"WebPage\",\"@id\":\"https:\/\/www.asajacyl.com\/palencia\/asaja-palencia-informa\/las-excepciones-a-la-nueva-condicionalidad-de-la-pac-una-decision-oportuna-que-si-bien-brinda-a-los-agricultores-la-claridad-necesaria-no-cuenta-con-herramientas-ni-incentivos-adecuados\",\"url\":\"https:\/\/www.asajacyl.com\/palencia\/asaja-palencia-informa\/las-excepciones-a-la-nueva-condicionalidad-de-la-pac-una-decision-oportuna-que-si-bien-brinda-a-los-agricultores-la-claridad-necesaria-no-cuenta-con-herramientas-ni-incentivos-adecuados\",\"name\":\"Las excepciones a la [nueva] condicionalidad de la PAC: una decisi\u00f3n oportuna que si bien brinda a los agricultores la claridad necesaria, no cuenta con herramientas ni incentivos adecuados - ASAJA Palencia\",\"isPartOf\":{\"@id\":\"https:\/\/www.asajacyl.com\/palencia\/#website\"},\"primaryImageOfPage\":{\"@id\":\"https:\/\/www.asajacyl.com\/palencia\/asaja-palencia-informa\/las-excepciones-a-la-nueva-condicionalidad-de-la-pac-una-decision-oportuna-que-si-bien-brinda-a-los-agricultores-la-claridad-necesaria-no-cuenta-con-herramientas-ni-incentivos-adecuados#primaryimage\"},\"image\":{\"@id\":\"https:\/\/www.asajacyl.com\/palencia\/asaja-palencia-informa\/las-excepciones-a-la-nueva-condicionalidad-de-la-pac-una-decision-oportuna-que-si-bien-brinda-a-los-agricultores-la-claridad-necesaria-no-cuenta-con-herramientas-ni-incentivos-adecuados#primaryimage\"},\"thumbnailUrl\":\"https:\/\/www.asajacyl.com\/palencia\/wp-content\/uploads\/sites\/3\/2021\/04\/COPACOGECA.jpg\",\"datePublished\":\"2022-08-14T12:19:00+00:00\",\"author\":{\"@id\":\"https:\/\/www.asajacyl.com\/palencia\/#\/schema\/person\/3ab17aeb03527485c317557fae64aab1\"},\"description\":\"El Copa y la Cogeca acogen con agrado la propuesta de la Comisi\u00f3n por la que se establecen algunas excepciones a las normas de nueva condicionalidad de la\",\"breadcrumb\":{\"@id\":\"https:\/\/www.asajacyl.com\/palencia\/asaja-palencia-informa\/las-excepciones-a-la-nueva-condicionalidad-de-la-pac-una-decision-oportuna-que-si-bien-brinda-a-los-agricultores-la-claridad-necesaria-no-cuenta-con-herramientas-ni-incentivos-adecuados#breadcrumb\"},\"inLanguage\":\"es\",\"potentialAction\":[{\"@type\":\"ReadAction\",\"target\":[\"https:\/\/www.asajacyl.com\/palencia\/asaja-palencia-informa\/las-excepciones-a-la-nueva-condicionalidad-de-la-pac-una-decision-oportuna-que-si-bien-brinda-a-los-agricultores-la-claridad-necesaria-no-cuenta-con-herramientas-ni-incentivos-adecuados\"]}]},{\"@type\":\"ImageObject\",\"inLanguage\":\"es\",\"@id\":\"https:\/\/www.asajacyl.com\/palencia\/asaja-palencia-informa\/las-excepciones-a-la-nueva-condicionalidad-de-la-pac-una-decision-oportuna-que-si-bien-brinda-a-los-agricultores-la-claridad-necesaria-no-cuenta-con-herramientas-ni-incentivos-adecuados#primaryimage\",\"url\":\"https:\/\/www.asajacyl.com\/palencia\/wp-content\/uploads\/sites\/3\/2021\/04\/COPACOGECA.jpg\",\"contentUrl\":\"https:\/\/www.asajacyl.com\/palencia\/wp-content\/uploads\/sites\/3\/2021\/04\/COPACOGECA.jpg\",\"width\":1280,\"height\":693},{\"@type\":\"BreadcrumbList\",\"@id\":\"https:\/\/www.asajacyl.com\/palencia\/asaja-palencia-informa\/las-excepciones-a-la-nueva-condicionalidad-de-la-pac-una-decision-oportuna-que-si-bien-brinda-a-los-agricultores-la-claridad-necesaria-no-cuenta-con-herramientas-ni-incentivos-adecuados#breadcrumb\",\"itemListElement\":[{\"@type\":\"ListItem\",\"position\":1,\"name\":\"Portada\",\"item\":\"https:\/\/www.asajacyl.com\/palencia\/\"},{\"@type\":\"ListItem\",\"position\":2,\"name\":\"Las excepciones a la [nueva] condicionalidad de la PAC: una decisi\u00f3n oportuna que si bien brinda a los agricultores la claridad necesaria, no cuenta con herramientas ni incentivos adecuados\"}]},{\"@type\":\"WebSite\",\"@id\":\"https:\/\/www.asajacyl.com\/palencia\/#website\",\"url\":\"https:\/\/www.asajacyl.com\/palencia\/\",\"name\":\"ASAJA Palencia\",\"description\":\"Otro sitio m\u00e1s de Provincias ASAJA Castilla y Le\u00f3n\",\"potentialAction\":[{\"@type\":\"SearchAction\",\"target\":{\"@type\":\"EntryPoint\",\"urlTemplate\":\"https:\/\/www.asajacyl.com\/palencia\/?s={search_term_string}\"},\"query-input\":{\"@type\":\"PropertyValueSpecification\",\"valueRequired\":true,\"valueName\":\"search_term_string\"}}],\"inLanguage\":\"es\"},{\"@type\":\"Person\",\"@id\":\"https:\/\/www.asajacyl.com\/palencia\/#\/schema\/person\/3ab17aeb03527485c317557fae64aab1\",\"name\":\"Administrador\",\"image\":{\"@type\":\"ImageObject\",\"inLanguage\":\"es\",\"@id\":\"https:\/\/www.asajacyl.com\/palencia\/#\/schema\/person\/image\/\",\"url\":\"https:\/\/secure.gravatar.com\/avatar\/517384810d242ca9e38c180f3c9fb973?s=96&d=mm&r=g\",\"contentUrl\":\"https:\/\/secure.gravatar.com\/avatar\/517384810d242ca9e38c180f3c9fb973?s=96&d=mm&r=g\",\"caption\":\"Administrador\"},\"url\":\"https:\/\/www.asajacyl.com\/palencia\/author\/carlosrm\"}]}<\/script>\n<!-- \/ Yoast SEO plugin. -->","yoast_head_json":{"title":"Las excepciones a la [nueva] condicionalidad de la PAC: una decisi\u00f3n oportuna que si bien brinda a los agricultores la claridad necesaria, no cuenta con herramientas ni incentivos adecuados - ASAJA Palencia","description":"El Copa y la Cogeca acogen con agrado la propuesta de la Comisi\u00f3n por la que se establecen algunas excepciones a las normas de nueva condicionalidad de la","robots":{"index":"index","follow":"follow","max-snippet":"max-snippet:-1","max-image-preview":"max-image-preview:large","max-video-preview":"max-video-preview:-1"},"canonical":"https:\/\/www.asajacyl.com\/palencia\/asaja-palencia-informa\/las-excepciones-a-la-nueva-condicionalidad-de-la-pac-una-decision-oportuna-que-si-bien-brinda-a-los-agricultores-la-claridad-necesaria-no-cuenta-con-herramientas-ni-incentivos-adecuados","og_locale":"es_ES","og_type":"article","og_title":"Las excepciones a la [nueva] condicionalidad de la PAC: una decisi\u00f3n oportuna que si bien brinda a los agricultores la claridad necesaria, no cuenta con herramientas ni incentivos adecuados - ASAJA Palencia","og_description":"El Copa y la Cogeca acogen con agrado la propuesta de la Comisi\u00f3n por la que se establecen algunas excepciones a las normas de nueva condicionalidad de la","og_url":"https:\/\/www.asajacyl.com\/palencia\/asaja-palencia-informa\/las-excepciones-a-la-nueva-condicionalidad-de-la-pac-una-decision-oportuna-que-si-bien-brinda-a-los-agricultores-la-claridad-necesaria-no-cuenta-con-herramientas-ni-incentivos-adecuados","og_site_name":"ASAJA Palencia","article_published_time":"2022-08-14T12:19:00+00:00","og_image":[{"width":1280,"height":693,"url":"https:\/\/www.asajacyl.com\/palencia\/wp-content\/uploads\/sites\/3\/2021\/04\/COPACOGECA.jpg","type":"image\/jpeg"}],"author":"Administrador","twitter_card":"summary_large_image","twitter_misc":{"Escrito por":"Administrador","Tiempo de lectura":"2 minutos"},"schema":{"@context":"https:\/\/schema.org","@graph":[{"@type":"WebPage","@id":"https:\/\/www.asajacyl.com\/palencia\/asaja-palencia-informa\/las-excepciones-a-la-nueva-condicionalidad-de-la-pac-una-decision-oportuna-que-si-bien-brinda-a-los-agricultores-la-claridad-necesaria-no-cuenta-con-herramientas-ni-incentivos-adecuados","url":"https:\/\/www.asajacyl.com\/palencia\/asaja-palencia-informa\/las-excepciones-a-la-nueva-condicionalidad-de-la-pac-una-decision-oportuna-que-si-bien-brinda-a-los-agricultores-la-claridad-necesaria-no-cuenta-con-herramientas-ni-incentivos-adecuados","name":"Las excepciones a la [nueva] condicionalidad de la PAC: una decisi\u00f3n oportuna que si bien brinda a los agricultores la claridad necesaria, no cuenta con herramientas ni incentivos adecuados - ASAJA Palencia","isPartOf":{"@id":"https:\/\/www.asajacyl.com\/palencia\/#website"},"primaryImageOfPage":{"@id":"https:\/\/www.asajacyl.com\/palencia\/asaja-palencia-informa\/las-excepciones-a-la-nueva-condicionalidad-de-la-pac-una-decision-oportuna-que-si-bien-brinda-a-los-agricultores-la-claridad-necesaria-no-cuenta-con-herramientas-ni-incentivos-adecuados#primaryimage"},"image":{"@id":"https:\/\/www.asajacyl.com\/palencia\/asaja-palencia-informa\/las-excepciones-a-la-nueva-condicionalidad-de-la-pac-una-decision-oportuna-que-si-bien-brinda-a-los-agricultores-la-claridad-necesaria-no-cuenta-con-herramientas-ni-incentivos-adecuados#primaryimage"},"thumbnailUrl":"https:\/\/www.asajacyl.com\/palencia\/wp-content\/uploads\/sites\/3\/2021\/04\/COPACOGECA.jpg","datePublished":"2022-08-14T12:19:00+00:00","author":{"@id":"https:\/\/www.asajacyl.com\/palencia\/#\/schema\/person\/3ab17aeb03527485c317557fae64aab1"},"description":"El Copa y la Cogeca acogen con agrado la propuesta de la Comisi\u00f3n por la que se establecen algunas excepciones a las normas de nueva condicionalidad de la","breadcrumb":{"@id":"https:\/\/www.asajacyl.com\/palencia\/asaja-palencia-informa\/las-excepciones-a-la-nueva-condicionalidad-de-la-pac-una-decision-oportuna-que-si-bien-brinda-a-los-agricultores-la-claridad-necesaria-no-cuenta-con-herramientas-ni-incentivos-adecuados#breadcrumb"},"inLanguage":"es","potentialAction":[{"@type":"ReadAction","target":["https:\/\/www.asajacyl.com\/palencia\/asaja-palencia-informa\/las-excepciones-a-la-nueva-condicionalidad-de-la-pac-una-decision-oportuna-que-si-bien-brinda-a-los-agricultores-la-claridad-necesaria-no-cuenta-con-herramientas-ni-incentivos-adecuados"]}]},{"@type":"ImageObject","inLanguage":"es","@id":"https:\/\/www.asajacyl.com\/palencia\/asaja-palencia-informa\/las-excepciones-a-la-nueva-condicionalidad-de-la-pac-una-decision-oportuna-que-si-bien-brinda-a-los-agricultores-la-claridad-necesaria-no-cuenta-con-herramientas-ni-incentivos-adecuados#primaryimage","url":"https:\/\/www.asajacyl.com\/palencia\/wp-content\/uploads\/sites\/3\/2021\/04\/COPACOGECA.jpg","contentUrl":"https:\/\/www.asajacyl.com\/palencia\/wp-content\/uploads\/sites\/3\/2021\/04\/COPACOGECA.jpg","width":1280,"height":693},{"@type":"BreadcrumbList","@id":"https:\/\/www.asajacyl.com\/palencia\/asaja-palencia-informa\/las-excepciones-a-la-nueva-condicionalidad-de-la-pac-una-decision-oportuna-que-si-bien-brinda-a-los-agricultores-la-claridad-necesaria-no-cuenta-con-herramientas-ni-incentivos-adecuados#breadcrumb","itemListElement":[{"@type":"ListItem","position":1,"name":"Portada","item":"https:\/\/www.asajacyl.com\/palencia\/"},{"@type":"ListItem","position":2,"name":"Las excepciones a la [nueva] condicionalidad de la PAC: una decisi\u00f3n oportuna que si bien brinda a los agricultores la claridad necesaria, no cuenta con herramientas ni incentivos adecuados"}]},{"@type":"WebSite","@id":"https:\/\/www.asajacyl.com\/palencia\/#website","url":"https:\/\/www.asajacyl.com\/palencia\/","name":"ASAJA Palencia","description":"Otro sitio m\u00e1s de Provincias ASAJA Castilla y Le\u00f3n","potentialAction":[{"@type":"SearchAction","target":{"@type":"EntryPoint","urlTemplate":"https:\/\/www.asajacyl.com\/palencia\/?s={search_term_string}"},"query-input":{"@type":"PropertyValueSpecification","valueRequired":true,"valueName":"search_term_string"}}],"inLanguage":"es"},{"@type":"Person","@id":"https:\/\/www.asajacyl.com\/palencia\/#\/schema\/person\/3ab17aeb03527485c317557fae64aab1","name":"Administrador","image":{"@type":"ImageObject","inLanguage":"es","@id":"https:\/\/www.asajacyl.com\/palencia\/#\/schema\/person\/image\/","url":"https:\/\/secure.gravatar.com\/avatar\/517384810d242ca9e38c180f3c9fb973?s=96&d=mm&r=g","contentUrl":"https:\/\/secure.gravatar.com\/avatar\/517384810d242ca9e38c180f3c9fb973?s=96&d=mm&r=g","caption":"Administrador"},"url":"https:\/\/www.asajacyl.com\/palencia\/author\/carlosrm"}]}},"_links":{"self":[{"href":"https:\/\/www.asajacyl.com\/palencia\/wp-json\/wp\/v2\/posts\/11237"}],"collection":[{"href":"https:\/\/www.asajacyl.com\/palencia\/wp-json\/wp\/v2\/posts"}],"about":[{"href":"https:\/\/www.asajacyl.com\/palencia\/wp-json\/wp\/v2\/types\/post"}],"author":[{"embeddable":true,"href":"https:\/\/www.asajacyl.com\/palencia\/wp-json\/wp\/v2\/users\/9"}],"replies":[{"embeddable":true,"href":"https:\/\/www.asajacyl.com\/palencia\/wp-json\/wp\/v2\/comments?post=11237"}],"version-history":[{"count":1,"href":"https:\/\/www.asajacyl.com\/palencia\/wp-json\/wp\/v2\/posts\/11237\/revisions"}],"predecessor-version":[{"id":11238,"href":"https:\/\/www.asajacyl.com\/palencia\/wp-json\/wp\/v2\/posts\/11237\/revisions\/11238"}],"wp:featuredmedia":[{"embeddable":true,"href":"https:\/\/www.asajacyl.com\/palencia\/wp-json\/wp\/v2\/media\/8194"}],"wp:attachment":[{"href":"https:\/\/www.asajacyl.com\/palencia\/wp-json\/wp\/v2\/media?parent=11237"}],"wp:term":[{"taxonomy":"category","embeddable":true,"href":"https:\/\/www.asajacyl.com\/palencia\/wp-json\/wp\/v2\/categories?post=11237"},{"taxonomy":"post_tag","embeddable":true,"href":"https:\/\/www.asajacyl.com\/palencia\/wp-json\/wp\/v2\/tags?post=11237"}],"curies":[{"name":"wp","href":"https:\/\/api.w.org\/{rel}","templated":true}]}}