{"id":11243,"date":"2022-08-11T11:45:00","date_gmt":"2022-08-11T09:45:00","guid":{"rendered":"https:\/\/www.asajacyl.com\/palencia\/?p=11243"},"modified":"2022-08-08T13:19:31","modified_gmt":"2022-08-08T11:19:31","slug":"la-tasa-de-reembolso-provisional-de-la-disciplina-financiera-de-la-pac-2021-se-convierte-en-definitiva","status":"publish","type":"post","link":"https:\/\/www.asajacyl.com\/palencia\/asaja-palencia-informa\/la-tasa-de-reembolso-provisional-de-la-disciplina-financiera-de-la-pac-2021-se-convierte-en-definitiva","title":{"rendered":"La tasa de reembolso provisional de la disciplina financiera de la PAC 2021 se convierte en definitiva"},"content":{"rendered":"\n<p>La Comisi\u00f3n Europea traslad\u00f3 las cantidades que se deb\u00edan retraer de la PAC en concepto de disciplina financiera, algo que afecta al importe de pagos que sobrepasa los 2.000 euros, correspondiente a la PAC 2021, as\u00ed como a aquellos perceptores de pagos tard\u00edos de campa\u00f1as anteriores (2013 a 2020).<\/p>\n\n\n\n<p>Con esa cantidad, el FEGA fij\u00f3 el importe provisional a reembolsar en un 2,29% a finales de 2021. Una vez realizados los c\u00e1lculos definitivos, teniendo en cuenta los pagos realizados, el FEGA ha revisado los c\u00e1lculos verific\u00e1ndose que no procede modificar la tasa provisional que se hab\u00eda establecido. Por tanto, la tasa de reembolso definitiva ser\u00e1 de 2,29% en el ejercicio 2021.<\/p>\n","protected":false},"excerpt":{"rendered":"<p>La Comisi\u00f3n Europea traslad\u00f3 las cantidades que se deb\u00edan retraer de la PAC en concepto de disciplina financiera, algo que afecta al importe de pagos que sobrepasa los 2.000 euros, correspondiente a la PAC 2021, as\u00ed como a aquellos perceptores de pagos tard\u00edos de campa\u00f1as anteriores (2013 a 2020). Con esa cantidad, el FEGA fij\u00f3 [&hellip;]<\/p>\n","protected":false},"author":9,"featured_media":11204,"comment_status":"open","ping_status":"open","sticky":false,"template":"","format":"standard","meta":{"footnotes":""},"categories":[9,29,28],"tags":[],"yoast_head":"<!-- This site is optimized with the Yoast SEO plugin v24.5 - https:\/\/yoast.com\/wordpress\/plugins\/seo\/ -->\n<title>La tasa de reembolso provisional de la disciplina financiera de la PAC 2021 se convierte en definitiva - ASAJA Palencia<\/title>\n<meta name=\"description\" content=\"La Comisi\u00f3n Europea traslad\u00f3 las cantidades que se deb\u00edan retraer de la PAC en concepto de disciplina financiera, algo que afecta al importe de pagos que\" \/>\n<meta name=\"robots\" content=\"index, follow, max-snippet:-1, max-image-preview:large, max-video-preview:-1\" \/>\n<link rel=\"canonical\" href=\"https:\/\/www.asajacyl.com\/palencia\/asaja-palencia-informa\/la-tasa-de-reembolso-provisional-de-la-disciplina-financiera-de-la-pac-2021-se-convierte-en-definitiva\" \/>\n<meta property=\"og:locale\" content=\"es_ES\" \/>\n<meta property=\"og:type\" content=\"article\" \/>\n<meta property=\"og:title\" content=\"La tasa de reembolso provisional de la disciplina financiera de la PAC 2021 se convierte en definitiva - ASAJA Palencia\" \/>\n<meta property=\"og:description\" content=\"La Comisi\u00f3n Europea traslad\u00f3 las cantidades que se deb\u00edan retraer de la PAC en concepto de disciplina financiera, algo que afecta al importe de pagos que\" \/>\n<meta property=\"og:url\" content=\"https:\/\/www.asajacyl.com\/palencia\/asaja-palencia-informa\/la-tasa-de-reembolso-provisional-de-la-disciplina-financiera-de-la-pac-2021-se-convierte-en-definitiva\" \/>\n<meta property=\"og:site_name\" content=\"ASAJA Palencia\" \/>\n<meta property=\"article:published_time\" content=\"2022-08-11T09:45:00+00:00\" \/>\n<meta property=\"og:image\" content=\"https:\/\/www.asajacyl.com\/palencia\/wp-content\/uploads\/sites\/3\/2022\/08\/CARGANDO-PAJA-ATARDECER-1024x768.jpeg\" \/>\n\t<meta property=\"og:image:width\" content=\"1024\" \/>\n\t<meta property=\"og:image:height\" content=\"768\" \/>\n\t<meta property=\"og:image:type\" content=\"image\/jpeg\" \/>\n<meta name=\"author\" content=\"Administrador\" \/>\n<meta name=\"twitter:card\" content=\"summary_large_image\" \/>\n<meta name=\"twitter:label1\" content=\"Escrito por\" \/>\n\t<meta name=\"twitter:data1\" content=\"Administrador\" \/>\n\t<meta name=\"twitter:label2\" content=\"Tiempo de lectura\" \/>\n\t<meta name=\"twitter:data2\" content=\"1 minuto\" \/>\n<script type=\"application\/ld+json\" class=\"yoast-schema-graph\">{\"@context\":\"https:\/\/schema.org\",\"@graph\":[{\"@type\":\"WebPage\",\"@id\":\"https:\/\/www.asajacyl.com\/palencia\/asaja-palencia-informa\/la-tasa-de-reembolso-provisional-de-la-disciplina-financiera-de-la-pac-2021-se-convierte-en-definitiva\",\"url\":\"https:\/\/www.asajacyl.com\/palencia\/asaja-palencia-informa\/la-tasa-de-reembolso-provisional-de-la-disciplina-financiera-de-la-pac-2021-se-convierte-en-definitiva\",\"name\":\"La tasa de reembolso provisional de la disciplina financiera de la PAC 2021 se convierte en definitiva - ASAJA Palencia\",\"isPartOf\":{\"@id\":\"https:\/\/www.asajacyl.com\/palencia\/#website\"},\"primaryImageOfPage\":{\"@id\":\"https:\/\/www.asajacyl.com\/palencia\/asaja-palencia-informa\/la-tasa-de-reembolso-provisional-de-la-disciplina-financiera-de-la-pac-2021-se-convierte-en-definitiva#primaryimage\"},\"image\":{\"@id\":\"https:\/\/www.asajacyl.com\/palencia\/asaja-palencia-informa\/la-tasa-de-reembolso-provisional-de-la-disciplina-financiera-de-la-pac-2021-se-convierte-en-definitiva#primaryimage\"},\"thumbnailUrl\":\"https:\/\/www.asajacyl.com\/palencia\/wp-content\/uploads\/sites\/3\/2022\/08\/CARGANDO-PAJA-ATARDECER.jpeg\",\"datePublished\":\"2022-08-11T09:45:00+00:00\",\"author\":{\"@id\":\"https:\/\/www.asajacyl.com\/palencia\/#\/schema\/person\/3ab17aeb03527485c317557fae64aab1\"},\"description\":\"La Comisi\u00f3n Europea traslad\u00f3 las cantidades que se deb\u00edan retraer de la PAC en concepto de disciplina financiera, algo que afecta al importe de pagos que\",\"breadcrumb\":{\"@id\":\"https:\/\/www.asajacyl.com\/palencia\/asaja-palencia-informa\/la-tasa-de-reembolso-provisional-de-la-disciplina-financiera-de-la-pac-2021-se-convierte-en-definitiva#breadcrumb\"},\"inLanguage\":\"es\",\"potentialAction\":[{\"@type\":\"ReadAction\",\"target\":[\"https:\/\/www.asajacyl.com\/palencia\/asaja-palencia-informa\/la-tasa-de-reembolso-provisional-de-la-disciplina-financiera-de-la-pac-2021-se-convierte-en-definitiva\"]}]},{\"@type\":\"ImageObject\",\"inLanguage\":\"es\",\"@id\":\"https:\/\/www.asajacyl.com\/palencia\/asaja-palencia-informa\/la-tasa-de-reembolso-provisional-de-la-disciplina-financiera-de-la-pac-2021-se-convierte-en-definitiva#primaryimage\",\"url\":\"https:\/\/www.asajacyl.com\/palencia\/wp-content\/uploads\/sites\/3\/2022\/08\/CARGANDO-PAJA-ATARDECER.jpeg\",\"contentUrl\":\"https:\/\/www.asajacyl.com\/palencia\/wp-content\/uploads\/sites\/3\/2022\/08\/CARGANDO-PAJA-ATARDECER.jpeg\",\"width\":2420,\"height\":1816},{\"@type\":\"BreadcrumbList\",\"@id\":\"https:\/\/www.asajacyl.com\/palencia\/asaja-palencia-informa\/la-tasa-de-reembolso-provisional-de-la-disciplina-financiera-de-la-pac-2021-se-convierte-en-definitiva#breadcrumb\",\"itemListElement\":[{\"@type\":\"ListItem\",\"position\":1,\"name\":\"Portada\",\"item\":\"https:\/\/www.asajacyl.com\/palencia\/\"},{\"@type\":\"ListItem\",\"position\":2,\"name\":\"La tasa de reembolso provisional de la disciplina financiera de la PAC 2021 se convierte en definitiva\"}]},{\"@type\":\"WebSite\",\"@id\":\"https:\/\/www.asajacyl.com\/palencia\/#website\",\"url\":\"https:\/\/www.asajacyl.com\/palencia\/\",\"name\":\"ASAJA Palencia\",\"description\":\"Otro sitio m\u00e1s de Provincias ASAJA Castilla y Le\u00f3n\",\"potentialAction\":[{\"@type\":\"SearchAction\",\"target\":{\"@type\":\"EntryPoint\",\"urlTemplate\":\"https:\/\/www.asajacyl.com\/palencia\/?s={search_term_string}\"},\"query-input\":{\"@type\":\"PropertyValueSpecification\",\"valueRequired\":true,\"valueName\":\"search_term_string\"}}],\"inLanguage\":\"es\"},{\"@type\":\"Person\",\"@id\":\"https:\/\/www.asajacyl.com\/palencia\/#\/schema\/person\/3ab17aeb03527485c317557fae64aab1\",\"name\":\"Administrador\",\"image\":{\"@type\":\"ImageObject\",\"inLanguage\":\"es\",\"@id\":\"https:\/\/www.asajacyl.com\/palencia\/#\/schema\/person\/image\/\",\"url\":\"https:\/\/secure.gravatar.com\/avatar\/517384810d242ca9e38c180f3c9fb973?s=96&d=mm&r=g\",\"contentUrl\":\"https:\/\/secure.gravatar.com\/avatar\/517384810d242ca9e38c180f3c9fb973?s=96&d=mm&r=g\",\"caption\":\"Administrador\"},\"url\":\"https:\/\/www.asajacyl.com\/palencia\/author\/carlosrm\"}]}<\/script>\n<!-- \/ Yoast SEO plugin. -->","yoast_head_json":{"title":"La tasa de reembolso provisional de la disciplina financiera de la PAC 2021 se convierte en definitiva - ASAJA Palencia","description":"La Comisi\u00f3n Europea traslad\u00f3 las cantidades que se deb\u00edan retraer de la PAC en concepto de disciplina financiera, algo que afecta al importe de pagos que","robots":{"index":"index","follow":"follow","max-snippet":"max-snippet:-1","max-image-preview":"max-image-preview:large","max-video-preview":"max-video-preview:-1"},"canonical":"https:\/\/www.asajacyl.com\/palencia\/asaja-palencia-informa\/la-tasa-de-reembolso-provisional-de-la-disciplina-financiera-de-la-pac-2021-se-convierte-en-definitiva","og_locale":"es_ES","og_type":"article","og_title":"La tasa de reembolso provisional de la disciplina financiera de la PAC 2021 se convierte en definitiva - ASAJA Palencia","og_description":"La Comisi\u00f3n Europea traslad\u00f3 las cantidades que se deb\u00edan retraer de la PAC en concepto de disciplina financiera, algo que afecta al importe de pagos que","og_url":"https:\/\/www.asajacyl.com\/palencia\/asaja-palencia-informa\/la-tasa-de-reembolso-provisional-de-la-disciplina-financiera-de-la-pac-2021-se-convierte-en-definitiva","og_site_name":"ASAJA Palencia","article_published_time":"2022-08-11T09:45:00+00:00","og_image":[{"width":1024,"height":768,"url":"https:\/\/www.asajacyl.com\/palencia\/wp-content\/uploads\/sites\/3\/2022\/08\/CARGANDO-PAJA-ATARDECER-1024x768.jpeg","type":"image\/jpeg"}],"author":"Administrador","twitter_card":"summary_large_image","twitter_misc":{"Escrito por":"Administrador","Tiempo de lectura":"1 minuto"},"schema":{"@context":"https:\/\/schema.org","@graph":[{"@type":"WebPage","@id":"https:\/\/www.asajacyl.com\/palencia\/asaja-palencia-informa\/la-tasa-de-reembolso-provisional-de-la-disciplina-financiera-de-la-pac-2021-se-convierte-en-definitiva","url":"https:\/\/www.asajacyl.com\/palencia\/asaja-palencia-informa\/la-tasa-de-reembolso-provisional-de-la-disciplina-financiera-de-la-pac-2021-se-convierte-en-definitiva","name":"La tasa de reembolso provisional de la disciplina financiera de la PAC 2021 se convierte en definitiva - ASAJA Palencia","isPartOf":{"@id":"https:\/\/www.asajacyl.com\/palencia\/#website"},"primaryImageOfPage":{"@id":"https:\/\/www.asajacyl.com\/palencia\/asaja-palencia-informa\/la-tasa-de-reembolso-provisional-de-la-disciplina-financiera-de-la-pac-2021-se-convierte-en-definitiva#primaryimage"},"image":{"@id":"https:\/\/www.asajacyl.com\/palencia\/asaja-palencia-informa\/la-tasa-de-reembolso-provisional-de-la-disciplina-financiera-de-la-pac-2021-se-convierte-en-definitiva#primaryimage"},"thumbnailUrl":"https:\/\/www.asajacyl.com\/palencia\/wp-content\/uploads\/sites\/3\/2022\/08\/CARGANDO-PAJA-ATARDECER.jpeg","datePublished":"2022-08-11T09:45:00+00:00","author":{"@id":"https:\/\/www.asajacyl.com\/palencia\/#\/schema\/person\/3ab17aeb03527485c317557fae64aab1"},"description":"La Comisi\u00f3n Europea traslad\u00f3 las cantidades que se deb\u00edan retraer de la PAC en concepto de disciplina financiera, algo que afecta al importe de pagos que","breadcrumb":{"@id":"https:\/\/www.asajacyl.com\/palencia\/asaja-palencia-informa\/la-tasa-de-reembolso-provisional-de-la-disciplina-financiera-de-la-pac-2021-se-convierte-en-definitiva#breadcrumb"},"inLanguage":"es","potentialAction":[{"@type":"ReadAction","target":["https:\/\/www.asajacyl.com\/palencia\/asaja-palencia-informa\/la-tasa-de-reembolso-provisional-de-la-disciplina-financiera-de-la-pac-2021-se-convierte-en-definitiva"]}]},{"@type":"ImageObject","inLanguage":"es","@id":"https:\/\/www.asajacyl.com\/palencia\/asaja-palencia-informa\/la-tasa-de-reembolso-provisional-de-la-disciplina-financiera-de-la-pac-2021-se-convierte-en-definitiva#primaryimage","url":"https:\/\/www.asajacyl.com\/palencia\/wp-content\/uploads\/sites\/3\/2022\/08\/CARGANDO-PAJA-ATARDECER.jpeg","contentUrl":"https:\/\/www.asajacyl.com\/palencia\/wp-content\/uploads\/sites\/3\/2022\/08\/CARGANDO-PAJA-ATARDECER.jpeg","width":2420,"height":1816},{"@type":"BreadcrumbList","@id":"https:\/\/www.asajacyl.com\/palencia\/asaja-palencia-informa\/la-tasa-de-reembolso-provisional-de-la-disciplina-financiera-de-la-pac-2021-se-convierte-en-definitiva#breadcrumb","itemListElement":[{"@type":"ListItem","position":1,"name":"Portada","item":"https:\/\/www.asajacyl.com\/palencia\/"},{"@type":"ListItem","position":2,"name":"La tasa de reembolso provisional de la disciplina financiera de la PAC 2021 se convierte en definitiva"}]},{"@type":"WebSite","@id":"https:\/\/www.asajacyl.com\/palencia\/#website","url":"https:\/\/www.asajacyl.com\/palencia\/","name":"ASAJA Palencia","description":"Otro sitio m\u00e1s de Provincias ASAJA Castilla y Le\u00f3n","potentialAction":[{"@type":"SearchAction","target":{"@type":"EntryPoint","urlTemplate":"https:\/\/www.asajacyl.com\/palencia\/?s={search_term_string}"},"query-input":{"@type":"PropertyValueSpecification","valueRequired":true,"valueName":"search_term_string"}}],"inLanguage":"es"},{"@type":"Person","@id":"https:\/\/www.asajacyl.com\/palencia\/#\/schema\/person\/3ab17aeb03527485c317557fae64aab1","name":"Administrador","image":{"@type":"ImageObject","inLanguage":"es","@id":"https:\/\/www.asajacyl.com\/palencia\/#\/schema\/person\/image\/","url":"https:\/\/secure.gravatar.com\/avatar\/517384810d242ca9e38c180f3c9fb973?s=96&d=mm&r=g","contentUrl":"https:\/\/secure.gravatar.com\/avatar\/517384810d242ca9e38c180f3c9fb973?s=96&d=mm&r=g","caption":"Administrador"},"url":"https:\/\/www.asajacyl.com\/palencia\/author\/carlosrm"}]}},"_links":{"self":[{"href":"https:\/\/www.asajacyl.com\/palencia\/wp-json\/wp\/v2\/posts\/11243"}],"collection":[{"href":"https:\/\/www.asajacyl.com\/palencia\/wp-json\/wp\/v2\/posts"}],"about":[{"href":"https:\/\/www.asajacyl.com\/palencia\/wp-json\/wp\/v2\/types\/post"}],"author":[{"embeddable":true,"href":"https:\/\/www.asajacyl.com\/palencia\/wp-json\/wp\/v2\/users\/9"}],"replies":[{"embeddable":true,"href":"https:\/\/www.asajacyl.com\/palencia\/wp-json\/wp\/v2\/comments?post=11243"}],"version-history":[{"count":1,"href":"https:\/\/www.asajacyl.com\/palencia\/wp-json\/wp\/v2\/posts\/11243\/revisions"}],"predecessor-version":[{"id":11244,"href":"https:\/\/www.asajacyl.com\/palencia\/wp-json\/wp\/v2\/posts\/11243\/revisions\/11244"}],"wp:featuredmedia":[{"embeddable":true,"href":"https:\/\/www.asajacyl.com\/palencia\/wp-json\/wp\/v2\/media\/11204"}],"wp:attachment":[{"href":"https:\/\/www.asajacyl.com\/palencia\/wp-json\/wp\/v2\/media?parent=11243"}],"wp:term":[{"taxonomy":"category","embeddable":true,"href":"https:\/\/www.asajacyl.com\/palencia\/wp-json\/wp\/v2\/categories?post=11243"},{"taxonomy":"post_tag","embeddable":true,"href":"https:\/\/www.asajacyl.com\/palencia\/wp-json\/wp\/v2\/tags?post=11243"}],"curies":[{"name":"wp","href":"https:\/\/api.w.org\/{rel}","templated":true}]}}