{"id":11252,"date":"2022-08-13T11:24:00","date_gmt":"2022-08-13T09:24:00","guid":{"rendered":"https:\/\/www.asajacyl.com\/palencia\/?p=11252"},"modified":"2022-08-09T11:47:19","modified_gmt":"2022-08-09T09:47:19","slug":"agropal-galardonado-con-el-premio-alimentos-de-espana","status":"publish","type":"post","link":"https:\/\/www.asajacyl.com\/palencia\/asaja-palencia-informa\/agropal-galardonado-con-el-premio-alimentos-de-espana","title":{"rendered":"AGROPAL galardonado con el premio Alimentos de Espa\u00f1a"},"content":{"rendered":"\n<p>El Ministerio de Agricultura, Pesca y Alimentaci\u00f3n ha concedido el premio Alimentos de Espa\u00f1a a la cooperativa AGROPAL, en la categor\u00eda de \u00abIndustrias Alimentarias\u00bb, por sus avances en las distintas fases de la cadena alimentaria, tanto en la producci\u00f3n, como en la transformaci\u00f3n y en la distribuci\u00f3n.<\/p>\n\n\n\n<p>Es ya la edici\u00f3n n\u00famero treinta y cuatro, lo que hace gala de la implantaci\u00f3n e importancia que tienen estos premios, que son muy reconocidos ya que tienen \u00e1mbito nacional y se conceden por un ente oficial, como es el Ministerio. En este caso reconocen el gran trabajo que AGROPAL est\u00e1 realizando.<\/p>\n\n\n\n<p>El a\u00f1o pasado el queso \u00abCerrato Unami\u00bb, producido por AGROPAL, fue tambi\u00e9n premiado con estos galardones, en este caso en la categor\u00eda de \u00abMejor Queso\u00bb de la modalidad de mezcla. Este queso tambi\u00e9n ha sido reconocido con un premio de categor\u00eda \u00aboro\u00bb en los \u00abWorld Cheese Awards\u00bb, posiblemente los m\u00e1s reconocidos a nivel mundial.<\/p>\n","protected":false},"excerpt":{"rendered":"<p>El Ministerio de Agricultura, Pesca y Alimentaci\u00f3n ha concedido el premio Alimentos de Espa\u00f1a a la cooperativa AGROPAL, en la categor\u00eda de \u00abIndustrias Alimentarias\u00bb, por sus avances en las distintas fases de la cadena alimentaria, tanto en la producci\u00f3n, como en la transformaci\u00f3n y en la distribuci\u00f3n. Es ya la edici\u00f3n n\u00famero treinta y cuatro, [&hellip;]<\/p>\n","protected":false},"author":9,"featured_media":9147,"comment_status":"open","ping_status":"open","sticky":false,"template":"","format":"standard","meta":{"footnotes":""},"categories":[9,29,28],"tags":[],"yoast_head":"<!-- This site is optimized with the Yoast SEO plugin v24.5 - https:\/\/yoast.com\/wordpress\/plugins\/seo\/ -->\n<title>AGROPAL galardonado con el premio Alimentos de Espa\u00f1a - ASAJA Palencia<\/title>\n<meta name=\"description\" content=\"El Ministerio de Agricultura, Pesca y Alimentaci\u00f3n ha concedido el premio Alimentos de Espa\u00f1a a la cooperativa AGROPAL, en la categor\u00eda de &quot;Industrias\" \/>\n<meta name=\"robots\" content=\"index, follow, max-snippet:-1, max-image-preview:large, max-video-preview:-1\" \/>\n<link rel=\"canonical\" href=\"https:\/\/www.asajacyl.com\/palencia\/asaja-palencia-informa\/agropal-galardonado-con-el-premio-alimentos-de-espana\" \/>\n<meta property=\"og:locale\" content=\"es_ES\" \/>\n<meta property=\"og:type\" content=\"article\" \/>\n<meta property=\"og:title\" content=\"AGROPAL galardonado con el premio Alimentos de Espa\u00f1a - ASAJA Palencia\" \/>\n<meta property=\"og:description\" content=\"El Ministerio de Agricultura, Pesca y Alimentaci\u00f3n ha concedido el premio Alimentos de Espa\u00f1a a la cooperativa AGROPAL, en la categor\u00eda de &quot;Industrias\" \/>\n<meta property=\"og:url\" content=\"https:\/\/www.asajacyl.com\/palencia\/asaja-palencia-informa\/agropal-galardonado-con-el-premio-alimentos-de-espana\" \/>\n<meta property=\"og:site_name\" content=\"ASAJA Palencia\" \/>\n<meta property=\"article:published_time\" content=\"2022-08-13T09:24:00+00:00\" \/>\n<meta property=\"og:image\" content=\"https:\/\/www.asajacyl.com\/palencia\/wp-content\/uploads\/sites\/3\/2021\/10\/QUESO-UNAMI.jpg\" \/>\n\t<meta property=\"og:image:width\" content=\"2500\" \/>\n\t<meta property=\"og:image:height\" content=\"1667\" \/>\n\t<meta property=\"og:image:type\" content=\"image\/jpeg\" \/>\n<meta name=\"author\" content=\"Administrador\" \/>\n<meta name=\"twitter:card\" content=\"summary_large_image\" \/>\n<meta name=\"twitter:label1\" content=\"Escrito por\" \/>\n\t<meta name=\"twitter:data1\" content=\"Administrador\" \/>\n\t<meta name=\"twitter:label2\" content=\"Tiempo de lectura\" \/>\n\t<meta name=\"twitter:data2\" content=\"1 minuto\" \/>\n<script type=\"application\/ld+json\" class=\"yoast-schema-graph\">{\"@context\":\"https:\/\/schema.org\",\"@graph\":[{\"@type\":\"WebPage\",\"@id\":\"https:\/\/www.asajacyl.com\/palencia\/asaja-palencia-informa\/agropal-galardonado-con-el-premio-alimentos-de-espana\",\"url\":\"https:\/\/www.asajacyl.com\/palencia\/asaja-palencia-informa\/agropal-galardonado-con-el-premio-alimentos-de-espana\",\"name\":\"AGROPAL galardonado con el premio Alimentos de Espa\u00f1a - ASAJA Palencia\",\"isPartOf\":{\"@id\":\"https:\/\/www.asajacyl.com\/palencia\/#website\"},\"primaryImageOfPage\":{\"@id\":\"https:\/\/www.asajacyl.com\/palencia\/asaja-palencia-informa\/agropal-galardonado-con-el-premio-alimentos-de-espana#primaryimage\"},\"image\":{\"@id\":\"https:\/\/www.asajacyl.com\/palencia\/asaja-palencia-informa\/agropal-galardonado-con-el-premio-alimentos-de-espana#primaryimage\"},\"thumbnailUrl\":\"https:\/\/www.asajacyl.com\/palencia\/wp-content\/uploads\/sites\/3\/2021\/10\/QUESO-UNAMI.jpg\",\"datePublished\":\"2022-08-13T09:24:00+00:00\",\"author\":{\"@id\":\"https:\/\/www.asajacyl.com\/palencia\/#\/schema\/person\/3ab17aeb03527485c317557fae64aab1\"},\"description\":\"El Ministerio de Agricultura, Pesca y Alimentaci\u00f3n ha concedido el premio Alimentos de Espa\u00f1a a la cooperativa AGROPAL, en la categor\u00eda de \\\"Industrias\",\"breadcrumb\":{\"@id\":\"https:\/\/www.asajacyl.com\/palencia\/asaja-palencia-informa\/agropal-galardonado-con-el-premio-alimentos-de-espana#breadcrumb\"},\"inLanguage\":\"es\",\"potentialAction\":[{\"@type\":\"ReadAction\",\"target\":[\"https:\/\/www.asajacyl.com\/palencia\/asaja-palencia-informa\/agropal-galardonado-con-el-premio-alimentos-de-espana\"]}]},{\"@type\":\"ImageObject\",\"inLanguage\":\"es\",\"@id\":\"https:\/\/www.asajacyl.com\/palencia\/asaja-palencia-informa\/agropal-galardonado-con-el-premio-alimentos-de-espana#primaryimage\",\"url\":\"https:\/\/www.asajacyl.com\/palencia\/wp-content\/uploads\/sites\/3\/2021\/10\/QUESO-UNAMI.jpg\",\"contentUrl\":\"https:\/\/www.asajacyl.com\/palencia\/wp-content\/uploads\/sites\/3\/2021\/10\/QUESO-UNAMI.jpg\",\"width\":2500,\"height\":1667},{\"@type\":\"BreadcrumbList\",\"@id\":\"https:\/\/www.asajacyl.com\/palencia\/asaja-palencia-informa\/agropal-galardonado-con-el-premio-alimentos-de-espana#breadcrumb\",\"itemListElement\":[{\"@type\":\"ListItem\",\"position\":1,\"name\":\"Portada\",\"item\":\"https:\/\/www.asajacyl.com\/palencia\/\"},{\"@type\":\"ListItem\",\"position\":2,\"name\":\"AGROPAL galardonado con el premio Alimentos de Espa\u00f1a\"}]},{\"@type\":\"WebSite\",\"@id\":\"https:\/\/www.asajacyl.com\/palencia\/#website\",\"url\":\"https:\/\/www.asajacyl.com\/palencia\/\",\"name\":\"ASAJA Palencia\",\"description\":\"Otro sitio m\u00e1s de Provincias ASAJA Castilla y Le\u00f3n\",\"potentialAction\":[{\"@type\":\"SearchAction\",\"target\":{\"@type\":\"EntryPoint\",\"urlTemplate\":\"https:\/\/www.asajacyl.com\/palencia\/?s={search_term_string}\"},\"query-input\":{\"@type\":\"PropertyValueSpecification\",\"valueRequired\":true,\"valueName\":\"search_term_string\"}}],\"inLanguage\":\"es\"},{\"@type\":\"Person\",\"@id\":\"https:\/\/www.asajacyl.com\/palencia\/#\/schema\/person\/3ab17aeb03527485c317557fae64aab1\",\"name\":\"Administrador\",\"image\":{\"@type\":\"ImageObject\",\"inLanguage\":\"es\",\"@id\":\"https:\/\/www.asajacyl.com\/palencia\/#\/schema\/person\/image\/\",\"url\":\"https:\/\/secure.gravatar.com\/avatar\/517384810d242ca9e38c180f3c9fb973?s=96&d=mm&r=g\",\"contentUrl\":\"https:\/\/secure.gravatar.com\/avatar\/517384810d242ca9e38c180f3c9fb973?s=96&d=mm&r=g\",\"caption\":\"Administrador\"},\"url\":\"https:\/\/www.asajacyl.com\/palencia\/author\/carlosrm\"}]}<\/script>\n<!-- \/ Yoast SEO plugin. -->","yoast_head_json":{"title":"AGROPAL galardonado con el premio Alimentos de Espa\u00f1a - ASAJA Palencia","description":"El Ministerio de Agricultura, Pesca y Alimentaci\u00f3n ha concedido el premio Alimentos de Espa\u00f1a a la cooperativa AGROPAL, en la categor\u00eda de \"Industrias","robots":{"index":"index","follow":"follow","max-snippet":"max-snippet:-1","max-image-preview":"max-image-preview:large","max-video-preview":"max-video-preview:-1"},"canonical":"https:\/\/www.asajacyl.com\/palencia\/asaja-palencia-informa\/agropal-galardonado-con-el-premio-alimentos-de-espana","og_locale":"es_ES","og_type":"article","og_title":"AGROPAL galardonado con el premio Alimentos de Espa\u00f1a - ASAJA Palencia","og_description":"El Ministerio de Agricultura, Pesca y Alimentaci\u00f3n ha concedido el premio Alimentos de Espa\u00f1a a la cooperativa AGROPAL, en la categor\u00eda de \"Industrias","og_url":"https:\/\/www.asajacyl.com\/palencia\/asaja-palencia-informa\/agropal-galardonado-con-el-premio-alimentos-de-espana","og_site_name":"ASAJA Palencia","article_published_time":"2022-08-13T09:24:00+00:00","og_image":[{"width":2500,"height":1667,"url":"https:\/\/www.asajacyl.com\/palencia\/wp-content\/uploads\/sites\/3\/2021\/10\/QUESO-UNAMI.jpg","type":"image\/jpeg"}],"author":"Administrador","twitter_card":"summary_large_image","twitter_misc":{"Escrito por":"Administrador","Tiempo de lectura":"1 minuto"},"schema":{"@context":"https:\/\/schema.org","@graph":[{"@type":"WebPage","@id":"https:\/\/www.asajacyl.com\/palencia\/asaja-palencia-informa\/agropal-galardonado-con-el-premio-alimentos-de-espana","url":"https:\/\/www.asajacyl.com\/palencia\/asaja-palencia-informa\/agropal-galardonado-con-el-premio-alimentos-de-espana","name":"AGROPAL galardonado con el premio Alimentos de Espa\u00f1a - ASAJA Palencia","isPartOf":{"@id":"https:\/\/www.asajacyl.com\/palencia\/#website"},"primaryImageOfPage":{"@id":"https:\/\/www.asajacyl.com\/palencia\/asaja-palencia-informa\/agropal-galardonado-con-el-premio-alimentos-de-espana#primaryimage"},"image":{"@id":"https:\/\/www.asajacyl.com\/palencia\/asaja-palencia-informa\/agropal-galardonado-con-el-premio-alimentos-de-espana#primaryimage"},"thumbnailUrl":"https:\/\/www.asajacyl.com\/palencia\/wp-content\/uploads\/sites\/3\/2021\/10\/QUESO-UNAMI.jpg","datePublished":"2022-08-13T09:24:00+00:00","author":{"@id":"https:\/\/www.asajacyl.com\/palencia\/#\/schema\/person\/3ab17aeb03527485c317557fae64aab1"},"description":"El Ministerio de Agricultura, Pesca y Alimentaci\u00f3n ha concedido el premio Alimentos de Espa\u00f1a a la cooperativa AGROPAL, en la categor\u00eda de \"Industrias","breadcrumb":{"@id":"https:\/\/www.asajacyl.com\/palencia\/asaja-palencia-informa\/agropal-galardonado-con-el-premio-alimentos-de-espana#breadcrumb"},"inLanguage":"es","potentialAction":[{"@type":"ReadAction","target":["https:\/\/www.asajacyl.com\/palencia\/asaja-palencia-informa\/agropal-galardonado-con-el-premio-alimentos-de-espana"]}]},{"@type":"ImageObject","inLanguage":"es","@id":"https:\/\/www.asajacyl.com\/palencia\/asaja-palencia-informa\/agropal-galardonado-con-el-premio-alimentos-de-espana#primaryimage","url":"https:\/\/www.asajacyl.com\/palencia\/wp-content\/uploads\/sites\/3\/2021\/10\/QUESO-UNAMI.jpg","contentUrl":"https:\/\/www.asajacyl.com\/palencia\/wp-content\/uploads\/sites\/3\/2021\/10\/QUESO-UNAMI.jpg","width":2500,"height":1667},{"@type":"BreadcrumbList","@id":"https:\/\/www.asajacyl.com\/palencia\/asaja-palencia-informa\/agropal-galardonado-con-el-premio-alimentos-de-espana#breadcrumb","itemListElement":[{"@type":"ListItem","position":1,"name":"Portada","item":"https:\/\/www.asajacyl.com\/palencia\/"},{"@type":"ListItem","position":2,"name":"AGROPAL galardonado con el premio Alimentos de Espa\u00f1a"}]},{"@type":"WebSite","@id":"https:\/\/www.asajacyl.com\/palencia\/#website","url":"https:\/\/www.asajacyl.com\/palencia\/","name":"ASAJA Palencia","description":"Otro sitio m\u00e1s de Provincias ASAJA Castilla y Le\u00f3n","potentialAction":[{"@type":"SearchAction","target":{"@type":"EntryPoint","urlTemplate":"https:\/\/www.asajacyl.com\/palencia\/?s={search_term_string}"},"query-input":{"@type":"PropertyValueSpecification","valueRequired":true,"valueName":"search_term_string"}}],"inLanguage":"es"},{"@type":"Person","@id":"https:\/\/www.asajacyl.com\/palencia\/#\/schema\/person\/3ab17aeb03527485c317557fae64aab1","name":"Administrador","image":{"@type":"ImageObject","inLanguage":"es","@id":"https:\/\/www.asajacyl.com\/palencia\/#\/schema\/person\/image\/","url":"https:\/\/secure.gravatar.com\/avatar\/517384810d242ca9e38c180f3c9fb973?s=96&d=mm&r=g","contentUrl":"https:\/\/secure.gravatar.com\/avatar\/517384810d242ca9e38c180f3c9fb973?s=96&d=mm&r=g","caption":"Administrador"},"url":"https:\/\/www.asajacyl.com\/palencia\/author\/carlosrm"}]}},"_links":{"self":[{"href":"https:\/\/www.asajacyl.com\/palencia\/wp-json\/wp\/v2\/posts\/11252"}],"collection":[{"href":"https:\/\/www.asajacyl.com\/palencia\/wp-json\/wp\/v2\/posts"}],"about":[{"href":"https:\/\/www.asajacyl.com\/palencia\/wp-json\/wp\/v2\/types\/post"}],"author":[{"embeddable":true,"href":"https:\/\/www.asajacyl.com\/palencia\/wp-json\/wp\/v2\/users\/9"}],"replies":[{"embeddable":true,"href":"https:\/\/www.asajacyl.com\/palencia\/wp-json\/wp\/v2\/comments?post=11252"}],"version-history":[{"count":1,"href":"https:\/\/www.asajacyl.com\/palencia\/wp-json\/wp\/v2\/posts\/11252\/revisions"}],"predecessor-version":[{"id":11253,"href":"https:\/\/www.asajacyl.com\/palencia\/wp-json\/wp\/v2\/posts\/11252\/revisions\/11253"}],"wp:featuredmedia":[{"embeddable":true,"href":"https:\/\/www.asajacyl.com\/palencia\/wp-json\/wp\/v2\/media\/9147"}],"wp:attachment":[{"href":"https:\/\/www.asajacyl.com\/palencia\/wp-json\/wp\/v2\/media?parent=11252"}],"wp:term":[{"taxonomy":"category","embeddable":true,"href":"https:\/\/www.asajacyl.com\/palencia\/wp-json\/wp\/v2\/categories?post=11252"},{"taxonomy":"post_tag","embeddable":true,"href":"https:\/\/www.asajacyl.com\/palencia\/wp-json\/wp\/v2\/tags?post=11252"}],"curies":[{"name":"wp","href":"https:\/\/api.w.org\/{rel}","templated":true}]}}