{"id":11256,"date":"2022-08-09T14:59:33","date_gmt":"2022-08-09T12:59:33","guid":{"rendered":"https:\/\/www.asajacyl.com\/palencia\/?p=11256"},"modified":"2022-08-09T14:59:35","modified_gmt":"2022-08-09T12:59:35","slug":"la-alerta-por-incendios-forestales-se-prolonga-hasta-el-dia-10-de-agosto","status":"publish","type":"post","link":"https:\/\/www.asajacyl.com\/palencia\/asaja-palencia-informa\/la-alerta-por-incendios-forestales-se-prolonga-hasta-el-dia-10-de-agosto","title":{"rendered":"La \u00abalerta\u00bb por incendios forestales se prolonga hasta el d\u00eda 10 de agosto"},"content":{"rendered":"\n<p>La Consejer\u00eda de Medio Ambiente ha publicado hoy una resoluci\u00f3n en la que se prorroga la \u00abalerta\u00bb por riesgo meteorol\u00f3gico de incendios forestales \u00fanicamente para el d\u00eda 10 de agosto. Para ello se toman las mismas medidas que se han venido aplicando \u00faltimamente por lo que se mantienen las condiciones de los \u00faltimos d\u00edas, tanto en los montes y zonas hasta 400 metros que circundan los mismos, como en las zonas m\u00e1s alejadas de los montes.<\/p>\n\n\n\n<p>Tambi\u00e9n se mantiene la prohibici\u00f3n que se incluy\u00f3 en las dos \u00faltimas resoluciones: \u00abprohibici\u00f3n de uso en el monte de aperos arrastrados o suspendidos que se introduzcan en el suelo o que eliminen vegetaci\u00f3n por roce, golpe o machaqueo, como gradeos, cultivadores o desbrozadoras de cadenas o martillos\u00bb.<\/p>\n\n\n\n<p>Si no se publica ninguna nueva resoluci\u00f3n, el d\u00eda 11 podr\u00eda volverse a la situaci\u00f3n habitual en los meses de julio, agosto y septiembre, donde no hay restricciones a m\u00e1s de 400 metros de monte mientras que en monte, y los 400 metros que lo circundan, se proh\u00edben las tareas de cosecha y empacado si hay m\u00e1s de 30\u00baC de temperatura y m\u00e1s de 30 km\/h de viento.<\/p>\n","protected":false},"excerpt":{"rendered":"<p>La Consejer\u00eda de Medio Ambiente ha publicado hoy una resoluci\u00f3n en la que se prorroga la \u00abalerta\u00bb por riesgo meteorol\u00f3gico de incendios forestales \u00fanicamente para el d\u00eda 10 de agosto. Para ello se toman las mismas medidas que se han venido aplicando \u00faltimamente por lo que se mantienen las condiciones de los \u00faltimos d\u00edas, tanto [&hellip;]<\/p>\n","protected":false},"author":9,"featured_media":10923,"comment_status":"open","ping_status":"open","sticky":false,"template":"","format":"standard","meta":{"footnotes":""},"categories":[9,29,28],"tags":[],"yoast_head":"<!-- This site is optimized with the Yoast SEO plugin v24.5 - https:\/\/yoast.com\/wordpress\/plugins\/seo\/ -->\n<title>La &quot;alerta&quot; por incendios forestales se prolonga hasta el d\u00eda 10 de agosto - ASAJA Palencia<\/title>\n<meta name=\"description\" content=\"La Consejer\u00eda de Medio Ambiente ha publicado hoy una resoluci\u00f3n en la que se prorroga la &quot;alerta&quot; por riesgo meteorol\u00f3gico de incendios forestales\" \/>\n<meta name=\"robots\" content=\"index, follow, max-snippet:-1, max-image-preview:large, max-video-preview:-1\" \/>\n<link rel=\"canonical\" href=\"https:\/\/www.asajacyl.com\/palencia\/asaja-palencia-informa\/la-alerta-por-incendios-forestales-se-prolonga-hasta-el-dia-10-de-agosto\" \/>\n<meta property=\"og:locale\" content=\"es_ES\" \/>\n<meta property=\"og:type\" content=\"article\" \/>\n<meta property=\"og:title\" content=\"La &quot;alerta&quot; por incendios forestales se prolonga hasta el d\u00eda 10 de agosto - ASAJA Palencia\" \/>\n<meta property=\"og:description\" content=\"La Consejer\u00eda de Medio Ambiente ha publicado hoy una resoluci\u00f3n en la que se prorroga la &quot;alerta&quot; por riesgo meteorol\u00f3gico de incendios forestales\" \/>\n<meta property=\"og:url\" content=\"https:\/\/www.asajacyl.com\/palencia\/asaja-palencia-informa\/la-alerta-por-incendios-forestales-se-prolonga-hasta-el-dia-10-de-agosto\" \/>\n<meta property=\"og:site_name\" content=\"ASAJA Palencia\" \/>\n<meta property=\"article:published_time\" content=\"2022-08-09T12:59:33+00:00\" \/>\n<meta property=\"article:modified_time\" content=\"2022-08-09T12:59:35+00:00\" \/>\n<meta property=\"og:image\" content=\"https:\/\/www.asajacyl.com\/palencia\/wp-content\/uploads\/sites\/3\/2022\/06\/PAJA-EMPACAR.jpg\" \/>\n\t<meta property=\"og:image:width\" content=\"2500\" \/>\n\t<meta property=\"og:image:height\" content=\"1875\" \/>\n\t<meta property=\"og:image:type\" content=\"image\/jpeg\" \/>\n<meta name=\"author\" content=\"Administrador\" \/>\n<meta name=\"twitter:card\" content=\"summary_large_image\" \/>\n<meta name=\"twitter:label1\" content=\"Escrito por\" \/>\n\t<meta name=\"twitter:data1\" content=\"Administrador\" \/>\n\t<meta name=\"twitter:label2\" content=\"Tiempo de lectura\" \/>\n\t<meta name=\"twitter:data2\" content=\"1 minuto\" \/>\n<script type=\"application\/ld+json\" class=\"yoast-schema-graph\">{\"@context\":\"https:\/\/schema.org\",\"@graph\":[{\"@type\":\"WebPage\",\"@id\":\"https:\/\/www.asajacyl.com\/palencia\/asaja-palencia-informa\/la-alerta-por-incendios-forestales-se-prolonga-hasta-el-dia-10-de-agosto\",\"url\":\"https:\/\/www.asajacyl.com\/palencia\/asaja-palencia-informa\/la-alerta-por-incendios-forestales-se-prolonga-hasta-el-dia-10-de-agosto\",\"name\":\"La \\\"alerta\\\" por incendios forestales se prolonga hasta el d\u00eda 10 de agosto - ASAJA Palencia\",\"isPartOf\":{\"@id\":\"https:\/\/www.asajacyl.com\/palencia\/#website\"},\"primaryImageOfPage\":{\"@id\":\"https:\/\/www.asajacyl.com\/palencia\/asaja-palencia-informa\/la-alerta-por-incendios-forestales-se-prolonga-hasta-el-dia-10-de-agosto#primaryimage\"},\"image\":{\"@id\":\"https:\/\/www.asajacyl.com\/palencia\/asaja-palencia-informa\/la-alerta-por-incendios-forestales-se-prolonga-hasta-el-dia-10-de-agosto#primaryimage\"},\"thumbnailUrl\":\"https:\/\/www.asajacyl.com\/palencia\/wp-content\/uploads\/sites\/3\/2022\/06\/PAJA-EMPACAR.jpg\",\"datePublished\":\"2022-08-09T12:59:33+00:00\",\"dateModified\":\"2022-08-09T12:59:35+00:00\",\"author\":{\"@id\":\"https:\/\/www.asajacyl.com\/palencia\/#\/schema\/person\/3ab17aeb03527485c317557fae64aab1\"},\"description\":\"La Consejer\u00eda de Medio Ambiente ha publicado hoy una resoluci\u00f3n en la que se prorroga la \\\"alerta\\\" por riesgo meteorol\u00f3gico de incendios forestales\",\"breadcrumb\":{\"@id\":\"https:\/\/www.asajacyl.com\/palencia\/asaja-palencia-informa\/la-alerta-por-incendios-forestales-se-prolonga-hasta-el-dia-10-de-agosto#breadcrumb\"},\"inLanguage\":\"es\",\"potentialAction\":[{\"@type\":\"ReadAction\",\"target\":[\"https:\/\/www.asajacyl.com\/palencia\/asaja-palencia-informa\/la-alerta-por-incendios-forestales-se-prolonga-hasta-el-dia-10-de-agosto\"]}]},{\"@type\":\"ImageObject\",\"inLanguage\":\"es\",\"@id\":\"https:\/\/www.asajacyl.com\/palencia\/asaja-palencia-informa\/la-alerta-por-incendios-forestales-se-prolonga-hasta-el-dia-10-de-agosto#primaryimage\",\"url\":\"https:\/\/www.asajacyl.com\/palencia\/wp-content\/uploads\/sites\/3\/2022\/06\/PAJA-EMPACAR.jpg\",\"contentUrl\":\"https:\/\/www.asajacyl.com\/palencia\/wp-content\/uploads\/sites\/3\/2022\/06\/PAJA-EMPACAR.jpg\",\"width\":2500,\"height\":1875},{\"@type\":\"BreadcrumbList\",\"@id\":\"https:\/\/www.asajacyl.com\/palencia\/asaja-palencia-informa\/la-alerta-por-incendios-forestales-se-prolonga-hasta-el-dia-10-de-agosto#breadcrumb\",\"itemListElement\":[{\"@type\":\"ListItem\",\"position\":1,\"name\":\"Portada\",\"item\":\"https:\/\/www.asajacyl.com\/palencia\/\"},{\"@type\":\"ListItem\",\"position\":2,\"name\":\"La \u00abalerta\u00bb por incendios forestales se prolonga hasta el d\u00eda 10 de agosto\"}]},{\"@type\":\"WebSite\",\"@id\":\"https:\/\/www.asajacyl.com\/palencia\/#website\",\"url\":\"https:\/\/www.asajacyl.com\/palencia\/\",\"name\":\"ASAJA Palencia\",\"description\":\"Otro sitio m\u00e1s de Provincias ASAJA Castilla y Le\u00f3n\",\"potentialAction\":[{\"@type\":\"SearchAction\",\"target\":{\"@type\":\"EntryPoint\",\"urlTemplate\":\"https:\/\/www.asajacyl.com\/palencia\/?s={search_term_string}\"},\"query-input\":{\"@type\":\"PropertyValueSpecification\",\"valueRequired\":true,\"valueName\":\"search_term_string\"}}],\"inLanguage\":\"es\"},{\"@type\":\"Person\",\"@id\":\"https:\/\/www.asajacyl.com\/palencia\/#\/schema\/person\/3ab17aeb03527485c317557fae64aab1\",\"name\":\"Administrador\",\"image\":{\"@type\":\"ImageObject\",\"inLanguage\":\"es\",\"@id\":\"https:\/\/www.asajacyl.com\/palencia\/#\/schema\/person\/image\/\",\"url\":\"https:\/\/secure.gravatar.com\/avatar\/517384810d242ca9e38c180f3c9fb973?s=96&d=mm&r=g\",\"contentUrl\":\"https:\/\/secure.gravatar.com\/avatar\/517384810d242ca9e38c180f3c9fb973?s=96&d=mm&r=g\",\"caption\":\"Administrador\"},\"url\":\"https:\/\/www.asajacyl.com\/palencia\/author\/carlosrm\"}]}<\/script>\n<!-- \/ Yoast SEO plugin. -->","yoast_head_json":{"title":"La \"alerta\" por incendios forestales se prolonga hasta el d\u00eda 10 de agosto - ASAJA Palencia","description":"La Consejer\u00eda de Medio Ambiente ha publicado hoy una resoluci\u00f3n en la que se prorroga la \"alerta\" por riesgo meteorol\u00f3gico de incendios forestales","robots":{"index":"index","follow":"follow","max-snippet":"max-snippet:-1","max-image-preview":"max-image-preview:large","max-video-preview":"max-video-preview:-1"},"canonical":"https:\/\/www.asajacyl.com\/palencia\/asaja-palencia-informa\/la-alerta-por-incendios-forestales-se-prolonga-hasta-el-dia-10-de-agosto","og_locale":"es_ES","og_type":"article","og_title":"La \"alerta\" por incendios forestales se prolonga hasta el d\u00eda 10 de agosto - ASAJA Palencia","og_description":"La Consejer\u00eda de Medio Ambiente ha publicado hoy una resoluci\u00f3n en la que se prorroga la \"alerta\" por riesgo meteorol\u00f3gico de incendios forestales","og_url":"https:\/\/www.asajacyl.com\/palencia\/asaja-palencia-informa\/la-alerta-por-incendios-forestales-se-prolonga-hasta-el-dia-10-de-agosto","og_site_name":"ASAJA Palencia","article_published_time":"2022-08-09T12:59:33+00:00","article_modified_time":"2022-08-09T12:59:35+00:00","og_image":[{"width":2500,"height":1875,"url":"https:\/\/www.asajacyl.com\/palencia\/wp-content\/uploads\/sites\/3\/2022\/06\/PAJA-EMPACAR.jpg","type":"image\/jpeg"}],"author":"Administrador","twitter_card":"summary_large_image","twitter_misc":{"Escrito por":"Administrador","Tiempo de lectura":"1 minuto"},"schema":{"@context":"https:\/\/schema.org","@graph":[{"@type":"WebPage","@id":"https:\/\/www.asajacyl.com\/palencia\/asaja-palencia-informa\/la-alerta-por-incendios-forestales-se-prolonga-hasta-el-dia-10-de-agosto","url":"https:\/\/www.asajacyl.com\/palencia\/asaja-palencia-informa\/la-alerta-por-incendios-forestales-se-prolonga-hasta-el-dia-10-de-agosto","name":"La \"alerta\" por incendios forestales se prolonga hasta el d\u00eda 10 de agosto - ASAJA Palencia","isPartOf":{"@id":"https:\/\/www.asajacyl.com\/palencia\/#website"},"primaryImageOfPage":{"@id":"https:\/\/www.asajacyl.com\/palencia\/asaja-palencia-informa\/la-alerta-por-incendios-forestales-se-prolonga-hasta-el-dia-10-de-agosto#primaryimage"},"image":{"@id":"https:\/\/www.asajacyl.com\/palencia\/asaja-palencia-informa\/la-alerta-por-incendios-forestales-se-prolonga-hasta-el-dia-10-de-agosto#primaryimage"},"thumbnailUrl":"https:\/\/www.asajacyl.com\/palencia\/wp-content\/uploads\/sites\/3\/2022\/06\/PAJA-EMPACAR.jpg","datePublished":"2022-08-09T12:59:33+00:00","dateModified":"2022-08-09T12:59:35+00:00","author":{"@id":"https:\/\/www.asajacyl.com\/palencia\/#\/schema\/person\/3ab17aeb03527485c317557fae64aab1"},"description":"La Consejer\u00eda de Medio Ambiente ha publicado hoy una resoluci\u00f3n en la que se prorroga la \"alerta\" por riesgo meteorol\u00f3gico de incendios forestales","breadcrumb":{"@id":"https:\/\/www.asajacyl.com\/palencia\/asaja-palencia-informa\/la-alerta-por-incendios-forestales-se-prolonga-hasta-el-dia-10-de-agosto#breadcrumb"},"inLanguage":"es","potentialAction":[{"@type":"ReadAction","target":["https:\/\/www.asajacyl.com\/palencia\/asaja-palencia-informa\/la-alerta-por-incendios-forestales-se-prolonga-hasta-el-dia-10-de-agosto"]}]},{"@type":"ImageObject","inLanguage":"es","@id":"https:\/\/www.asajacyl.com\/palencia\/asaja-palencia-informa\/la-alerta-por-incendios-forestales-se-prolonga-hasta-el-dia-10-de-agosto#primaryimage","url":"https:\/\/www.asajacyl.com\/palencia\/wp-content\/uploads\/sites\/3\/2022\/06\/PAJA-EMPACAR.jpg","contentUrl":"https:\/\/www.asajacyl.com\/palencia\/wp-content\/uploads\/sites\/3\/2022\/06\/PAJA-EMPACAR.jpg","width":2500,"height":1875},{"@type":"BreadcrumbList","@id":"https:\/\/www.asajacyl.com\/palencia\/asaja-palencia-informa\/la-alerta-por-incendios-forestales-se-prolonga-hasta-el-dia-10-de-agosto#breadcrumb","itemListElement":[{"@type":"ListItem","position":1,"name":"Portada","item":"https:\/\/www.asajacyl.com\/palencia\/"},{"@type":"ListItem","position":2,"name":"La \u00abalerta\u00bb por incendios forestales se prolonga hasta el d\u00eda 10 de agosto"}]},{"@type":"WebSite","@id":"https:\/\/www.asajacyl.com\/palencia\/#website","url":"https:\/\/www.asajacyl.com\/palencia\/","name":"ASAJA Palencia","description":"Otro sitio m\u00e1s de Provincias ASAJA Castilla y Le\u00f3n","potentialAction":[{"@type":"SearchAction","target":{"@type":"EntryPoint","urlTemplate":"https:\/\/www.asajacyl.com\/palencia\/?s={search_term_string}"},"query-input":{"@type":"PropertyValueSpecification","valueRequired":true,"valueName":"search_term_string"}}],"inLanguage":"es"},{"@type":"Person","@id":"https:\/\/www.asajacyl.com\/palencia\/#\/schema\/person\/3ab17aeb03527485c317557fae64aab1","name":"Administrador","image":{"@type":"ImageObject","inLanguage":"es","@id":"https:\/\/www.asajacyl.com\/palencia\/#\/schema\/person\/image\/","url":"https:\/\/secure.gravatar.com\/avatar\/517384810d242ca9e38c180f3c9fb973?s=96&d=mm&r=g","contentUrl":"https:\/\/secure.gravatar.com\/avatar\/517384810d242ca9e38c180f3c9fb973?s=96&d=mm&r=g","caption":"Administrador"},"url":"https:\/\/www.asajacyl.com\/palencia\/author\/carlosrm"}]}},"_links":{"self":[{"href":"https:\/\/www.asajacyl.com\/palencia\/wp-json\/wp\/v2\/posts\/11256"}],"collection":[{"href":"https:\/\/www.asajacyl.com\/palencia\/wp-json\/wp\/v2\/posts"}],"about":[{"href":"https:\/\/www.asajacyl.com\/palencia\/wp-json\/wp\/v2\/types\/post"}],"author":[{"embeddable":true,"href":"https:\/\/www.asajacyl.com\/palencia\/wp-json\/wp\/v2\/users\/9"}],"replies":[{"embeddable":true,"href":"https:\/\/www.asajacyl.com\/palencia\/wp-json\/wp\/v2\/comments?post=11256"}],"version-history":[{"count":1,"href":"https:\/\/www.asajacyl.com\/palencia\/wp-json\/wp\/v2\/posts\/11256\/revisions"}],"predecessor-version":[{"id":11257,"href":"https:\/\/www.asajacyl.com\/palencia\/wp-json\/wp\/v2\/posts\/11256\/revisions\/11257"}],"wp:featuredmedia":[{"embeddable":true,"href":"https:\/\/www.asajacyl.com\/palencia\/wp-json\/wp\/v2\/media\/10923"}],"wp:attachment":[{"href":"https:\/\/www.asajacyl.com\/palencia\/wp-json\/wp\/v2\/media?parent=11256"}],"wp:term":[{"taxonomy":"category","embeddable":true,"href":"https:\/\/www.asajacyl.com\/palencia\/wp-json\/wp\/v2\/categories?post=11256"},{"taxonomy":"post_tag","embeddable":true,"href":"https:\/\/www.asajacyl.com\/palencia\/wp-json\/wp\/v2\/tags?post=11256"}],"curies":[{"name":"wp","href":"https:\/\/api.w.org\/{rel}","templated":true}]}}