{"id":11258,"date":"2022-08-19T09:28:00","date_gmt":"2022-08-19T07:28:00","guid":{"rendered":"https:\/\/www.asajacyl.com\/palencia\/?p=11258"},"modified":"2022-08-17T13:40:44","modified_gmt":"2022-08-17T11:40:44","slug":"resultados-de-la-compra-de-maquinaria-durante-el-primer-semestre-de-2022","status":"publish","type":"post","link":"https:\/\/www.asajacyl.com\/palencia\/asaja-palencia-informa\/resultados-de-la-compra-de-maquinaria-durante-el-primer-semestre-de-2022","title":{"rendered":"Resultados de la compra de maquinaria durante el primer semestre de 2022"},"content":{"rendered":"\n<p>Los datos de inscripciones de nueva maquinaria en el Registro Oficial de Maquinaria Agr\u00edcola (R.O.M.A.) de Palencia durante el primer semestre del a\u00f1o 2022 muestran unos datos relativamente mejores a los del anterior a\u00f1o 2021. En este primer semestre se han comprado 44 tractores mientras que en 2021 se compraron 40, por tanto hay un aumento de un 10%, motivado por esas cuatro unidades m\u00e1s que se han vendido. En 2020 se adquirieron 108 tractores y en 2021 fueron 97 los tractores comprados. Si el aumento porcentual del primer trimestre se mantiene los datos deber\u00edan acercarse a los de 2020.<\/p>\n\n\n\n<p>En cuanto a marcas, la que ha conseguido vender m\u00e1s tractores ha sido John Deere, con 13 unidades, seguida muy de cerca por Fendt, con 11 tractores. Los datos muestran que ambas marcas son las preferidas por los agricultores palentinos, la suma de ambas copa el 54,5% de las ventas de este semestre y el 49% de los \u00faltimos dos a\u00f1os y medio. A una distancia considerable se encuentran el resto de marcas. Con cuatro tractores vendidos se encuentran Massey Ferguson, Claas y Valtra; con tres se posicionan New Holland y Steyr, mientras que con dos unidades se ubica McCormick. No han tenido ventas Case IH ni Deutz-Fahr.<\/p>\n\n\n\n<figure class=\"wp-block-image size-large\"><img loading=\"lazy\" decoding=\"async\" width=\"1024\" height=\"563\" src=\"https:\/\/www.asajacyl.com\/palencia\/wp-content\/uploads\/sites\/3\/2022\/08\/image-4-1024x563.png\" alt=\"\" class=\"wp-image-11260\" srcset=\"https:\/\/www.asajacyl.com\/palencia\/wp-content\/uploads\/sites\/3\/2022\/08\/image-4-1024x563.png 1024w, https:\/\/www.asajacyl.com\/palencia\/wp-content\/uploads\/sites\/3\/2022\/08\/image-4-300x165.png 300w, https:\/\/www.asajacyl.com\/palencia\/wp-content\/uploads\/sites\/3\/2022\/08\/image-4-768x422.png 768w, https:\/\/www.asajacyl.com\/palencia\/wp-content\/uploads\/sites\/3\/2022\/08\/image-4-696x382.png 696w, https:\/\/www.asajacyl.com\/palencia\/wp-content\/uploads\/sites\/3\/2022\/08\/image-4-1068x587.png 1068w, https:\/\/www.asajacyl.com\/palencia\/wp-content\/uploads\/sites\/3\/2022\/08\/image-4-764x420.png 764w, https:\/\/www.asajacyl.com\/palencia\/wp-content\/uploads\/sites\/3\/2022\/08\/image-4.png 1525w\" sizes=\"(max-width: 1024px) 100vw, 1024px\" \/><\/figure>\n\n\n\n<p>El mercado de las cosechadoras ha estado mucho m\u00e1s animado ya que se han adquirido 13 m\u00e1quinas en nuestra provincia cuando en el primer semestre del pasado 2021 fueron s\u00f3lo cinco las que se vendieron. Tanto en 2020 como en 2021 se adquirieron 10 m\u00e1quinas en cada a\u00f1o y en este primer semestre ya se ha superado dicha cifra. Tras el importante baj\u00f3n de ventas en 2021, Claas vuelve a la vender un n\u00famero destacado de m\u00e1quinas, llegando a cinco, las mismas que ha vendido John Deere, que s\u00f3lo hab\u00eda vendido una en los \u00faltimos dos a\u00f1os y vuelve a ser representativa en estas estad\u00edsticas. La tercera en discordia, New Holland, ha llegado a las tres m\u00e1quinas vendidas. Por \u00faltimo, se quedan sin ventas tanto Fendt como Deutz-Fahr.<\/p>\n\n\n\n<figure class=\"wp-block-image size-large\"><img loading=\"lazy\" decoding=\"async\" width=\"1024\" height=\"633\" src=\"https:\/\/www.asajacyl.com\/palencia\/wp-content\/uploads\/sites\/3\/2022\/08\/image-7-1024x633.png\" alt=\"\" class=\"wp-image-11263\" srcset=\"https:\/\/www.asajacyl.com\/palencia\/wp-content\/uploads\/sites\/3\/2022\/08\/image-7-1024x633.png 1024w, https:\/\/www.asajacyl.com\/palencia\/wp-content\/uploads\/sites\/3\/2022\/08\/image-7-300x185.png 300w, https:\/\/www.asajacyl.com\/palencia\/wp-content\/uploads\/sites\/3\/2022\/08\/image-7-768x475.png 768w, https:\/\/www.asajacyl.com\/palencia\/wp-content\/uploads\/sites\/3\/2022\/08\/image-7-696x430.png 696w, https:\/\/www.asajacyl.com\/palencia\/wp-content\/uploads\/sites\/3\/2022\/08\/image-7-1068x660.png 1068w, https:\/\/www.asajacyl.com\/palencia\/wp-content\/uploads\/sites\/3\/2022\/08\/image-7-679x420.png 679w, https:\/\/www.asajacyl.com\/palencia\/wp-content\/uploads\/sites\/3\/2022\/08\/image-7-356x220.png 356w, https:\/\/www.asajacyl.com\/palencia\/wp-content\/uploads\/sites\/3\/2022\/08\/image-7.png 1255w\" sizes=\"(max-width: 1024px) 100vw, 1024px\" \/><\/figure>\n\n\n\n<p>Las abonadoras y pulverizadores son de obligada inscripci\u00f3n en el R.O.M.A. por lo que tambi\u00e9n podemos estudiar el movimiento del mercado existente de las mismas. En este primer semestre la venta, tanto de abonadoras como de pulverizadores, ha sido muy reducida. El motivo aparente es el retraso en la convocatoria del Plan Renove, a la que suelen acogerse este tipo de m\u00e1quinas. Este a\u00f1o se ha iniciado la convocatoria el d\u00eda 15 de julio y las m\u00e1quinas deben comprarse, y posteriormente inscribirse en el R.O.M.A., a partir de la publicaci\u00f3n de la convocatoria, que tuvo lugar el d\u00eda 2 de julio. Esto hace pensar que los datos del a\u00f1o completo mejoren en gran medida las cifras existentes en el primer semestre de 2022, en el que s\u00f3lo se han adquirido 25 pulverizadores y 13 abonadoras, cuando en todo 2021 los agricultores palentinos adquirieron 71 pulverizadores y 60 abonadoras.<\/p>\n\n\n\n<figure class=\"wp-block-image size-large\"><img loading=\"lazy\" decoding=\"async\" width=\"1024\" height=\"666\" src=\"https:\/\/www.asajacyl.com\/palencia\/wp-content\/uploads\/sites\/3\/2022\/08\/image-8-1024x666.png\" alt=\"\" class=\"wp-image-11264\" srcset=\"https:\/\/www.asajacyl.com\/palencia\/wp-content\/uploads\/sites\/3\/2022\/08\/image-8-1024x666.png 1024w, https:\/\/www.asajacyl.com\/palencia\/wp-content\/uploads\/sites\/3\/2022\/08\/image-8-300x195.png 300w, https:\/\/www.asajacyl.com\/palencia\/wp-content\/uploads\/sites\/3\/2022\/08\/image-8-768x500.png 768w, https:\/\/www.asajacyl.com\/palencia\/wp-content\/uploads\/sites\/3\/2022\/08\/image-8-696x453.png 696w, https:\/\/www.asajacyl.com\/palencia\/wp-content\/uploads\/sites\/3\/2022\/08\/image-8-1068x695.png 1068w, https:\/\/www.asajacyl.com\/palencia\/wp-content\/uploads\/sites\/3\/2022\/08\/image-8-645x420.png 645w, https:\/\/www.asajacyl.com\/palencia\/wp-content\/uploads\/sites\/3\/2022\/08\/image-8.png 1317w\" sizes=\"(max-width: 1024px) 100vw, 1024px\" \/><\/figure>\n","protected":false},"excerpt":{"rendered":"<p>Los datos de inscripciones de nueva maquinaria en el Registro Oficial de Maquinaria Agr\u00edcola (R.O.M.A.) de Palencia durante el primer semestre del a\u00f1o 2022 muestran unos datos relativamente mejores a los del anterior a\u00f1o 2021. En este primer semestre se han comprado 44 tractores mientras que en 2021 se compraron 40, por tanto hay un [&hellip;]<\/p>\n","protected":false},"author":9,"featured_media":8780,"comment_status":"open","ping_status":"open","sticky":false,"template":"","format":"standard","meta":{"footnotes":""},"categories":[9,29,28],"tags":[],"yoast_head":"<!-- This site is optimized with the Yoast SEO plugin v24.5 - https:\/\/yoast.com\/wordpress\/plugins\/seo\/ -->\n<title>Resultados de la compra de maquinaria durante el primer semestre de 2022 - ASAJA Palencia<\/title>\n<meta name=\"description\" content=\"Los datos de inscripciones de nueva maquinaria en el Registro Oficial de Maquinaria Agr\u00edcola (R.O.M.A.) de Palencia durante el primer semestre del a\u00f1o\" \/>\n<meta name=\"robots\" content=\"index, follow, max-snippet:-1, max-image-preview:large, max-video-preview:-1\" \/>\n<link rel=\"canonical\" href=\"https:\/\/www.asajacyl.com\/palencia\/asaja-palencia-informa\/resultados-de-la-compra-de-maquinaria-durante-el-primer-semestre-de-2022\" \/>\n<meta property=\"og:locale\" content=\"es_ES\" \/>\n<meta property=\"og:type\" content=\"article\" \/>\n<meta property=\"og:title\" content=\"Resultados de la compra de maquinaria durante el primer semestre de 2022 - ASAJA Palencia\" \/>\n<meta property=\"og:description\" content=\"Los datos de inscripciones de nueva maquinaria en el Registro Oficial de Maquinaria Agr\u00edcola (R.O.M.A.) de Palencia durante el primer semestre del a\u00f1o\" \/>\n<meta property=\"og:url\" content=\"https:\/\/www.asajacyl.com\/palencia\/asaja-palencia-informa\/resultados-de-la-compra-de-maquinaria-durante-el-primer-semestre-de-2022\" \/>\n<meta property=\"og:site_name\" content=\"ASAJA Palencia\" \/>\n<meta property=\"article:published_time\" content=\"2022-08-19T07:28:00+00:00\" \/>\n<meta property=\"og:image\" content=\"https:\/\/www.asajacyl.com\/palencia\/wp-content\/uploads\/sites\/3\/2021\/08\/ROMA.jpg\" \/>\n\t<meta property=\"og:image:width\" content=\"2500\" \/>\n\t<meta property=\"og:image:height\" content=\"1875\" \/>\n\t<meta property=\"og:image:type\" content=\"image\/jpeg\" \/>\n<meta name=\"author\" content=\"Administrador\" \/>\n<meta name=\"twitter:card\" content=\"summary_large_image\" \/>\n<meta name=\"twitter:label1\" content=\"Escrito por\" \/>\n\t<meta name=\"twitter:data1\" content=\"Administrador\" \/>\n\t<meta name=\"twitter:label2\" content=\"Tiempo de lectura\" \/>\n\t<meta name=\"twitter:data2\" content=\"3 minutos\" \/>\n<script type=\"application\/ld+json\" class=\"yoast-schema-graph\">{\"@context\":\"https:\/\/schema.org\",\"@graph\":[{\"@type\":\"WebPage\",\"@id\":\"https:\/\/www.asajacyl.com\/palencia\/asaja-palencia-informa\/resultados-de-la-compra-de-maquinaria-durante-el-primer-semestre-de-2022\",\"url\":\"https:\/\/www.asajacyl.com\/palencia\/asaja-palencia-informa\/resultados-de-la-compra-de-maquinaria-durante-el-primer-semestre-de-2022\",\"name\":\"Resultados de la compra de maquinaria durante el primer semestre de 2022 - ASAJA Palencia\",\"isPartOf\":{\"@id\":\"https:\/\/www.asajacyl.com\/palencia\/#website\"},\"primaryImageOfPage\":{\"@id\":\"https:\/\/www.asajacyl.com\/palencia\/asaja-palencia-informa\/resultados-de-la-compra-de-maquinaria-durante-el-primer-semestre-de-2022#primaryimage\"},\"image\":{\"@id\":\"https:\/\/www.asajacyl.com\/palencia\/asaja-palencia-informa\/resultados-de-la-compra-de-maquinaria-durante-el-primer-semestre-de-2022#primaryimage\"},\"thumbnailUrl\":\"https:\/\/www.asajacyl.com\/palencia\/wp-content\/uploads\/sites\/3\/2021\/08\/ROMA.jpg\",\"datePublished\":\"2022-08-19T07:28:00+00:00\",\"author\":{\"@id\":\"https:\/\/www.asajacyl.com\/palencia\/#\/schema\/person\/3ab17aeb03527485c317557fae64aab1\"},\"description\":\"Los datos de inscripciones de nueva maquinaria en el Registro Oficial de Maquinaria Agr\u00edcola (R.O.M.A.) de Palencia durante el primer semestre del a\u00f1o\",\"breadcrumb\":{\"@id\":\"https:\/\/www.asajacyl.com\/palencia\/asaja-palencia-informa\/resultados-de-la-compra-de-maquinaria-durante-el-primer-semestre-de-2022#breadcrumb\"},\"inLanguage\":\"es\",\"potentialAction\":[{\"@type\":\"ReadAction\",\"target\":[\"https:\/\/www.asajacyl.com\/palencia\/asaja-palencia-informa\/resultados-de-la-compra-de-maquinaria-durante-el-primer-semestre-de-2022\"]}]},{\"@type\":\"ImageObject\",\"inLanguage\":\"es\",\"@id\":\"https:\/\/www.asajacyl.com\/palencia\/asaja-palencia-informa\/resultados-de-la-compra-de-maquinaria-durante-el-primer-semestre-de-2022#primaryimage\",\"url\":\"https:\/\/www.asajacyl.com\/palencia\/wp-content\/uploads\/sites\/3\/2021\/08\/ROMA.jpg\",\"contentUrl\":\"https:\/\/www.asajacyl.com\/palencia\/wp-content\/uploads\/sites\/3\/2021\/08\/ROMA.jpg\",\"width\":2500,\"height\":1875},{\"@type\":\"BreadcrumbList\",\"@id\":\"https:\/\/www.asajacyl.com\/palencia\/asaja-palencia-informa\/resultados-de-la-compra-de-maquinaria-durante-el-primer-semestre-de-2022#breadcrumb\",\"itemListElement\":[{\"@type\":\"ListItem\",\"position\":1,\"name\":\"Portada\",\"item\":\"https:\/\/www.asajacyl.com\/palencia\/\"},{\"@type\":\"ListItem\",\"position\":2,\"name\":\"Resultados de la compra de maquinaria durante el primer semestre de 2022\"}]},{\"@type\":\"WebSite\",\"@id\":\"https:\/\/www.asajacyl.com\/palencia\/#website\",\"url\":\"https:\/\/www.asajacyl.com\/palencia\/\",\"name\":\"ASAJA Palencia\",\"description\":\"Otro sitio m\u00e1s de Provincias ASAJA Castilla y Le\u00f3n\",\"potentialAction\":[{\"@type\":\"SearchAction\",\"target\":{\"@type\":\"EntryPoint\",\"urlTemplate\":\"https:\/\/www.asajacyl.com\/palencia\/?s={search_term_string}\"},\"query-input\":{\"@type\":\"PropertyValueSpecification\",\"valueRequired\":true,\"valueName\":\"search_term_string\"}}],\"inLanguage\":\"es\"},{\"@type\":\"Person\",\"@id\":\"https:\/\/www.asajacyl.com\/palencia\/#\/schema\/person\/3ab17aeb03527485c317557fae64aab1\",\"name\":\"Administrador\",\"image\":{\"@type\":\"ImageObject\",\"inLanguage\":\"es\",\"@id\":\"https:\/\/www.asajacyl.com\/palencia\/#\/schema\/person\/image\/\",\"url\":\"https:\/\/secure.gravatar.com\/avatar\/517384810d242ca9e38c180f3c9fb973?s=96&d=mm&r=g\",\"contentUrl\":\"https:\/\/secure.gravatar.com\/avatar\/517384810d242ca9e38c180f3c9fb973?s=96&d=mm&r=g\",\"caption\":\"Administrador\"},\"url\":\"https:\/\/www.asajacyl.com\/palencia\/author\/carlosrm\"}]}<\/script>\n<!-- \/ Yoast SEO plugin. -->","yoast_head_json":{"title":"Resultados de la compra de maquinaria durante el primer semestre de 2022 - ASAJA Palencia","description":"Los datos de inscripciones de nueva maquinaria en el Registro Oficial de Maquinaria Agr\u00edcola (R.O.M.A.) de Palencia durante el primer semestre del a\u00f1o","robots":{"index":"index","follow":"follow","max-snippet":"max-snippet:-1","max-image-preview":"max-image-preview:large","max-video-preview":"max-video-preview:-1"},"canonical":"https:\/\/www.asajacyl.com\/palencia\/asaja-palencia-informa\/resultados-de-la-compra-de-maquinaria-durante-el-primer-semestre-de-2022","og_locale":"es_ES","og_type":"article","og_title":"Resultados de la compra de maquinaria durante el primer semestre de 2022 - ASAJA Palencia","og_description":"Los datos de inscripciones de nueva maquinaria en el Registro Oficial de Maquinaria Agr\u00edcola (R.O.M.A.) de Palencia durante el primer semestre del a\u00f1o","og_url":"https:\/\/www.asajacyl.com\/palencia\/asaja-palencia-informa\/resultados-de-la-compra-de-maquinaria-durante-el-primer-semestre-de-2022","og_site_name":"ASAJA Palencia","article_published_time":"2022-08-19T07:28:00+00:00","og_image":[{"width":2500,"height":1875,"url":"https:\/\/www.asajacyl.com\/palencia\/wp-content\/uploads\/sites\/3\/2021\/08\/ROMA.jpg","type":"image\/jpeg"}],"author":"Administrador","twitter_card":"summary_large_image","twitter_misc":{"Escrito por":"Administrador","Tiempo de lectura":"3 minutos"},"schema":{"@context":"https:\/\/schema.org","@graph":[{"@type":"WebPage","@id":"https:\/\/www.asajacyl.com\/palencia\/asaja-palencia-informa\/resultados-de-la-compra-de-maquinaria-durante-el-primer-semestre-de-2022","url":"https:\/\/www.asajacyl.com\/palencia\/asaja-palencia-informa\/resultados-de-la-compra-de-maquinaria-durante-el-primer-semestre-de-2022","name":"Resultados de la compra de maquinaria durante el primer semestre de 2022 - ASAJA Palencia","isPartOf":{"@id":"https:\/\/www.asajacyl.com\/palencia\/#website"},"primaryImageOfPage":{"@id":"https:\/\/www.asajacyl.com\/palencia\/asaja-palencia-informa\/resultados-de-la-compra-de-maquinaria-durante-el-primer-semestre-de-2022#primaryimage"},"image":{"@id":"https:\/\/www.asajacyl.com\/palencia\/asaja-palencia-informa\/resultados-de-la-compra-de-maquinaria-durante-el-primer-semestre-de-2022#primaryimage"},"thumbnailUrl":"https:\/\/www.asajacyl.com\/palencia\/wp-content\/uploads\/sites\/3\/2021\/08\/ROMA.jpg","datePublished":"2022-08-19T07:28:00+00:00","author":{"@id":"https:\/\/www.asajacyl.com\/palencia\/#\/schema\/person\/3ab17aeb03527485c317557fae64aab1"},"description":"Los datos de inscripciones de nueva maquinaria en el Registro Oficial de Maquinaria Agr\u00edcola (R.O.M.A.) de Palencia durante el primer semestre del a\u00f1o","breadcrumb":{"@id":"https:\/\/www.asajacyl.com\/palencia\/asaja-palencia-informa\/resultados-de-la-compra-de-maquinaria-durante-el-primer-semestre-de-2022#breadcrumb"},"inLanguage":"es","potentialAction":[{"@type":"ReadAction","target":["https:\/\/www.asajacyl.com\/palencia\/asaja-palencia-informa\/resultados-de-la-compra-de-maquinaria-durante-el-primer-semestre-de-2022"]}]},{"@type":"ImageObject","inLanguage":"es","@id":"https:\/\/www.asajacyl.com\/palencia\/asaja-palencia-informa\/resultados-de-la-compra-de-maquinaria-durante-el-primer-semestre-de-2022#primaryimage","url":"https:\/\/www.asajacyl.com\/palencia\/wp-content\/uploads\/sites\/3\/2021\/08\/ROMA.jpg","contentUrl":"https:\/\/www.asajacyl.com\/palencia\/wp-content\/uploads\/sites\/3\/2021\/08\/ROMA.jpg","width":2500,"height":1875},{"@type":"BreadcrumbList","@id":"https:\/\/www.asajacyl.com\/palencia\/asaja-palencia-informa\/resultados-de-la-compra-de-maquinaria-durante-el-primer-semestre-de-2022#breadcrumb","itemListElement":[{"@type":"ListItem","position":1,"name":"Portada","item":"https:\/\/www.asajacyl.com\/palencia\/"},{"@type":"ListItem","position":2,"name":"Resultados de la compra de maquinaria durante el primer semestre de 2022"}]},{"@type":"WebSite","@id":"https:\/\/www.asajacyl.com\/palencia\/#website","url":"https:\/\/www.asajacyl.com\/palencia\/","name":"ASAJA Palencia","description":"Otro sitio m\u00e1s de Provincias ASAJA Castilla y Le\u00f3n","potentialAction":[{"@type":"SearchAction","target":{"@type":"EntryPoint","urlTemplate":"https:\/\/www.asajacyl.com\/palencia\/?s={search_term_string}"},"query-input":{"@type":"PropertyValueSpecification","valueRequired":true,"valueName":"search_term_string"}}],"inLanguage":"es"},{"@type":"Person","@id":"https:\/\/www.asajacyl.com\/palencia\/#\/schema\/person\/3ab17aeb03527485c317557fae64aab1","name":"Administrador","image":{"@type":"ImageObject","inLanguage":"es","@id":"https:\/\/www.asajacyl.com\/palencia\/#\/schema\/person\/image\/","url":"https:\/\/secure.gravatar.com\/avatar\/517384810d242ca9e38c180f3c9fb973?s=96&d=mm&r=g","contentUrl":"https:\/\/secure.gravatar.com\/avatar\/517384810d242ca9e38c180f3c9fb973?s=96&d=mm&r=g","caption":"Administrador"},"url":"https:\/\/www.asajacyl.com\/palencia\/author\/carlosrm"}]}},"_links":{"self":[{"href":"https:\/\/www.asajacyl.com\/palencia\/wp-json\/wp\/v2\/posts\/11258"}],"collection":[{"href":"https:\/\/www.asajacyl.com\/palencia\/wp-json\/wp\/v2\/posts"}],"about":[{"href":"https:\/\/www.asajacyl.com\/palencia\/wp-json\/wp\/v2\/types\/post"}],"author":[{"embeddable":true,"href":"https:\/\/www.asajacyl.com\/palencia\/wp-json\/wp\/v2\/users\/9"}],"replies":[{"embeddable":true,"href":"https:\/\/www.asajacyl.com\/palencia\/wp-json\/wp\/v2\/comments?post=11258"}],"version-history":[{"count":1,"href":"https:\/\/www.asajacyl.com\/palencia\/wp-json\/wp\/v2\/posts\/11258\/revisions"}],"predecessor-version":[{"id":11265,"href":"https:\/\/www.asajacyl.com\/palencia\/wp-json\/wp\/v2\/posts\/11258\/revisions\/11265"}],"wp:featuredmedia":[{"embeddable":true,"href":"https:\/\/www.asajacyl.com\/palencia\/wp-json\/wp\/v2\/media\/8780"}],"wp:attachment":[{"href":"https:\/\/www.asajacyl.com\/palencia\/wp-json\/wp\/v2\/media?parent=11258"}],"wp:term":[{"taxonomy":"category","embeddable":true,"href":"https:\/\/www.asajacyl.com\/palencia\/wp-json\/wp\/v2\/categories?post=11258"},{"taxonomy":"post_tag","embeddable":true,"href":"https:\/\/www.asajacyl.com\/palencia\/wp-json\/wp\/v2\/tags?post=11258"}],"curies":[{"name":"wp","href":"https:\/\/api.w.org\/{rel}","templated":true}]}}