{"id":11269,"date":"2022-08-12T10:02:12","date_gmt":"2022-08-12T08:02:12","guid":{"rendered":"https:\/\/www.asajacyl.com\/palencia\/?p=11269"},"modified":"2022-08-25T14:54:51","modified_gmt":"2022-08-25T12:54:51","slug":"miedo-al-cierre-de-la-campana-de-riego","status":"publish","type":"post","link":"https:\/\/www.asajacyl.com\/palencia\/asaja-palencia-informa\/noticias\/miedo-al-cierre-de-la-campana-de-riego","title":{"rendered":"Miedo al cierre de la campa\u00f1a de riego"},"content":{"rendered":"\n<p>Se acaba de publicar el \u00abInforme Mensual de Seguimiento del Plan Especial de Sequ\u00eda\u00bb del mes de julio. En estos informes, la CHD estudia la escasez de agua y la situaci\u00f3n de sequ\u00eda prolongada. Los datos del mes de julio hacen que el sistema Carri\u00f3n, en el \u00edndice de escasez, haya pasado a \u00abemergencia\u00bb, el m\u00e1s grave de todos (normalidad, prealerta, alerta y emergencia), mientras tanto el sistema Pisuerga contin\u00faa en \u00abalerta\u00bb aunque se ha quedado al borde de la \u00abemergencia\u00bb. L\u00f3gicamente, ambos sistemas se mantienen en la situaci\u00f3n de \u00absequ\u00eda prolongada\u00bb un mes m\u00e1s y es que ya en junio se declar\u00f3 la \u00absituaci\u00f3n especial por sequ\u00eda extraordinaria\u00bb en ambos sistemas.<\/p>\n\n\n\n<p>A d\u00eda 11 de agosto, el agua embalsada en el sistema Carri\u00f3n asciende a 39,5 hm<sup>3<\/sup> de un total embalsable de 165 hm<sup>3<\/sup>, por tanto hay embalsado un 23,9% de la capacidad total. Si descontamos los 20 hm<sup>3<\/sup> de reserva que fij\u00f3 la Comisi\u00f3n de Desembalse el porcentaje de agua real en los embalses de Compuerto y Camporredondo ser\u00eda un 13,4%. En el sistema Pisuerga la situaci\u00f3n no es mejor porque actualmente est\u00e1n embalsados 74,6 hm<sup>3<\/sup> de los 322 hm<sup>3<\/sup>, un 23,2%. En el Pisuerga la reserva asignada por la Comisi\u00f3n de Desembalse es de 40 hm<sup>3<\/sup>, lo que hace que s\u00f3lo sea aprovechable un 12,3% del agua existente.<\/p>\n\n\n\n<p>El acuerdo por el que se declar\u00f3 la \u00absituaci\u00f3n especial por sequ\u00eda prolongada\u00bb -de fecha 16 de junio- incluye una menci\u00f3n a que \u00absi la situaci\u00f3n de disponibilidad de los recursos h\u00eddricos no permitiera llevar la campa\u00f1a hasta el final del a\u00f1o hidrol\u00f3gico, se acortar\u00e1n las fechas de finalizaci\u00f3n en todos en algunos cauces para adaptarse a la disponibilidad del recurso\u00bb.<\/p>\n\n\n\n<p>Las lluvias de julio, como es habitual, han sido muy escasas salvo en la estaci\u00f3n meteorol\u00f3gica de Herrera de Pisuerga, que recogi\u00f3 46 l\/m<sup>2<\/sup>. Detr\u00e1s figura Lantadilla, que llega a los 14 l\/m<sup>2<\/sup>, teniendo el resto de estaciones unas precipitaciones testimoniales que nada han podido aportar a la mejora de la campa\u00f1a de riego.<\/p>\n\n\n\n<p>El temor de los regantes al corte de la campa\u00f1a de riego es creciente y aquellos que no han apostado por sembrar cultivos de primavera est\u00e1n aliviados porque privar de agua a ma\u00edz, remolacha o patata supondr\u00e1 una p\u00e9rdida de producci\u00f3n inadmisible para conseguir la rentabilidad del cultivo, como tambi\u00e9n ocurrir\u00e1 con los \u00faltimos cortes de la alfalfa. De hecho ya hay comunidades de regantes a las que se las ha comunicado el final de su campa\u00f1a por estar acerc\u00e1ndose a consumir el total de la dotaci\u00f3n que ten\u00edan asignada.<\/p>\n\n\n\n<p>Esperemos que la CHD tenga empat\u00eda con los agricultores, reconozca la palmaria necesidad de producci\u00f3n de alimentos y permita los riegos de emergencia necesarios para que se completen los ciclos de las plantas. Adem\u00e1s, ha llegado el momento de apostar por la regulaci\u00f3n en nuestra zona, no se puede argumentar que la ausencia de lluvia es el motivo por el que no se debe aumentar la regulaci\u00f3n. Precisamente es el motivo por el que debemos acumular toda el agua que se pueda cuanto antes.<\/p>\n\n\n\n<figure class=\"wp-block-table aligncenter is-style-stripes\"><table><tbody><tr><td class=\"has-text-align-center\" data-align=\"center\"><strong>ESTACI\u00d3N METEOROL\u00d3GICA<\/strong><\/td><td class=\"has-text-align-center\" data-align=\"center\"><strong>PLUVIOMETR\u00cdA EN JULIO (l\/m<sup>2<\/sup>)<\/strong><\/td><\/tr><tr><td class=\"has-text-align-center\" data-align=\"center\">Herrera de Pisuerga<\/td><td class=\"has-text-align-center\" data-align=\"center\">46<\/td><\/tr><tr><td class=\"has-text-align-center\" data-align=\"center\">Lantadilla<\/td><td class=\"has-text-align-center\" data-align=\"center\">14<\/td><\/tr><tr><td class=\"has-text-align-center\" data-align=\"center\">B\u00e1rcena de Campos<\/td><td class=\"has-text-align-center\" data-align=\"center\">7<\/td><\/tr><tr><td class=\"has-text-align-center\" data-align=\"center\">Villamuriel de Cerrato<\/td><td class=\"has-text-align-center\" data-align=\"center\">7<\/td><\/tr><tr><td class=\"has-text-align-center\" data-align=\"center\">Villoldo<\/td><td class=\"has-text-align-center\" data-align=\"center\">5<\/td><\/tr><tr><td class=\"has-text-align-center\" data-align=\"center\">Torquemada<\/td><td class=\"has-text-align-center\" data-align=\"center\">4<\/td><\/tr><tr><td class=\"has-text-align-center\" data-align=\"center\">Villaeles<\/td><td class=\"has-text-align-center\" data-align=\"center\">3<\/td><\/tr><tr><td class=\"has-text-align-center\" data-align=\"center\">Fuentes de Nava<\/td><td class=\"has-text-align-center\" data-align=\"center\">0<\/td><\/tr><tr><td class=\"has-text-align-center\" data-align=\"center\">Villaluenga de la Vega<\/td><td class=\"has-text-align-center\" data-align=\"center\">0<\/td><\/tr><\/tbody><\/table><\/figure>\n\n\n\n<figure class=\"wp-block-image size-large\"><img loading=\"lazy\" decoding=\"async\" width=\"1024\" height=\"725\" src=\"https:\/\/www.asajacyl.com\/palencia\/wp-content\/uploads\/sites\/3\/2022\/08\/ESCASEZ-JULIO-2022-1024x725.jpg\" alt=\"\" class=\"wp-image-11271\" srcset=\"https:\/\/www.asajacyl.com\/palencia\/wp-content\/uploads\/sites\/3\/2022\/08\/ESCASEZ-JULIO-2022-1024x725.jpg 1024w, https:\/\/www.asajacyl.com\/palencia\/wp-content\/uploads\/sites\/3\/2022\/08\/ESCASEZ-JULIO-2022-300x212.jpg 300w, https:\/\/www.asajacyl.com\/palencia\/wp-content\/uploads\/sites\/3\/2022\/08\/ESCASEZ-JULIO-2022-768x544.jpg 768w, https:\/\/www.asajacyl.com\/palencia\/wp-content\/uploads\/sites\/3\/2022\/08\/ESCASEZ-JULIO-2022-1536x1087.jpg 1536w, https:\/\/www.asajacyl.com\/palencia\/wp-content\/uploads\/sites\/3\/2022\/08\/ESCASEZ-JULIO-2022-696x493.jpg 696w, https:\/\/www.asajacyl.com\/palencia\/wp-content\/uploads\/sites\/3\/2022\/08\/ESCASEZ-JULIO-2022-1068x756.jpg 1068w, https:\/\/www.asajacyl.com\/palencia\/wp-content\/uploads\/sites\/3\/2022\/08\/ESCASEZ-JULIO-2022-593x420.jpg 593w, https:\/\/www.asajacyl.com\/palencia\/wp-content\/uploads\/sites\/3\/2022\/08\/ESCASEZ-JULIO-2022.jpg 1753w\" sizes=\"(max-width: 1024px) 100vw, 1024px\" \/><\/figure>\n\n\n\n<figure class=\"wp-block-image size-large\"><img loading=\"lazy\" decoding=\"async\" width=\"1024\" height=\"725\" src=\"https:\/\/www.asajacyl.com\/palencia\/wp-content\/uploads\/sites\/3\/2022\/08\/SEQUIA-JULIO-2022-1024x725.jpg\" alt=\"\" class=\"wp-image-11272\" srcset=\"https:\/\/www.asajacyl.com\/palencia\/wp-content\/uploads\/sites\/3\/2022\/08\/SEQUIA-JULIO-2022-1024x725.jpg 1024w, https:\/\/www.asajacyl.com\/palencia\/wp-content\/uploads\/sites\/3\/2022\/08\/SEQUIA-JULIO-2022-300x212.jpg 300w, https:\/\/www.asajacyl.com\/palencia\/wp-content\/uploads\/sites\/3\/2022\/08\/SEQUIA-JULIO-2022-768x544.jpg 768w, https:\/\/www.asajacyl.com\/palencia\/wp-content\/uploads\/sites\/3\/2022\/08\/SEQUIA-JULIO-2022-1536x1087.jpg 1536w, https:\/\/www.asajacyl.com\/palencia\/wp-content\/uploads\/sites\/3\/2022\/08\/SEQUIA-JULIO-2022-696x493.jpg 696w, https:\/\/www.asajacyl.com\/palencia\/wp-content\/uploads\/sites\/3\/2022\/08\/SEQUIA-JULIO-2022-1068x756.jpg 1068w, https:\/\/www.asajacyl.com\/palencia\/wp-content\/uploads\/sites\/3\/2022\/08\/SEQUIA-JULIO-2022-593x420.jpg 593w, https:\/\/www.asajacyl.com\/palencia\/wp-content\/uploads\/sites\/3\/2022\/08\/SEQUIA-JULIO-2022.jpg 1753w\" sizes=\"(max-width: 1024px) 100vw, 1024px\" \/><\/figure>\n","protected":false},"excerpt":{"rendered":"<p>Se acaba de publicar el \u00abInforme Mensual de Seguimiento del Plan Especial de Sequ\u00eda\u00bb del mes de julio. En estos informes, la CHD estudia la escasez de agua y la situaci\u00f3n de sequ\u00eda prolongada. Los datos del mes de julio hacen que el sistema Carri\u00f3n, en el \u00edndice de escasez, haya pasado a \u00abemergencia\u00bb, el [&hellip;]<\/p>\n","protected":false},"author":9,"featured_media":10969,"comment_status":"open","ping_status":"open","sticky":false,"template":"","format":"standard","meta":{"footnotes":""},"categories":[9,29,28],"tags":[],"yoast_head":"<!-- This site is optimized with the Yoast SEO plugin v24.5 - https:\/\/yoast.com\/wordpress\/plugins\/seo\/ -->\n<title>Miedo al cierre de la campa\u00f1a de riego - ASAJA Palencia<\/title>\n<meta name=\"description\" content=\"Se acaba de publicar el &quot;Informe Mensual de Seguimiento del Plan Especial de Sequ\u00eda&quot; del mes de julio. En estos informes, la CHD estudia la escasez de\" \/>\n<meta name=\"robots\" content=\"index, follow, max-snippet:-1, max-image-preview:large, max-video-preview:-1\" \/>\n<link rel=\"canonical\" href=\"https:\/\/www.asajacyl.com\/palencia\/asaja-palencia-informa\/noticias\/miedo-al-cierre-de-la-campana-de-riego\" \/>\n<meta property=\"og:locale\" content=\"es_ES\" \/>\n<meta property=\"og:type\" content=\"article\" \/>\n<meta property=\"og:title\" content=\"Miedo al cierre de la campa\u00f1a de riego - ASAJA Palencia\" \/>\n<meta property=\"og:description\" content=\"Se acaba de publicar el &quot;Informe Mensual de Seguimiento del Plan Especial de Sequ\u00eda&quot; del mes de julio. En estos informes, la CHD estudia la escasez de\" \/>\n<meta property=\"og:url\" content=\"https:\/\/www.asajacyl.com\/palencia\/asaja-palencia-informa\/noticias\/miedo-al-cierre-de-la-campana-de-riego\" \/>\n<meta property=\"og:site_name\" content=\"ASAJA Palencia\" \/>\n<meta property=\"article:published_time\" content=\"2022-08-12T08:02:12+00:00\" \/>\n<meta property=\"article:modified_time\" content=\"2022-08-25T12:54:51+00:00\" \/>\n<meta property=\"og:image\" content=\"https:\/\/www.asajacyl.com\/palencia\/wp-content\/uploads\/sites\/3\/2022\/06\/PATATA-DE-SIEMBRA-REGADIO.jpg\" \/>\n\t<meta property=\"og:image:width\" content=\"2500\" \/>\n\t<meta property=\"og:image:height\" content=\"1875\" \/>\n\t<meta property=\"og:image:type\" content=\"image\/jpeg\" \/>\n<meta name=\"author\" content=\"Administrador\" \/>\n<meta name=\"twitter:card\" content=\"summary_large_image\" \/>\n<meta name=\"twitter:label1\" content=\"Escrito por\" \/>\n\t<meta name=\"twitter:data1\" content=\"Administrador\" \/>\n\t<meta name=\"twitter:label2\" content=\"Tiempo de lectura\" \/>\n\t<meta name=\"twitter:data2\" content=\"3 minutos\" \/>\n<script type=\"application\/ld+json\" class=\"yoast-schema-graph\">{\"@context\":\"https:\/\/schema.org\",\"@graph\":[{\"@type\":\"WebPage\",\"@id\":\"https:\/\/www.asajacyl.com\/palencia\/asaja-palencia-informa\/noticias\/miedo-al-cierre-de-la-campana-de-riego\",\"url\":\"https:\/\/www.asajacyl.com\/palencia\/asaja-palencia-informa\/noticias\/miedo-al-cierre-de-la-campana-de-riego\",\"name\":\"Miedo al cierre de la campa\u00f1a de riego - ASAJA Palencia\",\"isPartOf\":{\"@id\":\"https:\/\/www.asajacyl.com\/palencia\/#website\"},\"primaryImageOfPage\":{\"@id\":\"https:\/\/www.asajacyl.com\/palencia\/asaja-palencia-informa\/noticias\/miedo-al-cierre-de-la-campana-de-riego#primaryimage\"},\"image\":{\"@id\":\"https:\/\/www.asajacyl.com\/palencia\/asaja-palencia-informa\/noticias\/miedo-al-cierre-de-la-campana-de-riego#primaryimage\"},\"thumbnailUrl\":\"https:\/\/www.asajacyl.com\/palencia\/wp-content\/uploads\/sites\/3\/2022\/06\/PATATA-DE-SIEMBRA-REGADIO.jpg\",\"datePublished\":\"2022-08-12T08:02:12+00:00\",\"dateModified\":\"2022-08-25T12:54:51+00:00\",\"author\":{\"@id\":\"https:\/\/www.asajacyl.com\/palencia\/#\/schema\/person\/3ab17aeb03527485c317557fae64aab1\"},\"description\":\"Se acaba de publicar el \\\"Informe Mensual de Seguimiento del Plan Especial de Sequ\u00eda\\\" del mes de julio. En estos informes, la CHD estudia la escasez de\",\"breadcrumb\":{\"@id\":\"https:\/\/www.asajacyl.com\/palencia\/asaja-palencia-informa\/noticias\/miedo-al-cierre-de-la-campana-de-riego#breadcrumb\"},\"inLanguage\":\"es\",\"potentialAction\":[{\"@type\":\"ReadAction\",\"target\":[\"https:\/\/www.asajacyl.com\/palencia\/asaja-palencia-informa\/noticias\/miedo-al-cierre-de-la-campana-de-riego\"]}]},{\"@type\":\"ImageObject\",\"inLanguage\":\"es\",\"@id\":\"https:\/\/www.asajacyl.com\/palencia\/asaja-palencia-informa\/noticias\/miedo-al-cierre-de-la-campana-de-riego#primaryimage\",\"url\":\"https:\/\/www.asajacyl.com\/palencia\/wp-content\/uploads\/sites\/3\/2022\/06\/PATATA-DE-SIEMBRA-REGADIO.jpg\",\"contentUrl\":\"https:\/\/www.asajacyl.com\/palencia\/wp-content\/uploads\/sites\/3\/2022\/06\/PATATA-DE-SIEMBRA-REGADIO.jpg\",\"width\":2500,\"height\":1875},{\"@type\":\"BreadcrumbList\",\"@id\":\"https:\/\/www.asajacyl.com\/palencia\/asaja-palencia-informa\/noticias\/miedo-al-cierre-de-la-campana-de-riego#breadcrumb\",\"itemListElement\":[{\"@type\":\"ListItem\",\"position\":1,\"name\":\"Portada\",\"item\":\"https:\/\/www.asajacyl.com\/palencia\/\"},{\"@type\":\"ListItem\",\"position\":2,\"name\":\"Miedo al cierre de la campa\u00f1a de riego\"}]},{\"@type\":\"WebSite\",\"@id\":\"https:\/\/www.asajacyl.com\/palencia\/#website\",\"url\":\"https:\/\/www.asajacyl.com\/palencia\/\",\"name\":\"ASAJA Palencia\",\"description\":\"Otro sitio m\u00e1s de Provincias ASAJA Castilla y Le\u00f3n\",\"potentialAction\":[{\"@type\":\"SearchAction\",\"target\":{\"@type\":\"EntryPoint\",\"urlTemplate\":\"https:\/\/www.asajacyl.com\/palencia\/?s={search_term_string}\"},\"query-input\":{\"@type\":\"PropertyValueSpecification\",\"valueRequired\":true,\"valueName\":\"search_term_string\"}}],\"inLanguage\":\"es\"},{\"@type\":\"Person\",\"@id\":\"https:\/\/www.asajacyl.com\/palencia\/#\/schema\/person\/3ab17aeb03527485c317557fae64aab1\",\"name\":\"Administrador\",\"image\":{\"@type\":\"ImageObject\",\"inLanguage\":\"es\",\"@id\":\"https:\/\/www.asajacyl.com\/palencia\/#\/schema\/person\/image\/\",\"url\":\"https:\/\/secure.gravatar.com\/avatar\/517384810d242ca9e38c180f3c9fb973?s=96&d=mm&r=g\",\"contentUrl\":\"https:\/\/secure.gravatar.com\/avatar\/517384810d242ca9e38c180f3c9fb973?s=96&d=mm&r=g\",\"caption\":\"Administrador\"},\"url\":\"https:\/\/www.asajacyl.com\/palencia\/author\/carlosrm\"}]}<\/script>\n<!-- \/ Yoast SEO plugin. -->","yoast_head_json":{"title":"Miedo al cierre de la campa\u00f1a de riego - ASAJA Palencia","description":"Se acaba de publicar el \"Informe Mensual de Seguimiento del Plan Especial de Sequ\u00eda\" del mes de julio. En estos informes, la CHD estudia la escasez de","robots":{"index":"index","follow":"follow","max-snippet":"max-snippet:-1","max-image-preview":"max-image-preview:large","max-video-preview":"max-video-preview:-1"},"canonical":"https:\/\/www.asajacyl.com\/palencia\/asaja-palencia-informa\/noticias\/miedo-al-cierre-de-la-campana-de-riego","og_locale":"es_ES","og_type":"article","og_title":"Miedo al cierre de la campa\u00f1a de riego - ASAJA Palencia","og_description":"Se acaba de publicar el \"Informe Mensual de Seguimiento del Plan Especial de Sequ\u00eda\" del mes de julio. En estos informes, la CHD estudia la escasez de","og_url":"https:\/\/www.asajacyl.com\/palencia\/asaja-palencia-informa\/noticias\/miedo-al-cierre-de-la-campana-de-riego","og_site_name":"ASAJA Palencia","article_published_time":"2022-08-12T08:02:12+00:00","article_modified_time":"2022-08-25T12:54:51+00:00","og_image":[{"width":2500,"height":1875,"url":"https:\/\/www.asajacyl.com\/palencia\/wp-content\/uploads\/sites\/3\/2022\/06\/PATATA-DE-SIEMBRA-REGADIO.jpg","type":"image\/jpeg"}],"author":"Administrador","twitter_card":"summary_large_image","twitter_misc":{"Escrito por":"Administrador","Tiempo de lectura":"3 minutos"},"schema":{"@context":"https:\/\/schema.org","@graph":[{"@type":"WebPage","@id":"https:\/\/www.asajacyl.com\/palencia\/asaja-palencia-informa\/noticias\/miedo-al-cierre-de-la-campana-de-riego","url":"https:\/\/www.asajacyl.com\/palencia\/asaja-palencia-informa\/noticias\/miedo-al-cierre-de-la-campana-de-riego","name":"Miedo al cierre de la campa\u00f1a de riego - ASAJA Palencia","isPartOf":{"@id":"https:\/\/www.asajacyl.com\/palencia\/#website"},"primaryImageOfPage":{"@id":"https:\/\/www.asajacyl.com\/palencia\/asaja-palencia-informa\/noticias\/miedo-al-cierre-de-la-campana-de-riego#primaryimage"},"image":{"@id":"https:\/\/www.asajacyl.com\/palencia\/asaja-palencia-informa\/noticias\/miedo-al-cierre-de-la-campana-de-riego#primaryimage"},"thumbnailUrl":"https:\/\/www.asajacyl.com\/palencia\/wp-content\/uploads\/sites\/3\/2022\/06\/PATATA-DE-SIEMBRA-REGADIO.jpg","datePublished":"2022-08-12T08:02:12+00:00","dateModified":"2022-08-25T12:54:51+00:00","author":{"@id":"https:\/\/www.asajacyl.com\/palencia\/#\/schema\/person\/3ab17aeb03527485c317557fae64aab1"},"description":"Se acaba de publicar el \"Informe Mensual de Seguimiento del Plan Especial de Sequ\u00eda\" del mes de julio. En estos informes, la CHD estudia la escasez de","breadcrumb":{"@id":"https:\/\/www.asajacyl.com\/palencia\/asaja-palencia-informa\/noticias\/miedo-al-cierre-de-la-campana-de-riego#breadcrumb"},"inLanguage":"es","potentialAction":[{"@type":"ReadAction","target":["https:\/\/www.asajacyl.com\/palencia\/asaja-palencia-informa\/noticias\/miedo-al-cierre-de-la-campana-de-riego"]}]},{"@type":"ImageObject","inLanguage":"es","@id":"https:\/\/www.asajacyl.com\/palencia\/asaja-palencia-informa\/noticias\/miedo-al-cierre-de-la-campana-de-riego#primaryimage","url":"https:\/\/www.asajacyl.com\/palencia\/wp-content\/uploads\/sites\/3\/2022\/06\/PATATA-DE-SIEMBRA-REGADIO.jpg","contentUrl":"https:\/\/www.asajacyl.com\/palencia\/wp-content\/uploads\/sites\/3\/2022\/06\/PATATA-DE-SIEMBRA-REGADIO.jpg","width":2500,"height":1875},{"@type":"BreadcrumbList","@id":"https:\/\/www.asajacyl.com\/palencia\/asaja-palencia-informa\/noticias\/miedo-al-cierre-de-la-campana-de-riego#breadcrumb","itemListElement":[{"@type":"ListItem","position":1,"name":"Portada","item":"https:\/\/www.asajacyl.com\/palencia\/"},{"@type":"ListItem","position":2,"name":"Miedo al cierre de la campa\u00f1a de riego"}]},{"@type":"WebSite","@id":"https:\/\/www.asajacyl.com\/palencia\/#website","url":"https:\/\/www.asajacyl.com\/palencia\/","name":"ASAJA Palencia","description":"Otro sitio m\u00e1s de Provincias ASAJA Castilla y Le\u00f3n","potentialAction":[{"@type":"SearchAction","target":{"@type":"EntryPoint","urlTemplate":"https:\/\/www.asajacyl.com\/palencia\/?s={search_term_string}"},"query-input":{"@type":"PropertyValueSpecification","valueRequired":true,"valueName":"search_term_string"}}],"inLanguage":"es"},{"@type":"Person","@id":"https:\/\/www.asajacyl.com\/palencia\/#\/schema\/person\/3ab17aeb03527485c317557fae64aab1","name":"Administrador","image":{"@type":"ImageObject","inLanguage":"es","@id":"https:\/\/www.asajacyl.com\/palencia\/#\/schema\/person\/image\/","url":"https:\/\/secure.gravatar.com\/avatar\/517384810d242ca9e38c180f3c9fb973?s=96&d=mm&r=g","contentUrl":"https:\/\/secure.gravatar.com\/avatar\/517384810d242ca9e38c180f3c9fb973?s=96&d=mm&r=g","caption":"Administrador"},"url":"https:\/\/www.asajacyl.com\/palencia\/author\/carlosrm"}]}},"_links":{"self":[{"href":"https:\/\/www.asajacyl.com\/palencia\/wp-json\/wp\/v2\/posts\/11269"}],"collection":[{"href":"https:\/\/www.asajacyl.com\/palencia\/wp-json\/wp\/v2\/posts"}],"about":[{"href":"https:\/\/www.asajacyl.com\/palencia\/wp-json\/wp\/v2\/types\/post"}],"author":[{"embeddable":true,"href":"https:\/\/www.asajacyl.com\/palencia\/wp-json\/wp\/v2\/users\/9"}],"replies":[{"embeddable":true,"href":"https:\/\/www.asajacyl.com\/palencia\/wp-json\/wp\/v2\/comments?post=11269"}],"version-history":[{"count":4,"href":"https:\/\/www.asajacyl.com\/palencia\/wp-json\/wp\/v2\/posts\/11269\/revisions"}],"predecessor-version":[{"id":11353,"href":"https:\/\/www.asajacyl.com\/palencia\/wp-json\/wp\/v2\/posts\/11269\/revisions\/11353"}],"wp:featuredmedia":[{"embeddable":true,"href":"https:\/\/www.asajacyl.com\/palencia\/wp-json\/wp\/v2\/media\/10969"}],"wp:attachment":[{"href":"https:\/\/www.asajacyl.com\/palencia\/wp-json\/wp\/v2\/media?parent=11269"}],"wp:term":[{"taxonomy":"category","embeddable":true,"href":"https:\/\/www.asajacyl.com\/palencia\/wp-json\/wp\/v2\/categories?post=11269"},{"taxonomy":"post_tag","embeddable":true,"href":"https:\/\/www.asajacyl.com\/palencia\/wp-json\/wp\/v2\/tags?post=11269"}],"curies":[{"name":"wp","href":"https:\/\/api.w.org\/{rel}","templated":true}]}}