{"id":11278,"date":"2022-08-12T14:02:10","date_gmt":"2022-08-12T12:02:10","guid":{"rendered":"https:\/\/www.asajacyl.com\/palencia\/?p=11278"},"modified":"2022-08-12T14:02:12","modified_gmt":"2022-08-12T12:02:12","slug":"las-perdidas-sufridas-por-la-sequia-pueden-alcanzar-los-8-000-millones-de-euros-y-ponen-al-sector-agrario-nacional-ante-una-situacion-critica","status":"publish","type":"post","link":"https:\/\/www.asajacyl.com\/palencia\/asaja-palencia-informa\/las-perdidas-sufridas-por-la-sequia-pueden-alcanzar-los-8-000-millones-de-euros-y-ponen-al-sector-agrario-nacional-ante-una-situacion-critica","title":{"rendered":"Las p\u00e9rdidas sufridas por la sequ\u00eda pueden alcanzar los 8.000 millones de euros y ponen al sector agrario nacional ante una situaci\u00f3n cr\u00edtica"},"content":{"rendered":"\n<ul><li><strong><em>Las p\u00e9rdidas generalizadas en los sectores agr\u00edcolas superan el 30%, llegando al 80% de p\u00e9rdidas en determinados cultivos<\/em><\/strong><\/li><li><strong><em>Los sectores ganaderos tambi\u00e9n sufren la perdida de pastos y los costes extra de alimentaci\u00f3n y agua.<\/em><\/strong><\/li><li><strong><em>M\u00e1xima inquietud ante las restricciones de uso de agua para riego y la falta de inversiones hidr\u00e1ulicas necesarias en todo el territorio nacional.<\/em><\/strong><\/li><li><strong><em>El Gobierno debe ponerse al frente de la gesti\u00f3n de la crisis, como han hecho otros gobiernos europeos.<\/em><\/strong><\/li><\/ul>\n\n\n\n<p>La sequ\u00eda que estamos padeciendo est\u00e1 teniendo grav\u00edsimas repercusiones en el sector agropecuario espa\u00f1ol, con unas perdidas y da\u00f1os que estimamos que podr\u00e1n superar f\u00e1cilmente los 8.000 millones de Euros, al verse mermadas las principales producciones agr\u00edcolas:<br>\u2022 Un 30% de reducci\u00f3n de cosecha en cultivos de invierno<br>\u2022 Entre un 40 y 50% de reducci\u00f3n, tanto en superficies como en producci\u00f3n, en ma\u00edz<br>\u2022 Bajos rendimientos en girasol, que han neutralizado el incremento de superficies<br>\u2022 Cerca de la mitad de la producci\u00f3n estimada en olivar, tanto para mesa como para almazara<br>\u2022 Adelantos importantes en la vendimia y reducci\u00f3n prevista de la cosecha entre un 25 y un 30%<br>\u2022 Ca\u00edda de la producci\u00f3n en almendros, con un 80% de p\u00e9rdidas estimadas<\/p>\n\n\n\n<p>A estos datos desalentadores de campa\u00f1a y de previsiones a corto plazo hay que a\u00f1adir las posibles restricciones que puedan sufrir los casi cuatro millones de hect\u00e1reas que tenemos de regad\u00edo en Espa\u00f1a y suponen una parte fundamental en la producci\u00f3n agr\u00edcola, y que parad\u00f3jicamente debe funcionar sin un Plan Nacional de Regad\u00edos ni las inversiones hidr\u00e1ulicas necesarias en todo el territorio nacional. \u201cSi hace a\u00f1os se hablaba de una Espa\u00f1a h\u00fameda y una Espa\u00f1a seca, desgraciadamente hoy s\u00f3lo podemos hablar de una Espa\u00f1a seca\u201d, ha lamentado el presidente de ASAJA, Pedro Barato.<\/p>\n\n\n\n<p>Especial menci\u00f3n merecen los sectores ganaderos, donde la falta de pastos naturales y el incremento desorbitado de los costes de alimentaci\u00f3n del ganado han provocado situaciones dram\u00e1ticas, como el cierre de explotaciones o el obligado sacrificio de cabezas de ganado ante la imposibilidad de asumir estos costes ni poder repercutirlos en los siguientes eslabones de la cadena.<\/p>\n\n\n\n<p>M\u00e1s all\u00e1 de los mensajes triunfalistas del Gobierno, la realidad del sector es que se enfrenta a una crisis de grav\u00edsimo calado, que podr\u00eda incluso afectar al propio suministro alimentario que, gracias al sector productor junto con el resto de los operadores agroalimentarios, han sido capaces de afrontar situaciones tan graves como la pandemia, el confinamiento del conjunto de la sociedad o la falta de materias primas.<\/p>\n\n\n\n<p>El Gobierno debe ponerse al frente de la gesti\u00f3n de la crisis, como han hecho otros gobiernos europeos, y presentar medidas urgentes y eficaces, primero para paliar esta crisis, y adem\u00e1s para ofrecer soluciones duraderas a la agricultura espa\u00f1ola, que padece problemas estructurales, como es el acceso al agua para dar estabilidad a nuestras producciones, unos costes energ\u00e9ticos y de los insumos, acceso a la financiaci\u00f3n y equilibrio en la cadena de suministros a la hora de marcar precios y condiciones.<\/p>\n","protected":false},"excerpt":{"rendered":"<p>Las p\u00e9rdidas generalizadas en los sectores agr\u00edcolas superan el 30%, llegando al 80% de p\u00e9rdidas en determinados cultivos Los sectores ganaderos tambi\u00e9n sufren la perdida de pastos y los costes extra de alimentaci\u00f3n y agua. M\u00e1xima inquietud ante las restricciones de uso de agua para riego y la falta de inversiones hidr\u00e1ulicas necesarias en todo [&hellip;]<\/p>\n","protected":false},"author":9,"featured_media":10954,"comment_status":"open","ping_status":"open","sticky":false,"template":"","format":"standard","meta":{"footnotes":""},"categories":[9,29,28],"tags":[],"yoast_head":"<!-- This site is optimized with the Yoast SEO plugin v24.5 - https:\/\/yoast.com\/wordpress\/plugins\/seo\/ -->\n<title>Las p\u00e9rdidas sufridas por la sequ\u00eda pueden alcanzar los 8.000 millones de euros y ponen al sector agrario nacional ante una situaci\u00f3n cr\u00edtica - ASAJA Palencia<\/title>\n<meta name=\"description\" content=\"Las p\u00e9rdidas generalizadas en los sectores agr\u00edcolas superan el 30%, llegando al 80% de p\u00e9rdidas en determinados cultivosLos sectores ganaderos tambi\u00e9n\" \/>\n<meta name=\"robots\" content=\"index, follow, max-snippet:-1, max-image-preview:large, max-video-preview:-1\" \/>\n<link rel=\"canonical\" href=\"https:\/\/www.asajacyl.com\/palencia\/asaja-palencia-informa\/las-perdidas-sufridas-por-la-sequia-pueden-alcanzar-los-8-000-millones-de-euros-y-ponen-al-sector-agrario-nacional-ante-una-situacion-critica\" \/>\n<meta property=\"og:locale\" content=\"es_ES\" \/>\n<meta property=\"og:type\" content=\"article\" \/>\n<meta property=\"og:title\" content=\"Las p\u00e9rdidas sufridas por la sequ\u00eda pueden alcanzar los 8.000 millones de euros y ponen al sector agrario nacional ante una situaci\u00f3n cr\u00edtica - ASAJA Palencia\" \/>\n<meta property=\"og:description\" content=\"Las p\u00e9rdidas generalizadas en los sectores agr\u00edcolas superan el 30%, llegando al 80% de p\u00e9rdidas en determinados cultivosLos sectores ganaderos tambi\u00e9n\" \/>\n<meta property=\"og:url\" content=\"https:\/\/www.asajacyl.com\/palencia\/asaja-palencia-informa\/las-perdidas-sufridas-por-la-sequia-pueden-alcanzar-los-8-000-millones-de-euros-y-ponen-al-sector-agrario-nacional-ante-una-situacion-critica\" \/>\n<meta property=\"og:site_name\" content=\"ASAJA Palencia\" \/>\n<meta property=\"article:published_time\" content=\"2022-08-12T12:02:10+00:00\" \/>\n<meta property=\"article:modified_time\" content=\"2022-08-12T12:02:12+00:00\" \/>\n<meta property=\"og:image\" content=\"https:\/\/www.asajacyl.com\/palencia\/wp-content\/uploads\/sites\/3\/2022\/06\/VACAS-CARNE-MONTE.jpg\" \/>\n\t<meta property=\"og:image:width\" content=\"1280\" \/>\n\t<meta property=\"og:image:height\" content=\"960\" \/>\n\t<meta property=\"og:image:type\" content=\"image\/jpeg\" \/>\n<meta name=\"author\" content=\"Administrador\" \/>\n<meta name=\"twitter:card\" content=\"summary_large_image\" \/>\n<meta name=\"twitter:label1\" content=\"Escrito por\" \/>\n\t<meta name=\"twitter:data1\" content=\"Administrador\" \/>\n\t<meta name=\"twitter:label2\" content=\"Tiempo de lectura\" \/>\n\t<meta name=\"twitter:data2\" content=\"3 minutos\" \/>\n<script type=\"application\/ld+json\" class=\"yoast-schema-graph\">{\"@context\":\"https:\/\/schema.org\",\"@graph\":[{\"@type\":\"WebPage\",\"@id\":\"https:\/\/www.asajacyl.com\/palencia\/asaja-palencia-informa\/las-perdidas-sufridas-por-la-sequia-pueden-alcanzar-los-8-000-millones-de-euros-y-ponen-al-sector-agrario-nacional-ante-una-situacion-critica\",\"url\":\"https:\/\/www.asajacyl.com\/palencia\/asaja-palencia-informa\/las-perdidas-sufridas-por-la-sequia-pueden-alcanzar-los-8-000-millones-de-euros-y-ponen-al-sector-agrario-nacional-ante-una-situacion-critica\",\"name\":\"Las p\u00e9rdidas sufridas por la sequ\u00eda pueden alcanzar los 8.000 millones de euros y ponen al sector agrario nacional ante una situaci\u00f3n cr\u00edtica - ASAJA Palencia\",\"isPartOf\":{\"@id\":\"https:\/\/www.asajacyl.com\/palencia\/#website\"},\"primaryImageOfPage\":{\"@id\":\"https:\/\/www.asajacyl.com\/palencia\/asaja-palencia-informa\/las-perdidas-sufridas-por-la-sequia-pueden-alcanzar-los-8-000-millones-de-euros-y-ponen-al-sector-agrario-nacional-ante-una-situacion-critica#primaryimage\"},\"image\":{\"@id\":\"https:\/\/www.asajacyl.com\/palencia\/asaja-palencia-informa\/las-perdidas-sufridas-por-la-sequia-pueden-alcanzar-los-8-000-millones-de-euros-y-ponen-al-sector-agrario-nacional-ante-una-situacion-critica#primaryimage\"},\"thumbnailUrl\":\"https:\/\/www.asajacyl.com\/palencia\/wp-content\/uploads\/sites\/3\/2022\/06\/VACAS-CARNE-MONTE.jpg\",\"datePublished\":\"2022-08-12T12:02:10+00:00\",\"dateModified\":\"2022-08-12T12:02:12+00:00\",\"author\":{\"@id\":\"https:\/\/www.asajacyl.com\/palencia\/#\/schema\/person\/3ab17aeb03527485c317557fae64aab1\"},\"description\":\"Las p\u00e9rdidas generalizadas en los sectores agr\u00edcolas superan el 30%, llegando al 80% de p\u00e9rdidas en determinados cultivosLos sectores ganaderos tambi\u00e9n\",\"breadcrumb\":{\"@id\":\"https:\/\/www.asajacyl.com\/palencia\/asaja-palencia-informa\/las-perdidas-sufridas-por-la-sequia-pueden-alcanzar-los-8-000-millones-de-euros-y-ponen-al-sector-agrario-nacional-ante-una-situacion-critica#breadcrumb\"},\"inLanguage\":\"es\",\"potentialAction\":[{\"@type\":\"ReadAction\",\"target\":[\"https:\/\/www.asajacyl.com\/palencia\/asaja-palencia-informa\/las-perdidas-sufridas-por-la-sequia-pueden-alcanzar-los-8-000-millones-de-euros-y-ponen-al-sector-agrario-nacional-ante-una-situacion-critica\"]}]},{\"@type\":\"ImageObject\",\"inLanguage\":\"es\",\"@id\":\"https:\/\/www.asajacyl.com\/palencia\/asaja-palencia-informa\/las-perdidas-sufridas-por-la-sequia-pueden-alcanzar-los-8-000-millones-de-euros-y-ponen-al-sector-agrario-nacional-ante-una-situacion-critica#primaryimage\",\"url\":\"https:\/\/www.asajacyl.com\/palencia\/wp-content\/uploads\/sites\/3\/2022\/06\/VACAS-CARNE-MONTE.jpg\",\"contentUrl\":\"https:\/\/www.asajacyl.com\/palencia\/wp-content\/uploads\/sites\/3\/2022\/06\/VACAS-CARNE-MONTE.jpg\",\"width\":1280,\"height\":960},{\"@type\":\"BreadcrumbList\",\"@id\":\"https:\/\/www.asajacyl.com\/palencia\/asaja-palencia-informa\/las-perdidas-sufridas-por-la-sequia-pueden-alcanzar-los-8-000-millones-de-euros-y-ponen-al-sector-agrario-nacional-ante-una-situacion-critica#breadcrumb\",\"itemListElement\":[{\"@type\":\"ListItem\",\"position\":1,\"name\":\"Portada\",\"item\":\"https:\/\/www.asajacyl.com\/palencia\/\"},{\"@type\":\"ListItem\",\"position\":2,\"name\":\"Las p\u00e9rdidas sufridas por la sequ\u00eda pueden alcanzar los 8.000 millones de euros y ponen al sector agrario nacional ante una situaci\u00f3n cr\u00edtica\"}]},{\"@type\":\"WebSite\",\"@id\":\"https:\/\/www.asajacyl.com\/palencia\/#website\",\"url\":\"https:\/\/www.asajacyl.com\/palencia\/\",\"name\":\"ASAJA Palencia\",\"description\":\"Otro sitio m\u00e1s de Provincias ASAJA Castilla y Le\u00f3n\",\"potentialAction\":[{\"@type\":\"SearchAction\",\"target\":{\"@type\":\"EntryPoint\",\"urlTemplate\":\"https:\/\/www.asajacyl.com\/palencia\/?s={search_term_string}\"},\"query-input\":{\"@type\":\"PropertyValueSpecification\",\"valueRequired\":true,\"valueName\":\"search_term_string\"}}],\"inLanguage\":\"es\"},{\"@type\":\"Person\",\"@id\":\"https:\/\/www.asajacyl.com\/palencia\/#\/schema\/person\/3ab17aeb03527485c317557fae64aab1\",\"name\":\"Administrador\",\"image\":{\"@type\":\"ImageObject\",\"inLanguage\":\"es\",\"@id\":\"https:\/\/www.asajacyl.com\/palencia\/#\/schema\/person\/image\/\",\"url\":\"https:\/\/secure.gravatar.com\/avatar\/517384810d242ca9e38c180f3c9fb973?s=96&d=mm&r=g\",\"contentUrl\":\"https:\/\/secure.gravatar.com\/avatar\/517384810d242ca9e38c180f3c9fb973?s=96&d=mm&r=g\",\"caption\":\"Administrador\"},\"url\":\"https:\/\/www.asajacyl.com\/palencia\/author\/carlosrm\"}]}<\/script>\n<!-- \/ Yoast SEO plugin. -->","yoast_head_json":{"title":"Las p\u00e9rdidas sufridas por la sequ\u00eda pueden alcanzar los 8.000 millones de euros y ponen al sector agrario nacional ante una situaci\u00f3n cr\u00edtica - ASAJA Palencia","description":"Las p\u00e9rdidas generalizadas en los sectores agr\u00edcolas superan el 30%, llegando al 80% de p\u00e9rdidas en determinados cultivosLos sectores ganaderos tambi\u00e9n","robots":{"index":"index","follow":"follow","max-snippet":"max-snippet:-1","max-image-preview":"max-image-preview:large","max-video-preview":"max-video-preview:-1"},"canonical":"https:\/\/www.asajacyl.com\/palencia\/asaja-palencia-informa\/las-perdidas-sufridas-por-la-sequia-pueden-alcanzar-los-8-000-millones-de-euros-y-ponen-al-sector-agrario-nacional-ante-una-situacion-critica","og_locale":"es_ES","og_type":"article","og_title":"Las p\u00e9rdidas sufridas por la sequ\u00eda pueden alcanzar los 8.000 millones de euros y ponen al sector agrario nacional ante una situaci\u00f3n cr\u00edtica - ASAJA Palencia","og_description":"Las p\u00e9rdidas generalizadas en los sectores agr\u00edcolas superan el 30%, llegando al 80% de p\u00e9rdidas en determinados cultivosLos sectores ganaderos tambi\u00e9n","og_url":"https:\/\/www.asajacyl.com\/palencia\/asaja-palencia-informa\/las-perdidas-sufridas-por-la-sequia-pueden-alcanzar-los-8-000-millones-de-euros-y-ponen-al-sector-agrario-nacional-ante-una-situacion-critica","og_site_name":"ASAJA Palencia","article_published_time":"2022-08-12T12:02:10+00:00","article_modified_time":"2022-08-12T12:02:12+00:00","og_image":[{"width":1280,"height":960,"url":"https:\/\/www.asajacyl.com\/palencia\/wp-content\/uploads\/sites\/3\/2022\/06\/VACAS-CARNE-MONTE.jpg","type":"image\/jpeg"}],"author":"Administrador","twitter_card":"summary_large_image","twitter_misc":{"Escrito por":"Administrador","Tiempo de lectura":"3 minutos"},"schema":{"@context":"https:\/\/schema.org","@graph":[{"@type":"WebPage","@id":"https:\/\/www.asajacyl.com\/palencia\/asaja-palencia-informa\/las-perdidas-sufridas-por-la-sequia-pueden-alcanzar-los-8-000-millones-de-euros-y-ponen-al-sector-agrario-nacional-ante-una-situacion-critica","url":"https:\/\/www.asajacyl.com\/palencia\/asaja-palencia-informa\/las-perdidas-sufridas-por-la-sequia-pueden-alcanzar-los-8-000-millones-de-euros-y-ponen-al-sector-agrario-nacional-ante-una-situacion-critica","name":"Las p\u00e9rdidas sufridas por la sequ\u00eda pueden alcanzar los 8.000 millones de euros y ponen al sector agrario nacional ante una situaci\u00f3n cr\u00edtica - ASAJA Palencia","isPartOf":{"@id":"https:\/\/www.asajacyl.com\/palencia\/#website"},"primaryImageOfPage":{"@id":"https:\/\/www.asajacyl.com\/palencia\/asaja-palencia-informa\/las-perdidas-sufridas-por-la-sequia-pueden-alcanzar-los-8-000-millones-de-euros-y-ponen-al-sector-agrario-nacional-ante-una-situacion-critica#primaryimage"},"image":{"@id":"https:\/\/www.asajacyl.com\/palencia\/asaja-palencia-informa\/las-perdidas-sufridas-por-la-sequia-pueden-alcanzar-los-8-000-millones-de-euros-y-ponen-al-sector-agrario-nacional-ante-una-situacion-critica#primaryimage"},"thumbnailUrl":"https:\/\/www.asajacyl.com\/palencia\/wp-content\/uploads\/sites\/3\/2022\/06\/VACAS-CARNE-MONTE.jpg","datePublished":"2022-08-12T12:02:10+00:00","dateModified":"2022-08-12T12:02:12+00:00","author":{"@id":"https:\/\/www.asajacyl.com\/palencia\/#\/schema\/person\/3ab17aeb03527485c317557fae64aab1"},"description":"Las p\u00e9rdidas generalizadas en los sectores agr\u00edcolas superan el 30%, llegando al 80% de p\u00e9rdidas en determinados cultivosLos sectores ganaderos tambi\u00e9n","breadcrumb":{"@id":"https:\/\/www.asajacyl.com\/palencia\/asaja-palencia-informa\/las-perdidas-sufridas-por-la-sequia-pueden-alcanzar-los-8-000-millones-de-euros-y-ponen-al-sector-agrario-nacional-ante-una-situacion-critica#breadcrumb"},"inLanguage":"es","potentialAction":[{"@type":"ReadAction","target":["https:\/\/www.asajacyl.com\/palencia\/asaja-palencia-informa\/las-perdidas-sufridas-por-la-sequia-pueden-alcanzar-los-8-000-millones-de-euros-y-ponen-al-sector-agrario-nacional-ante-una-situacion-critica"]}]},{"@type":"ImageObject","inLanguage":"es","@id":"https:\/\/www.asajacyl.com\/palencia\/asaja-palencia-informa\/las-perdidas-sufridas-por-la-sequia-pueden-alcanzar-los-8-000-millones-de-euros-y-ponen-al-sector-agrario-nacional-ante-una-situacion-critica#primaryimage","url":"https:\/\/www.asajacyl.com\/palencia\/wp-content\/uploads\/sites\/3\/2022\/06\/VACAS-CARNE-MONTE.jpg","contentUrl":"https:\/\/www.asajacyl.com\/palencia\/wp-content\/uploads\/sites\/3\/2022\/06\/VACAS-CARNE-MONTE.jpg","width":1280,"height":960},{"@type":"BreadcrumbList","@id":"https:\/\/www.asajacyl.com\/palencia\/asaja-palencia-informa\/las-perdidas-sufridas-por-la-sequia-pueden-alcanzar-los-8-000-millones-de-euros-y-ponen-al-sector-agrario-nacional-ante-una-situacion-critica#breadcrumb","itemListElement":[{"@type":"ListItem","position":1,"name":"Portada","item":"https:\/\/www.asajacyl.com\/palencia\/"},{"@type":"ListItem","position":2,"name":"Las p\u00e9rdidas sufridas por la sequ\u00eda pueden alcanzar los 8.000 millones de euros y ponen al sector agrario nacional ante una situaci\u00f3n cr\u00edtica"}]},{"@type":"WebSite","@id":"https:\/\/www.asajacyl.com\/palencia\/#website","url":"https:\/\/www.asajacyl.com\/palencia\/","name":"ASAJA Palencia","description":"Otro sitio m\u00e1s de Provincias ASAJA Castilla y Le\u00f3n","potentialAction":[{"@type":"SearchAction","target":{"@type":"EntryPoint","urlTemplate":"https:\/\/www.asajacyl.com\/palencia\/?s={search_term_string}"},"query-input":{"@type":"PropertyValueSpecification","valueRequired":true,"valueName":"search_term_string"}}],"inLanguage":"es"},{"@type":"Person","@id":"https:\/\/www.asajacyl.com\/palencia\/#\/schema\/person\/3ab17aeb03527485c317557fae64aab1","name":"Administrador","image":{"@type":"ImageObject","inLanguage":"es","@id":"https:\/\/www.asajacyl.com\/palencia\/#\/schema\/person\/image\/","url":"https:\/\/secure.gravatar.com\/avatar\/517384810d242ca9e38c180f3c9fb973?s=96&d=mm&r=g","contentUrl":"https:\/\/secure.gravatar.com\/avatar\/517384810d242ca9e38c180f3c9fb973?s=96&d=mm&r=g","caption":"Administrador"},"url":"https:\/\/www.asajacyl.com\/palencia\/author\/carlosrm"}]}},"_links":{"self":[{"href":"https:\/\/www.asajacyl.com\/palencia\/wp-json\/wp\/v2\/posts\/11278"}],"collection":[{"href":"https:\/\/www.asajacyl.com\/palencia\/wp-json\/wp\/v2\/posts"}],"about":[{"href":"https:\/\/www.asajacyl.com\/palencia\/wp-json\/wp\/v2\/types\/post"}],"author":[{"embeddable":true,"href":"https:\/\/www.asajacyl.com\/palencia\/wp-json\/wp\/v2\/users\/9"}],"replies":[{"embeddable":true,"href":"https:\/\/www.asajacyl.com\/palencia\/wp-json\/wp\/v2\/comments?post=11278"}],"version-history":[{"count":1,"href":"https:\/\/www.asajacyl.com\/palencia\/wp-json\/wp\/v2\/posts\/11278\/revisions"}],"predecessor-version":[{"id":11279,"href":"https:\/\/www.asajacyl.com\/palencia\/wp-json\/wp\/v2\/posts\/11278\/revisions\/11279"}],"wp:featuredmedia":[{"embeddable":true,"href":"https:\/\/www.asajacyl.com\/palencia\/wp-json\/wp\/v2\/media\/10954"}],"wp:attachment":[{"href":"https:\/\/www.asajacyl.com\/palencia\/wp-json\/wp\/v2\/media?parent=11278"}],"wp:term":[{"taxonomy":"category","embeddable":true,"href":"https:\/\/www.asajacyl.com\/palencia\/wp-json\/wp\/v2\/categories?post=11278"},{"taxonomy":"post_tag","embeddable":true,"href":"https:\/\/www.asajacyl.com\/palencia\/wp-json\/wp\/v2\/tags?post=11278"}],"curies":[{"name":"wp","href":"https:\/\/api.w.org\/{rel}","templated":true}]}}