{"id":11283,"date":"2022-08-18T14:28:00","date_gmt":"2022-08-18T12:28:00","guid":{"rendered":"https:\/\/www.asajacyl.com\/palencia\/?p=11283"},"modified":"2022-08-22T13:19:31","modified_gmt":"2022-08-22T11:19:31","slug":"en-junio-se-produjo-un-segundo-caso-de-gripe-aviar-en-fuentes-de-nava","status":"publish","type":"post","link":"https:\/\/www.asajacyl.com\/palencia\/asaja-palencia-informa\/en-junio-se-produjo-un-segundo-caso-de-gripe-aviar-en-fuentes-de-nava","title":{"rendered":"En junio se produjo el segundo caso del a\u00f1o de gripe aviar en Fuentes de Nava"},"content":{"rendered":"\n<p>El d\u00eda 22 de junio se confirm\u00f3 el segundo caso de este a\u00f1o de virus de Influenza Aviar de Alta Patogenicidad H5N1 en el municipio de Fuentes de Nava, tras un primer hallazgo de una cig\u00fce\u00f1a que se encontr\u00f3 en la Laguna de la Nava unos meses antes. Este caso ha debido ser confirmado por el Laboratorio Central de Veterinaria de Algete, que es el elegido como centro de referencia nacional para esta enfermedad.<\/p>\n\n\n\n<p>La zona de La Nava est\u00e1 catalogada como zona de especial riesgo desde 2006 y el primer caso conocido data del 11 de enero de 2017, habi\u00e9ndose creado los registros del MAPA en el a\u00f1o 2003.<\/p>\n\n\n\n<p>Este a\u00f1o se han detectado 31 casos en aves de corral, tres de ellos en Castilla y Le\u00f3n (dos en Valladolid y uno en Segovia) y el resto en Huelva y Sevilla. En el caso de las aves silvestres han sido 57 las aves detectadas con este virus en 21 provincias espa\u00f1olas (incluidos los dos de Fuentes de Nava). Cuando es detectado un caso en aves de corral se sacrifican los animales de toda la explotaci\u00f3n por lo que este virus es muy peligroso para las granjas av\u00edcolas.<\/p>\n\n\n\n<p>El ministerio ha recordado que, aunque no hay constancia de que el H5N1 tenga capacidad de producir una zoonosis, transmiti\u00e9ndose a los humanos, se recomienda minimizar el contacto con aves que tengan s\u00edntomas de la enfermedad o se hallen muertas. Tambi\u00e9n recuerda que la carne, huevos o productos derivados de animales enfermos no pueden transmitir el virus al hombre, por lo que en ese sentido no debe crearse ning\u00fan tipo de alarma.<\/p>\n","protected":false},"excerpt":{"rendered":"<p>El d\u00eda 22 de junio se confirm\u00f3 el segundo caso de este a\u00f1o de virus de Influenza Aviar de Alta Patogenicidad H5N1 en el municipio de Fuentes de Nava, tras un primer hallazgo de una cig\u00fce\u00f1a que se encontr\u00f3 en la Laguna de la Nava unos meses antes. Este caso ha debido ser confirmado por [&hellip;]<\/p>\n","protected":false},"author":9,"featured_media":9482,"comment_status":"open","ping_status":"open","sticky":false,"template":"","format":"standard","meta":{"footnotes":""},"categories":[9,29,28],"tags":[],"yoast_head":"<!-- This site is optimized with the Yoast SEO plugin v24.5 - https:\/\/yoast.com\/wordpress\/plugins\/seo\/ -->\n<title>En junio se produjo el segundo caso del a\u00f1o de gripe aviar en Fuentes de Nava - ASAJA Palencia<\/title>\n<meta name=\"description\" content=\"El d\u00eda 22 de junio se confirm\u00f3 el segundo caso de este a\u00f1o de virus de Influenza Aviar de Alta Patogenicidad H5N1 en el municipio de Fuentes de Nava, tras\" \/>\n<meta name=\"robots\" content=\"index, follow, max-snippet:-1, max-image-preview:large, max-video-preview:-1\" \/>\n<link rel=\"canonical\" href=\"https:\/\/www.asajacyl.com\/palencia\/asaja-palencia-informa\/en-junio-se-produjo-un-segundo-caso-de-gripe-aviar-en-fuentes-de-nava\" \/>\n<meta property=\"og:locale\" content=\"es_ES\" \/>\n<meta property=\"og:type\" content=\"article\" \/>\n<meta property=\"og:title\" content=\"En junio se produjo el segundo caso del a\u00f1o de gripe aviar en Fuentes de Nava - ASAJA Palencia\" \/>\n<meta property=\"og:description\" content=\"El d\u00eda 22 de junio se confirm\u00f3 el segundo caso de este a\u00f1o de virus de Influenza Aviar de Alta Patogenicidad H5N1 en el municipio de Fuentes de Nava, tras\" \/>\n<meta property=\"og:url\" content=\"https:\/\/www.asajacyl.com\/palencia\/asaja-palencia-informa\/en-junio-se-produjo-un-segundo-caso-de-gripe-aviar-en-fuentes-de-nava\" \/>\n<meta property=\"og:site_name\" content=\"ASAJA Palencia\" \/>\n<meta property=\"article:published_time\" content=\"2022-08-18T12:28:00+00:00\" \/>\n<meta property=\"article:modified_time\" content=\"2022-08-22T11:19:31+00:00\" \/>\n<meta property=\"og:image\" content=\"https:\/\/www.asajacyl.com\/palencia\/wp-content\/uploads\/sites\/3\/2021\/12\/LAGUNA-DE-LA-NAVA.jpg\" \/>\n\t<meta property=\"og:image:width\" content=\"800\" \/>\n\t<meta property=\"og:image:height\" content=\"600\" \/>\n\t<meta property=\"og:image:type\" content=\"image\/jpeg\" \/>\n<meta name=\"author\" content=\"Administrador\" \/>\n<meta name=\"twitter:card\" content=\"summary_large_image\" \/>\n<meta name=\"twitter:label1\" content=\"Escrito por\" \/>\n\t<meta name=\"twitter:data1\" content=\"Administrador\" \/>\n\t<meta name=\"twitter:label2\" content=\"Tiempo de lectura\" \/>\n\t<meta name=\"twitter:data2\" content=\"2 minutos\" \/>\n<script type=\"application\/ld+json\" class=\"yoast-schema-graph\">{\"@context\":\"https:\/\/schema.org\",\"@graph\":[{\"@type\":\"WebPage\",\"@id\":\"https:\/\/www.asajacyl.com\/palencia\/asaja-palencia-informa\/en-junio-se-produjo-un-segundo-caso-de-gripe-aviar-en-fuentes-de-nava\",\"url\":\"https:\/\/www.asajacyl.com\/palencia\/asaja-palencia-informa\/en-junio-se-produjo-un-segundo-caso-de-gripe-aviar-en-fuentes-de-nava\",\"name\":\"En junio se produjo el segundo caso del a\u00f1o de gripe aviar en Fuentes de Nava - ASAJA Palencia\",\"isPartOf\":{\"@id\":\"https:\/\/www.asajacyl.com\/palencia\/#website\"},\"primaryImageOfPage\":{\"@id\":\"https:\/\/www.asajacyl.com\/palencia\/asaja-palencia-informa\/en-junio-se-produjo-un-segundo-caso-de-gripe-aviar-en-fuentes-de-nava#primaryimage\"},\"image\":{\"@id\":\"https:\/\/www.asajacyl.com\/palencia\/asaja-palencia-informa\/en-junio-se-produjo-un-segundo-caso-de-gripe-aviar-en-fuentes-de-nava#primaryimage\"},\"thumbnailUrl\":\"https:\/\/www.asajacyl.com\/palencia\/wp-content\/uploads\/sites\/3\/2021\/12\/LAGUNA-DE-LA-NAVA.jpg\",\"datePublished\":\"2022-08-18T12:28:00+00:00\",\"dateModified\":\"2022-08-22T11:19:31+00:00\",\"author\":{\"@id\":\"https:\/\/www.asajacyl.com\/palencia\/#\/schema\/person\/3ab17aeb03527485c317557fae64aab1\"},\"description\":\"El d\u00eda 22 de junio se confirm\u00f3 el segundo caso de este a\u00f1o de virus de Influenza Aviar de Alta Patogenicidad H5N1 en el municipio de Fuentes de Nava, tras\",\"breadcrumb\":{\"@id\":\"https:\/\/www.asajacyl.com\/palencia\/asaja-palencia-informa\/en-junio-se-produjo-un-segundo-caso-de-gripe-aviar-en-fuentes-de-nava#breadcrumb\"},\"inLanguage\":\"es\",\"potentialAction\":[{\"@type\":\"ReadAction\",\"target\":[\"https:\/\/www.asajacyl.com\/palencia\/asaja-palencia-informa\/en-junio-se-produjo-un-segundo-caso-de-gripe-aviar-en-fuentes-de-nava\"]}]},{\"@type\":\"ImageObject\",\"inLanguage\":\"es\",\"@id\":\"https:\/\/www.asajacyl.com\/palencia\/asaja-palencia-informa\/en-junio-se-produjo-un-segundo-caso-de-gripe-aviar-en-fuentes-de-nava#primaryimage\",\"url\":\"https:\/\/www.asajacyl.com\/palencia\/wp-content\/uploads\/sites\/3\/2021\/12\/LAGUNA-DE-LA-NAVA.jpg\",\"contentUrl\":\"https:\/\/www.asajacyl.com\/palencia\/wp-content\/uploads\/sites\/3\/2021\/12\/LAGUNA-DE-LA-NAVA.jpg\",\"width\":800,\"height\":600},{\"@type\":\"BreadcrumbList\",\"@id\":\"https:\/\/www.asajacyl.com\/palencia\/asaja-palencia-informa\/en-junio-se-produjo-un-segundo-caso-de-gripe-aviar-en-fuentes-de-nava#breadcrumb\",\"itemListElement\":[{\"@type\":\"ListItem\",\"position\":1,\"name\":\"Portada\",\"item\":\"https:\/\/www.asajacyl.com\/palencia\/\"},{\"@type\":\"ListItem\",\"position\":2,\"name\":\"En junio se produjo el segundo caso del a\u00f1o de gripe aviar en Fuentes de Nava\"}]},{\"@type\":\"WebSite\",\"@id\":\"https:\/\/www.asajacyl.com\/palencia\/#website\",\"url\":\"https:\/\/www.asajacyl.com\/palencia\/\",\"name\":\"ASAJA Palencia\",\"description\":\"Otro sitio m\u00e1s de Provincias ASAJA Castilla y Le\u00f3n\",\"potentialAction\":[{\"@type\":\"SearchAction\",\"target\":{\"@type\":\"EntryPoint\",\"urlTemplate\":\"https:\/\/www.asajacyl.com\/palencia\/?s={search_term_string}\"},\"query-input\":{\"@type\":\"PropertyValueSpecification\",\"valueRequired\":true,\"valueName\":\"search_term_string\"}}],\"inLanguage\":\"es\"},{\"@type\":\"Person\",\"@id\":\"https:\/\/www.asajacyl.com\/palencia\/#\/schema\/person\/3ab17aeb03527485c317557fae64aab1\",\"name\":\"Administrador\",\"image\":{\"@type\":\"ImageObject\",\"inLanguage\":\"es\",\"@id\":\"https:\/\/www.asajacyl.com\/palencia\/#\/schema\/person\/image\/\",\"url\":\"https:\/\/secure.gravatar.com\/avatar\/517384810d242ca9e38c180f3c9fb973?s=96&d=mm&r=g\",\"contentUrl\":\"https:\/\/secure.gravatar.com\/avatar\/517384810d242ca9e38c180f3c9fb973?s=96&d=mm&r=g\",\"caption\":\"Administrador\"},\"url\":\"https:\/\/www.asajacyl.com\/palencia\/author\/carlosrm\"}]}<\/script>\n<!-- \/ Yoast SEO plugin. -->","yoast_head_json":{"title":"En junio se produjo el segundo caso del a\u00f1o de gripe aviar en Fuentes de Nava - ASAJA Palencia","description":"El d\u00eda 22 de junio se confirm\u00f3 el segundo caso de este a\u00f1o de virus de Influenza Aviar de Alta Patogenicidad H5N1 en el municipio de Fuentes de Nava, tras","robots":{"index":"index","follow":"follow","max-snippet":"max-snippet:-1","max-image-preview":"max-image-preview:large","max-video-preview":"max-video-preview:-1"},"canonical":"https:\/\/www.asajacyl.com\/palencia\/asaja-palencia-informa\/en-junio-se-produjo-un-segundo-caso-de-gripe-aviar-en-fuentes-de-nava","og_locale":"es_ES","og_type":"article","og_title":"En junio se produjo el segundo caso del a\u00f1o de gripe aviar en Fuentes de Nava - ASAJA Palencia","og_description":"El d\u00eda 22 de junio se confirm\u00f3 el segundo caso de este a\u00f1o de virus de Influenza Aviar de Alta Patogenicidad H5N1 en el municipio de Fuentes de Nava, tras","og_url":"https:\/\/www.asajacyl.com\/palencia\/asaja-palencia-informa\/en-junio-se-produjo-un-segundo-caso-de-gripe-aviar-en-fuentes-de-nava","og_site_name":"ASAJA Palencia","article_published_time":"2022-08-18T12:28:00+00:00","article_modified_time":"2022-08-22T11:19:31+00:00","og_image":[{"width":800,"height":600,"url":"https:\/\/www.asajacyl.com\/palencia\/wp-content\/uploads\/sites\/3\/2021\/12\/LAGUNA-DE-LA-NAVA.jpg","type":"image\/jpeg"}],"author":"Administrador","twitter_card":"summary_large_image","twitter_misc":{"Escrito por":"Administrador","Tiempo de lectura":"2 minutos"},"schema":{"@context":"https:\/\/schema.org","@graph":[{"@type":"WebPage","@id":"https:\/\/www.asajacyl.com\/palencia\/asaja-palencia-informa\/en-junio-se-produjo-un-segundo-caso-de-gripe-aviar-en-fuentes-de-nava","url":"https:\/\/www.asajacyl.com\/palencia\/asaja-palencia-informa\/en-junio-se-produjo-un-segundo-caso-de-gripe-aviar-en-fuentes-de-nava","name":"En junio se produjo el segundo caso del a\u00f1o de gripe aviar en Fuentes de Nava - ASAJA Palencia","isPartOf":{"@id":"https:\/\/www.asajacyl.com\/palencia\/#website"},"primaryImageOfPage":{"@id":"https:\/\/www.asajacyl.com\/palencia\/asaja-palencia-informa\/en-junio-se-produjo-un-segundo-caso-de-gripe-aviar-en-fuentes-de-nava#primaryimage"},"image":{"@id":"https:\/\/www.asajacyl.com\/palencia\/asaja-palencia-informa\/en-junio-se-produjo-un-segundo-caso-de-gripe-aviar-en-fuentes-de-nava#primaryimage"},"thumbnailUrl":"https:\/\/www.asajacyl.com\/palencia\/wp-content\/uploads\/sites\/3\/2021\/12\/LAGUNA-DE-LA-NAVA.jpg","datePublished":"2022-08-18T12:28:00+00:00","dateModified":"2022-08-22T11:19:31+00:00","author":{"@id":"https:\/\/www.asajacyl.com\/palencia\/#\/schema\/person\/3ab17aeb03527485c317557fae64aab1"},"description":"El d\u00eda 22 de junio se confirm\u00f3 el segundo caso de este a\u00f1o de virus de Influenza Aviar de Alta Patogenicidad H5N1 en el municipio de Fuentes de Nava, tras","breadcrumb":{"@id":"https:\/\/www.asajacyl.com\/palencia\/asaja-palencia-informa\/en-junio-se-produjo-un-segundo-caso-de-gripe-aviar-en-fuentes-de-nava#breadcrumb"},"inLanguage":"es","potentialAction":[{"@type":"ReadAction","target":["https:\/\/www.asajacyl.com\/palencia\/asaja-palencia-informa\/en-junio-se-produjo-un-segundo-caso-de-gripe-aviar-en-fuentes-de-nava"]}]},{"@type":"ImageObject","inLanguage":"es","@id":"https:\/\/www.asajacyl.com\/palencia\/asaja-palencia-informa\/en-junio-se-produjo-un-segundo-caso-de-gripe-aviar-en-fuentes-de-nava#primaryimage","url":"https:\/\/www.asajacyl.com\/palencia\/wp-content\/uploads\/sites\/3\/2021\/12\/LAGUNA-DE-LA-NAVA.jpg","contentUrl":"https:\/\/www.asajacyl.com\/palencia\/wp-content\/uploads\/sites\/3\/2021\/12\/LAGUNA-DE-LA-NAVA.jpg","width":800,"height":600},{"@type":"BreadcrumbList","@id":"https:\/\/www.asajacyl.com\/palencia\/asaja-palencia-informa\/en-junio-se-produjo-un-segundo-caso-de-gripe-aviar-en-fuentes-de-nava#breadcrumb","itemListElement":[{"@type":"ListItem","position":1,"name":"Portada","item":"https:\/\/www.asajacyl.com\/palencia\/"},{"@type":"ListItem","position":2,"name":"En junio se produjo el segundo caso del a\u00f1o de gripe aviar en Fuentes de Nava"}]},{"@type":"WebSite","@id":"https:\/\/www.asajacyl.com\/palencia\/#website","url":"https:\/\/www.asajacyl.com\/palencia\/","name":"ASAJA Palencia","description":"Otro sitio m\u00e1s de Provincias ASAJA Castilla y Le\u00f3n","potentialAction":[{"@type":"SearchAction","target":{"@type":"EntryPoint","urlTemplate":"https:\/\/www.asajacyl.com\/palencia\/?s={search_term_string}"},"query-input":{"@type":"PropertyValueSpecification","valueRequired":true,"valueName":"search_term_string"}}],"inLanguage":"es"},{"@type":"Person","@id":"https:\/\/www.asajacyl.com\/palencia\/#\/schema\/person\/3ab17aeb03527485c317557fae64aab1","name":"Administrador","image":{"@type":"ImageObject","inLanguage":"es","@id":"https:\/\/www.asajacyl.com\/palencia\/#\/schema\/person\/image\/","url":"https:\/\/secure.gravatar.com\/avatar\/517384810d242ca9e38c180f3c9fb973?s=96&d=mm&r=g","contentUrl":"https:\/\/secure.gravatar.com\/avatar\/517384810d242ca9e38c180f3c9fb973?s=96&d=mm&r=g","caption":"Administrador"},"url":"https:\/\/www.asajacyl.com\/palencia\/author\/carlosrm"}]}},"_links":{"self":[{"href":"https:\/\/www.asajacyl.com\/palencia\/wp-json\/wp\/v2\/posts\/11283"}],"collection":[{"href":"https:\/\/www.asajacyl.com\/palencia\/wp-json\/wp\/v2\/posts"}],"about":[{"href":"https:\/\/www.asajacyl.com\/palencia\/wp-json\/wp\/v2\/types\/post"}],"author":[{"embeddable":true,"href":"https:\/\/www.asajacyl.com\/palencia\/wp-json\/wp\/v2\/users\/9"}],"replies":[{"embeddable":true,"href":"https:\/\/www.asajacyl.com\/palencia\/wp-json\/wp\/v2\/comments?post=11283"}],"version-history":[{"count":4,"href":"https:\/\/www.asajacyl.com\/palencia\/wp-json\/wp\/v2\/posts\/11283\/revisions"}],"predecessor-version":[{"id":11315,"href":"https:\/\/www.asajacyl.com\/palencia\/wp-json\/wp\/v2\/posts\/11283\/revisions\/11315"}],"wp:featuredmedia":[{"embeddable":true,"href":"https:\/\/www.asajacyl.com\/palencia\/wp-json\/wp\/v2\/media\/9482"}],"wp:attachment":[{"href":"https:\/\/www.asajacyl.com\/palencia\/wp-json\/wp\/v2\/media?parent=11283"}],"wp:term":[{"taxonomy":"category","embeddable":true,"href":"https:\/\/www.asajacyl.com\/palencia\/wp-json\/wp\/v2\/categories?post=11283"},{"taxonomy":"post_tag","embeddable":true,"href":"https:\/\/www.asajacyl.com\/palencia\/wp-json\/wp\/v2\/tags?post=11283"}],"curies":[{"name":"wp","href":"https:\/\/api.w.org\/{rel}","templated":true}]}}