{"id":11285,"date":"2022-08-17T13:40:27","date_gmt":"2022-08-17T11:40:27","guid":{"rendered":"https:\/\/www.asajacyl.com\/palencia\/?p=11285"},"modified":"2022-08-18T08:12:32","modified_gmt":"2022-08-18T06:12:32","slug":"cuanto-llueve-en-palencia","status":"publish","type":"post","link":"https:\/\/www.asajacyl.com\/palencia\/asaja-palencia-informa\/cuanto-llueve-en-palencia","title":{"rendered":"\u00bfCu\u00e1nto llueve en Palencia?"},"content":{"rendered":"\n<p>La Agencia Estatal de Meteorolog\u00eda (AEMET) cuenta con una aplicaci\u00f3n conocida como AGROCLIMAP, que es un visor del \u00abAtlas clim\u00e1tico de la Pen\u00ednsula y Baleares\u00bb. Los servicios t\u00e9cnicos de ASAJA-Palencia han realizado una b\u00fasqueda comarcal con el fin de conocer los datos de precipitaciones existentes en nuestra provincia.<\/p>\n\n\n\n<p>En la tabla que se incorpora a continuaci\u00f3n se pueden comprobar los datos que facilita AGROCLIMAP, donde se puede ver, con un \u00e1mbito comarcal y un per\u00edodo anual, la precipitaci\u00f3n m\u00ednima y el municipio en que fue recogida, la precipitaci\u00f3n media, la precipitaci\u00f3n m\u00e1xima y el municipio en que fue recogida, el volumen de agua recogido y el \u00e1rea de cada comarca.<\/p>\n\n\n\n<figure class=\"wp-block-image size-large\"><img loading=\"lazy\" decoding=\"async\" width=\"1024\" height=\"204\" src=\"https:\/\/www.asajacyl.com\/palencia\/wp-content\/uploads\/sites\/3\/2022\/08\/image-11-1024x204.png\" alt=\"\" class=\"wp-image-11286\" srcset=\"https:\/\/www.asajacyl.com\/palencia\/wp-content\/uploads\/sites\/3\/2022\/08\/image-11-1024x204.png 1024w, https:\/\/www.asajacyl.com\/palencia\/wp-content\/uploads\/sites\/3\/2022\/08\/image-11-300x60.png 300w, https:\/\/www.asajacyl.com\/palencia\/wp-content\/uploads\/sites\/3\/2022\/08\/image-11-768x153.png 768w, https:\/\/www.asajacyl.com\/palencia\/wp-content\/uploads\/sites\/3\/2022\/08\/image-11-696x139.png 696w, https:\/\/www.asajacyl.com\/palencia\/wp-content\/uploads\/sites\/3\/2022\/08\/image-11-1068x213.png 1068w, https:\/\/www.asajacyl.com\/palencia\/wp-content\/uploads\/sites\/3\/2022\/08\/image-11.png 1412w\" sizes=\"(max-width: 1024px) 100vw, 1024px\" \/><\/figure>\n\n\n\n<p>La CHD ofrece datos de precipitaci\u00f3n recogida en cada uno de los embalses de la provincia para el a\u00f1o hidrol\u00f3gico, el cual comienza cada 1 de octubre. Los mil\u00edmetros medidos desde el 1 de octubre de 2021 hasta hoy son los siguientes:<\/p>\n\n\n\n<figure class=\"wp-block-table aligncenter is-style-stripes\"><table><tbody><tr><td><strong>CARRI\u00d3N<\/strong><\/td><td>Camporredondo<\/td><td>464<\/td><\/tr><tr><td><\/td><td>Compuerto<\/td><td>652<\/td><\/tr><tr><td><strong>PISUERGA<\/strong><\/td><td>Cervera-Ruesga<\/td><td>478<\/td><\/tr><tr><td><\/td><td>La Requejada<\/td><td>420<\/td><\/tr><tr><td><\/td><td>Aguilar de Campoo<\/td><td>311<\/td><\/tr><\/tbody><\/table><\/figure>\n\n\n\n<p>A\u00fan falta mes y medio para finalizar el a\u00f1o hidrol\u00f3gico y deber\u00eda haber algunos aportes m\u00e1s de lluvias en este tiempo pero las medidas hacen ver la carencia de precipitaciones que est\u00e1 habiendo este a\u00f1o en el norte de Palencia, algo que implica la necesidad del aumento de regulaci\u00f3n en nuestra provincia. <\/p>\n","protected":false},"excerpt":{"rendered":"<p>La Agencia Estatal de Meteorolog\u00eda (AEMET) cuenta con una aplicaci\u00f3n conocida como AGROCLIMAP, que es un visor del \u00abAtlas clim\u00e1tico de la Pen\u00ednsula y Baleares\u00bb. Los servicios t\u00e9cnicos de ASAJA-Palencia han realizado una b\u00fasqueda comarcal con el fin de conocer los datos de precipitaciones existentes en nuestra provincia. En la tabla que se incorpora a [&hellip;]<\/p>\n","protected":false},"author":9,"featured_media":11287,"comment_status":"open","ping_status":"open","sticky":false,"template":"","format":"standard","meta":{"footnotes":""},"categories":[9,29,28],"tags":[],"yoast_head":"<!-- This site is optimized with the Yoast SEO plugin v24.5 - https:\/\/yoast.com\/wordpress\/plugins\/seo\/ -->\n<title>\u00bfCu\u00e1nto llueve en Palencia? - ASAJA Palencia<\/title>\n<meta name=\"description\" content=\"La Agencia Estatal de Meteorolog\u00eda (AEMET) cuenta con una aplicaci\u00f3n conocida como AGROCLIMAP, que es un visor del &quot;Atlas clim\u00e1tico de la Pen\u00ednsula y\" \/>\n<meta name=\"robots\" content=\"index, follow, max-snippet:-1, max-image-preview:large, max-video-preview:-1\" \/>\n<link rel=\"canonical\" href=\"https:\/\/www.asajacyl.com\/palencia\/asaja-palencia-informa\/cuanto-llueve-en-palencia\" \/>\n<meta property=\"og:locale\" content=\"es_ES\" \/>\n<meta property=\"og:type\" content=\"article\" \/>\n<meta property=\"og:title\" content=\"\u00bfCu\u00e1nto llueve en Palencia? - ASAJA Palencia\" \/>\n<meta property=\"og:description\" content=\"La Agencia Estatal de Meteorolog\u00eda (AEMET) cuenta con una aplicaci\u00f3n conocida como AGROCLIMAP, que es un visor del &quot;Atlas clim\u00e1tico de la Pen\u00ednsula y\" \/>\n<meta property=\"og:url\" content=\"https:\/\/www.asajacyl.com\/palencia\/asaja-palencia-informa\/cuanto-llueve-en-palencia\" \/>\n<meta property=\"og:site_name\" content=\"ASAJA Palencia\" \/>\n<meta property=\"article:published_time\" content=\"2022-08-17T11:40:27+00:00\" \/>\n<meta property=\"article:modified_time\" content=\"2022-08-18T06:12:32+00:00\" \/>\n<meta property=\"og:image\" content=\"https:\/\/www.asajacyl.com\/palencia\/wp-content\/uploads\/sites\/3\/2022\/08\/LLUVIA-PRECIPITACION-PLUVIOMETRO-e1660736341530.jpg\" \/>\n\t<meta property=\"og:image:width\" content=\"2500\" \/>\n\t<meta property=\"og:image:height\" content=\"1406\" \/>\n\t<meta property=\"og:image:type\" content=\"image\/jpeg\" \/>\n<meta name=\"author\" content=\"Administrador\" \/>\n<meta name=\"twitter:card\" content=\"summary_large_image\" \/>\n<meta name=\"twitter:label1\" content=\"Escrito por\" \/>\n\t<meta name=\"twitter:data1\" content=\"Administrador\" \/>\n\t<meta name=\"twitter:label2\" content=\"Tiempo de lectura\" \/>\n\t<meta name=\"twitter:data2\" content=\"2 minutos\" \/>\n<script type=\"application\/ld+json\" class=\"yoast-schema-graph\">{\"@context\":\"https:\/\/schema.org\",\"@graph\":[{\"@type\":\"WebPage\",\"@id\":\"https:\/\/www.asajacyl.com\/palencia\/asaja-palencia-informa\/cuanto-llueve-en-palencia\",\"url\":\"https:\/\/www.asajacyl.com\/palencia\/asaja-palencia-informa\/cuanto-llueve-en-palencia\",\"name\":\"\u00bfCu\u00e1nto llueve en Palencia? - ASAJA Palencia\",\"isPartOf\":{\"@id\":\"https:\/\/www.asajacyl.com\/palencia\/#website\"},\"primaryImageOfPage\":{\"@id\":\"https:\/\/www.asajacyl.com\/palencia\/asaja-palencia-informa\/cuanto-llueve-en-palencia#primaryimage\"},\"image\":{\"@id\":\"https:\/\/www.asajacyl.com\/palencia\/asaja-palencia-informa\/cuanto-llueve-en-palencia#primaryimage\"},\"thumbnailUrl\":\"https:\/\/www.asajacyl.com\/palencia\/wp-content\/uploads\/sites\/3\/2022\/08\/LLUVIA-PRECIPITACION-PLUVIOMETRO-e1660736341530.jpg\",\"datePublished\":\"2022-08-17T11:40:27+00:00\",\"dateModified\":\"2022-08-18T06:12:32+00:00\",\"author\":{\"@id\":\"https:\/\/www.asajacyl.com\/palencia\/#\/schema\/person\/3ab17aeb03527485c317557fae64aab1\"},\"description\":\"La Agencia Estatal de Meteorolog\u00eda (AEMET) cuenta con una aplicaci\u00f3n conocida como AGROCLIMAP, que es un visor del \\\"Atlas clim\u00e1tico de la Pen\u00ednsula y\",\"breadcrumb\":{\"@id\":\"https:\/\/www.asajacyl.com\/palencia\/asaja-palencia-informa\/cuanto-llueve-en-palencia#breadcrumb\"},\"inLanguage\":\"es\",\"potentialAction\":[{\"@type\":\"ReadAction\",\"target\":[\"https:\/\/www.asajacyl.com\/palencia\/asaja-palencia-informa\/cuanto-llueve-en-palencia\"]}]},{\"@type\":\"ImageObject\",\"inLanguage\":\"es\",\"@id\":\"https:\/\/www.asajacyl.com\/palencia\/asaja-palencia-informa\/cuanto-llueve-en-palencia#primaryimage\",\"url\":\"https:\/\/www.asajacyl.com\/palencia\/wp-content\/uploads\/sites\/3\/2022\/08\/LLUVIA-PRECIPITACION-PLUVIOMETRO-e1660736341530.jpg\",\"contentUrl\":\"https:\/\/www.asajacyl.com\/palencia\/wp-content\/uploads\/sites\/3\/2022\/08\/LLUVIA-PRECIPITACION-PLUVIOMETRO-e1660736341530.jpg\",\"width\":2500,\"height\":1406},{\"@type\":\"BreadcrumbList\",\"@id\":\"https:\/\/www.asajacyl.com\/palencia\/asaja-palencia-informa\/cuanto-llueve-en-palencia#breadcrumb\",\"itemListElement\":[{\"@type\":\"ListItem\",\"position\":1,\"name\":\"Portada\",\"item\":\"https:\/\/www.asajacyl.com\/palencia\/\"},{\"@type\":\"ListItem\",\"position\":2,\"name\":\"\u00bfCu\u00e1nto llueve en Palencia?\"}]},{\"@type\":\"WebSite\",\"@id\":\"https:\/\/www.asajacyl.com\/palencia\/#website\",\"url\":\"https:\/\/www.asajacyl.com\/palencia\/\",\"name\":\"ASAJA Palencia\",\"description\":\"Otro sitio m\u00e1s de Provincias ASAJA Castilla y Le\u00f3n\",\"potentialAction\":[{\"@type\":\"SearchAction\",\"target\":{\"@type\":\"EntryPoint\",\"urlTemplate\":\"https:\/\/www.asajacyl.com\/palencia\/?s={search_term_string}\"},\"query-input\":{\"@type\":\"PropertyValueSpecification\",\"valueRequired\":true,\"valueName\":\"search_term_string\"}}],\"inLanguage\":\"es\"},{\"@type\":\"Person\",\"@id\":\"https:\/\/www.asajacyl.com\/palencia\/#\/schema\/person\/3ab17aeb03527485c317557fae64aab1\",\"name\":\"Administrador\",\"image\":{\"@type\":\"ImageObject\",\"inLanguage\":\"es\",\"@id\":\"https:\/\/www.asajacyl.com\/palencia\/#\/schema\/person\/image\/\",\"url\":\"https:\/\/secure.gravatar.com\/avatar\/517384810d242ca9e38c180f3c9fb973?s=96&d=mm&r=g\",\"contentUrl\":\"https:\/\/secure.gravatar.com\/avatar\/517384810d242ca9e38c180f3c9fb973?s=96&d=mm&r=g\",\"caption\":\"Administrador\"},\"url\":\"https:\/\/www.asajacyl.com\/palencia\/author\/carlosrm\"}]}<\/script>\n<!-- \/ Yoast SEO plugin. -->","yoast_head_json":{"title":"\u00bfCu\u00e1nto llueve en Palencia? - ASAJA Palencia","description":"La Agencia Estatal de Meteorolog\u00eda (AEMET) cuenta con una aplicaci\u00f3n conocida como AGROCLIMAP, que es un visor del \"Atlas clim\u00e1tico de la Pen\u00ednsula y","robots":{"index":"index","follow":"follow","max-snippet":"max-snippet:-1","max-image-preview":"max-image-preview:large","max-video-preview":"max-video-preview:-1"},"canonical":"https:\/\/www.asajacyl.com\/palencia\/asaja-palencia-informa\/cuanto-llueve-en-palencia","og_locale":"es_ES","og_type":"article","og_title":"\u00bfCu\u00e1nto llueve en Palencia? - ASAJA Palencia","og_description":"La Agencia Estatal de Meteorolog\u00eda (AEMET) cuenta con una aplicaci\u00f3n conocida como AGROCLIMAP, que es un visor del \"Atlas clim\u00e1tico de la Pen\u00ednsula y","og_url":"https:\/\/www.asajacyl.com\/palencia\/asaja-palencia-informa\/cuanto-llueve-en-palencia","og_site_name":"ASAJA Palencia","article_published_time":"2022-08-17T11:40:27+00:00","article_modified_time":"2022-08-18T06:12:32+00:00","og_image":[{"width":2500,"height":1406,"url":"https:\/\/www.asajacyl.com\/palencia\/wp-content\/uploads\/sites\/3\/2022\/08\/LLUVIA-PRECIPITACION-PLUVIOMETRO-e1660736341530.jpg","type":"image\/jpeg"}],"author":"Administrador","twitter_card":"summary_large_image","twitter_misc":{"Escrito por":"Administrador","Tiempo de lectura":"2 minutos"},"schema":{"@context":"https:\/\/schema.org","@graph":[{"@type":"WebPage","@id":"https:\/\/www.asajacyl.com\/palencia\/asaja-palencia-informa\/cuanto-llueve-en-palencia","url":"https:\/\/www.asajacyl.com\/palencia\/asaja-palencia-informa\/cuanto-llueve-en-palencia","name":"\u00bfCu\u00e1nto llueve en Palencia? - ASAJA Palencia","isPartOf":{"@id":"https:\/\/www.asajacyl.com\/palencia\/#website"},"primaryImageOfPage":{"@id":"https:\/\/www.asajacyl.com\/palencia\/asaja-palencia-informa\/cuanto-llueve-en-palencia#primaryimage"},"image":{"@id":"https:\/\/www.asajacyl.com\/palencia\/asaja-palencia-informa\/cuanto-llueve-en-palencia#primaryimage"},"thumbnailUrl":"https:\/\/www.asajacyl.com\/palencia\/wp-content\/uploads\/sites\/3\/2022\/08\/LLUVIA-PRECIPITACION-PLUVIOMETRO-e1660736341530.jpg","datePublished":"2022-08-17T11:40:27+00:00","dateModified":"2022-08-18T06:12:32+00:00","author":{"@id":"https:\/\/www.asajacyl.com\/palencia\/#\/schema\/person\/3ab17aeb03527485c317557fae64aab1"},"description":"La Agencia Estatal de Meteorolog\u00eda (AEMET) cuenta con una aplicaci\u00f3n conocida como AGROCLIMAP, que es un visor del \"Atlas clim\u00e1tico de la Pen\u00ednsula y","breadcrumb":{"@id":"https:\/\/www.asajacyl.com\/palencia\/asaja-palencia-informa\/cuanto-llueve-en-palencia#breadcrumb"},"inLanguage":"es","potentialAction":[{"@type":"ReadAction","target":["https:\/\/www.asajacyl.com\/palencia\/asaja-palencia-informa\/cuanto-llueve-en-palencia"]}]},{"@type":"ImageObject","inLanguage":"es","@id":"https:\/\/www.asajacyl.com\/palencia\/asaja-palencia-informa\/cuanto-llueve-en-palencia#primaryimage","url":"https:\/\/www.asajacyl.com\/palencia\/wp-content\/uploads\/sites\/3\/2022\/08\/LLUVIA-PRECIPITACION-PLUVIOMETRO-e1660736341530.jpg","contentUrl":"https:\/\/www.asajacyl.com\/palencia\/wp-content\/uploads\/sites\/3\/2022\/08\/LLUVIA-PRECIPITACION-PLUVIOMETRO-e1660736341530.jpg","width":2500,"height":1406},{"@type":"BreadcrumbList","@id":"https:\/\/www.asajacyl.com\/palencia\/asaja-palencia-informa\/cuanto-llueve-en-palencia#breadcrumb","itemListElement":[{"@type":"ListItem","position":1,"name":"Portada","item":"https:\/\/www.asajacyl.com\/palencia\/"},{"@type":"ListItem","position":2,"name":"\u00bfCu\u00e1nto llueve en Palencia?"}]},{"@type":"WebSite","@id":"https:\/\/www.asajacyl.com\/palencia\/#website","url":"https:\/\/www.asajacyl.com\/palencia\/","name":"ASAJA Palencia","description":"Otro sitio m\u00e1s de Provincias ASAJA Castilla y Le\u00f3n","potentialAction":[{"@type":"SearchAction","target":{"@type":"EntryPoint","urlTemplate":"https:\/\/www.asajacyl.com\/palencia\/?s={search_term_string}"},"query-input":{"@type":"PropertyValueSpecification","valueRequired":true,"valueName":"search_term_string"}}],"inLanguage":"es"},{"@type":"Person","@id":"https:\/\/www.asajacyl.com\/palencia\/#\/schema\/person\/3ab17aeb03527485c317557fae64aab1","name":"Administrador","image":{"@type":"ImageObject","inLanguage":"es","@id":"https:\/\/www.asajacyl.com\/palencia\/#\/schema\/person\/image\/","url":"https:\/\/secure.gravatar.com\/avatar\/517384810d242ca9e38c180f3c9fb973?s=96&d=mm&r=g","contentUrl":"https:\/\/secure.gravatar.com\/avatar\/517384810d242ca9e38c180f3c9fb973?s=96&d=mm&r=g","caption":"Administrador"},"url":"https:\/\/www.asajacyl.com\/palencia\/author\/carlosrm"}]}},"_links":{"self":[{"href":"https:\/\/www.asajacyl.com\/palencia\/wp-json\/wp\/v2\/posts\/11285"}],"collection":[{"href":"https:\/\/www.asajacyl.com\/palencia\/wp-json\/wp\/v2\/posts"}],"about":[{"href":"https:\/\/www.asajacyl.com\/palencia\/wp-json\/wp\/v2\/types\/post"}],"author":[{"embeddable":true,"href":"https:\/\/www.asajacyl.com\/palencia\/wp-json\/wp\/v2\/users\/9"}],"replies":[{"embeddable":true,"href":"https:\/\/www.asajacyl.com\/palencia\/wp-json\/wp\/v2\/comments?post=11285"}],"version-history":[{"count":3,"href":"https:\/\/www.asajacyl.com\/palencia\/wp-json\/wp\/v2\/posts\/11285\/revisions"}],"predecessor-version":[{"id":11296,"href":"https:\/\/www.asajacyl.com\/palencia\/wp-json\/wp\/v2\/posts\/11285\/revisions\/11296"}],"wp:featuredmedia":[{"embeddable":true,"href":"https:\/\/www.asajacyl.com\/palencia\/wp-json\/wp\/v2\/media\/11287"}],"wp:attachment":[{"href":"https:\/\/www.asajacyl.com\/palencia\/wp-json\/wp\/v2\/media?parent=11285"}],"wp:term":[{"taxonomy":"category","embeddable":true,"href":"https:\/\/www.asajacyl.com\/palencia\/wp-json\/wp\/v2\/categories?post=11285"},{"taxonomy":"post_tag","embeddable":true,"href":"https:\/\/www.asajacyl.com\/palencia\/wp-json\/wp\/v2\/tags?post=11285"}],"curies":[{"name":"wp","href":"https:\/\/api.w.org\/{rel}","templated":true}]}}